{"id":4358,"date":"2016-11-29T08:54:30","date_gmt":"2016-11-29T10:54:30","guid":{"rendered":"http:\/\/lavras.tv\/site\/?p=4358"},"modified":"2016-11-29T08:54:30","modified_gmt":"2016-11-29T10:54:30","slug":"mineiros-nao-tem-consenso-acerca-do-sistema-de-votacao","status":"publish","type":"post","link":"https:\/\/lavras.tv\/site\/2016\/11\/29\/mineiros-nao-tem-consenso-acerca-do-sistema-de-votacao\/","title":{"rendered":"Mineiros n\u00e3o t\u00eam consenso acerca do sistema de vota\u00e7\u00e3o"},"content":{"rendered":"<div class=\"lavra-antes-do-conteudo_2\" id=\"lavra-4079923389\"><div id=\"lavra-slider-27\" class=\"custom-slider lavra-slider-979903957 lavra-slider\"><ul><li><div style=\"margin-left: auto;margin-right: auto;text-align: center;\" id=\"lavra-1828319869\"><a href=\"https:\/\/sistemas.lavras.mg.gov.br\/portalcidadao\/#df1b1a7c7b2a290bcb31e32771e610784662739a88807c0dacac58ede5f391a7530e299dc302d611ee73cb143fc22eaf93592e53e7b5bdb01b00a0b8d28dae460c141dd2ff83412e4dc1c31b16b25f33144a9e5620ea73b13f5bc1c59411d98439ad226e8af03840603796067d87afe130812cf3de24982d0e306f9e61e764e5\" aria-label=\"Lavras-TV&#8211;720x104px (1) (1)\"><img src=\"https:\/\/lavras.tv\/site\/wp-content\/uploads\/2025\/01\/Lavras-TV-720x104px-1-1.png\" alt=\"\"  srcset=\"https:\/\/lavras.tv\/site\/wp-content\/uploads\/2025\/01\/Lavras-TV-720x104px-1-1.png 720w, https:\/\/lavras.tv\/site\/wp-content\/uploads\/2025\/01\/Lavras-TV-720x104px-1-1-470x68.png 470w, https:\/\/lavras.tv\/site\/wp-content\/uploads\/2025\/01\/Lavras-TV-720x104px-1-1-170x25.png 170w, https:\/\/lavras.tv\/site\/wp-content\/uploads\/2025\/01\/Lavras-TV-720x104px-1-1-200x29.png 200w\" sizes=\"(max-width: 720px) 100vw, 720px\" width=\"720\" height=\"104\"  style=\"display: inline-block;\" \/><\/a><\/div><\/li><li><a href=\"https:\/\/sistemas.lavras.mg.gov.br\/portalcidadao\/#df1b1a7c7b2a290bcb31e32771e610784662739a88807c0dacac58ede5f391a7530e299dc302d611ee73cb143fc22eaf93592e53e7b5bdb01b00a0b8d28dae460c141dd2ff83412e4dc1c31b16b25f33144a9e5620ea73b13f5bc1c59411d98439ad226e8af03840603796067d87afe130812cf3de24982d0e306f9e61e764e5\" aria-label=\"Banner_Emprego_PortallavrasTV\"><img src=\"https:\/\/lavras.tv\/site\/wp-content\/uploads\/2025\/03\/Banner_Emprego_PortallavrasTV.png\" alt=\"\"  srcset=\"https:\/\/lavras.tv\/site\/wp-content\/uploads\/2025\/03\/Banner_Emprego_PortallavrasTV.png 720w, https:\/\/lavras.tv\/site\/wp-content\/uploads\/2025\/03\/Banner_Emprego_PortallavrasTV-470x68.png 470w, https:\/\/lavras.tv\/site\/wp-content\/uploads\/2025\/03\/Banner_Emprego_PortallavrasTV-170x25.png 170w, https:\/\/lavras.tv\/site\/wp-content\/uploads\/2025\/03\/Banner_Emprego_PortallavrasTV-200x29.png 200w\" sizes=\"(max-width: 720px) 100vw, 720px\" width=\"720\" height=\"104\"   \/><\/a><\/li><li><a href=\"https:\/\/sistemas.lavras.mg.gov.br\/portalcidadao\/#df1b1a7c7b2a290bcb31e32771e610784662739a88807c0dacac58ede5f391a7530e299dc302d611ee73cb143fc22eaf93592e53e7b5bdb01b00a0b8d28dae460c141dd2ff83412e4dc1c31b16b25f33144a9e5620ea73b13f5bc1c59411d98439ad226e8af03840603796067d87afe130812cf3de24982d0e306f9e61e764e5\" aria-label=\"Banner_Obras_PortallavrasTV\"><img src=\"https:\/\/lavras.tv\/site\/wp-content\/uploads\/2025\/03\/Banner_Obras_PortallavrasTV.png\" alt=\"\"  srcset=\"https:\/\/lavras.tv\/site\/wp-content\/uploads\/2025\/03\/Banner_Obras_PortallavrasTV.png 720w, https:\/\/lavras.tv\/site\/wp-content\/uploads\/2025\/03\/Banner_Obras_PortallavrasTV-470x68.png 470w, https:\/\/lavras.tv\/site\/wp-content\/uploads\/2025\/03\/Banner_Obras_PortallavrasTV-170x25.png 170w, https:\/\/lavras.tv\/site\/wp-content\/uploads\/2025\/03\/Banner_Obras_PortallavrasTV-200x29.png 200w\" sizes=\"(max-width: 720px) 100vw, 720px\" width=\"720\" height=\"104\"   \/><\/a><\/li><li><div style=\"margin-left: auto;margin-right: auto;text-align: center;\" id=\"lavra-565865775\"><a href=\"https:\/\/sistemas.lavras.mg.gov.br\/portalcidadao\/#df1b1a7c7b2a290bcb31e32771e610784662739a88807c0dacac58ede5f391a7530e299dc302d611ee73cb143fc22eaf93592e53e7b5bdb01b00a0b8d28dae460c141dd2ff83412e4dc1c31b16b25f33144a9e5620ea73b13f5bc1c59411d98439ad226e8af03840603796067d87afe130812cf3de24982d0e306f9e61e764e5\" aria-label=\"Banner_Educa\u00e7\u00e3o_PortallavrasTV\"><img src=\"https:\/\/lavras.tv\/site\/wp-content\/uploads\/2025\/01\/Banner_Educacao_PortallavrasTV.png\" alt=\"\"  srcset=\"https:\/\/lavras.tv\/site\/wp-content\/uploads\/2025\/01\/Banner_Educacao_PortallavrasTV.png 720w, https:\/\/lavras.tv\/site\/wp-content\/uploads\/2025\/01\/Banner_Educacao_PortallavrasTV-470x68.png 470w, https:\/\/lavras.tv\/site\/wp-content\/uploads\/2025\/01\/Banner_Educacao_PortallavrasTV-170x25.png 170w, https:\/\/lavras.tv\/site\/wp-content\/uploads\/2025\/01\/Banner_Educacao_PortallavrasTV-200x29.png 200w\" sizes=\"(max-width: 720px) 100vw, 720px\" width=\"720\" height=\"104\"  style=\"display: inline-block;\" \/><\/a><\/div><\/li><li><a href=\"https:\/\/sistemas.lavras.mg.gov.br\/portalcidadao\/#df1b1a7c7b2a290bcb31e32771e610784662739a88807c0dacac58ede5f391a7530e299dc302d611ee73cb143fc22eaf93592e53e7b5bdb01b00a0b8d28dae460c141dd2ff83412e4dc1c31b16b25f33144a9e5620ea73b13f5bc1c59411d98439ad226e8af03840603796067d87afe130812cf3de24982d0e306f9e61e764e5\" aria-label=\"Banner_Sa\u00fade_PortallavrasTV\"><img src=\"https:\/\/lavras.tv\/site\/wp-content\/uploads\/2025\/03\/Banner_Saude_PortallavrasTV.png\" alt=\"\"  srcset=\"https:\/\/lavras.tv\/site\/wp-content\/uploads\/2025\/03\/Banner_Saude_PortallavrasTV.png 720w, https:\/\/lavras.tv\/site\/wp-content\/uploads\/2025\/03\/Banner_Saude_PortallavrasTV-470x68.png 470w, https:\/\/lavras.tv\/site\/wp-content\/uploads\/2025\/03\/Banner_Saude_PortallavrasTV-170x25.png 170w, https:\/\/lavras.tv\/site\/wp-content\/uploads\/2025\/03\/Banner_Saude_PortallavrasTV-200x29.png 200w\" sizes=\"(max-width: 720px) 100vw, 720px\" width=\"720\" height=\"104\"   \/><\/a><\/li><li><div id=\"lavra-36736224\" style=\"width:720px;height:104px;background-color:#ddd;overflow:scroll;\">\n\t<strong>Sa\u00edda da depura\u00e7\u00e3o de an\u00fancios<\/strong>\n\t<br><br>\n\tO an\u00fancio n\u00e3o \u00e9 exibido na p\u00e1gina<br><br>post atual: Mineiros n\u00e3o t\u00eam consenso acerca do sistema de vota\u00e7\u00e3o, ID: 4358<br><br><span style=\"color: red;\">O post atual n\u00e3o \u00e9 id\u00eantico ao post principal.<\/span><br><br>An\u00fancios: ROXO - TOPO INTERNA - ROTATIVO 2 (197)<br \/>Grupo de an\u00fancios: Princ_Meio01_720x104 (27)<br><br>Condi\u00e7\u00f5es de exibi\u00e7\u00e3o<div style=\"margin-bottom: 20px; white-space: pre-wrap; font-family: monospace; width: 100%; background: #ffe9e9;\"><strong>condi\u00e7\u00f5es gerais<\/strong><table border=\"1\"><thead><tr><th><\/th><th>An\u00fancios<\/th><th>wp_the_query<\/th><\/tr><\/thead><tr><td>is_main_query<\/td><td>1<\/td><td>1<\/td><\/tr><tr><td>is_rest_api<\/td><td>0<\/td><td>1<\/td><\/tr><tr><td>page<\/td><td>0<\/td><td>1<\/td><\/tr><tr><td>numpages<\/td><td>0<\/td><td>1<\/td><\/tr><tr><td>is_archive<\/td><td>1<\/td><td><\/td><\/tr><tr><td>is_search<\/td><td>1<\/td><td><\/td><\/tr><tr><td>is_home<\/td><td>1<\/td><td><\/td><\/tr><tr><td>is_404<\/td><td>1<\/td><td><\/td><\/tr><tr><td>is_attachment<\/td><td>1<\/td><td><\/td><\/tr><tr><td>is_singular<\/td><td>1<\/td><td><\/td><\/tr><tr><td>is_front_page<\/td><td>1<\/td><td><\/td><\/tr><tr><td>is_feed<\/td><td>1<\/td><td><\/td><\/tr><\/table><\/div><br><br><span style=\"color: red;\">Seu site usa HTTPS, mas o c\u00f3digo do an\u00fancio cont\u00e9m HTTP e pode n\u00e3o funcionar.<\/span>\t<br><br>\n\t<a style=\"color: green;\" href=\"https:\/\/wpadvancedads.com\/manual\/ad-debug-mode\/?utm_source=advanced-ads&utm_medium=link&utm_campaign=ad-debug-mode\" target=\"_blank\" rel=\"nofollow\">Encontre solu\u00e7\u00f5es no manual<\/a>\n<\/div>\n<\/li><\/ul><\/div><script>( window.advanced_ads_ready || jQuery( document ).ready ).call( null, function() {var $lavraslider979903957 = jQuery( \".lavra-slider-979903957\" );$lavraslider979903957.on( \"unslider.ready\", function() { jQuery( \"div.custom-slider ul li\" ).css( \"display\", \"block\" ); });$lavraslider979903957.unslider({ delay:4000, autoplay:true, nav:false, arrows:false, infinite:true });$lavraslider979903957.on(\"mouseover\", function() {$lavraslider979903957.unslider(\"stop\");}).on(\"mouseout\", function() {$lavraslider979903957.unslider(\"start\");});});<\/script><\/div><p>De todas as propostas que est\u00e3o sendo discutidas dentro da reforma pol\u00edtica, a que mais pode alterar a forma do jogo, ao menos do ponto de vista dos pr\u00f3prios pol\u00edticos, \u00e9 a poss\u00edvel mudan\u00e7a no modelo como se disputa a elei\u00e7\u00e3o para deputados federal e estadual e para vereador. <!--more-->E \u00e9 exatamente por isso que esse \u00e9 o ponto que mais divide a bancada mineira na C\u00e2mara.<\/p>\n<p><img fetchpriority=\"high\" decoding=\"async\" class=\"size-full wp-image-4359 aligncenter\" src=\"http:\/\/lavras.tv\/site\/wp-content\/uploads\/2016\/11\/anastasia-e1480416841903.jpg\" alt=\"anastasia\" width=\"690\" height=\"591\" srcset=\"https:\/\/lavras.tv\/site\/wp-content\/uploads\/2016\/11\/anastasia-e1480416841903.jpg 690w, https:\/\/lavras.tv\/site\/wp-content\/uploads\/2016\/11\/anastasia-e1480416841903-150x128.jpg 150w, https:\/\/lavras.tv\/site\/wp-content\/uploads\/2016\/11\/anastasia-e1480416841903-300x257.jpg 300w\" sizes=\"(max-width: 690px) 100vw, 690px\" \/><br \/>\nDepois de 80 anos votando pelo sistema proporcional em lista aberta, o m\u00e9todo e o racioc\u00ednio para que sejam escolhidos os representantes legislativos podem ser alterados, e o tema est\u00e1 longe de ser consenso, como mostra a terceira reportagem de <strong>O TEMPO<\/strong> sobre a reforma pol\u00edtica.<\/p>\n<p>Dos 53 parlamentares mineiros em Bras\u00edlia, 17 apoiam o \u201cdistrit\u00e3o\u201d, sistema em que s\u00e3o eleitos os mais votados, sem levar em considera\u00e7\u00e3o o desempenho dos partidos. Outros nove s\u00e3o favor\u00e1veis ao \u201cdistrital misto\u201d, em que Estados e munic\u00edpios s\u00e3o divididos em distritos. Nesse modelo, metade das vagas \u00e9 preenchida pelos que concorrem dentro do seu distrito; o restante, por votos nas siglas, que apresentam os candidatos priorit\u00e1rios em uma lista fechada.<\/p>\n<p>Seis deputados acreditam que a \u201clista fechada\u201d \u2013 quando o eleitor s\u00f3 vota no partido e a agremia\u00e7\u00e3o estabelece uma lista de nomes \u2013 seria a melhor solu\u00e7\u00e3o. Quatro se dizem indecisos, e dez deputados mineiros foram procurados, mas n\u00e3o quiseram se posicionar.<\/p>\n<p>Diego Andrade (PSD) acredita que o distrit\u00e3o \u00e9 o formato mais simples e inteligente. \u201cSe perguntar, 90% da popula\u00e7\u00e3o n\u00e3o entende essa quest\u00e3o da proporcionalidade. Se ele representar uma regi\u00e3o, vai trabalhar naquela regi\u00e3o, se ele representar uma categoria, ele pode ter apoio daquele segmento. Eu acho que tem que ser os mais votados, e ponto final\u201d, afirma. \u201cO menos perverso \u00e9 o distrit\u00e3o\u201d, concorda Carlos Melles (DEM).<\/p>\n<p>Patrus Ananias (PT) avalia que o mais justo seja o distrital misto. \u201cA vantagem do distrital \u00e9 ter o v\u00ednculo direto com sua base, mas o risco do distrital puro \u00e9 prejudicar os candidatos que disputam com bandeiras de temas maiores, universais, como a quest\u00e3o das mulheres, dos direitos humanos. O distrital misto possibilita essas duas coisas\u201d, avalia.<\/p>\n<p>J\u00falio Delgado (PSB) tem outro olhar e defende a manuten\u00e7\u00e3o do sistema proporcional atual. Ele critica modelos majorit\u00e1rios que, para ele, fortaleceriam caciques regionais.<\/p>\n<p>&#8220;Acredito que o melhor modelo \u00e9 o proporcional atual. Os modelos em que se priorizam os mais votados v\u00e3o encarecer as campanhas parlamentares e fortalecer quem tem poder pol\u00edtico e econ\u00f4mico em cada regi\u00e3o\u201d, avalia Delgado.<\/p>\n<p>Reginaldo Lopes (PT) \u00e9 adepto da lista fechada, mas sugere que o eleitor possa definir a ordem de prioridade dos candidatos para posse. \u201cSou a favor da proposta que fiz, com uma lista pr\u00e9-ordenada flex\u00edvel, onde o eleitor vota na legenda e pode alterar a lista proposta pelo partido\u201d, avalia Lopes.<\/p>\n<p><strong>Senado.<\/strong><\/p>\n<p>A reportagem tamb\u00e9m perguntou aos senadores mineiros qual modelo acreditam ser melhor. N\u00e3o houve consenso sequer entre os tucanos: Antonio Anastasia defende o distrital puro, e A\u00e9cio Neves prefere o distrital misto, assim como Zez\u00e9 Perrella (PTB). <strong>(Com Felipe Castanheira)<\/strong><\/p>\n<h3>\nAS OP\u00c7\u00d5ES NA MESA<\/h3>\n<p><strong>Proporcional lista aberta.<\/strong> \u00c9 o atual. O eleitor vota no candidato ou no partido. Vencem os mais votados nas legendas, que conseguem certo n\u00famero de vagas.<\/p>\n<p><strong>Proporcional lista fechada.<\/strong> O eleitor s\u00f3 vota no partido. As vagas alcan\u00e7adas pela sigla s\u00e3o preenchidas pelos nomes pr\u00e9-listados.<\/p>\n<p><strong>Distrital.<\/strong> Estados e munic\u00edpios s\u00e3o divididos em distritos em n\u00famero igual ao de vagas no Parlamento. Em cada distrito, seria eleito um nome: o mais votado.<\/p>\n<p><strong>Distrit\u00e3o.<\/strong> Os mais votados no Estado ou no munic\u00edpio s\u00e3o eleitos.<\/p>\n<p><strong>Distrital Misto.<\/strong> Estados e os munic\u00edpios s\u00e3o divididos em distritos. Metade das vagas \u00e9 preenchida pelos que concorrem dentro do seu distrito. O resto das vagas \u00e9 preenchido por votos em siglas que apresentam os candidatos priorit\u00e1rios em uma lista fechada. O eleitor vota duas vezes.<\/p>\n<div id=\"infografico\">\n<div id=\"artigo\" class=\"centered politica\"><img decoding=\"async\" class=\"image aligncenter\" src=\"http:\/\/www.otempo.com.br\/polopoly_fs\/1.1405211.1480372262!image\/image.jpg\" alt=\"\" \/><\/div>\n<div class=\"centered politica\">Fonte: O Tempo<\/div>\n<\/div>\n","protected":false},"excerpt":{"rendered":"<p>De todas as propostas que est\u00e3o sendo discutidas dentro da reforma pol\u00edtica, a que mais pode alterar a forma do jogo, ao menos do ponto de vista dos pr\u00f3prios pol\u00edticos, \u00e9 a poss\u00edvel mudan\u00e7a no modelo como se disputa a elei\u00e7\u00e3o para deputados federal e estadual e para vereador.<\/p>\n","protected":false},"author":2,"featured_media":4359,"comment_status":"closed","ping_status":"open","sticky":false,"template":"","format":"standard","meta":{"advgb_blocks_editor_width":"","advgb_blocks_columns_visual_guide":"","_exactmetrics_skip_tracking":false,"_exactmetrics_sitenote_active":false,"_exactmetrics_sitenote_note":"","_exactmetrics_sitenote_category":0,"footnotes":""},"categories":[12],"tags":[1612,814],"class_list":["post-4358","post","type-post","status-publish","format-standard","has-post-thumbnail","hentry","category-politica","tag-deputados-mineiros","tag-reforma-politica"],"better_featured_image":{"id":4359,"alt_text":"","caption":"","description":"","media_type":"image","media_details":{"width":690,"height":591,"file":"2016\/11\/anastasia-e1480416841903.jpg","sizes":{"thumbnail":{"file":"anastasia-e1480416841903-150x128.jpg","width":150,"height":128,"mime-type":"image\/jpeg","source_url":"https:\/\/lavras.tv\/site\/wp-content\/uploads\/2016\/11\/anastasia-e1480416841903-150x128.jpg"},"medium":{"file":"anastasia-e1480416841903-300x257.jpg","width":300,"height":257,"mime-type":"image\/jpeg","source_url":"https:\/\/lavras.tv\/site\/wp-content\/uploads\/2016\/11\/anastasia-e1480416841903-300x257.jpg"},"large":{"file":"anastasia-1024x559.jpg","width":1024,"height":559,"mime-type":"image\/jpeg","source_url":"https:\/\/lavras.tv\/site\/wp-content\/uploads\/2016\/11\/anastasia-1024x559.jpg"},"featured-slider-img":{"file":"anastasia-e1480416841903-640x480.jpg","width":640,"height":480,"mime-type":"image\/jpeg","source_url":"https:\/\/lavras.tv\/site\/wp-content\/uploads\/2016\/11\/anastasia-e1480416841903-640x480.jpg"},"featured-post-img":{"file":"anastasia-e1480416841903-480x320.jpg","width":480,"height":320,"mime-type":"image\/jpeg","source_url":"https:\/\/lavras.tv\/site\/wp-content\/uploads\/2016\/11\/anastasia-e1480416841903-480x320.jpg"},"sow-carousel-default":{"file":"anastasia-e1480416841903-272x182.jpg","width":272,"height":182,"mime-type":"image\/jpeg","source_url":"https:\/\/lavras.tv\/site\/wp-content\/uploads\/2016\/11\/anastasia-e1480416841903-272x182.jpg"}},"image_meta":{"aperture":"0","credit":"","camera":"","caption":"","created_timestamp":"0","copyright":"","focal_length":"0","iso":"0","shutter_speed":"0","title":"","orientation":"0","keywords":[]}},"post":4358,"source_url":"https:\/\/lavras.tv\/site\/wp-content\/uploads\/2016\/11\/anastasia-e1480416841903.jpg"},"author_meta":{"display_name":"Lavras TV","author_link":"https:\/\/lavras.tv\/site\/author\/lavrastv\/"},"featured_img":"https:\/\/lavras.tv\/site\/wp-content\/uploads\/2016\/11\/anastasia-e1480416841903-300x257.jpg","coauthors":[],"tax_additional":{"categories":{"linked":["<a href=\"https:\/\/lavras.tv\/site\/category\/politica\/\" class=\"advgb-post-tax-term\">Pol\u00edtica<\/a>"],"unlinked":["<span class=\"advgb-post-tax-term\">Pol\u00edtica<\/span>"]},"tags":{"linked":["<a href=\"https:\/\/lavras.tv\/site\/category\/politica\/\" class=\"advgb-post-tax-term\">deputados mineiros<\/a>","<a href=\"https:\/\/lavras.tv\/site\/category\/politica\/\" class=\"advgb-post-tax-term\">reforma pol\u00edtica<\/a>"],"unlinked":["<span class=\"advgb-post-tax-term\">deputados mineiros<\/span>","<span class=\"advgb-post-tax-term\">reforma pol\u00edtica<\/span>"]}},"comment_count":"0","relative_dates":{"created":"Publicado 9 anos atr\u00e1s","modified":"Atualizado 9 anos atr\u00e1s"},"absolute_dates":{"created":"Publicado em 29 de novembro de 2016","modified":"Atualizado em 29 de novembro de 2016"},"absolute_dates_time":{"created":"Publicado em 29 de novembro de 2016 08:54","modified":"Atualizado em 29 de novembro de 2016 08:54"},"featured_img_caption":"","series_order":"","_links":{"self":[{"href":"https:\/\/lavras.tv\/site\/wp-json\/wp\/v2\/posts\/4358","targetHints":{"allow":["GET"]}}],"collection":[{"href":"https:\/\/lavras.tv\/site\/wp-json\/wp\/v2\/posts"}],"about":[{"href":"https:\/\/lavras.tv\/site\/wp-json\/wp\/v2\/types\/post"}],"author":[{"embeddable":true,"href":"https:\/\/lavras.tv\/site\/wp-json\/wp\/v2\/users\/2"}],"replies":[{"embeddable":true,"href":"https:\/\/lavras.tv\/site\/wp-json\/wp\/v2\/comments?post=4358"}],"version-history":[{"count":1,"href":"https:\/\/lavras.tv\/site\/wp-json\/wp\/v2\/posts\/4358\/revisions"}],"predecessor-version":[{"id":4360,"href":"https:\/\/lavras.tv\/site\/wp-json\/wp\/v2\/posts\/4358\/revisions\/4360"}],"wp:featuredmedia":[{"embeddable":true,"href":"https:\/\/lavras.tv\/site\/wp-json\/wp\/v2\/media\/4359"}],"wp:attachment":[{"href":"https:\/\/lavras.tv\/site\/wp-json\/wp\/v2\/media?parent=4358"}],"wp:term":[{"taxonomy":"category","embeddable":true,"href":"https:\/\/lavras.tv\/site\/wp-json\/wp\/v2\/categories?post=4358"},{"taxonomy":"post_tag","embeddable":true,"href":"https:\/\/lavras.tv\/site\/wp-json\/wp\/v2\/tags?post=4358"}],"curies":[{"name":"wp","href":"https:\/\/api.w.org\/{rel}","templated":true}]}}