{"id":4398,"date":"2016-11-30T09:35:13","date_gmt":"2016-11-30T11:35:13","guid":{"rendered":"http:\/\/lavras.tv\/site\/?p=4398"},"modified":"2016-11-30T09:35:13","modified_gmt":"2016-11-30T11:35:13","slug":"durante-a-madrugada-deputados-federais-modificam-pacote-anticorrupcao","status":"publish","type":"post","link":"https:\/\/lavras.tv\/site\/2016\/11\/30\/durante-a-madrugada-deputados-federais-modificam-pacote-anticorrupcao\/","title":{"rendered":"Durante a madrugada, deputados federais modificam pacote anticorrup\u00e7\u00e3o"},"content":{"rendered":"<div class=\"lavra-antes-do-conteudo_2\" id=\"lavra-889176017\"><div id=\"lavra-slider-27\" class=\"custom-slider lavra-slider-2223299565 lavra-slider\"><ul><li><div style=\"margin-left: auto;margin-right: auto;text-align: center;\" id=\"lavra-2777944992\"><a href=\"https:\/\/sistemas.lavras.mg.gov.br\/portalcidadao\/#df1b1a7c7b2a290bcb31e32771e610784662739a88807c0dacac58ede5f391a7530e299dc302d611ee73cb143fc22eaf93592e53e7b5bdb01b00a0b8d28dae460c141dd2ff83412e4dc1c31b16b25f33144a9e5620ea73b13f5bc1c59411d98439ad226e8af03840603796067d87afe130812cf3de24982d0e306f9e61e764e5\" aria-label=\"Lavras-TV&#8211;720x104px (1) (1)\"><img src=\"https:\/\/lavras.tv\/site\/wp-content\/uploads\/2025\/01\/Lavras-TV-720x104px-1-1.png\" alt=\"\"  srcset=\"https:\/\/lavras.tv\/site\/wp-content\/uploads\/2025\/01\/Lavras-TV-720x104px-1-1.png 720w, https:\/\/lavras.tv\/site\/wp-content\/uploads\/2025\/01\/Lavras-TV-720x104px-1-1-470x68.png 470w, https:\/\/lavras.tv\/site\/wp-content\/uploads\/2025\/01\/Lavras-TV-720x104px-1-1-170x25.png 170w, https:\/\/lavras.tv\/site\/wp-content\/uploads\/2025\/01\/Lavras-TV-720x104px-1-1-200x29.png 200w\" sizes=\"(max-width: 720px) 100vw, 720px\" width=\"720\" height=\"104\"  style=\"display: inline-block;\" \/><\/a><\/div><\/li><li><a href=\"https:\/\/sistemas.lavras.mg.gov.br\/portalcidadao\/#df1b1a7c7b2a290bcb31e32771e610784662739a88807c0dacac58ede5f391a7530e299dc302d611ee73cb143fc22eaf93592e53e7b5bdb01b00a0b8d28dae460c141dd2ff83412e4dc1c31b16b25f33144a9e5620ea73b13f5bc1c59411d98439ad226e8af03840603796067d87afe130812cf3de24982d0e306f9e61e764e5\" aria-label=\"Banner_Emprego_PortallavrasTV\"><img src=\"https:\/\/lavras.tv\/site\/wp-content\/uploads\/2025\/03\/Banner_Emprego_PortallavrasTV.png\" alt=\"\"  srcset=\"https:\/\/lavras.tv\/site\/wp-content\/uploads\/2025\/03\/Banner_Emprego_PortallavrasTV.png 720w, https:\/\/lavras.tv\/site\/wp-content\/uploads\/2025\/03\/Banner_Emprego_PortallavrasTV-470x68.png 470w, https:\/\/lavras.tv\/site\/wp-content\/uploads\/2025\/03\/Banner_Emprego_PortallavrasTV-170x25.png 170w, https:\/\/lavras.tv\/site\/wp-content\/uploads\/2025\/03\/Banner_Emprego_PortallavrasTV-200x29.png 200w\" sizes=\"(max-width: 720px) 100vw, 720px\" width=\"720\" height=\"104\"   \/><\/a><\/li><li><a href=\"https:\/\/sistemas.lavras.mg.gov.br\/portalcidadao\/#df1b1a7c7b2a290bcb31e32771e610784662739a88807c0dacac58ede5f391a7530e299dc302d611ee73cb143fc22eaf93592e53e7b5bdb01b00a0b8d28dae460c141dd2ff83412e4dc1c31b16b25f33144a9e5620ea73b13f5bc1c59411d98439ad226e8af03840603796067d87afe130812cf3de24982d0e306f9e61e764e5\" aria-label=\"Banner_Obras_PortallavrasTV\"><img src=\"https:\/\/lavras.tv\/site\/wp-content\/uploads\/2025\/03\/Banner_Obras_PortallavrasTV.png\" alt=\"\"  srcset=\"https:\/\/lavras.tv\/site\/wp-content\/uploads\/2025\/03\/Banner_Obras_PortallavrasTV.png 720w, https:\/\/lavras.tv\/site\/wp-content\/uploads\/2025\/03\/Banner_Obras_PortallavrasTV-470x68.png 470w, https:\/\/lavras.tv\/site\/wp-content\/uploads\/2025\/03\/Banner_Obras_PortallavrasTV-170x25.png 170w, https:\/\/lavras.tv\/site\/wp-content\/uploads\/2025\/03\/Banner_Obras_PortallavrasTV-200x29.png 200w\" sizes=\"(max-width: 720px) 100vw, 720px\" width=\"720\" height=\"104\"   \/><\/a><\/li><li><div style=\"margin-left: auto;margin-right: auto;text-align: center;\" id=\"lavra-1526674081\"><a href=\"https:\/\/sistemas.lavras.mg.gov.br\/portalcidadao\/#df1b1a7c7b2a290bcb31e32771e610784662739a88807c0dacac58ede5f391a7530e299dc302d611ee73cb143fc22eaf93592e53e7b5bdb01b00a0b8d28dae460c141dd2ff83412e4dc1c31b16b25f33144a9e5620ea73b13f5bc1c59411d98439ad226e8af03840603796067d87afe130812cf3de24982d0e306f9e61e764e5\" aria-label=\"Banner_Educa\u00e7\u00e3o_PortallavrasTV\"><img src=\"https:\/\/lavras.tv\/site\/wp-content\/uploads\/2025\/01\/Banner_Educacao_PortallavrasTV.png\" alt=\"\"  srcset=\"https:\/\/lavras.tv\/site\/wp-content\/uploads\/2025\/01\/Banner_Educacao_PortallavrasTV.png 720w, https:\/\/lavras.tv\/site\/wp-content\/uploads\/2025\/01\/Banner_Educacao_PortallavrasTV-470x68.png 470w, https:\/\/lavras.tv\/site\/wp-content\/uploads\/2025\/01\/Banner_Educacao_PortallavrasTV-170x25.png 170w, https:\/\/lavras.tv\/site\/wp-content\/uploads\/2025\/01\/Banner_Educacao_PortallavrasTV-200x29.png 200w\" sizes=\"(max-width: 720px) 100vw, 720px\" width=\"720\" height=\"104\"  style=\"display: inline-block;\" \/><\/a><\/div><\/li><li><a href=\"https:\/\/sistemas.lavras.mg.gov.br\/portalcidadao\/#df1b1a7c7b2a290bcb31e32771e610784662739a88807c0dacac58ede5f391a7530e299dc302d611ee73cb143fc22eaf93592e53e7b5bdb01b00a0b8d28dae460c141dd2ff83412e4dc1c31b16b25f33144a9e5620ea73b13f5bc1c59411d98439ad226e8af03840603796067d87afe130812cf3de24982d0e306f9e61e764e5\" aria-label=\"Banner_Sa\u00fade_PortallavrasTV\"><img src=\"https:\/\/lavras.tv\/site\/wp-content\/uploads\/2025\/03\/Banner_Saude_PortallavrasTV.png\" alt=\"\"  srcset=\"https:\/\/lavras.tv\/site\/wp-content\/uploads\/2025\/03\/Banner_Saude_PortallavrasTV.png 720w, https:\/\/lavras.tv\/site\/wp-content\/uploads\/2025\/03\/Banner_Saude_PortallavrasTV-470x68.png 470w, https:\/\/lavras.tv\/site\/wp-content\/uploads\/2025\/03\/Banner_Saude_PortallavrasTV-170x25.png 170w, https:\/\/lavras.tv\/site\/wp-content\/uploads\/2025\/03\/Banner_Saude_PortallavrasTV-200x29.png 200w\" sizes=\"(max-width: 720px) 100vw, 720px\" width=\"720\" height=\"104\"   \/><\/a><\/li><li><div id=\"lavra-2964629405\" style=\"width:720px;height:104px;background-color:#ddd;overflow:scroll;\">\n\t<strong>Sa\u00edda da depura\u00e7\u00e3o de an\u00fancios<\/strong>\n\t<br><br>\n\tO an\u00fancio n\u00e3o \u00e9 exibido na p\u00e1gina<br><br>post atual: Durante a madrugada, deputados federais modificam pacote anticorrup\u00e7\u00e3o, ID: 4398<br><br><span style=\"color: red;\">O post atual n\u00e3o \u00e9 id\u00eantico ao post principal.<\/span><br><br>An\u00fancios: ROXO - TOPO INTERNA - ROTATIVO 2 (197)<br \/>Grupo de an\u00fancios: Princ_Meio01_720x104 (27)<br><br>Condi\u00e7\u00f5es de exibi\u00e7\u00e3o<div style=\"margin-bottom: 20px; white-space: pre-wrap; font-family: monospace; width: 100%; background: #ffe9e9;\"><strong>condi\u00e7\u00f5es gerais<\/strong><table border=\"1\"><thead><tr><th><\/th><th>An\u00fancios<\/th><th>wp_the_query<\/th><\/tr><\/thead><tr><td>is_main_query<\/td><td>1<\/td><td>1<\/td><\/tr><tr><td>is_rest_api<\/td><td>0<\/td><td>1<\/td><\/tr><tr><td>page<\/td><td>0<\/td><td>1<\/td><\/tr><tr><td>numpages<\/td><td>0<\/td><td>1<\/td><\/tr><tr><td>is_archive<\/td><td>1<\/td><td><\/td><\/tr><tr><td>is_search<\/td><td>1<\/td><td><\/td><\/tr><tr><td>is_home<\/td><td>1<\/td><td><\/td><\/tr><tr><td>is_404<\/td><td>1<\/td><td><\/td><\/tr><tr><td>is_attachment<\/td><td>1<\/td><td><\/td><\/tr><tr><td>is_singular<\/td><td>1<\/td><td><\/td><\/tr><tr><td>is_front_page<\/td><td>1<\/td><td><\/td><\/tr><tr><td>is_feed<\/td><td>1<\/td><td><\/td><\/tr><\/table><\/div><br><br><span style=\"color: red;\">Seu site usa HTTPS, mas o c\u00f3digo do an\u00fancio cont\u00e9m HTTP e pode n\u00e3o funcionar.<\/span>\t<br><br>\n\t<a style=\"color: green;\" href=\"https:\/\/wpadvancedads.com\/manual\/ad-debug-mode\/?utm_source=advanced-ads&utm_medium=link&utm_campaign=ad-debug-mode\" target=\"_blank\" rel=\"nofollow\">Encontre solu\u00e7\u00f5es no manual<\/a>\n<\/div>\n<\/li><\/ul><\/div><script>( window.advanced_ads_ready || jQuery( document ).ready ).call( null, function() {var $lavraslider2223299565 = jQuery( \".lavra-slider-2223299565\" );$lavraslider2223299565.on( \"unslider.ready\", function() { jQuery( \"div.custom-slider ul li\" ).css( \"display\", \"block\" ); });$lavraslider2223299565.unslider({ delay:4000, autoplay:true, nav:false, arrows:false, infinite:true });$lavraslider2223299565.on(\"mouseover\", function() {$lavraslider2223299565.unslider(\"stop\");}).on(\"mouseout\", function() {$lavraslider2223299565.unslider(\"start\");});});<\/script><\/div><p>Em uma vota\u00e7\u00e3o que varou a madrugada desta quarta-feira (30) o plen\u00e1rio da C\u00e2mara aprovou uma s\u00e9rie de mudan\u00e7as no pacote de medidas contra corrup\u00e7\u00e3o proposto pelo Minist\u00e9rio P\u00fablico Federal.<!--more--> Para o relator do projeto, deputado Onyx Lorenzoni (DEM-RS), o pacote foi completamente desconfigurado.<\/p>\n<p>Apesar de terem desistido de incluir no pacote a anistia \u00e0 pr\u00e1tica do caixa 2, os deputados inclu\u00edram medidas pol\u00eamicas e retiraram do textos propostas consideradas essenciais do projeto. O projeto seguir\u00e1 agora para a aprecia\u00e7\u00e3o do Senado.<\/p>\n<p><img fetchpriority=\"high\" decoding=\"async\" class=\"size-full wp-image-4399 aligncenter\" src=\"http:\/\/lavras.tv\/site\/wp-content\/uploads\/2016\/11\/deputados-1.jpg\" alt=\"deputados\" width=\"600\" height=\"393\" srcset=\"https:\/\/lavras.tv\/site\/wp-content\/uploads\/2016\/11\/deputados-1.jpg 600w, https:\/\/lavras.tv\/site\/wp-content\/uploads\/2016\/11\/deputados-1-150x98.jpg 150w, https:\/\/lavras.tv\/site\/wp-content\/uploads\/2016\/11\/deputados-1-300x197.jpg 300w\" sizes=\"(max-width: 600px) 100vw, 600px\" \/><\/p>\n<p>&#8220;O objetivo inicial do pacote era combater a impunidade, mas isso n\u00e3o vai acontecer porque as principais ferramentas foram afastadas. O combate \u00e0 corrup\u00e7\u00e3o vai ficar fragilizado e, com um agravante, que foi a essa intimida\u00e7\u00e3o dos investigadores&#8221;, disse o relator.<\/p>\n<p>Ao final da vota\u00e7\u00e3o, o presidente da C\u00e2mara, Rodrigo Maia (DEM-RJ), defendeu o resultado e disse que se tratou de uma decis\u00e3o &#8220;democr\u00e1tica do plen\u00e1rio&#8221;. &#8220;Mesmo que n\u00e3o tenha sido o que alguns esperavam, isso foi o que a maioria decidiu&#8221;, disse.<\/p>\n<p>Desde que o projeto foi votado na comiss\u00e3o especial na semana passada, l\u00edderes partid\u00e1rios n\u00e3o esconderam o descontentamento com o relat\u00f3rio elaborado por Lorenzoni. Segundo os parlamentares, o projeto contemplava apenas os interesses do Minist\u00e9rio P\u00fablico.<\/p>\n<p>Na madrugada desta quarta, o chamado texto-base do projeto foi aprovado praticamente por unanimidade, mas depois disso diversas modifica\u00e7\u00f5es no projeto foram aprovadas. A primeira delas foi a inclus\u00e3o no pacote da previs\u00e3o de punir por crime de abuso de autoridade magistrados, procuradores e promotores. A emenda, que obteve o apoio de 313 deputados, foi vista como uma retalia\u00e7\u00e3o por membros da for\u00e7a-tarefa da Opera\u00e7\u00e3o Lava Jato. Muitos dos que votaram a favor da medida s\u00e3o investigados por conta do esquema de corrup\u00e7\u00e3o da Petrobras.<\/p>\n<p>Os deputados tamb\u00e9m inclu\u00edram a possibilidade de punir policiais magistrados e integrantes do MP de todas as inst\u00e2ncias que violarem o direito ou prerrogativas de advogados. A emenda foi patrocinada pela Ordem dos Advogados do Brasil (OAB).<\/p>\n<p>Entre as medidas que foram retiradas do texto est\u00e1 a cria\u00e7\u00e3o da figura do &#8220;reportante do bem&#8221;, que era uma esp\u00e9cie de delator que n\u00e3o havia participado do esquema de corrup\u00e7\u00e3o, mas que contaria tudo o que sabia e seria premiado com at\u00e9 20% dos valores que fossem recuperados.<\/p>\n<p>Os deputados tamb\u00e9m retiraram do pacote a previs\u00e3o de dar mais poder ao Minist\u00e9rio P\u00fablico em acordos de leni\u00eancia com pessoas f\u00edsicas e jur\u00eddicas em atos de corrup\u00e7\u00e3o.<\/p>\n<p>A C\u00e2mara derrubou ainda a responsabiliza\u00e7\u00e3o dos partidos pol\u00edticos e dirigentes partid\u00e1rio por atos cometidos por pol\u00edticos filiados \u00e0s siglas. Outra medida suprimida foi a tipifica\u00e7\u00e3o do crime de enriquecimento il\u00edcito e das regras que facilitavam o confisco de bens provenientes de corrup\u00e7\u00e3o.<\/p>\n<p>Do texto original enviado pelo Minist\u00e9rio P\u00fablico Federal, foram mantidos no pacote apenas a criminaliza\u00e7\u00e3o do caixa 2 de campanha eleitoral, o aumento de puni\u00e7\u00e3o para crime de corrup\u00e7\u00e3o (com crime hediondo a partir de 10 mil sal\u00e1rios m\u00ednimos), a transpar\u00eancia para tribunais na divulga\u00e7\u00e3o de dados processuais, limita\u00e7\u00e3o de recursos para protela\u00e7\u00e3o de processos e a\u00e7\u00e3o popular, este \u00faltimo inclu\u00eddo pelo relator no pacote.<\/p>\n<p>Fonte: Itatiaia<\/p>\n","protected":false},"excerpt":{"rendered":"<p>Em uma vota\u00e7\u00e3o que varou a madrugada desta quarta-feira (30) o plen\u00e1rio da C\u00e2mara aprovou uma s\u00e9rie de mudan\u00e7as no pacote de medidas contra corrup\u00e7\u00e3o proposto pelo Minist\u00e9rio P\u00fablico Federal.<\/p>\n","protected":false},"author":2,"featured_media":4399,"comment_status":"closed","ping_status":"open","sticky":false,"template":"","format":"standard","meta":{"advgb_blocks_editor_width":"","advgb_blocks_columns_visual_guide":"","_exactmetrics_skip_tracking":false,"_exactmetrics_sitenote_active":false,"_exactmetrics_sitenote_note":"","_exactmetrics_sitenote_category":0,"footnotes":""},"categories":[12],"tags":[1338,1636,1637],"class_list":["post-4398","post","type-post","status-publish","format-standard","has-post-thumbnail","hentry","category-politica","tag-brasilia","tag-deputados-federais","tag-pacote-anti-corrupcao"],"better_featured_image":{"id":4399,"alt_text":"","caption":"","description":"","media_type":"image","media_details":{"width":600,"height":393,"file":"2016\/11\/deputados-1.jpg","sizes":{"thumbnail":{"file":"deputados-1-150x98.jpg","width":150,"height":98,"mime-type":"image\/jpeg","source_url":"https:\/\/lavras.tv\/site\/wp-content\/uploads\/2016\/11\/deputados-1-150x98.jpg"},"medium":{"file":"deputados-1-300x197.jpg","width":300,"height":197,"mime-type":"image\/jpeg","source_url":"https:\/\/lavras.tv\/site\/wp-content\/uploads\/2016\/11\/deputados-1-300x197.jpg"},"featured-post-img":{"file":"deputados-1-480x320.jpg","width":480,"height":320,"mime-type":"image\/jpeg","source_url":"https:\/\/lavras.tv\/site\/wp-content\/uploads\/2016\/11\/deputados-1-480x320.jpg"},"sow-carousel-default":{"file":"deputados-1-272x182.jpg","width":272,"height":182,"mime-type":"image\/jpeg","source_url":"https:\/\/lavras.tv\/site\/wp-content\/uploads\/2016\/11\/deputados-1-272x182.jpg"}},"image_meta":{"aperture":"4","credit":"LUIS MACEDO","camera":"NIKON D700","caption":"","created_timestamp":"1480455365","copyright":"LUIS MACEDO","focal_length":"24","iso":"3200","shutter_speed":"0.0166666666667","title":"","orientation":"1","keywords":[]}},"post":4398,"source_url":"https:\/\/lavras.tv\/site\/wp-content\/uploads\/2016\/11\/deputados-1.jpg"},"author_meta":{"display_name":"Lavras TV","author_link":"https:\/\/lavras.tv\/site\/author\/lavrastv\/"},"featured_img":"https:\/\/lavras.tv\/site\/wp-content\/uploads\/2016\/11\/deputados-1-300x197.jpg","coauthors":[],"tax_additional":{"categories":{"linked":["<a href=\"https:\/\/lavras.tv\/site\/category\/politica\/\" class=\"advgb-post-tax-term\">Pol\u00edtica<\/a>"],"unlinked":["<span class=\"advgb-post-tax-term\">Pol\u00edtica<\/span>"]},"tags":{"linked":["<a href=\"https:\/\/lavras.tv\/site\/category\/politica\/\" class=\"advgb-post-tax-term\">bras\u00edlia<\/a>","<a href=\"https:\/\/lavras.tv\/site\/category\/politica\/\" class=\"advgb-post-tax-term\">deputados federais<\/a>","<a href=\"https:\/\/lavras.tv\/site\/category\/politica\/\" class=\"advgb-post-tax-term\">pacote anti-corrup\u00e7\u00e3o<\/a>"],"unlinked":["<span class=\"advgb-post-tax-term\">bras\u00edlia<\/span>","<span class=\"advgb-post-tax-term\">deputados federais<\/span>","<span class=\"advgb-post-tax-term\">pacote anti-corrup\u00e7\u00e3o<\/span>"]}},"comment_count":"0","relative_dates":{"created":"Publicado 9 anos atr\u00e1s","modified":"Atualizado 9 anos atr\u00e1s"},"absolute_dates":{"created":"Publicado em 30 de novembro de 2016","modified":"Atualizado em 30 de novembro de 2016"},"absolute_dates_time":{"created":"Publicado em 30 de novembro de 2016 09:35","modified":"Atualizado em 30 de novembro de 2016 09:35"},"featured_img_caption":"","series_order":"","_links":{"self":[{"href":"https:\/\/lavras.tv\/site\/wp-json\/wp\/v2\/posts\/4398","targetHints":{"allow":["GET"]}}],"collection":[{"href":"https:\/\/lavras.tv\/site\/wp-json\/wp\/v2\/posts"}],"about":[{"href":"https:\/\/lavras.tv\/site\/wp-json\/wp\/v2\/types\/post"}],"author":[{"embeddable":true,"href":"https:\/\/lavras.tv\/site\/wp-json\/wp\/v2\/users\/2"}],"replies":[{"embeddable":true,"href":"https:\/\/lavras.tv\/site\/wp-json\/wp\/v2\/comments?post=4398"}],"version-history":[{"count":1,"href":"https:\/\/lavras.tv\/site\/wp-json\/wp\/v2\/posts\/4398\/revisions"}],"predecessor-version":[{"id":4400,"href":"https:\/\/lavras.tv\/site\/wp-json\/wp\/v2\/posts\/4398\/revisions\/4400"}],"wp:featuredmedia":[{"embeddable":true,"href":"https:\/\/lavras.tv\/site\/wp-json\/wp\/v2\/media\/4399"}],"wp:attachment":[{"href":"https:\/\/lavras.tv\/site\/wp-json\/wp\/v2\/media?parent=4398"}],"wp:term":[{"taxonomy":"category","embeddable":true,"href":"https:\/\/lavras.tv\/site\/wp-json\/wp\/v2\/categories?post=4398"},{"taxonomy":"post_tag","embeddable":true,"href":"https:\/\/lavras.tv\/site\/wp-json\/wp\/v2\/tags?post=4398"}],"curies":[{"name":"wp","href":"https:\/\/api.w.org\/{rel}","templated":true}]}}