{"id":4549,"date":"2016-12-05T10:09:50","date_gmt":"2016-12-05T12:09:50","guid":{"rendered":"http:\/\/lavras.tv\/site\/?p=4549"},"modified":"2016-12-05T10:09:50","modified_gmt":"2016-12-05T12:09:50","slug":"rodada-da-cruzeiro-cup-e-marcada-por-homenagens-a-chapecoense","status":"publish","type":"post","link":"https:\/\/lavras.tv\/site\/2016\/12\/05\/rodada-da-cruzeiro-cup-e-marcada-por-homenagens-a-chapecoense\/","title":{"rendered":"Rodada da Cruzeiro Cup \u00e9 marcada por homenagens \u00e0 Chapecoense"},"content":{"rendered":"<div class=\"lavra-antes-do-conteudo_2\" id=\"lavra-979660719\"><div id=\"lavra-slider-27\" class=\"custom-slider lavra-slider-2396488432 lavra-slider\"><ul><li><div style=\"margin-left: auto;margin-right: auto;text-align: center;\" id=\"lavra-466823986\"><a href=\"https:\/\/sistemas.lavras.mg.gov.br\/portalcidadao\/#df1b1a7c7b2a290bcb31e32771e610784662739a88807c0dacac58ede5f391a7530e299dc302d611ee73cb143fc22eaf93592e53e7b5bdb01b00a0b8d28dae460c141dd2ff83412e4dc1c31b16b25f33144a9e5620ea73b13f5bc1c59411d98439ad226e8af03840603796067d87afe130812cf3de24982d0e306f9e61e764e5\" aria-label=\"Lavras-TV&#8211;720x104px (1) (1)\"><img src=\"https:\/\/lavras.tv\/site\/wp-content\/uploads\/2025\/01\/Lavras-TV-720x104px-1-1.png\" alt=\"\"  srcset=\"https:\/\/lavras.tv\/site\/wp-content\/uploads\/2025\/01\/Lavras-TV-720x104px-1-1.png 720w, https:\/\/lavras.tv\/site\/wp-content\/uploads\/2025\/01\/Lavras-TV-720x104px-1-1-470x68.png 470w, https:\/\/lavras.tv\/site\/wp-content\/uploads\/2025\/01\/Lavras-TV-720x104px-1-1-170x25.png 170w, https:\/\/lavras.tv\/site\/wp-content\/uploads\/2025\/01\/Lavras-TV-720x104px-1-1-200x29.png 200w\" sizes=\"(max-width: 720px) 100vw, 720px\" width=\"720\" height=\"104\"  style=\"display: inline-block;\" \/><\/a><\/div><\/li><li><a href=\"https:\/\/sistemas.lavras.mg.gov.br\/portalcidadao\/#df1b1a7c7b2a290bcb31e32771e610784662739a88807c0dacac58ede5f391a7530e299dc302d611ee73cb143fc22eaf93592e53e7b5bdb01b00a0b8d28dae460c141dd2ff83412e4dc1c31b16b25f33144a9e5620ea73b13f5bc1c59411d98439ad226e8af03840603796067d87afe130812cf3de24982d0e306f9e61e764e5\" aria-label=\"Banner_Emprego_PortallavrasTV\"><img src=\"https:\/\/lavras.tv\/site\/wp-content\/uploads\/2025\/03\/Banner_Emprego_PortallavrasTV.png\" alt=\"\"  srcset=\"https:\/\/lavras.tv\/site\/wp-content\/uploads\/2025\/03\/Banner_Emprego_PortallavrasTV.png 720w, https:\/\/lavras.tv\/site\/wp-content\/uploads\/2025\/03\/Banner_Emprego_PortallavrasTV-470x68.png 470w, https:\/\/lavras.tv\/site\/wp-content\/uploads\/2025\/03\/Banner_Emprego_PortallavrasTV-170x25.png 170w, https:\/\/lavras.tv\/site\/wp-content\/uploads\/2025\/03\/Banner_Emprego_PortallavrasTV-200x29.png 200w\" sizes=\"(max-width: 720px) 100vw, 720px\" width=\"720\" height=\"104\"   \/><\/a><\/li><li><a href=\"https:\/\/sistemas.lavras.mg.gov.br\/portalcidadao\/#df1b1a7c7b2a290bcb31e32771e610784662739a88807c0dacac58ede5f391a7530e299dc302d611ee73cb143fc22eaf93592e53e7b5bdb01b00a0b8d28dae460c141dd2ff83412e4dc1c31b16b25f33144a9e5620ea73b13f5bc1c59411d98439ad226e8af03840603796067d87afe130812cf3de24982d0e306f9e61e764e5\" aria-label=\"Banner_Obras_PortallavrasTV\"><img src=\"https:\/\/lavras.tv\/site\/wp-content\/uploads\/2025\/03\/Banner_Obras_PortallavrasTV.png\" alt=\"\"  srcset=\"https:\/\/lavras.tv\/site\/wp-content\/uploads\/2025\/03\/Banner_Obras_PortallavrasTV.png 720w, https:\/\/lavras.tv\/site\/wp-content\/uploads\/2025\/03\/Banner_Obras_PortallavrasTV-470x68.png 470w, https:\/\/lavras.tv\/site\/wp-content\/uploads\/2025\/03\/Banner_Obras_PortallavrasTV-170x25.png 170w, https:\/\/lavras.tv\/site\/wp-content\/uploads\/2025\/03\/Banner_Obras_PortallavrasTV-200x29.png 200w\" sizes=\"(max-width: 720px) 100vw, 720px\" width=\"720\" height=\"104\"   \/><\/a><\/li><li><div style=\"margin-left: auto;margin-right: auto;text-align: center;\" id=\"lavra-239097822\"><a href=\"https:\/\/sistemas.lavras.mg.gov.br\/portalcidadao\/#df1b1a7c7b2a290bcb31e32771e610784662739a88807c0dacac58ede5f391a7530e299dc302d611ee73cb143fc22eaf93592e53e7b5bdb01b00a0b8d28dae460c141dd2ff83412e4dc1c31b16b25f33144a9e5620ea73b13f5bc1c59411d98439ad226e8af03840603796067d87afe130812cf3de24982d0e306f9e61e764e5\" aria-label=\"Banner_Educa\u00e7\u00e3o_PortallavrasTV\"><img src=\"https:\/\/lavras.tv\/site\/wp-content\/uploads\/2025\/01\/Banner_Educacao_PortallavrasTV.png\" alt=\"\"  srcset=\"https:\/\/lavras.tv\/site\/wp-content\/uploads\/2025\/01\/Banner_Educacao_PortallavrasTV.png 720w, https:\/\/lavras.tv\/site\/wp-content\/uploads\/2025\/01\/Banner_Educacao_PortallavrasTV-470x68.png 470w, https:\/\/lavras.tv\/site\/wp-content\/uploads\/2025\/01\/Banner_Educacao_PortallavrasTV-170x25.png 170w, https:\/\/lavras.tv\/site\/wp-content\/uploads\/2025\/01\/Banner_Educacao_PortallavrasTV-200x29.png 200w\" sizes=\"(max-width: 720px) 100vw, 720px\" width=\"720\" height=\"104\"  style=\"display: inline-block;\" \/><\/a><\/div><\/li><li><a href=\"https:\/\/sistemas.lavras.mg.gov.br\/portalcidadao\/#df1b1a7c7b2a290bcb31e32771e610784662739a88807c0dacac58ede5f391a7530e299dc302d611ee73cb143fc22eaf93592e53e7b5bdb01b00a0b8d28dae460c141dd2ff83412e4dc1c31b16b25f33144a9e5620ea73b13f5bc1c59411d98439ad226e8af03840603796067d87afe130812cf3de24982d0e306f9e61e764e5\" aria-label=\"Banner_Sa\u00fade_PortallavrasTV\"><img src=\"https:\/\/lavras.tv\/site\/wp-content\/uploads\/2025\/03\/Banner_Saude_PortallavrasTV.png\" alt=\"\"  srcset=\"https:\/\/lavras.tv\/site\/wp-content\/uploads\/2025\/03\/Banner_Saude_PortallavrasTV.png 720w, https:\/\/lavras.tv\/site\/wp-content\/uploads\/2025\/03\/Banner_Saude_PortallavrasTV-470x68.png 470w, https:\/\/lavras.tv\/site\/wp-content\/uploads\/2025\/03\/Banner_Saude_PortallavrasTV-170x25.png 170w, https:\/\/lavras.tv\/site\/wp-content\/uploads\/2025\/03\/Banner_Saude_PortallavrasTV-200x29.png 200w\" sizes=\"(max-width: 720px) 100vw, 720px\" width=\"720\" height=\"104\"   \/><\/a><\/li><li><div id=\"lavra-934017926\" style=\"width:720px;height:104px;background-color:#ddd;overflow:scroll;\">\n\t<strong>Sa\u00edda da depura\u00e7\u00e3o de an\u00fancios<\/strong>\n\t<br><br>\n\tO an\u00fancio n\u00e3o \u00e9 exibido na p\u00e1gina<br><br>post atual: Rodada da Cruzeiro Cup \u00e9 marcada por homenagens \u00e0 Chapecoense, ID: 4549<br><br><span style=\"color: red;\">O post atual n\u00e3o \u00e9 id\u00eantico ao post principal.<\/span><br><br>An\u00fancios: ROXO - TOPO INTERNA - ROTATIVO 2 (197)<br \/>Grupo de an\u00fancios: Princ_Meio01_720x104 (27)<br><br>Condi\u00e7\u00f5es de exibi\u00e7\u00e3o<div style=\"margin-bottom: 20px; white-space: pre-wrap; font-family: monospace; width: 100%; background: #ffe9e9;\"><strong>condi\u00e7\u00f5es gerais<\/strong><table border=\"1\"><thead><tr><th><\/th><th>An\u00fancios<\/th><th>wp_the_query<\/th><\/tr><\/thead><tr><td>is_main_query<\/td><td>1<\/td><td>1<\/td><\/tr><tr><td>is_rest_api<\/td><td>0<\/td><td>1<\/td><\/tr><tr><td>page<\/td><td>0<\/td><td>1<\/td><\/tr><tr><td>numpages<\/td><td>0<\/td><td>1<\/td><\/tr><tr><td>is_archive<\/td><td>1<\/td><td><\/td><\/tr><tr><td>is_search<\/td><td>1<\/td><td><\/td><\/tr><tr><td>is_home<\/td><td>1<\/td><td><\/td><\/tr><tr><td>is_404<\/td><td>1<\/td><td><\/td><\/tr><tr><td>is_attachment<\/td><td>1<\/td><td><\/td><\/tr><tr><td>is_singular<\/td><td>1<\/td><td><\/td><\/tr><tr><td>is_front_page<\/td><td>1<\/td><td><\/td><\/tr><tr><td>is_feed<\/td><td>1<\/td><td><\/td><\/tr><\/table><\/div><br><br><span style=\"color: red;\">Seu site usa HTTPS, mas o c\u00f3digo do an\u00fancio cont\u00e9m HTTP e pode n\u00e3o funcionar.<\/span>\t<br><br>\n\t<a style=\"color: green;\" href=\"https:\/\/wpadvancedads.com\/manual\/ad-debug-mode\/?utm_source=advanced-ads&utm_medium=link&utm_campaign=ad-debug-mode\" target=\"_blank\" rel=\"nofollow\">Encontre solu\u00e7\u00f5es no manual<\/a>\n<\/div>\n<\/li><\/ul><\/div><script>( window.advanced_ads_ready || jQuery( document ).ready ).call( null, function() {var $lavraslider2396488432 = jQuery( \".lavra-slider-2396488432\" );$lavraslider2396488432.on( \"unslider.ready\", function() { jQuery( \"div.custom-slider ul li\" ).css( \"display\", \"block\" ); });$lavraslider2396488432.unslider({ delay:4000, autoplay:true, nav:false, arrows:false, infinite:true });$lavraslider2396488432.on(\"mouseover\", function() {$lavraslider2396488432.unslider(\"stop\");}).on(\"mouseout\", function() {$lavraslider2396488432.unslider(\"start\");});});<\/script><\/div><p>As homenagens \u00e0 Chapecoense continuam acontecendo na capital mineira.<!--more-->Neste domingo, foi a vez dos atletas que disputam a Cruzeiro Cup, competi\u00e7\u00e3o sub-15 organizada pelo Clube celeste, lembrarem das pessoas que morreram no tr\u00e1gico acidente a\u00e9reo na \u00faltima ter\u00e7a-feira (29).<\/p>\n<p><img fetchpriority=\"high\" decoding=\"async\" class=\"size-full wp-image-4550 aligncenter\" src=\"http:\/\/lavras.tv\/site\/wp-content\/uploads\/2016\/12\/cruzeiro-cup.jpg\" alt=\"cruzeiro-cup\" width=\"653\" height=\"363\" srcset=\"https:\/\/lavras.tv\/site\/wp-content\/uploads\/2016\/12\/cruzeiro-cup.jpg 653w, https:\/\/lavras.tv\/site\/wp-content\/uploads\/2016\/12\/cruzeiro-cup-150x83.jpg 150w, https:\/\/lavras.tv\/site\/wp-content\/uploads\/2016\/12\/cruzeiro-cup-300x167.jpg 300w\" sizes=\"(max-width: 653px) 100vw, 653px\" \/><\/p>\n<p>Antes de a bola rolar para Cruzeiro e Chivas Guadalajara-MEX, as duas equipes entraram em campo uma grande faixa com os dizeres: \u201cFor\u00e7a, Chape\u201d. Al\u00e9m disso, os capit\u00e3es de ambos os times exibiram a camisa da equipe catarinense.<\/p>\n<p>\u201cEstamos na 12\u00aa edi\u00e7\u00e3o da Cruzeiro Cup e buscamos fazer a melhor competi\u00e7\u00e3o do pa\u00eds. Exatamente na semana do torneio aconteceu esta trag\u00e9dia. Para n\u00f3s, foi muito triste, j\u00e1 que estamos no meio do futebol. Sabemos bem quantas viagens s\u00e3o feitas, al\u00e9m da amizade que se cria entre e com os atletas. Vira uma fam\u00edlia\u201d, destacou o coordenador do Departamento de Neg\u00f3cios Internacionais (DNI) da Raposa, Adriano Andrade.<\/p>\n<p>\u201cA Chapecoense \u00e9 um time que todos gostavam, uma cidade bacana, que chegou na S\u00e9rie A e l\u00e1 se manteve. Agora, estava na final da Sul-Americana, que era o melhor resultado de um time de Santa Catarina, ent\u00e3o, foi um choque. Uma singela homenagem \u00e9 o m\u00ednimo que a gente pode fazer por eles\u201d, completou.<\/p>\n<p>J\u00e1 para o capit\u00e3o do time cruzeirense, Mateus Soares, apesar da como\u00e7\u00e3o total no pa\u00eds, o que fica de importante \u00e9 a solidariedade e tamb\u00e9m as demonstra\u00e7\u00f5es de afeto do povo brasileiro.<\/p>\n<p>\u201cFoi uma grande honra entrar com a camisa da Chapecoense, porque foi uma trag\u00e9dia muito grande que aconteceu no futebol. Nela, vimos que ainda existe humanidade. O mundo inteiro se comoveu. Para mim, foi muito bom ter entrado com a camisa, porque foi uma homenagem \u00e0s fam\u00edlias que perderam muita gente. Foi muito bonito. Espero que os outros clubes tamb\u00e9m se comovam e possam fazer alguma coisa\u201d, ressaltou.<\/p>\n<p>Assim como no confronto entre Cruzeiro e Chivas, os capit\u00e3es de Palmeiras e Flamengo, que se enfrentaram pouco depois, tamb\u00e9m entraram em campo vestindo camisas da Chapecoense. A iniciativa ser\u00e1 repetida durante todos os jogos da primeira rodada da Cruzeiro Cup.<\/p>\n<div class=\"imageWrap w653 align-center\">\n<div class=\"image\">\n<div class=\"byline\">Cruzeiro\/Divulga\u00e7\u00e3o<\/div>\n<p><img decoding=\"async\" class=\"aligncenter\" title=\"Cr\u00e9ditos: Cruzeiro\/Divulga\u00e7\u00e3o\" src=\"http:\/\/hojeemdia.com.br\/polopoly_fs\/1.432006!\/image\/image.jpg_gen\/derivatives\/landscape_653\/image.jpg\" alt=\"Cruzeiro sub-15\" \/><\/div>\n<\/div>\n","protected":false},"excerpt":{"rendered":"<p>As homenagens \u00e0 Chapecoense continuam acontecendo na capital mineira.<\/p>\n","protected":false},"author":2,"featured_media":4550,"comment_status":"closed","ping_status":"open","sticky":false,"template":"","format":"standard","meta":{"advgb_blocks_editor_width":"","advgb_blocks_columns_visual_guide":"","_exactmetrics_skip_tracking":false,"_exactmetrics_sitenote_active":false,"_exactmetrics_sitenote_note":"","_exactmetrics_sitenote_category":0,"footnotes":""},"categories":[3],"tags":[1685,1704,1706,1705],"class_list":["post-4549","post","type-post","status-publish","format-standard","has-post-thumbnail","hentry","category-esportes","tag-chapeconense","tag-cruzeiro-cup","tag-forca-chape","tag-homenagens"],"better_featured_image":{"id":4550,"alt_text":"","caption":"","description":"","media_type":"image","media_details":{"width":653,"height":363,"file":"2016\/12\/cruzeiro-cup.jpg","sizes":{"thumbnail":{"file":"cruzeiro-cup-150x83.jpg","width":150,"height":83,"mime-type":"image\/jpeg","source_url":"https:\/\/lavras.tv\/site\/wp-content\/uploads\/2016\/12\/cruzeiro-cup-150x83.jpg"},"medium":{"file":"cruzeiro-cup-300x167.jpg","width":300,"height":167,"mime-type":"image\/jpeg","source_url":"https:\/\/lavras.tv\/site\/wp-content\/uploads\/2016\/12\/cruzeiro-cup-300x167.jpg"},"featured-slider-img":{"file":"cruzeiro-cup-640x363.jpg","width":640,"height":363,"mime-type":"image\/jpeg","source_url":"https:\/\/lavras.tv\/site\/wp-content\/uploads\/2016\/12\/cruzeiro-cup-640x363.jpg"},"featured-post-img":{"file":"cruzeiro-cup-480x320.jpg","width":480,"height":320,"mime-type":"image\/jpeg","source_url":"https:\/\/lavras.tv\/site\/wp-content\/uploads\/2016\/12\/cruzeiro-cup-480x320.jpg"},"sow-carousel-default":{"file":"cruzeiro-cup-272x182.jpg","width":272,"height":182,"mime-type":"image\/jpeg","source_url":"https:\/\/lavras.tv\/site\/wp-content\/uploads\/2016\/12\/cruzeiro-cup-272x182.jpg"}},"image_meta":{"aperture":"0","credit":"","camera":"","caption":"","created_timestamp":"0","copyright":"","focal_length":"0","iso":"0","shutter_speed":"0","title":"","orientation":"0","keywords":[]}},"post":4549,"source_url":"https:\/\/lavras.tv\/site\/wp-content\/uploads\/2016\/12\/cruzeiro-cup.jpg"},"author_meta":{"display_name":"Lavras TV","author_link":"https:\/\/lavras.tv\/site\/author\/lavrastv\/"},"featured_img":"https:\/\/lavras.tv\/site\/wp-content\/uploads\/2016\/12\/cruzeiro-cup-300x167.jpg","coauthors":[],"tax_additional":{"categories":{"linked":["<a href=\"https:\/\/lavras.tv\/site\/category\/esportes\/\" class=\"advgb-post-tax-term\">Esportes<\/a>"],"unlinked":["<span class=\"advgb-post-tax-term\">Esportes<\/span>"]},"tags":{"linked":["<a href=\"https:\/\/lavras.tv\/site\/category\/esportes\/\" class=\"advgb-post-tax-term\">chapeconense<\/a>","<a href=\"https:\/\/lavras.tv\/site\/category\/esportes\/\" class=\"advgb-post-tax-term\">cruzeiro cup<\/a>","<a href=\"https:\/\/lavras.tv\/site\/category\/esportes\/\" class=\"advgb-post-tax-term\">for\u00e7a chape<\/a>","<a href=\"https:\/\/lavras.tv\/site\/category\/esportes\/\" class=\"advgb-post-tax-term\">homenagens<\/a>"],"unlinked":["<span class=\"advgb-post-tax-term\">chapeconense<\/span>","<span class=\"advgb-post-tax-term\">cruzeiro cup<\/span>","<span class=\"advgb-post-tax-term\">for\u00e7a chape<\/span>","<span class=\"advgb-post-tax-term\">homenagens<\/span>"]}},"comment_count":"0","relative_dates":{"created":"Publicado 9 anos atr\u00e1s","modified":"Atualizado 9 anos atr\u00e1s"},"absolute_dates":{"created":"Publicado em 5 de dezembro de 2016","modified":"Atualizado em 5 de dezembro de 2016"},"absolute_dates_time":{"created":"Publicado em 5 de dezembro de 2016 10:09","modified":"Atualizado em 5 de dezembro de 2016 10:09"},"featured_img_caption":"","series_order":"","_links":{"self":[{"href":"https:\/\/lavras.tv\/site\/wp-json\/wp\/v2\/posts\/4549","targetHints":{"allow":["GET"]}}],"collection":[{"href":"https:\/\/lavras.tv\/site\/wp-json\/wp\/v2\/posts"}],"about":[{"href":"https:\/\/lavras.tv\/site\/wp-json\/wp\/v2\/types\/post"}],"author":[{"embeddable":true,"href":"https:\/\/lavras.tv\/site\/wp-json\/wp\/v2\/users\/2"}],"replies":[{"embeddable":true,"href":"https:\/\/lavras.tv\/site\/wp-json\/wp\/v2\/comments?post=4549"}],"version-history":[{"count":1,"href":"https:\/\/lavras.tv\/site\/wp-json\/wp\/v2\/posts\/4549\/revisions"}],"predecessor-version":[{"id":4551,"href":"https:\/\/lavras.tv\/site\/wp-json\/wp\/v2\/posts\/4549\/revisions\/4551"}],"wp:featuredmedia":[{"embeddable":true,"href":"https:\/\/lavras.tv\/site\/wp-json\/wp\/v2\/media\/4550"}],"wp:attachment":[{"href":"https:\/\/lavras.tv\/site\/wp-json\/wp\/v2\/media?parent=4549"}],"wp:term":[{"taxonomy":"category","embeddable":true,"href":"https:\/\/lavras.tv\/site\/wp-json\/wp\/v2\/categories?post=4549"},{"taxonomy":"post_tag","embeddable":true,"href":"https:\/\/lavras.tv\/site\/wp-json\/wp\/v2\/tags?post=4549"}],"curies":[{"name":"wp","href":"https:\/\/api.w.org\/{rel}","templated":true}]}}