{"id":4561,"date":"2016-12-05T10:42:55","date_gmt":"2016-12-05T12:42:55","guid":{"rendered":"http:\/\/lavras.tv\/site\/?p=4561"},"modified":"2016-12-05T10:47:46","modified_gmt":"2016-12-05T12:47:46","slug":"mineiros-nao-querem-coligar","status":"publish","type":"post","link":"https:\/\/lavras.tv\/site\/2016\/12\/05\/mineiros-nao-querem-coligar\/","title":{"rendered":"Mineiros n\u00e3o querem coligar"},"content":{"rendered":"<div class=\"lavra-antes-do-conteudo_2\" id=\"lavra-2738357839\"><div id=\"lavra-slider-27\" class=\"custom-slider lavra-slider-1471906330 lavra-slider\"><ul><li><div style=\"margin-left: auto;margin-right: auto;text-align: center;\" id=\"lavra-830455715\"><a href=\"https:\/\/sistemas.lavras.mg.gov.br\/portalcidadao\/#df1b1a7c7b2a290bcb31e32771e610784662739a88807c0dacac58ede5f391a7530e299dc302d611ee73cb143fc22eaf93592e53e7b5bdb01b00a0b8d28dae460c141dd2ff83412e4dc1c31b16b25f33144a9e5620ea73b13f5bc1c59411d98439ad226e8af03840603796067d87afe130812cf3de24982d0e306f9e61e764e5\" aria-label=\"Lavras-TV&#8211;720x104px (1) (1)\"><img src=\"https:\/\/lavras.tv\/site\/wp-content\/uploads\/2025\/01\/Lavras-TV-720x104px-1-1.png\" alt=\"\"  srcset=\"https:\/\/lavras.tv\/site\/wp-content\/uploads\/2025\/01\/Lavras-TV-720x104px-1-1.png 720w, https:\/\/lavras.tv\/site\/wp-content\/uploads\/2025\/01\/Lavras-TV-720x104px-1-1-470x68.png 470w, https:\/\/lavras.tv\/site\/wp-content\/uploads\/2025\/01\/Lavras-TV-720x104px-1-1-170x25.png 170w, https:\/\/lavras.tv\/site\/wp-content\/uploads\/2025\/01\/Lavras-TV-720x104px-1-1-200x29.png 200w\" sizes=\"(max-width: 720px) 100vw, 720px\" width=\"720\" height=\"104\"  style=\"display: inline-block;\" \/><\/a><\/div><\/li><li><a href=\"https:\/\/sistemas.lavras.mg.gov.br\/portalcidadao\/#df1b1a7c7b2a290bcb31e32771e610784662739a88807c0dacac58ede5f391a7530e299dc302d611ee73cb143fc22eaf93592e53e7b5bdb01b00a0b8d28dae460c141dd2ff83412e4dc1c31b16b25f33144a9e5620ea73b13f5bc1c59411d98439ad226e8af03840603796067d87afe130812cf3de24982d0e306f9e61e764e5\" aria-label=\"Banner_Emprego_PortallavrasTV\"><img src=\"https:\/\/lavras.tv\/site\/wp-content\/uploads\/2025\/03\/Banner_Emprego_PortallavrasTV.png\" alt=\"\"  srcset=\"https:\/\/lavras.tv\/site\/wp-content\/uploads\/2025\/03\/Banner_Emprego_PortallavrasTV.png 720w, https:\/\/lavras.tv\/site\/wp-content\/uploads\/2025\/03\/Banner_Emprego_PortallavrasTV-470x68.png 470w, https:\/\/lavras.tv\/site\/wp-content\/uploads\/2025\/03\/Banner_Emprego_PortallavrasTV-170x25.png 170w, https:\/\/lavras.tv\/site\/wp-content\/uploads\/2025\/03\/Banner_Emprego_PortallavrasTV-200x29.png 200w\" sizes=\"(max-width: 720px) 100vw, 720px\" width=\"720\" height=\"104\"   \/><\/a><\/li><li><a href=\"https:\/\/sistemas.lavras.mg.gov.br\/portalcidadao\/#df1b1a7c7b2a290bcb31e32771e610784662739a88807c0dacac58ede5f391a7530e299dc302d611ee73cb143fc22eaf93592e53e7b5bdb01b00a0b8d28dae460c141dd2ff83412e4dc1c31b16b25f33144a9e5620ea73b13f5bc1c59411d98439ad226e8af03840603796067d87afe130812cf3de24982d0e306f9e61e764e5\" aria-label=\"Banner_Obras_PortallavrasTV\"><img src=\"https:\/\/lavras.tv\/site\/wp-content\/uploads\/2025\/03\/Banner_Obras_PortallavrasTV.png\" alt=\"\"  srcset=\"https:\/\/lavras.tv\/site\/wp-content\/uploads\/2025\/03\/Banner_Obras_PortallavrasTV.png 720w, https:\/\/lavras.tv\/site\/wp-content\/uploads\/2025\/03\/Banner_Obras_PortallavrasTV-470x68.png 470w, https:\/\/lavras.tv\/site\/wp-content\/uploads\/2025\/03\/Banner_Obras_PortallavrasTV-170x25.png 170w, https:\/\/lavras.tv\/site\/wp-content\/uploads\/2025\/03\/Banner_Obras_PortallavrasTV-200x29.png 200w\" sizes=\"(max-width: 720px) 100vw, 720px\" width=\"720\" height=\"104\"   \/><\/a><\/li><li><div style=\"margin-left: auto;margin-right: auto;text-align: center;\" id=\"lavra-4159801500\"><a href=\"https:\/\/sistemas.lavras.mg.gov.br\/portalcidadao\/#df1b1a7c7b2a290bcb31e32771e610784662739a88807c0dacac58ede5f391a7530e299dc302d611ee73cb143fc22eaf93592e53e7b5bdb01b00a0b8d28dae460c141dd2ff83412e4dc1c31b16b25f33144a9e5620ea73b13f5bc1c59411d98439ad226e8af03840603796067d87afe130812cf3de24982d0e306f9e61e764e5\" aria-label=\"Banner_Educa\u00e7\u00e3o_PortallavrasTV\"><img src=\"https:\/\/lavras.tv\/site\/wp-content\/uploads\/2025\/01\/Banner_Educacao_PortallavrasTV.png\" alt=\"\"  srcset=\"https:\/\/lavras.tv\/site\/wp-content\/uploads\/2025\/01\/Banner_Educacao_PortallavrasTV.png 720w, https:\/\/lavras.tv\/site\/wp-content\/uploads\/2025\/01\/Banner_Educacao_PortallavrasTV-470x68.png 470w, https:\/\/lavras.tv\/site\/wp-content\/uploads\/2025\/01\/Banner_Educacao_PortallavrasTV-170x25.png 170w, https:\/\/lavras.tv\/site\/wp-content\/uploads\/2025\/01\/Banner_Educacao_PortallavrasTV-200x29.png 200w\" sizes=\"(max-width: 720px) 100vw, 720px\" width=\"720\" height=\"104\"  style=\"display: inline-block;\" \/><\/a><\/div><\/li><li><a href=\"https:\/\/sistemas.lavras.mg.gov.br\/portalcidadao\/#df1b1a7c7b2a290bcb31e32771e610784662739a88807c0dacac58ede5f391a7530e299dc302d611ee73cb143fc22eaf93592e53e7b5bdb01b00a0b8d28dae460c141dd2ff83412e4dc1c31b16b25f33144a9e5620ea73b13f5bc1c59411d98439ad226e8af03840603796067d87afe130812cf3de24982d0e306f9e61e764e5\" aria-label=\"Banner_Sa\u00fade_PortallavrasTV\"><img src=\"https:\/\/lavras.tv\/site\/wp-content\/uploads\/2025\/03\/Banner_Saude_PortallavrasTV.png\" alt=\"\"  srcset=\"https:\/\/lavras.tv\/site\/wp-content\/uploads\/2025\/03\/Banner_Saude_PortallavrasTV.png 720w, https:\/\/lavras.tv\/site\/wp-content\/uploads\/2025\/03\/Banner_Saude_PortallavrasTV-470x68.png 470w, https:\/\/lavras.tv\/site\/wp-content\/uploads\/2025\/03\/Banner_Saude_PortallavrasTV-170x25.png 170w, https:\/\/lavras.tv\/site\/wp-content\/uploads\/2025\/03\/Banner_Saude_PortallavrasTV-200x29.png 200w\" sizes=\"(max-width: 720px) 100vw, 720px\" width=\"720\" height=\"104\"   \/><\/a><\/li><li><div id=\"lavra-3628912651\" style=\"width:720px;height:104px;background-color:#ddd;overflow:scroll;\">\n\t<strong>Sa\u00edda da depura\u00e7\u00e3o de an\u00fancios<\/strong>\n\t<br><br>\n\tO an\u00fancio n\u00e3o \u00e9 exibido na p\u00e1gina<br><br>post atual: Mineiros n\u00e3o querem coligar, ID: 4561<br><br><span style=\"color: red;\">O post atual n\u00e3o \u00e9 id\u00eantico ao post principal.<\/span><br><br>An\u00fancios: ROXO - TOPO INTERNA - ROTATIVO 2 (197)<br \/>Grupo de an\u00fancios: Princ_Meio01_720x104 (27)<br><br>Condi\u00e7\u00f5es de exibi\u00e7\u00e3o<div style=\"margin-bottom: 20px; white-space: pre-wrap; font-family: monospace; width: 100%; background: #ffe9e9;\"><strong>condi\u00e7\u00f5es gerais<\/strong><table border=\"1\"><thead><tr><th><\/th><th>An\u00fancios<\/th><th>wp_the_query<\/th><\/tr><\/thead><tr><td>is_main_query<\/td><td>1<\/td><td>1<\/td><\/tr><tr><td>is_rest_api<\/td><td>0<\/td><td>1<\/td><\/tr><tr><td>page<\/td><td>0<\/td><td>1<\/td><\/tr><tr><td>numpages<\/td><td>0<\/td><td>1<\/td><\/tr><tr><td>is_archive<\/td><td>1<\/td><td><\/td><\/tr><tr><td>is_search<\/td><td>1<\/td><td><\/td><\/tr><tr><td>is_home<\/td><td>1<\/td><td><\/td><\/tr><tr><td>is_404<\/td><td>1<\/td><td><\/td><\/tr><tr><td>is_attachment<\/td><td>1<\/td><td><\/td><\/tr><tr><td>is_singular<\/td><td>1<\/td><td><\/td><\/tr><tr><td>is_front_page<\/td><td>1<\/td><td><\/td><\/tr><tr><td>is_feed<\/td><td>1<\/td><td><\/td><\/tr><\/table><\/div><br><br><span style=\"color: red;\">Seu site usa HTTPS, mas o c\u00f3digo do an\u00fancio cont\u00e9m HTTP e pode n\u00e3o funcionar.<\/span>\t<br><br>\n\t<a style=\"color: green;\" href=\"https:\/\/wpadvancedads.com\/manual\/ad-debug-mode\/?utm_source=advanced-ads&utm_medium=link&utm_campaign=ad-debug-mode\" target=\"_blank\" rel=\"nofollow\">Encontre solu\u00e7\u00f5es no manual<\/a>\n<\/div>\n<\/li><\/ul><\/div><script>( window.advanced_ads_ready || jQuery( document ).ready ).call( null, function() {var $lavraslider1471906330 = jQuery( \".lavra-slider-1471906330\" );$lavraslider1471906330.on( \"unslider.ready\", function() { jQuery( \"div.custom-slider ul li\" ).css( \"display\", \"block\" ); });$lavraslider1471906330.unslider({ delay:4000, autoplay:true, nav:false, arrows:false, infinite:true });$lavraslider1471906330.on(\"mouseover\", function() {$lavraslider1471906330.unslider(\"stop\");}).on(\"mouseout\", function() {$lavraslider1471906330.unslider(\"start\");});});<\/script><\/div><p>Entre todas as propostas de mudan\u00e7as do sistema pol\u00edtico-eleitoral brasileiro discutidas pelo Congresso Nacional, apenas uma tem o apoio da maioria dos deputados federais mineiros: o fim das coliga\u00e7\u00f5es nas elei\u00e7\u00f5es proporcionais (para vereador e deputados estadual e federal). <!--more-->A avalia\u00e7\u00e3o geral \u00e9 a de que \u00e9 preciso dar fim \u00e0 regra que hoje permite que parlamentares que receberam poucos votos sejam \u201cpuxados\u201d por outros da mesma chapa, que tenham conseguido um bom desempenho nas urnas.<br \/>\n<img fetchpriority=\"high\" decoding=\"async\" class=\"size-full wp-image-4562 aligncenter\" src=\"http:\/\/lavras.tv\/site\/wp-content\/uploads\/2016\/12\/deputados.jpg\" alt=\"deputados\" width=\"620\" height=\"420\" srcset=\"https:\/\/lavras.tv\/site\/wp-content\/uploads\/2016\/12\/deputados.jpg 620w, https:\/\/lavras.tv\/site\/wp-content\/uploads\/2016\/12\/deputados-150x102.jpg 150w, https:\/\/lavras.tv\/site\/wp-content\/uploads\/2016\/12\/deputados-300x203.jpg 300w\" sizes=\"(max-width: 620px) 100vw, 620px\" \/><br \/>\nUma enquete feita por <strong>O TEMPO<\/strong> mostra que, dos 53 deputados de Minas, 33 concordam com o fim das coliga\u00e7\u00f5es em elei\u00e7\u00f5es proporcionais. Outros dez s\u00e3o contra e, portanto, defendem a perman\u00eancia do modelo atual. Dois se declararam indecisos, e os oito restantes foram procurados, mas n\u00e3o responderam \u00e0 reportagem.<\/p>\n<p>O projeto de coautoria do senador A\u00e9cio Neves (PSDB) foi aprovado em segundo turno no Senado e enviado h\u00e1 pouco mais de uma semana para a C\u00e2mara Federal, na qual passar\u00e1 pelo crivo dos deputados. De acordo com a Proposta de Emenda \u00e0 Constitui\u00e7\u00e3o (PEC) 36 de 2016, as coliga\u00e7\u00f5es entre partidos passariam a ser vetadas a partir das elei\u00e7\u00f5es de 2020.<\/p>\n<p>Com o sistema atual, quem tem uma vota\u00e7\u00e3o expressiva consegue, por tabela, fazer com que colegas que n\u00e3o se elegeriam com os pr\u00f3prios votos consigam uma vaga no Legislativo. O exemplo mais emblem\u00e1tico foi o do palha\u00e7o Tiririca. Em 2010, o ent\u00e3o candidato a deputado federal em S\u00e3o Paulo conquistou 1,35 milh\u00e3o de votos e garantiu n\u00e3o s\u00f3 sua cadeira, mas a de mais tr\u00eas deputados.<\/p>\n<p>Patrus Ananias (PT) defende a mudan\u00e7a. \u201cSe algu\u00e9m quiser disputar a elei\u00e7\u00e3o que mostre sua identidade. Sou rigorosamente contra as coliga\u00e7\u00f5es proporcionais. Cada um tem que mostrar a sua identidade. \u00c0s vezes, a pessoa vota em um candidato e elege outro completamente diferente\u201d, critica o deputado.<\/p>\n<p>O peemedebista Saraiva Felipe concorda com o racioc\u00ednio. \u201cN\u00e3o \u00e9 poss\u00edvel que o voto que foi dado em um candidato acabe elegendo outra pessoa, que pode at\u00e9 n\u00e3o ser do mesmo partido de quem foi votado\u201d, endossa Saraiva Felipe.<\/p>\n<p>O deputado federal Diego Andrade (PSD) afirma que apoia a medida desde que seja aprovada tamb\u00e9m a mudan\u00e7a do sistema proporcional atual para o distrit\u00e3o, em que s\u00e3o eleitos os candidatos mais votados no Legislativo. Segundo ele, hoje, o partido que j\u00e1 tem nomes de destaque n\u00e3o atrai mais figuras para compor a chapa, pois elas ficam receosas de n\u00e3o se elegerem diante da concorr\u00eancia.<\/p>\n<p>\u201cVoc\u00ea est\u00e1 em um partido com cinco deputados. Quem quer ser candidato fala: \u2018N\u00e3o vou sair naquele partido que j\u00e1 tem muita gente boa de voto\u2019. A\u00ed, o partido n\u00e3o tem chapa. Mesmo se o deputado faz um belo trabalho, \u00e9 bem-votado novamente, ele s\u00f3 tem chance de se reeleger se fizer coliga\u00e7\u00e3o\u201d, avalia Andrade.<\/p>\n<p>Entre os senadores, o fim das coliga\u00e7\u00f5es para elei\u00e7\u00e3o nas C\u00e2maras Municipais e na Federal e nas Assembleias recebe o endosso dos tr\u00eas representantes do Estado: A\u00e9cio, Antonio Anastasia (PSDB) e Zez\u00e9 Perrella (PTB). <strong>(Com Felipe Castanheira)<\/strong><\/p>\n<p><strong>Fundo.<\/strong> O texto da PEC 36 tamb\u00e9m prev\u00ea a cria\u00e7\u00e3o de cl\u00e1usulas de desempenho eleitoral para que os partidos tenham acesso ao Fundo Partid\u00e1rio e ao hor\u00e1rio gratuito de r\u00e1dio e televis\u00e3o.<\/p>\n<div id=\"infografico\">\n<div id=\"artigo\" class=\"centered politica\">\n<p><img decoding=\"async\" class=\"image aligncenter\" src=\"http:\/\/www.otempo.com.br\/polopoly_fs\/1.1407920.1480892673!image\/image.jpg\" alt=\"\" \/><\/p>\n<div class=\"row collapse\"><\/div>\n<\/div>\n<\/div>\n<h3>O QUE VAI MUDAR NAS DISPUTAS<\/h3>\n<p><strong>Como \u00e9:<\/strong> O n\u00famero de vagas \u00e9 definido de acordo com o total de votos que a coliga\u00e7\u00e3o receber, por isso os chamados de \u201cpuxadores de votos\u201d s\u00e3o cobi\u00e7ados para que as siglas fa\u00e7am mais cadeiras.<\/p>\n<p><strong>Como ficaria: <\/strong>Se aprovada a Proposta de Emenda \u00e0 Constitui\u00e7\u00e3o, as coliga\u00e7\u00f5es seriam proibidas no Legislativo a partir das elei\u00e7\u00f5es de 2020. Os partidos disputariam as elei\u00e7\u00f5es em chapas \u00fanicas.<\/p>\n<p><strong>Majorit\u00e1ria: <\/strong>A mudan\u00e7a afetaria apenas a elei\u00e7\u00e3o para os cargos proporcionais do Legislativo (vereadores, deputados estaduais e deputados federais). Nas disputas para o Executivo e para o Senado, as coliga\u00e7\u00f5es continuariam sendo permitidas.<\/p>\n<p><strong>Senado:<\/strong>\u00a0As pautas da reforma pol\u00edtica caminham a passos mais largos no Senado, j\u00e1 que, na elei\u00e7\u00e3o dos senadores, as mudan\u00e7as n\u00e3o ter\u00e3o muito impacto. A cl\u00e1usula de desempenho e o fim das coliga\u00e7\u00f5es proporcionais j\u00e1 foram aprovadas pela Casa, com o apoio do presidente, Renan Calheiros (PMDB-AL).<\/p>\n<p>Fonte: O Tempo<\/p>\n","protected":false},"excerpt":{"rendered":"<p>Entre todas as propostas de mudan\u00e7as do sistema pol\u00edtico-eleitoral brasileiro discutidas pelo Congresso Nacional, apenas uma tem o apoio da maioria dos deputados federais mineiros: o fim das coliga\u00e7\u00f5es nas elei\u00e7\u00f5es proporcionais (para vereador e deputados estadual e federal).<\/p>\n","protected":false},"author":2,"featured_media":4562,"comment_status":"closed","ping_status":"open","sticky":false,"template":"","format":"standard","meta":{"advgb_blocks_editor_width":"","advgb_blocks_columns_visual_guide":"","_exactmetrics_skip_tracking":false,"_exactmetrics_sitenote_active":false,"_exactmetrics_sitenote_note":"","_exactmetrics_sitenote_category":0,"footnotes":""},"categories":[12],"tags":[1715,1636],"class_list":["post-4561","post","type-post","status-publish","format-standard","has-post-thumbnail","hentry","category-politica","tag-coligacoes","tag-deputados-federais"],"better_featured_image":{"id":4562,"alt_text":"","caption":"","description":"","media_type":"image","media_details":{"width":620,"height":420,"file":"2016\/12\/deputados.jpg","sizes":{"thumbnail":{"file":"deputados-150x102.jpg","width":150,"height":102,"mime-type":"image\/jpeg","source_url":"https:\/\/lavras.tv\/site\/wp-content\/uploads\/2016\/12\/deputados-150x102.jpg"},"medium":{"file":"deputados-300x203.jpg","width":300,"height":203,"mime-type":"image\/jpeg","source_url":"https:\/\/lavras.tv\/site\/wp-content\/uploads\/2016\/12\/deputados-300x203.jpg"},"featured-post-img":{"file":"deputados-480x320.jpg","width":480,"height":320,"mime-type":"image\/jpeg","source_url":"https:\/\/lavras.tv\/site\/wp-content\/uploads\/2016\/12\/deputados-480x320.jpg"},"sow-carousel-default":{"file":"deputados-272x182.jpg","width":272,"height":182,"mime-type":"image\/jpeg","source_url":"https:\/\/lavras.tv\/site\/wp-content\/uploads\/2016\/12\/deputados-272x182.jpg"}},"image_meta":{"aperture":"0","credit":"","camera":"","caption":"","created_timestamp":"0","copyright":"","focal_length":"0","iso":"0","shutter_speed":"0","title":"","orientation":"0","keywords":[]}},"post":4561,"source_url":"https:\/\/lavras.tv\/site\/wp-content\/uploads\/2016\/12\/deputados.jpg"},"author_meta":{"display_name":"Lavras TV","author_link":"https:\/\/lavras.tv\/site\/author\/lavrastv\/"},"featured_img":"https:\/\/lavras.tv\/site\/wp-content\/uploads\/2016\/12\/deputados-300x203.jpg","coauthors":[],"tax_additional":{"categories":{"linked":["<a href=\"https:\/\/lavras.tv\/site\/category\/politica\/\" class=\"advgb-post-tax-term\">Pol\u00edtica<\/a>"],"unlinked":["<span class=\"advgb-post-tax-term\">Pol\u00edtica<\/span>"]},"tags":{"linked":["<a href=\"https:\/\/lavras.tv\/site\/category\/politica\/\" class=\"advgb-post-tax-term\">coliga\u00e7\u00f5es<\/a>","<a href=\"https:\/\/lavras.tv\/site\/category\/politica\/\" class=\"advgb-post-tax-term\">deputados federais<\/a>"],"unlinked":["<span class=\"advgb-post-tax-term\">coliga\u00e7\u00f5es<\/span>","<span class=\"advgb-post-tax-term\">deputados federais<\/span>"]}},"comment_count":"0","relative_dates":{"created":"Publicado 9 anos atr\u00e1s","modified":"Atualizado 9 anos atr\u00e1s"},"absolute_dates":{"created":"Publicado em 5 de dezembro de 2016","modified":"Atualizado em 5 de dezembro de 2016"},"absolute_dates_time":{"created":"Publicado em 5 de dezembro de 2016 10:42","modified":"Atualizado em 5 de dezembro de 2016 10:47"},"featured_img_caption":"","series_order":"","_links":{"self":[{"href":"https:\/\/lavras.tv\/site\/wp-json\/wp\/v2\/posts\/4561","targetHints":{"allow":["GET"]}}],"collection":[{"href":"https:\/\/lavras.tv\/site\/wp-json\/wp\/v2\/posts"}],"about":[{"href":"https:\/\/lavras.tv\/site\/wp-json\/wp\/v2\/types\/post"}],"author":[{"embeddable":true,"href":"https:\/\/lavras.tv\/site\/wp-json\/wp\/v2\/users\/2"}],"replies":[{"embeddable":true,"href":"https:\/\/lavras.tv\/site\/wp-json\/wp\/v2\/comments?post=4561"}],"version-history":[{"count":2,"href":"https:\/\/lavras.tv\/site\/wp-json\/wp\/v2\/posts\/4561\/revisions"}],"predecessor-version":[{"id":4564,"href":"https:\/\/lavras.tv\/site\/wp-json\/wp\/v2\/posts\/4561\/revisions\/4564"}],"wp:featuredmedia":[{"embeddable":true,"href":"https:\/\/lavras.tv\/site\/wp-json\/wp\/v2\/media\/4562"}],"wp:attachment":[{"href":"https:\/\/lavras.tv\/site\/wp-json\/wp\/v2\/media?parent=4561"}],"wp:term":[{"taxonomy":"category","embeddable":true,"href":"https:\/\/lavras.tv\/site\/wp-json\/wp\/v2\/categories?post=4561"},{"taxonomy":"post_tag","embeddable":true,"href":"https:\/\/lavras.tv\/site\/wp-json\/wp\/v2\/tags?post=4561"}],"curies":[{"name":"wp","href":"https:\/\/api.w.org\/{rel}","templated":true}]}}