{"id":45719,"date":"2019-09-17T09:38:41","date_gmt":"2019-09-17T12:38:41","guid":{"rendered":"http:\/\/lavras.tv\/site\/?p=45719"},"modified":"2019-09-17T09:49:23","modified_gmt":"2019-09-17T12:49:23","slug":"jamais-apoiei-ou-fiz-empenho-pelo-golpe-diz-ex-presidente-temer-sobre-impeachment","status":"publish","type":"post","link":"https:\/\/lavras.tv\/site\/2019\/09\/17\/jamais-apoiei-ou-fiz-empenho-pelo-golpe-diz-ex-presidente-temer-sobre-impeachment\/","title":{"rendered":"&#8216;Jamais apoiei ou fiz empenho pelo golpe&#8217;, diz ex-presidente Temer sobre impeachment"},"content":{"rendered":"<div class=\"lavra-antes-do-conteudo_2\" id=\"lavra-2994685152\"><div id=\"lavra-slider-27\" class=\"custom-slider lavra-slider-2021320818 lavra-slider\"><ul><li><div style=\"margin-left: auto;margin-right: auto;text-align: center;\" id=\"lavra-1227080038\"><a href=\"https:\/\/sistemas.lavras.mg.gov.br\/portalcidadao\/#df1b1a7c7b2a290bcb31e32771e610784662739a88807c0dacac58ede5f391a7530e299dc302d611ee73cb143fc22eaf93592e53e7b5bdb01b00a0b8d28dae460c141dd2ff83412e4dc1c31b16b25f33144a9e5620ea73b13f5bc1c59411d98439ad226e8af03840603796067d87afe130812cf3de24982d0e306f9e61e764e5\" aria-label=\"Lavras-TV&#8211;720x104px (1) (1)\"><img src=\"https:\/\/lavras.tv\/site\/wp-content\/uploads\/2025\/01\/Lavras-TV-720x104px-1-1.png\" alt=\"\"  srcset=\"https:\/\/lavras.tv\/site\/wp-content\/uploads\/2025\/01\/Lavras-TV-720x104px-1-1.png 720w, https:\/\/lavras.tv\/site\/wp-content\/uploads\/2025\/01\/Lavras-TV-720x104px-1-1-470x68.png 470w, https:\/\/lavras.tv\/site\/wp-content\/uploads\/2025\/01\/Lavras-TV-720x104px-1-1-170x25.png 170w, https:\/\/lavras.tv\/site\/wp-content\/uploads\/2025\/01\/Lavras-TV-720x104px-1-1-200x29.png 200w\" sizes=\"(max-width: 720px) 100vw, 720px\" width=\"720\" height=\"104\"  style=\"display: inline-block;\" \/><\/a><\/div><\/li><li><a href=\"https:\/\/sistemas.lavras.mg.gov.br\/portalcidadao\/#df1b1a7c7b2a290bcb31e32771e610784662739a88807c0dacac58ede5f391a7530e299dc302d611ee73cb143fc22eaf93592e53e7b5bdb01b00a0b8d28dae460c141dd2ff83412e4dc1c31b16b25f33144a9e5620ea73b13f5bc1c59411d98439ad226e8af03840603796067d87afe130812cf3de24982d0e306f9e61e764e5\" aria-label=\"Banner_Emprego_PortallavrasTV\"><img src=\"https:\/\/lavras.tv\/site\/wp-content\/uploads\/2025\/03\/Banner_Emprego_PortallavrasTV.png\" alt=\"\"  srcset=\"https:\/\/lavras.tv\/site\/wp-content\/uploads\/2025\/03\/Banner_Emprego_PortallavrasTV.png 720w, https:\/\/lavras.tv\/site\/wp-content\/uploads\/2025\/03\/Banner_Emprego_PortallavrasTV-470x68.png 470w, https:\/\/lavras.tv\/site\/wp-content\/uploads\/2025\/03\/Banner_Emprego_PortallavrasTV-170x25.png 170w, https:\/\/lavras.tv\/site\/wp-content\/uploads\/2025\/03\/Banner_Emprego_PortallavrasTV-200x29.png 200w\" sizes=\"(max-width: 720px) 100vw, 720px\" width=\"720\" height=\"104\"   \/><\/a><\/li><li><a href=\"https:\/\/sistemas.lavras.mg.gov.br\/portalcidadao\/#df1b1a7c7b2a290bcb31e32771e610784662739a88807c0dacac58ede5f391a7530e299dc302d611ee73cb143fc22eaf93592e53e7b5bdb01b00a0b8d28dae460c141dd2ff83412e4dc1c31b16b25f33144a9e5620ea73b13f5bc1c59411d98439ad226e8af03840603796067d87afe130812cf3de24982d0e306f9e61e764e5\" aria-label=\"Banner_Obras_PortallavrasTV\"><img src=\"https:\/\/lavras.tv\/site\/wp-content\/uploads\/2025\/03\/Banner_Obras_PortallavrasTV.png\" alt=\"\"  srcset=\"https:\/\/lavras.tv\/site\/wp-content\/uploads\/2025\/03\/Banner_Obras_PortallavrasTV.png 720w, https:\/\/lavras.tv\/site\/wp-content\/uploads\/2025\/03\/Banner_Obras_PortallavrasTV-470x68.png 470w, https:\/\/lavras.tv\/site\/wp-content\/uploads\/2025\/03\/Banner_Obras_PortallavrasTV-170x25.png 170w, https:\/\/lavras.tv\/site\/wp-content\/uploads\/2025\/03\/Banner_Obras_PortallavrasTV-200x29.png 200w\" sizes=\"(max-width: 720px) 100vw, 720px\" width=\"720\" height=\"104\"   \/><\/a><\/li><li><div style=\"margin-left: auto;margin-right: auto;text-align: center;\" id=\"lavra-291591259\"><a href=\"https:\/\/sistemas.lavras.mg.gov.br\/portalcidadao\/#df1b1a7c7b2a290bcb31e32771e610784662739a88807c0dacac58ede5f391a7530e299dc302d611ee73cb143fc22eaf93592e53e7b5bdb01b00a0b8d28dae460c141dd2ff83412e4dc1c31b16b25f33144a9e5620ea73b13f5bc1c59411d98439ad226e8af03840603796067d87afe130812cf3de24982d0e306f9e61e764e5\" aria-label=\"Banner_Educa\u00e7\u00e3o_PortallavrasTV\"><img src=\"https:\/\/lavras.tv\/site\/wp-content\/uploads\/2025\/01\/Banner_Educacao_PortallavrasTV.png\" alt=\"\"  srcset=\"https:\/\/lavras.tv\/site\/wp-content\/uploads\/2025\/01\/Banner_Educacao_PortallavrasTV.png 720w, https:\/\/lavras.tv\/site\/wp-content\/uploads\/2025\/01\/Banner_Educacao_PortallavrasTV-470x68.png 470w, https:\/\/lavras.tv\/site\/wp-content\/uploads\/2025\/01\/Banner_Educacao_PortallavrasTV-170x25.png 170w, https:\/\/lavras.tv\/site\/wp-content\/uploads\/2025\/01\/Banner_Educacao_PortallavrasTV-200x29.png 200w\" sizes=\"(max-width: 720px) 100vw, 720px\" width=\"720\" height=\"104\"  style=\"display: inline-block;\" \/><\/a><\/div><\/li><li><a href=\"https:\/\/sistemas.lavras.mg.gov.br\/portalcidadao\/#df1b1a7c7b2a290bcb31e32771e610784662739a88807c0dacac58ede5f391a7530e299dc302d611ee73cb143fc22eaf93592e53e7b5bdb01b00a0b8d28dae460c141dd2ff83412e4dc1c31b16b25f33144a9e5620ea73b13f5bc1c59411d98439ad226e8af03840603796067d87afe130812cf3de24982d0e306f9e61e764e5\" aria-label=\"Banner_Sa\u00fade_PortallavrasTV\"><img src=\"https:\/\/lavras.tv\/site\/wp-content\/uploads\/2025\/03\/Banner_Saude_PortallavrasTV.png\" alt=\"\"  srcset=\"https:\/\/lavras.tv\/site\/wp-content\/uploads\/2025\/03\/Banner_Saude_PortallavrasTV.png 720w, https:\/\/lavras.tv\/site\/wp-content\/uploads\/2025\/03\/Banner_Saude_PortallavrasTV-470x68.png 470w, https:\/\/lavras.tv\/site\/wp-content\/uploads\/2025\/03\/Banner_Saude_PortallavrasTV-170x25.png 170w, https:\/\/lavras.tv\/site\/wp-content\/uploads\/2025\/03\/Banner_Saude_PortallavrasTV-200x29.png 200w\" sizes=\"(max-width: 720px) 100vw, 720px\" width=\"720\" height=\"104\"   \/><\/a><\/li><li><div id=\"lavra-2386071503\" style=\"width:720px;height:104px;background-color:#ddd;overflow:scroll;\">\n\t<strong>Sa\u00edda da depura\u00e7\u00e3o de an\u00fancios<\/strong>\n\t<br><br>\n\tO an\u00fancio n\u00e3o \u00e9 exibido na p\u00e1gina<br><br>post atual: 'Jamais apoiei ou fiz empenho pelo golpe', diz ex-presidente Temer sobre impeachment, ID: 45719<br><br><span style=\"color: red;\">O post atual n\u00e3o \u00e9 id\u00eantico ao post principal.<\/span><br><br>An\u00fancios: ROXO - TOPO INTERNA - ROTATIVO 2 (197)<br \/>Grupo de an\u00fancios: Princ_Meio01_720x104 (27)<br><br>Condi\u00e7\u00f5es de exibi\u00e7\u00e3o<div style=\"margin-bottom: 20px; white-space: pre-wrap; font-family: monospace; width: 100%; background: #ffe9e9;\"><strong>condi\u00e7\u00f5es gerais<\/strong><table border=\"1\"><thead><tr><th><\/th><th>An\u00fancios<\/th><th>wp_the_query<\/th><\/tr><\/thead><tr><td>is_main_query<\/td><td>1<\/td><td>1<\/td><\/tr><tr><td>is_rest_api<\/td><td>0<\/td><td>1<\/td><\/tr><tr><td>page<\/td><td>0<\/td><td>1<\/td><\/tr><tr><td>numpages<\/td><td>0<\/td><td>1<\/td><\/tr><tr><td>is_archive<\/td><td>1<\/td><td><\/td><\/tr><tr><td>is_search<\/td><td>1<\/td><td><\/td><\/tr><tr><td>is_home<\/td><td>1<\/td><td><\/td><\/tr><tr><td>is_404<\/td><td>1<\/td><td><\/td><\/tr><tr><td>is_attachment<\/td><td>1<\/td><td><\/td><\/tr><tr><td>is_singular<\/td><td>1<\/td><td><\/td><\/tr><tr><td>is_front_page<\/td><td>1<\/td><td><\/td><\/tr><tr><td>is_feed<\/td><td>1<\/td><td><\/td><\/tr><\/table><\/div><br><br><span style=\"color: red;\">Seu site usa HTTPS, mas o c\u00f3digo do an\u00fancio cont\u00e9m HTTP e pode n\u00e3o funcionar.<\/span>\t<br><br>\n\t<a style=\"color: green;\" href=\"https:\/\/wpadvancedads.com\/manual\/ad-debug-mode\/?utm_source=advanced-ads&utm_medium=link&utm_campaign=ad-debug-mode\" target=\"_blank\" rel=\"nofollow\">Encontre solu\u00e7\u00f5es no manual<\/a>\n<\/div>\n<\/li><\/ul><\/div><script>( window.advanced_ads_ready || jQuery( document ).ready ).call( null, function() {var $lavraslider2021320818 = jQuery( \".lavra-slider-2021320818\" );$lavraslider2021320818.on( \"unslider.ready\", function() { jQuery( \"div.custom-slider ul li\" ).css( \"display\", \"block\" ); });$lavraslider2021320818.unslider({ delay:4000, autoplay:true, nav:false, arrows:false, infinite:true });$lavraslider2021320818.on(\"mouseover\", function() {$lavraslider2021320818.unslider(\"stop\");}).on(\"mouseout\", function() {$lavraslider2021320818.unslider(\"start\");});});<\/script><\/div><p>O ex-presidente Michel Temer disse, em entrevista ao programa Roda Viva, da TV Cultura, na noite dessa segunda-feira (16), que jamais apoiou ou se empenhou pelo &#8216;golpe&#8217; que resultou no impeachment de Dilma Rousseff. Tamb\u00e9m avaliou que era &#8220;muito prov\u00e1vel&#8221; que a ex-presidente teria a continuidade no cargo garantida se Lula tivesse assumido a chefia da Casa Civil do governo Dilma.<\/p>\n<p>Temer comentou ainda a divulga\u00e7\u00e3o dos grampos de Dilma com o ex-presidente Luiz In\u00e1cio Lula da Silva, no mesmo dia em que era esperada a nomea\u00e7\u00e3o dele para a chefia da Casa Civil do governo Dilma. Temer disse acreditar que, caso Lula assumisse o cargo, \u00e9 &#8220;muito prov\u00e1vel&#8221; que o impeachment n\u00e3o tivesse ocorrido. Lula foi posteriormente condenado e preso na Lava Jato.<\/p>\n<p>&#8220;Se ele (Lula) fosse chefe da Casa Civil, \u00e9 muito prov\u00e1vel &#8211; ele tinha bom contato com o Congresso Nacional &#8211; que n\u00e3o se conseguiria fazer o impedimento, n\u00e3o se conseguiria fazer o impeachment&#8221;, disse Temer. &#8220;Disso, eu n\u00e3o tenho d\u00favida.&#8221;<\/p>\n<p>A posse acabou suspensa pelo ministro do STF Gilmar Mendes ap\u00f3s o juiz Sergio Moro divulgar uma conversa em que Dilma dizia a Lula que enviaria o termo de posse para o ex-presidente &#8211; o que foi interpretado, \u00e0 \u00e9poca, como uma tentativa de impedir uma eventual pris\u00e3o do petista.<\/p>\n<p><img fetchpriority=\"high\" decoding=\"async\" class=\"alignnone size-full wp-image-45720 aligncenter\" src=\"http:\/\/lavras.tv\/site\/wp-content\/uploads\/2019\/09\/temer.jpg\" alt=\"\" width=\"1086\" height=\"652\" srcset=\"https:\/\/lavras.tv\/site\/wp-content\/uploads\/2019\/09\/temer.jpg 1086w, https:\/\/lavras.tv\/site\/wp-content\/uploads\/2019\/09\/temer-170x102.jpg 170w, https:\/\/lavras.tv\/site\/wp-content\/uploads\/2019\/09\/temer-470x282.jpg 470w, https:\/\/lavras.tv\/site\/wp-content\/uploads\/2019\/09\/temer-970x582.jpg 970w\" sizes=\"(max-width: 1086px) 100vw, 1086px\" \/><\/p>\n<p>Temer ainda reiterou que n\u00e3o participou da articula\u00e7\u00e3o do impeachment de Dilma, em 2016. Ele disse que era simp\u00e1tico a uma aproxima\u00e7\u00e3o com a ent\u00e3o presidente e com Lula, mas que n\u00e3o havia apoio no MDB para seguir com uma sustenta\u00e7\u00e3o do governo PT.<\/p>\n<p>&#8220;Eu jamais apoiei ou fiz empenho pelo &#8216;golpe'&#8221;, disse Temer. &#8220;Eu n\u00e3o poderia ser o articulador de um golpe porque chegaria muito mal no governo.&#8221;<\/p>\n<p>O ex-presidente comentou uma reportagem da Folha de S.Paulo que mostrou transcri\u00e7\u00e3o de uma conversa telefonia entre ele e Lula, gravada no mesmo dia em que o ex-presidente falou com Dilma, em 2016. No telefonema, segundo o jornal, Lula pedia reaproxima\u00e7\u00e3o entre o governo e o MDB, e Temer responde que eles sempre tiverem &#8220;bom relacionamento&#8221;. Segundo Temer, a grava\u00e7\u00e3o seria prova de que ele teria trabalhado para a perman\u00eancia da presidente no cargo.<\/p>\n<p>Temer admite que sua rela\u00e7\u00e3o com Dilma piorou a partir da publica\u00e7\u00e3o do documento &#8220;Ponte para o Futuro&#8221;, com uma agenda de desenvolvimento para o Pa\u00eds. Segundo ele, o gesto da publica\u00e7\u00e3o do material foi mal interpretado.<\/p>\n<p>&#8220;N\u00f3s apresentamos como colabora\u00e7\u00e3o ao governo&#8221;, justificou. &#8220;Nossa ex-presidente, por raz\u00f5es que eu n\u00e3o consigo entender, achou que aquilo era um gesto de oposi\u00e7\u00e3o, e a\u00ed de fato ela se afastou definitivamente de mim.&#8221;<\/p>\n<p><strong>Pris\u00e3o\u00a0<\/strong><\/p>\n<p>Sobre sua pris\u00e3o, em mar\u00e7o deste ano, Temer disse que o procedimento n\u00e3o seguiu o devido processo legal e que a for\u00e7a-tarefa da Opera\u00e7\u00e3o Lava Jato tenta &#8220;quebr\u00e1-lo psicologicamente&#8221; ao envolver sua filha, Maristela, na acusa\u00e7\u00e3o em que responde por lavagem de dinheiro.<\/p>\n<p>Ele negou as acusa\u00e7\u00f5es e disse que a filha vai demonstrar &#8220;cabalmente&#8221; no processo que n\u00e3o recebeu dinheiro.&#8221;Depois que tentaram me derrubar do governo, e n\u00e3o conseguiram, tentam me quebrar psicologicamente envolvendo a minha filha&#8221;, disse o ex-presidente.<\/p>\n<p>No caso, conhecido como &#8220;Quadrilh\u00e3o do MDB&#8221;, o Minist\u00e9rio P\u00fablico Federal acusou Temer, Maristela, o amigo de Temer Jo\u00e3o Baptista Lima Filho, o coronel Lima, e a esposa dele, Maria Rita Fratezi, de lavar R$ 1,6 milh\u00e3o de origem supostamente il\u00edcita. A acusa\u00e7\u00e3o diz que coronel Lima teria pago por reformas na casa de Maristela.<\/p>\n<p>&#8220;O coronel Jo\u00e3o Baptista Lima Filho n\u00e3o pagou por essa reforma&#8221;, rebateu Temer, no programa. Segundo o MPF, o MDB teria arrecadado propina da construtora Engevix para que a empresa assumisse obras da usina nuclear de Angra 3. A propina, segundo a acusa\u00e7\u00e3o, teria sido paga atrav\u00e9s de uma empresa do coronel Lima e gasta nas reformas da casa.<\/p>\n<p>O presidente ainda disse que a pris\u00e3o foi decretada sem que ele fosse ouvido no processo. &#8220;O juiz pegou aquilo e, sem indiciamento, sem den\u00fancia, acolhimento de den\u00fancia, sem ouvir o acusado, mandou decretar a pris\u00e3o&#8221;, disse. A pris\u00e3o foi decretada em mar\u00e7o pelo juiz Marcelo Bretas, respons\u00e1vel pela Lava Jato no Rio. &#8220;Se acontece comigo, voc\u00ea pode imaginar o que pode acontecer com o cidad\u00e3o comum.&#8221;<\/p>\n<p>Fonte: Itatiaia<\/p>\n","protected":false},"excerpt":{"rendered":"<p>O ex-presidente Michel Temer disse, em entrevista ao programa Roda Viva, da TV Cultura, na noite dessa segunda-feira (16), que jamais apoiou ou se empenhou pelo &#8216;golpe&#8217; que resultou no impeachment de Dilma Rousseff. Tamb\u00e9m avaliou que era &#8220;muito prov\u00e1vel&#8221; que a ex-presidente teria a continuidade no cargo garantida se Lula tivesse assumido a chefia [&hellip;]<\/p>\n","protected":false},"author":2,"featured_media":45720,"comment_status":"closed","ping_status":"open","sticky":false,"template":"","format":"standard","meta":{"advgb_blocks_editor_width":"","advgb_blocks_columns_visual_guide":"","_exactmetrics_skip_tracking":false,"_exactmetrics_sitenote_active":false,"_exactmetrics_sitenote_note":"","_exactmetrics_sitenote_category":0,"footnotes":""},"categories":[7,2,12],"tags":[],"class_list":["post-45719","post","type-post","status-publish","format-standard","has-post-thumbnail","hentry","category-destaques","category-noticias","category-politica"],"better_featured_image":{"id":45720,"alt_text":"","caption":"","description":"","media_type":"image","media_details":{"width":1086,"height":652,"file":"2019\/09\/temer.jpg","sizes":{"thumbnail":{"file":"temer-170x102.jpg","width":170,"height":102,"mime-type":"image\/jpeg","source_url":"https:\/\/lavras.tv\/site\/wp-content\/uploads\/2019\/09\/temer-170x102.jpg"},"medium":{"file":"temer-470x282.jpg","width":470,"height":282,"mime-type":"image\/jpeg","source_url":"https:\/\/lavras.tv\/site\/wp-content\/uploads\/2019\/09\/temer-470x282.jpg"},"large":{"file":"temer-970x582.jpg","width":970,"height":582,"mime-type":"image\/jpeg","source_url":"https:\/\/lavras.tv\/site\/wp-content\/uploads\/2019\/09\/temer-970x582.jpg"},"alm-thumbnail":{"file":"temer-150x150.jpg","width":150,"height":150,"mime-type":"image\/jpeg","source_url":"https:\/\/lavras.tv\/site\/wp-content\/uploads\/2019\/09\/temer-150x150.jpg"}},"image_meta":{"aperture":"0","credit":"","camera":"","caption":"","created_timestamp":"0","copyright":"","focal_length":"0","iso":"0","shutter_speed":"0","title":"","orientation":"0","keywords":[]}},"post":45719,"source_url":"https:\/\/lavras.tv\/site\/wp-content\/uploads\/2019\/09\/temer.jpg"},"author_meta":{"display_name":"Lavras TV","author_link":"https:\/\/lavras.tv\/site\/author\/lavrastv\/"},"featured_img":"https:\/\/lavras.tv\/site\/wp-content\/uploads\/2019\/09\/temer-470x282.jpg","coauthors":[],"tax_additional":{"categories":{"linked":["<a href=\"https:\/\/lavras.tv\/site\/category\/destaques\/\" class=\"advgb-post-tax-term\">Destaques<\/a>","<a href=\"https:\/\/lavras.tv\/site\/category\/noticias\/\" class=\"advgb-post-tax-term\">Not\u00edcias<\/a>","<a href=\"https:\/\/lavras.tv\/site\/category\/politica\/\" class=\"advgb-post-tax-term\">Pol\u00edtica<\/a>"],"unlinked":["<span class=\"advgb-post-tax-term\">Destaques<\/span>","<span class=\"advgb-post-tax-term\">Not\u00edcias<\/span>","<span class=\"advgb-post-tax-term\">Pol\u00edtica<\/span>"]}},"comment_count":"0","relative_dates":{"created":"Publicado 7 anos atr\u00e1s","modified":"Atualizado 7 anos atr\u00e1s"},"absolute_dates":{"created":"Publicado em 17 de setembro de 2019","modified":"Atualizado em 17 de setembro de 2019"},"absolute_dates_time":{"created":"Publicado em 17 de setembro de 2019 09:38","modified":"Atualizado em 17 de setembro de 2019 09:49"},"featured_img_caption":"","series_order":"","_links":{"self":[{"href":"https:\/\/lavras.tv\/site\/wp-json\/wp\/v2\/posts\/45719","targetHints":{"allow":["GET"]}}],"collection":[{"href":"https:\/\/lavras.tv\/site\/wp-json\/wp\/v2\/posts"}],"about":[{"href":"https:\/\/lavras.tv\/site\/wp-json\/wp\/v2\/types\/post"}],"author":[{"embeddable":true,"href":"https:\/\/lavras.tv\/site\/wp-json\/wp\/v2\/users\/2"}],"replies":[{"embeddable":true,"href":"https:\/\/lavras.tv\/site\/wp-json\/wp\/v2\/comments?post=45719"}],"version-history":[{"count":1,"href":"https:\/\/lavras.tv\/site\/wp-json\/wp\/v2\/posts\/45719\/revisions"}],"predecessor-version":[{"id":45721,"href":"https:\/\/lavras.tv\/site\/wp-json\/wp\/v2\/posts\/45719\/revisions\/45721"}],"wp:featuredmedia":[{"embeddable":true,"href":"https:\/\/lavras.tv\/site\/wp-json\/wp\/v2\/media\/45720"}],"wp:attachment":[{"href":"https:\/\/lavras.tv\/site\/wp-json\/wp\/v2\/media?parent=45719"}],"wp:term":[{"taxonomy":"category","embeddable":true,"href":"https:\/\/lavras.tv\/site\/wp-json\/wp\/v2\/categories?post=45719"},{"taxonomy":"post_tag","embeddable":true,"href":"https:\/\/lavras.tv\/site\/wp-json\/wp\/v2\/tags?post=45719"}],"curies":[{"name":"wp","href":"https:\/\/api.w.org\/{rel}","templated":true}]}}