{"id":4586,"date":"2016-12-05T23:16:39","date_gmt":"2016-12-06T01:16:39","guid":{"rendered":"http:\/\/lavras.tv\/site\/?p=4586"},"modified":"2016-12-05T23:16:39","modified_gmt":"2016-12-06T01:16:39","slug":"conmebol-declara-chapecoense-como-campea-da-copa-sul-americana-2016","status":"publish","type":"post","link":"https:\/\/lavras.tv\/site\/2016\/12\/05\/conmebol-declara-chapecoense-como-campea-da-copa-sul-americana-2016\/","title":{"rendered":"Conmebol declara Chapecoense como campe\u00e3 da Copa Sul-Americana 2016"},"content":{"rendered":"<div class=\"lavra-antes-do-conteudo_2\" id=\"lavra-1087704115\"><div id=\"lavra-slider-27\" class=\"custom-slider lavra-slider-290980600 lavra-slider\"><ul><li><div style=\"margin-left: auto;margin-right: auto;text-align: center;\" id=\"lavra-125591761\"><a href=\"https:\/\/sistemas.lavras.mg.gov.br\/portalcidadao\/#df1b1a7c7b2a290bcb31e32771e610784662739a88807c0dacac58ede5f391a7530e299dc302d611ee73cb143fc22eaf93592e53e7b5bdb01b00a0b8d28dae460c141dd2ff83412e4dc1c31b16b25f33144a9e5620ea73b13f5bc1c59411d98439ad226e8af03840603796067d87afe130812cf3de24982d0e306f9e61e764e5\" aria-label=\"Lavras-TV&#8211;720x104px (1) (1)\"><img src=\"https:\/\/lavras.tv\/site\/wp-content\/uploads\/2025\/01\/Lavras-TV-720x104px-1-1.png\" alt=\"\"  srcset=\"https:\/\/lavras.tv\/site\/wp-content\/uploads\/2025\/01\/Lavras-TV-720x104px-1-1.png 720w, https:\/\/lavras.tv\/site\/wp-content\/uploads\/2025\/01\/Lavras-TV-720x104px-1-1-470x68.png 470w, https:\/\/lavras.tv\/site\/wp-content\/uploads\/2025\/01\/Lavras-TV-720x104px-1-1-170x25.png 170w, https:\/\/lavras.tv\/site\/wp-content\/uploads\/2025\/01\/Lavras-TV-720x104px-1-1-200x29.png 200w\" sizes=\"(max-width: 720px) 100vw, 720px\" width=\"720\" height=\"104\"  style=\"display: inline-block;\" \/><\/a><\/div><\/li><li><a href=\"https:\/\/sistemas.lavras.mg.gov.br\/portalcidadao\/#df1b1a7c7b2a290bcb31e32771e610784662739a88807c0dacac58ede5f391a7530e299dc302d611ee73cb143fc22eaf93592e53e7b5bdb01b00a0b8d28dae460c141dd2ff83412e4dc1c31b16b25f33144a9e5620ea73b13f5bc1c59411d98439ad226e8af03840603796067d87afe130812cf3de24982d0e306f9e61e764e5\" aria-label=\"Banner_Emprego_PortallavrasTV\"><img src=\"https:\/\/lavras.tv\/site\/wp-content\/uploads\/2025\/03\/Banner_Emprego_PortallavrasTV.png\" alt=\"\"  srcset=\"https:\/\/lavras.tv\/site\/wp-content\/uploads\/2025\/03\/Banner_Emprego_PortallavrasTV.png 720w, https:\/\/lavras.tv\/site\/wp-content\/uploads\/2025\/03\/Banner_Emprego_PortallavrasTV-470x68.png 470w, https:\/\/lavras.tv\/site\/wp-content\/uploads\/2025\/03\/Banner_Emprego_PortallavrasTV-170x25.png 170w, https:\/\/lavras.tv\/site\/wp-content\/uploads\/2025\/03\/Banner_Emprego_PortallavrasTV-200x29.png 200w\" sizes=\"(max-width: 720px) 100vw, 720px\" width=\"720\" height=\"104\"   \/><\/a><\/li><li><a href=\"https:\/\/sistemas.lavras.mg.gov.br\/portalcidadao\/#df1b1a7c7b2a290bcb31e32771e610784662739a88807c0dacac58ede5f391a7530e299dc302d611ee73cb143fc22eaf93592e53e7b5bdb01b00a0b8d28dae460c141dd2ff83412e4dc1c31b16b25f33144a9e5620ea73b13f5bc1c59411d98439ad226e8af03840603796067d87afe130812cf3de24982d0e306f9e61e764e5\" aria-label=\"Banner_Obras_PortallavrasTV\"><img src=\"https:\/\/lavras.tv\/site\/wp-content\/uploads\/2025\/03\/Banner_Obras_PortallavrasTV.png\" alt=\"\"  srcset=\"https:\/\/lavras.tv\/site\/wp-content\/uploads\/2025\/03\/Banner_Obras_PortallavrasTV.png 720w, https:\/\/lavras.tv\/site\/wp-content\/uploads\/2025\/03\/Banner_Obras_PortallavrasTV-470x68.png 470w, https:\/\/lavras.tv\/site\/wp-content\/uploads\/2025\/03\/Banner_Obras_PortallavrasTV-170x25.png 170w, https:\/\/lavras.tv\/site\/wp-content\/uploads\/2025\/03\/Banner_Obras_PortallavrasTV-200x29.png 200w\" sizes=\"(max-width: 720px) 100vw, 720px\" width=\"720\" height=\"104\"   \/><\/a><\/li><li><div style=\"margin-left: auto;margin-right: auto;text-align: center;\" id=\"lavra-1141029948\"><a href=\"https:\/\/sistemas.lavras.mg.gov.br\/portalcidadao\/#df1b1a7c7b2a290bcb31e32771e610784662739a88807c0dacac58ede5f391a7530e299dc302d611ee73cb143fc22eaf93592e53e7b5bdb01b00a0b8d28dae460c141dd2ff83412e4dc1c31b16b25f33144a9e5620ea73b13f5bc1c59411d98439ad226e8af03840603796067d87afe130812cf3de24982d0e306f9e61e764e5\" aria-label=\"Banner_Educa\u00e7\u00e3o_PortallavrasTV\"><img src=\"https:\/\/lavras.tv\/site\/wp-content\/uploads\/2025\/01\/Banner_Educacao_PortallavrasTV.png\" alt=\"\"  srcset=\"https:\/\/lavras.tv\/site\/wp-content\/uploads\/2025\/01\/Banner_Educacao_PortallavrasTV.png 720w, https:\/\/lavras.tv\/site\/wp-content\/uploads\/2025\/01\/Banner_Educacao_PortallavrasTV-470x68.png 470w, https:\/\/lavras.tv\/site\/wp-content\/uploads\/2025\/01\/Banner_Educacao_PortallavrasTV-170x25.png 170w, https:\/\/lavras.tv\/site\/wp-content\/uploads\/2025\/01\/Banner_Educacao_PortallavrasTV-200x29.png 200w\" sizes=\"(max-width: 720px) 100vw, 720px\" width=\"720\" height=\"104\"  style=\"display: inline-block;\" \/><\/a><\/div><\/li><li><a href=\"https:\/\/sistemas.lavras.mg.gov.br\/portalcidadao\/#df1b1a7c7b2a290bcb31e32771e610784662739a88807c0dacac58ede5f391a7530e299dc302d611ee73cb143fc22eaf93592e53e7b5bdb01b00a0b8d28dae460c141dd2ff83412e4dc1c31b16b25f33144a9e5620ea73b13f5bc1c59411d98439ad226e8af03840603796067d87afe130812cf3de24982d0e306f9e61e764e5\" aria-label=\"Banner_Sa\u00fade_PortallavrasTV\"><img src=\"https:\/\/lavras.tv\/site\/wp-content\/uploads\/2025\/03\/Banner_Saude_PortallavrasTV.png\" alt=\"\"  srcset=\"https:\/\/lavras.tv\/site\/wp-content\/uploads\/2025\/03\/Banner_Saude_PortallavrasTV.png 720w, https:\/\/lavras.tv\/site\/wp-content\/uploads\/2025\/03\/Banner_Saude_PortallavrasTV-470x68.png 470w, https:\/\/lavras.tv\/site\/wp-content\/uploads\/2025\/03\/Banner_Saude_PortallavrasTV-170x25.png 170w, https:\/\/lavras.tv\/site\/wp-content\/uploads\/2025\/03\/Banner_Saude_PortallavrasTV-200x29.png 200w\" sizes=\"(max-width: 720px) 100vw, 720px\" width=\"720\" height=\"104\"   \/><\/a><\/li><li><div id=\"lavra-802579008\" style=\"width:720px;height:104px;background-color:#ddd;overflow:scroll;\">\n\t<strong>Sa\u00edda da depura\u00e7\u00e3o de an\u00fancios<\/strong>\n\t<br><br>\n\tO an\u00fancio n\u00e3o \u00e9 exibido na p\u00e1gina<br><br>post atual: Conmebol declara Chapecoense como campe\u00e3 da Copa Sul-Americana 2016, ID: 4586<br><br><span style=\"color: red;\">O post atual n\u00e3o \u00e9 id\u00eantico ao post principal.<\/span><br><br>An\u00fancios: ROXO - TOPO INTERNA - ROTATIVO 2 (197)<br \/>Grupo de an\u00fancios: Princ_Meio01_720x104 (27)<br><br>Condi\u00e7\u00f5es de exibi\u00e7\u00e3o<div style=\"margin-bottom: 20px; white-space: pre-wrap; font-family: monospace; width: 100%; background: #ffe9e9;\"><strong>condi\u00e7\u00f5es gerais<\/strong><table border=\"1\"><thead><tr><th><\/th><th>An\u00fancios<\/th><th>wp_the_query<\/th><\/tr><\/thead><tr><td>is_main_query<\/td><td>1<\/td><td>1<\/td><\/tr><tr><td>is_rest_api<\/td><td>0<\/td><td>1<\/td><\/tr><tr><td>page<\/td><td>0<\/td><td>1<\/td><\/tr><tr><td>numpages<\/td><td>0<\/td><td>1<\/td><\/tr><tr><td>is_archive<\/td><td>1<\/td><td><\/td><\/tr><tr><td>is_search<\/td><td>1<\/td><td><\/td><\/tr><tr><td>is_home<\/td><td>1<\/td><td><\/td><\/tr><tr><td>is_404<\/td><td>1<\/td><td><\/td><\/tr><tr><td>is_attachment<\/td><td>1<\/td><td><\/td><\/tr><tr><td>is_singular<\/td><td>1<\/td><td><\/td><\/tr><tr><td>is_front_page<\/td><td>1<\/td><td><\/td><\/tr><tr><td>is_feed<\/td><td>1<\/td><td><\/td><\/tr><\/table><\/div><br><br><span style=\"color: red;\">Seu site usa HTTPS, mas o c\u00f3digo do an\u00fancio cont\u00e9m HTTP e pode n\u00e3o funcionar.<\/span>\t<br><br>\n\t<a style=\"color: green;\" href=\"https:\/\/wpadvancedads.com\/manual\/ad-debug-mode\/?utm_source=advanced-ads&utm_medium=link&utm_campaign=ad-debug-mode\" target=\"_blank\" rel=\"nofollow\">Encontre solu\u00e7\u00f5es no manual<\/a>\n<\/div>\n<\/li><\/ul><\/div><script>( window.advanced_ads_ready || jQuery( document ).ready ).call( null, function() {var $lavraslider290980600 = jQuery( \".lavra-slider-290980600\" );$lavraslider290980600.on( \"unslider.ready\", function() { jQuery( \"div.custom-slider ul li\" ).css( \"display\", \"block\" ); });$lavraslider290980600.unslider({ delay:4000, autoplay:true, nav:false, arrows:false, infinite:true });$lavraslider290980600.on(\"mouseover\", function() {$lavraslider290980600.unslider(\"stop\");}).on(\"mouseout\", function() {$lavraslider290980600.unslider(\"start\");});});<\/script><\/div><section>A Conmebol anunciou no in\u00edcio da tarde desta segunda-feira a Chapecoense como campe\u00e3 da Copa Sul-Americana de 2016. A decis\u00e3o foi tomada pelo conselho da entidade ap\u00f3s a uma reuni\u00e3o e homenageia o clube que foi impedido de disputar a final da competi\u00e7\u00e3o por causa do tr\u00e1gico acidente a\u00e9reo que vitimou boa parte de sua delega\u00e7\u00e3o no in\u00edcio da semana passada.<\/p>\n<p><img fetchpriority=\"high\" decoding=\"async\" class=\"size-full wp-image-4587 aligncenter\" src=\"http:\/\/lavras.tv\/site\/wp-content\/uploads\/2016\/12\/chape_campe__INT.jpg\" alt=\"chape_campe__int\" width=\"620\" height=\"400\" srcset=\"https:\/\/lavras.tv\/site\/wp-content\/uploads\/2016\/12\/chape_campe__INT.jpg 620w, https:\/\/lavras.tv\/site\/wp-content\/uploads\/2016\/12\/chape_campe__INT-150x97.jpg 150w, https:\/\/lavras.tv\/site\/wp-content\/uploads\/2016\/12\/chape_campe__INT-300x194.jpg 300w\" sizes=\"(max-width: 620px) 100vw, 620px\" \/><\/p>\n<p>Al\u00e9m de premiar o time catarinense com o maior t\u00edtulo de sua hist\u00f3ria, a decis\u00e3o da Conmebol render\u00e1 \u00e0 Chapecoense uma importante quantia financeira neste momento de reconstru\u00e7\u00e3o. Com o t\u00edtulo declarado, o clube garantir\u00e1 cerca de US$ 5 milh\u00f5es em premia\u00e7\u00f5es no total.<\/p>\n<p>&#8220;A Confedera\u00e7\u00e3o Sul-Americana de Futebol confirma que o Conselho da Conmebol, em sua qualidade de autoridade permanente encarregada de fazer cumprir os estatutos da institui\u00e7\u00e3o, decidiu declarar a Associa\u00e7\u00e3o Chapecoense de Futebol campe\u00e3 da edi\u00e7\u00e3o de 2016 da Copa Sul-Americana&#8221;, explicou a Conmebol em nota.<\/p>\n<p>Com o t\u00edtulo, a Chapecoense disputar\u00e1 em 2017 a Libertadores pela primeira vez em sua hist\u00f3ria, e entrar\u00e1 diretamente na fase de grupos. O clube tamb\u00e9m se garantiu na Recopa Sul-Americana do ano que vem, justamente diante do Atl\u00e9tico Nacional, da Col\u00f4mbia com quem estabeleceu uma rela\u00e7\u00e3o de irmandade neste momento doloroso. Por fim, os catarinenses jogar\u00e3o, tamb\u00e9m na pr\u00f3xima temporada, a Copa Suruga, contra o campe\u00e3o da Copa da Liga Japonesa.<\/p>\n<p>Ao decretar a conquista da Chapecoense, a Conmebol tamb\u00e9m estabeleceu que o clube catarinense receber\u00e1 &#8220;todas as prerrogativas esportivas e econ\u00f4micas&#8221; que o t\u00edtulo garante. Desta forma, n\u00e3o s\u00f3 o time catarinense garantir\u00e1 os US$ 2 milh\u00f5es (cerca de R$ 7 milh\u00f5es) pela conquista, como tamb\u00e9m as quantias referentes \u00e0 classifica\u00e7\u00e3o para a Libertadores, para a Recopa e para a Copa Suruga.<\/p>\n<p>Parte fundamental nesta decis\u00e3o da Conmebol, o Atl\u00e9tico Nacional tamb\u00e9m foi reconhecido pela entidade. No comunicado, a confedera\u00e7\u00e3o anunciou que dar\u00e1 ao clube colombiano &#8220;o reconhecimento extraordin\u00e1rio do pr\u00eamio &#8216;Centen\u00e1rio Conmebol para o Fair Play'&#8221;.<\/p>\n<p>&#8220;Para a Conmebol, n\u00e3o h\u00e1 maior prova de &#8216;esp\u00edrito de paz, compreens\u00e3o e jogo limpo&#8217;, listados como objetivo de nossa institui\u00e7\u00e3o, que a solidariedade, a considera\u00e7\u00e3o e o respeito exibido pelo Club Atl\u00e9tico Nacional da Col\u00f4mbia com seus irm\u00e3os da Associa\u00e7\u00e3o Chapecoense de Futebol do Brasil&#8221;, explicou.<\/p>\n<p>Imediatamente ap\u00f3s o tr\u00e1gico acidente a\u00e9reo, o Atl\u00e9tico Nacional pediu que o t\u00edtulo sul-americano fosse dado ao clube brasileiro, e a Conmebol confirmou ter recebido esta requisi\u00e7\u00e3o. Por isso e por todas as homenagens prestadas pelo time de Medell\u00edn desde ent\u00e3o, o premiou com esta honraria e com US$ 1 milh\u00e3o.<\/p>\n<p>&#8220;Na quarta-feira, 30 de novembro, a Conmebol recebeu uma carta do Club Atl\u00e9tico Nacional, dirigida ao senhor Alejandro Dom\u00ednguez, presidente da Conmebol, pedindo que a confedera\u00e7\u00e3o &#8216;entregasse o t\u00edtulo da Copa Sul-Americana \u00e0 Associa\u00e7\u00e3o Chapecoense de Futebol como pr\u00eamio honor\u00edfico a sua grande perda e homenagem p\u00f3stuma \u00e0s v\u00edtimas do acidente fatal que enluta nosso esporte&#8217;.&#8221;<\/p>\n<p>Impedida de disputar sua primeira final internacional, a Chapecoense tem neste t\u00edtulo, o mais importante de sua hist\u00f3ria, um pequeno alento ap\u00f3s trag\u00e9dia que a acometeu no in\u00edcio da semana passada. Na madrugada de segunda para ter\u00e7a-feira, o avi\u00e3o que levava o time para Medell\u00edn, para a primeira partida da decis\u00e3o, caiu nas cercanias da cidade e matou 71 pessoas. A maioria delas, membros da delega\u00e7\u00e3o e profissionais da imprensa brasileira.<\/p>\n<p>Fonte: Itatiaia<\/p>\n<\/section>\n","protected":false},"excerpt":{"rendered":"<p>A Conmebol anunciou no in\u00edcio da tarde desta segunda-feira a Chapecoense como campe\u00e3 da Copa Sul-Americana de 2016. A decis\u00e3o foi tomada pelo conselho da entidade ap\u00f3s a uma reuni\u00e3o e homenageia o clube que foi impedido de disputar a final da competi\u00e7\u00e3o por causa do tr\u00e1gico acidente a\u00e9reo que vitimou boa parte de sua [&hellip;]<\/p>\n","protected":false},"author":2,"featured_media":4587,"comment_status":"closed","ping_status":"open","sticky":false,"template":"","format":"standard","meta":{"advgb_blocks_editor_width":"","advgb_blocks_columns_visual_guide":"","_exactmetrics_skip_tracking":false,"_exactmetrics_sitenote_active":false,"_exactmetrics_sitenote_note":"","_exactmetrics_sitenote_category":0,"footnotes":""},"categories":[3],"tags":[1686],"class_list":["post-4586","post","type-post","status-publish","format-standard","has-post-thumbnail","hentry","category-esportes","tag-chape"],"better_featured_image":{"id":4587,"alt_text":"","caption":"","description":"","media_type":"image","media_details":{"width":620,"height":400,"file":"2016\/12\/chape_campe__INT.jpg","sizes":{"thumbnail":{"file":"chape_campe__INT-150x97.jpg","width":150,"height":97,"mime-type":"image\/jpeg","source_url":"https:\/\/lavras.tv\/site\/wp-content\/uploads\/2016\/12\/chape_campe__INT-150x97.jpg"},"medium":{"file":"chape_campe__INT-300x194.jpg","width":300,"height":194,"mime-type":"image\/jpeg","source_url":"https:\/\/lavras.tv\/site\/wp-content\/uploads\/2016\/12\/chape_campe__INT-300x194.jpg"},"featured-post-img":{"file":"chape_campe__INT-480x320.jpg","width":480,"height":320,"mime-type":"image\/jpeg","source_url":"https:\/\/lavras.tv\/site\/wp-content\/uploads\/2016\/12\/chape_campe__INT-480x320.jpg"},"sow-carousel-default":{"file":"chape_campe__INT-272x182.jpg","width":272,"height":182,"mime-type":"image\/jpeg","source_url":"https:\/\/lavras.tv\/site\/wp-content\/uploads\/2016\/12\/chape_campe__INT-272x182.jpg"}},"image_meta":{"aperture":"0","credit":"","camera":"","caption":"","created_timestamp":"0","copyright":"","focal_length":"0","iso":"0","shutter_speed":"0","title":"","orientation":"1","keywords":[]}},"post":4586,"source_url":"https:\/\/lavras.tv\/site\/wp-content\/uploads\/2016\/12\/chape_campe__INT.jpg"},"author_meta":{"display_name":"Lavras TV","author_link":"https:\/\/lavras.tv\/site\/author\/lavrastv\/"},"featured_img":"https:\/\/lavras.tv\/site\/wp-content\/uploads\/2016\/12\/chape_campe__INT-300x194.jpg","coauthors":[],"tax_additional":{"categories":{"linked":["<a href=\"https:\/\/lavras.tv\/site\/category\/esportes\/\" class=\"advgb-post-tax-term\">Esportes<\/a>"],"unlinked":["<span class=\"advgb-post-tax-term\">Esportes<\/span>"]},"tags":{"linked":["<a href=\"https:\/\/lavras.tv\/site\/category\/esportes\/\" class=\"advgb-post-tax-term\">chape<\/a>"],"unlinked":["<span class=\"advgb-post-tax-term\">chape<\/span>"]}},"comment_count":"0","relative_dates":{"created":"Publicado 9 anos atr\u00e1s","modified":"Atualizado 9 anos atr\u00e1s"},"absolute_dates":{"created":"Publicado em 5 de dezembro de 2016","modified":"Atualizado em 5 de dezembro de 2016"},"absolute_dates_time":{"created":"Publicado em 5 de dezembro de 2016 23:16","modified":"Atualizado em 5 de dezembro de 2016 23:16"},"featured_img_caption":"","series_order":"","_links":{"self":[{"href":"https:\/\/lavras.tv\/site\/wp-json\/wp\/v2\/posts\/4586","targetHints":{"allow":["GET"]}}],"collection":[{"href":"https:\/\/lavras.tv\/site\/wp-json\/wp\/v2\/posts"}],"about":[{"href":"https:\/\/lavras.tv\/site\/wp-json\/wp\/v2\/types\/post"}],"author":[{"embeddable":true,"href":"https:\/\/lavras.tv\/site\/wp-json\/wp\/v2\/users\/2"}],"replies":[{"embeddable":true,"href":"https:\/\/lavras.tv\/site\/wp-json\/wp\/v2\/comments?post=4586"}],"version-history":[{"count":2,"href":"https:\/\/lavras.tv\/site\/wp-json\/wp\/v2\/posts\/4586\/revisions"}],"predecessor-version":[{"id":4589,"href":"https:\/\/lavras.tv\/site\/wp-json\/wp\/v2\/posts\/4586\/revisions\/4589"}],"wp:featuredmedia":[{"embeddable":true,"href":"https:\/\/lavras.tv\/site\/wp-json\/wp\/v2\/media\/4587"}],"wp:attachment":[{"href":"https:\/\/lavras.tv\/site\/wp-json\/wp\/v2\/media?parent=4586"}],"wp:term":[{"taxonomy":"category","embeddable":true,"href":"https:\/\/lavras.tv\/site\/wp-json\/wp\/v2\/categories?post=4586"},{"taxonomy":"post_tag","embeddable":true,"href":"https:\/\/lavras.tv\/site\/wp-json\/wp\/v2\/tags?post=4586"}],"curies":[{"name":"wp","href":"https:\/\/api.w.org\/{rel}","templated":true}]}}