{"id":46007,"date":"2019-10-09T10:36:27","date_gmt":"2019-10-09T13:36:27","guid":{"rendered":"http:\/\/lavras.tv\/site\/?p=46007"},"modified":"2019-10-09T10:36:29","modified_gmt":"2019-10-09T13:36:29","slug":"por-falta-de-revisao-biometrica-mais-de-16-mil-eleitores-podem-ter-titulos-cancelados-aqui-na-regiao","status":"publish","type":"post","link":"https:\/\/lavras.tv\/site\/2019\/10\/09\/por-falta-de-revisao-biometrica-mais-de-16-mil-eleitores-podem-ter-titulos-cancelados-aqui-na-regiao\/","title":{"rendered":"Por falta de revis\u00e3o biom\u00e9trica, mais de 16 mil eleitores podem ter t\u00edtulos cancelados aqui na regi\u00e3o"},"content":{"rendered":"<div class=\"lavra-antes-do-conteudo_2\" id=\"lavra-522588587\"><div id=\"lavra-slider-27\" class=\"custom-slider lavra-slider-1240989113 lavra-slider\"><ul><li><div style=\"margin-left: auto;margin-right: auto;text-align: center;\" id=\"lavra-2336103808\"><a href=\"https:\/\/sistemas.lavras.mg.gov.br\/portalcidadao\/#df1b1a7c7b2a290bcb31e32771e610784662739a88807c0dacac58ede5f391a7530e299dc302d611ee73cb143fc22eaf93592e53e7b5bdb01b00a0b8d28dae460c141dd2ff83412e4dc1c31b16b25f33144a9e5620ea73b13f5bc1c59411d98439ad226e8af03840603796067d87afe130812cf3de24982d0e306f9e61e764e5\" aria-label=\"Lavras-TV&#8211;720x104px (1) (1)\"><img src=\"https:\/\/lavras.tv\/site\/wp-content\/uploads\/2025\/01\/Lavras-TV-720x104px-1-1.png\" alt=\"\"  srcset=\"https:\/\/lavras.tv\/site\/wp-content\/uploads\/2025\/01\/Lavras-TV-720x104px-1-1.png 720w, https:\/\/lavras.tv\/site\/wp-content\/uploads\/2025\/01\/Lavras-TV-720x104px-1-1-470x68.png 470w, https:\/\/lavras.tv\/site\/wp-content\/uploads\/2025\/01\/Lavras-TV-720x104px-1-1-170x25.png 170w, https:\/\/lavras.tv\/site\/wp-content\/uploads\/2025\/01\/Lavras-TV-720x104px-1-1-200x29.png 200w\" sizes=\"(max-width: 720px) 100vw, 720px\" width=\"720\" height=\"104\"  style=\"display: inline-block;\" \/><\/a><\/div><\/li><li><a href=\"https:\/\/sistemas.lavras.mg.gov.br\/portalcidadao\/#df1b1a7c7b2a290bcb31e32771e610784662739a88807c0dacac58ede5f391a7530e299dc302d611ee73cb143fc22eaf93592e53e7b5bdb01b00a0b8d28dae460c141dd2ff83412e4dc1c31b16b25f33144a9e5620ea73b13f5bc1c59411d98439ad226e8af03840603796067d87afe130812cf3de24982d0e306f9e61e764e5\" aria-label=\"Banner_Emprego_PortallavrasTV\"><img src=\"https:\/\/lavras.tv\/site\/wp-content\/uploads\/2025\/03\/Banner_Emprego_PortallavrasTV.png\" alt=\"\"  srcset=\"https:\/\/lavras.tv\/site\/wp-content\/uploads\/2025\/03\/Banner_Emprego_PortallavrasTV.png 720w, https:\/\/lavras.tv\/site\/wp-content\/uploads\/2025\/03\/Banner_Emprego_PortallavrasTV-470x68.png 470w, https:\/\/lavras.tv\/site\/wp-content\/uploads\/2025\/03\/Banner_Emprego_PortallavrasTV-170x25.png 170w, https:\/\/lavras.tv\/site\/wp-content\/uploads\/2025\/03\/Banner_Emprego_PortallavrasTV-200x29.png 200w\" sizes=\"(max-width: 720px) 100vw, 720px\" width=\"720\" height=\"104\"   \/><\/a><\/li><li><a href=\"https:\/\/sistemas.lavras.mg.gov.br\/portalcidadao\/#df1b1a7c7b2a290bcb31e32771e610784662739a88807c0dacac58ede5f391a7530e299dc302d611ee73cb143fc22eaf93592e53e7b5bdb01b00a0b8d28dae460c141dd2ff83412e4dc1c31b16b25f33144a9e5620ea73b13f5bc1c59411d98439ad226e8af03840603796067d87afe130812cf3de24982d0e306f9e61e764e5\" aria-label=\"Banner_Obras_PortallavrasTV\"><img src=\"https:\/\/lavras.tv\/site\/wp-content\/uploads\/2025\/03\/Banner_Obras_PortallavrasTV.png\" alt=\"\"  srcset=\"https:\/\/lavras.tv\/site\/wp-content\/uploads\/2025\/03\/Banner_Obras_PortallavrasTV.png 720w, https:\/\/lavras.tv\/site\/wp-content\/uploads\/2025\/03\/Banner_Obras_PortallavrasTV-470x68.png 470w, https:\/\/lavras.tv\/site\/wp-content\/uploads\/2025\/03\/Banner_Obras_PortallavrasTV-170x25.png 170w, https:\/\/lavras.tv\/site\/wp-content\/uploads\/2025\/03\/Banner_Obras_PortallavrasTV-200x29.png 200w\" sizes=\"(max-width: 720px) 100vw, 720px\" width=\"720\" height=\"104\"   \/><\/a><\/li><li><div style=\"margin-left: auto;margin-right: auto;text-align: center;\" id=\"lavra-2988724706\"><a href=\"https:\/\/sistemas.lavras.mg.gov.br\/portalcidadao\/#df1b1a7c7b2a290bcb31e32771e610784662739a88807c0dacac58ede5f391a7530e299dc302d611ee73cb143fc22eaf93592e53e7b5bdb01b00a0b8d28dae460c141dd2ff83412e4dc1c31b16b25f33144a9e5620ea73b13f5bc1c59411d98439ad226e8af03840603796067d87afe130812cf3de24982d0e306f9e61e764e5\" aria-label=\"Banner_Educa\u00e7\u00e3o_PortallavrasTV\"><img src=\"https:\/\/lavras.tv\/site\/wp-content\/uploads\/2025\/01\/Banner_Educacao_PortallavrasTV.png\" alt=\"\"  srcset=\"https:\/\/lavras.tv\/site\/wp-content\/uploads\/2025\/01\/Banner_Educacao_PortallavrasTV.png 720w, https:\/\/lavras.tv\/site\/wp-content\/uploads\/2025\/01\/Banner_Educacao_PortallavrasTV-470x68.png 470w, https:\/\/lavras.tv\/site\/wp-content\/uploads\/2025\/01\/Banner_Educacao_PortallavrasTV-170x25.png 170w, https:\/\/lavras.tv\/site\/wp-content\/uploads\/2025\/01\/Banner_Educacao_PortallavrasTV-200x29.png 200w\" sizes=\"(max-width: 720px) 100vw, 720px\" width=\"720\" height=\"104\"  style=\"display: inline-block;\" \/><\/a><\/div><\/li><li><a href=\"https:\/\/sistemas.lavras.mg.gov.br\/portalcidadao\/#df1b1a7c7b2a290bcb31e32771e610784662739a88807c0dacac58ede5f391a7530e299dc302d611ee73cb143fc22eaf93592e53e7b5bdb01b00a0b8d28dae460c141dd2ff83412e4dc1c31b16b25f33144a9e5620ea73b13f5bc1c59411d98439ad226e8af03840603796067d87afe130812cf3de24982d0e306f9e61e764e5\" aria-label=\"Banner_Sa\u00fade_PortallavrasTV\"><img src=\"https:\/\/lavras.tv\/site\/wp-content\/uploads\/2025\/03\/Banner_Saude_PortallavrasTV.png\" alt=\"\"  srcset=\"https:\/\/lavras.tv\/site\/wp-content\/uploads\/2025\/03\/Banner_Saude_PortallavrasTV.png 720w, https:\/\/lavras.tv\/site\/wp-content\/uploads\/2025\/03\/Banner_Saude_PortallavrasTV-470x68.png 470w, https:\/\/lavras.tv\/site\/wp-content\/uploads\/2025\/03\/Banner_Saude_PortallavrasTV-170x25.png 170w, https:\/\/lavras.tv\/site\/wp-content\/uploads\/2025\/03\/Banner_Saude_PortallavrasTV-200x29.png 200w\" sizes=\"(max-width: 720px) 100vw, 720px\" width=\"720\" height=\"104\"   \/><\/a><\/li><li><div id=\"lavra-2931169180\" style=\"width:720px;height:104px;background-color:#ddd;overflow:scroll;\">\n\t<strong>Sa\u00edda da depura\u00e7\u00e3o de an\u00fancios<\/strong>\n\t<br><br>\n\tO an\u00fancio n\u00e3o \u00e9 exibido na p\u00e1gina<br><br>post atual: Por falta de revis\u00e3o biom\u00e9trica, mais de 16 mil eleitores podem ter t\u00edtulos cancelados aqui na regi\u00e3o, ID: 46007<br><br><span style=\"color: red;\">O post atual n\u00e3o \u00e9 id\u00eantico ao post principal.<\/span><br><br>An\u00fancios: ROXO - TOPO INTERNA - ROTATIVO 2 (197)<br \/>Grupo de an\u00fancios: Princ_Meio01_720x104 (27)<br><br>Condi\u00e7\u00f5es de exibi\u00e7\u00e3o<div style=\"margin-bottom: 20px; white-space: pre-wrap; font-family: monospace; width: 100%; background: #ffe9e9;\"><strong>condi\u00e7\u00f5es gerais<\/strong><table border=\"1\"><thead><tr><th><\/th><th>An\u00fancios<\/th><th>wp_the_query<\/th><\/tr><\/thead><tr><td>is_main_query<\/td><td>1<\/td><td>1<\/td><\/tr><tr><td>is_rest_api<\/td><td>0<\/td><td>1<\/td><\/tr><tr><td>page<\/td><td>0<\/td><td>1<\/td><\/tr><tr><td>numpages<\/td><td>0<\/td><td>1<\/td><\/tr><tr><td>is_archive<\/td><td>1<\/td><td><\/td><\/tr><tr><td>is_search<\/td><td>1<\/td><td><\/td><\/tr><tr><td>is_home<\/td><td>1<\/td><td><\/td><\/tr><tr><td>is_404<\/td><td>1<\/td><td><\/td><\/tr><tr><td>is_attachment<\/td><td>1<\/td><td><\/td><\/tr><tr><td>is_singular<\/td><td>1<\/td><td><\/td><\/tr><tr><td>is_front_page<\/td><td>1<\/td><td><\/td><\/tr><tr><td>is_feed<\/td><td>1<\/td><td><\/td><\/tr><\/table><\/div><br><br><span style=\"color: red;\">Seu site usa HTTPS, mas o c\u00f3digo do an\u00fancio cont\u00e9m HTTP e pode n\u00e3o funcionar.<\/span>\t<br><br>\n\t<a style=\"color: green;\" href=\"https:\/\/wpadvancedads.com\/manual\/ad-debug-mode\/?utm_source=advanced-ads&utm_medium=link&utm_campaign=ad-debug-mode\" target=\"_blank\" rel=\"nofollow\">Encontre solu\u00e7\u00f5es no manual<\/a>\n<\/div>\n<\/li><\/ul><\/div><script>( window.advanced_ads_ready || jQuery( document ).ready ).call( null, function() {var $lavraslider1240989113 = jQuery( \".lavra-slider-1240989113\" );$lavraslider1240989113.on( \"unslider.ready\", function() { jQuery( \"div.custom-slider ul li\" ).css( \"display\", \"block\" ); });$lavraslider1240989113.unslider({ delay:4000, autoplay:true, nav:false, arrows:false, infinite:true });$lavraslider1240989113.on(\"mouseover\", function() {$lavraslider1240989113.unslider(\"stop\");}).on(\"mouseout\", function() {$lavraslider1240989113.unslider(\"start\");});});<\/script><\/div>\n<p>O prazo para a revis\u00e3o biom\u00e9trica obrigat\u00f3ria termina em sete cidades do Sul de Minas nesta quinta-feira (10). Como o procedimento \u00e9 obrigat\u00f3rio nestas cidades para manter o t\u00edtulo regularizado, mais de 16 mil eleitores podem ter o documento cancelado e ser impedidos de votar nas elei\u00e7\u00f5es municipais em 2020.<\/p>\n\n\n\n<div class=\"wp-block-image\"><figure class=\"aligncenter\"><img fetchpriority=\"high\" decoding=\"async\" width=\"860\" height=\"440\" src=\"http:\/\/lavras.tv\/site\/wp-content\/uploads\/2017\/12\/biometria.jpg\" alt=\"\" class=\"wp-image-13762\" srcset=\"https:\/\/lavras.tv\/site\/wp-content\/uploads\/2017\/12\/biometria.jpg 860w, https:\/\/lavras.tv\/site\/wp-content\/uploads\/2017\/12\/biometria-150x77.jpg 150w, https:\/\/lavras.tv\/site\/wp-content\/uploads\/2017\/12\/biometria-300x153.jpg 300w\" sizes=\"(max-width: 860px) 100vw, 860px\" \/><\/figure><\/div>\n\n\n\n<p>O n\u00famero \u00e9 do Tribunal Superior Eleitoral (TSE), apurado pelo\u00a0G1. Na regi\u00e3o, a revis\u00e3o biom\u00e9trica termina nesta quinta em\u00a0<strong>Carrancas, Itutinga, Liberdade, Nazareno, Passa Vinte, Santana do Jacar\u00e9 e Wenceslau Braz<\/strong>.<\/p>\n\n\n\n<p>Os n\u00fameros foram atualizados nesta ter\u00e7a-feira (8). Com o fim do prazo na quinta, o eleitor precisa procurar o cart\u00f3rio o quanto antes.<\/p>\n\n\n\n<p><strong>Veja os n\u00fameros:<\/strong><\/p>\n\n\n\n<p>Cidades com revis\u00e3o biom\u00e9trica obrigat\u00f3ria at\u00e9 10\/10<\/p>\n\n\n\n<table class=\"wp-block-table aligncenter\"><tbody><tr><td>Cidade<\/td><td>N\u00ba de eleitores<\/td><td>Eleitores que n\u00e3o fizeram a revis\u00e3o<\/td><\/tr><tr><td>Carrancas<\/td><td>3.788<\/td><td>1.675<\/td><\/tr><tr><td>Itutinga<\/td><td>4.268<\/td><td>2.825<\/td><\/tr><tr><td>Liberdade<\/td><td>4.939<\/td><td>2.631<\/td><\/tr><tr><td>Nazareno<\/td><td>7.199<\/td><td>4.500<\/td><\/tr><tr><td>Passa Vinte<\/td><td>2.562<\/td><td>1.125<\/td><\/tr><tr><td>Santana do Jacar\u00e9<\/td><td>4.522<\/td><td>1.979<\/td><\/tr><tr><td>Wenceslau Braz<\/td><td>3.194<\/td><td>1.927<\/td><\/tr><\/tbody><\/table>\n\n\n\n<p>Fonte: Tribunal Superior Eleitoral<\/p>\n\n\n\n<p>Em Minas Gerais, 61 munic\u00edpios que passam pela revis\u00e3o biom\u00e9trica obrigat\u00f3ria tamb\u00e9m t\u00eam o fim do prazo nesta quinta. No entanto, o TRE esclarece que os prazos para o fim do recadastramento variam de acordo com cada cidade, entre outubro de 2019 e fevereiro de 2020.<\/p>\n\n\n\n<p>A consulta para saber a situa\u00e7\u00e3o de cada munic\u00edpio com a revis\u00e3o obrigat\u00f3ria est\u00e1 dispon\u00edvel no&nbsp;<a href=\"http:\/\/www.tse.jus.br\/eleitor\/biometria\/acompanhamento-revisoes-eleitorais-2019-2020\" target=\"_blank\" rel=\"noreferrer noopener\">site do TSE<\/a>.<\/p>\n\n\n\n<h2 class=\"wp-block-heading\">O que fazer?<\/h2>\n\n\n\n<p>O eleitor das cidades citadas deve levar um documento de identidade e comprovante de endere\u00e7o at\u00e9 o cart\u00f3rio. Quem \u00e9 do sexo masculino, tem mais de 18 anos e for tirar o t\u00edtulo pela primeira vez, precisa apresentar o comprovante de quita\u00e7\u00e3o com o servi\u00e7o militar.<\/p>\n\n\n\n<p>O atendimento acontece por ordem de chegada ao cart\u00f3rio. O eleitor tamb\u00e9m pode agendar pelo telefone 148, no Disque Eleitor, ou pelo site do Tribunal Regional Eleitoral (TRE-MG).<\/p>\n\n\n\n<p>Fonte: G1<\/p>\n","protected":false},"excerpt":{"rendered":"<p>O prazo para a revis\u00e3o biom\u00e9trica obrigat\u00f3ria termina em sete cidades do Sul de Minas nesta quinta-feira (10). Como o procedimento \u00e9 obrigat\u00f3rio nestas cidades para manter o t\u00edtulo regularizado, mais de 16 mil eleitores podem ter o documento cancelado e ser impedidos de votar nas elei\u00e7\u00f5es municipais em 2020. O n\u00famero \u00e9 do Tribunal [&hellip;]<\/p>\n","protected":false},"author":2,"featured_media":13762,"comment_status":"closed","ping_status":"open","sticky":false,"template":"","format":"standard","meta":{"advgb_blocks_editor_width":"","advgb_blocks_columns_visual_guide":"","_exactmetrics_skip_tracking":false,"_exactmetrics_sitenote_active":false,"_exactmetrics_sitenote_note":"","_exactmetrics_sitenote_category":0,"footnotes":""},"categories":[7,2,12],"tags":[],"class_list":["post-46007","post","type-post","status-publish","format-standard","has-post-thumbnail","hentry","category-destaques","category-noticias","category-politica"],"better_featured_image":{"id":13762,"alt_text":"","caption":"","description":"","media_type":"image","media_details":{"width":860,"height":440,"file":"2017\/12\/biometria.jpg","sizes":{"thumbnail":{"file":"biometria-150x77.jpg","width":150,"height":77,"mime-type":"image\/jpeg","source_url":"https:\/\/lavras.tv\/site\/wp-content\/uploads\/2017\/12\/biometria-150x77.jpg"},"medium":{"file":"biometria-300x153.jpg","width":300,"height":153,"mime-type":"image\/jpeg","source_url":"https:\/\/lavras.tv\/site\/wp-content\/uploads\/2017\/12\/biometria-300x153.jpg"},"featured-slider-img":{"file":"biometria-640x440.jpg","width":640,"height":440,"mime-type":"image\/jpeg","source_url":"https:\/\/lavras.tv\/site\/wp-content\/uploads\/2017\/12\/biometria-640x440.jpg"},"featured-post-img":{"file":"biometria-480x320.jpg","width":480,"height":320,"mime-type":"image\/jpeg","source_url":"https:\/\/lavras.tv\/site\/wp-content\/uploads\/2017\/12\/biometria-480x320.jpg"},"sow-carousel-default":{"file":"biometria-272x182.jpg","width":272,"height":182,"mime-type":"image\/jpeg","source_url":"https:\/\/lavras.tv\/site\/wp-content\/uploads\/2017\/12\/biometria-272x182.jpg"}},"image_meta":{"aperture":"4.5","credit":"","camera":"Canon EOS DIGITAL REBEL XT","caption":"","created_timestamp":"1341840246","copyright":"","focal_length":"31","iso":"400","shutter_speed":"0.0166666666667","title":"","orientation":"1","keywords":[]}},"post":13761,"source_url":"https:\/\/lavras.tv\/site\/wp-content\/uploads\/2017\/12\/biometria.jpg"},"author_meta":{"display_name":"Lavras TV","author_link":"https:\/\/lavras.tv\/site\/author\/lavrastv\/"},"featured_img":"https:\/\/lavras.tv\/site\/wp-content\/uploads\/2017\/12\/biometria-300x153.jpg","coauthors":[],"tax_additional":{"categories":{"linked":["<a href=\"https:\/\/lavras.tv\/site\/category\/destaques\/\" class=\"advgb-post-tax-term\">Destaques<\/a>","<a href=\"https:\/\/lavras.tv\/site\/category\/noticias\/\" class=\"advgb-post-tax-term\">Not\u00edcias<\/a>","<a href=\"https:\/\/lavras.tv\/site\/category\/politica\/\" class=\"advgb-post-tax-term\">Pol\u00edtica<\/a>"],"unlinked":["<span class=\"advgb-post-tax-term\">Destaques<\/span>","<span class=\"advgb-post-tax-term\">Not\u00edcias<\/span>","<span class=\"advgb-post-tax-term\">Pol\u00edtica<\/span>"]}},"comment_count":"0","relative_dates":{"created":"Publicado 7 anos atr\u00e1s","modified":"Atualizado 7 anos atr\u00e1s"},"absolute_dates":{"created":"Publicado em 9 de outubro de 2019","modified":"Atualizado em 9 de outubro de 2019"},"absolute_dates_time":{"created":"Publicado em 9 de outubro de 2019 10:36","modified":"Atualizado em 9 de outubro de 2019 10:36"},"featured_img_caption":"","series_order":"","_links":{"self":[{"href":"https:\/\/lavras.tv\/site\/wp-json\/wp\/v2\/posts\/46007","targetHints":{"allow":["GET"]}}],"collection":[{"href":"https:\/\/lavras.tv\/site\/wp-json\/wp\/v2\/posts"}],"about":[{"href":"https:\/\/lavras.tv\/site\/wp-json\/wp\/v2\/types\/post"}],"author":[{"embeddable":true,"href":"https:\/\/lavras.tv\/site\/wp-json\/wp\/v2\/users\/2"}],"replies":[{"embeddable":true,"href":"https:\/\/lavras.tv\/site\/wp-json\/wp\/v2\/comments?post=46007"}],"version-history":[{"count":1,"href":"https:\/\/lavras.tv\/site\/wp-json\/wp\/v2\/posts\/46007\/revisions"}],"predecessor-version":[{"id":46008,"href":"https:\/\/lavras.tv\/site\/wp-json\/wp\/v2\/posts\/46007\/revisions\/46008"}],"wp:featuredmedia":[{"embeddable":true,"href":"https:\/\/lavras.tv\/site\/wp-json\/wp\/v2\/media\/13762"}],"wp:attachment":[{"href":"https:\/\/lavras.tv\/site\/wp-json\/wp\/v2\/media?parent=46007"}],"wp:term":[{"taxonomy":"category","embeddable":true,"href":"https:\/\/lavras.tv\/site\/wp-json\/wp\/v2\/categories?post=46007"},{"taxonomy":"post_tag","embeddable":true,"href":"https:\/\/lavras.tv\/site\/wp-json\/wp\/v2\/tags?post=46007"}],"curies":[{"name":"wp","href":"https:\/\/api.w.org\/{rel}","templated":true}]}}