{"id":46160,"date":"2019-10-24T09:31:29","date_gmt":"2019-10-24T12:31:29","guid":{"rendered":"http:\/\/lavras.tv\/site\/?p=46160"},"modified":"2019-10-24T09:31:31","modified_gmt":"2019-10-24T12:31:31","slug":"tjmg-volta-a-suspender-comissao-que-investiga-vereador-ti-ailton-por-compra-de-votos","status":"publish","type":"post","link":"https:\/\/lavras.tv\/site\/2019\/10\/24\/tjmg-volta-a-suspender-comissao-que-investiga-vereador-ti-ailton-por-compra-de-votos\/","title":{"rendered":"TJMG volta a suspender comiss\u00e3o que investiga vereador Ti Ailton por compra de votos"},"content":{"rendered":"<div class=\"lavra-antes-do-conteudo_2\" id=\"lavra-3143873713\"><div id=\"lavra-slider-27\" class=\"custom-slider lavra-slider-932050447 lavra-slider\"><ul><li><div style=\"margin-left: auto;margin-right: auto;text-align: center;\" id=\"lavra-2306700613\"><a href=\"https:\/\/sistemas.lavras.mg.gov.br\/portalcidadao\/#df1b1a7c7b2a290bcb31e32771e610784662739a88807c0dacac58ede5f391a7530e299dc302d611ee73cb143fc22eaf93592e53e7b5bdb01b00a0b8d28dae460c141dd2ff83412e4dc1c31b16b25f33144a9e5620ea73b13f5bc1c59411d98439ad226e8af03840603796067d87afe130812cf3de24982d0e306f9e61e764e5\" aria-label=\"Lavras-TV&#8211;720x104px (1) (1)\"><img src=\"https:\/\/lavras.tv\/site\/wp-content\/uploads\/2025\/01\/Lavras-TV-720x104px-1-1.png\" alt=\"\"  srcset=\"https:\/\/lavras.tv\/site\/wp-content\/uploads\/2025\/01\/Lavras-TV-720x104px-1-1.png 720w, https:\/\/lavras.tv\/site\/wp-content\/uploads\/2025\/01\/Lavras-TV-720x104px-1-1-470x68.png 470w, https:\/\/lavras.tv\/site\/wp-content\/uploads\/2025\/01\/Lavras-TV-720x104px-1-1-170x25.png 170w, https:\/\/lavras.tv\/site\/wp-content\/uploads\/2025\/01\/Lavras-TV-720x104px-1-1-200x29.png 200w\" sizes=\"(max-width: 720px) 100vw, 720px\" width=\"720\" height=\"104\"  style=\"display: inline-block;\" \/><\/a><\/div><\/li><li><a href=\"https:\/\/sistemas.lavras.mg.gov.br\/portalcidadao\/#df1b1a7c7b2a290bcb31e32771e610784662739a88807c0dacac58ede5f391a7530e299dc302d611ee73cb143fc22eaf93592e53e7b5bdb01b00a0b8d28dae460c141dd2ff83412e4dc1c31b16b25f33144a9e5620ea73b13f5bc1c59411d98439ad226e8af03840603796067d87afe130812cf3de24982d0e306f9e61e764e5\" aria-label=\"Banner_Emprego_PortallavrasTV\"><img src=\"https:\/\/lavras.tv\/site\/wp-content\/uploads\/2025\/03\/Banner_Emprego_PortallavrasTV.png\" alt=\"\"  srcset=\"https:\/\/lavras.tv\/site\/wp-content\/uploads\/2025\/03\/Banner_Emprego_PortallavrasTV.png 720w, https:\/\/lavras.tv\/site\/wp-content\/uploads\/2025\/03\/Banner_Emprego_PortallavrasTV-470x68.png 470w, https:\/\/lavras.tv\/site\/wp-content\/uploads\/2025\/03\/Banner_Emprego_PortallavrasTV-170x25.png 170w, https:\/\/lavras.tv\/site\/wp-content\/uploads\/2025\/03\/Banner_Emprego_PortallavrasTV-200x29.png 200w\" sizes=\"(max-width: 720px) 100vw, 720px\" width=\"720\" height=\"104\"   \/><\/a><\/li><li><a href=\"https:\/\/sistemas.lavras.mg.gov.br\/portalcidadao\/#df1b1a7c7b2a290bcb31e32771e610784662739a88807c0dacac58ede5f391a7530e299dc302d611ee73cb143fc22eaf93592e53e7b5bdb01b00a0b8d28dae460c141dd2ff83412e4dc1c31b16b25f33144a9e5620ea73b13f5bc1c59411d98439ad226e8af03840603796067d87afe130812cf3de24982d0e306f9e61e764e5\" aria-label=\"Banner_Obras_PortallavrasTV\"><img src=\"https:\/\/lavras.tv\/site\/wp-content\/uploads\/2025\/03\/Banner_Obras_PortallavrasTV.png\" alt=\"\"  srcset=\"https:\/\/lavras.tv\/site\/wp-content\/uploads\/2025\/03\/Banner_Obras_PortallavrasTV.png 720w, https:\/\/lavras.tv\/site\/wp-content\/uploads\/2025\/03\/Banner_Obras_PortallavrasTV-470x68.png 470w, https:\/\/lavras.tv\/site\/wp-content\/uploads\/2025\/03\/Banner_Obras_PortallavrasTV-170x25.png 170w, https:\/\/lavras.tv\/site\/wp-content\/uploads\/2025\/03\/Banner_Obras_PortallavrasTV-200x29.png 200w\" sizes=\"(max-width: 720px) 100vw, 720px\" width=\"720\" height=\"104\"   \/><\/a><\/li><li><div style=\"margin-left: auto;margin-right: auto;text-align: center;\" id=\"lavra-3490606524\"><a href=\"https:\/\/sistemas.lavras.mg.gov.br\/portalcidadao\/#df1b1a7c7b2a290bcb31e32771e610784662739a88807c0dacac58ede5f391a7530e299dc302d611ee73cb143fc22eaf93592e53e7b5bdb01b00a0b8d28dae460c141dd2ff83412e4dc1c31b16b25f33144a9e5620ea73b13f5bc1c59411d98439ad226e8af03840603796067d87afe130812cf3de24982d0e306f9e61e764e5\" aria-label=\"Banner_Educa\u00e7\u00e3o_PortallavrasTV\"><img src=\"https:\/\/lavras.tv\/site\/wp-content\/uploads\/2025\/01\/Banner_Educacao_PortallavrasTV.png\" alt=\"\"  srcset=\"https:\/\/lavras.tv\/site\/wp-content\/uploads\/2025\/01\/Banner_Educacao_PortallavrasTV.png 720w, https:\/\/lavras.tv\/site\/wp-content\/uploads\/2025\/01\/Banner_Educacao_PortallavrasTV-470x68.png 470w, https:\/\/lavras.tv\/site\/wp-content\/uploads\/2025\/01\/Banner_Educacao_PortallavrasTV-170x25.png 170w, https:\/\/lavras.tv\/site\/wp-content\/uploads\/2025\/01\/Banner_Educacao_PortallavrasTV-200x29.png 200w\" sizes=\"(max-width: 720px) 100vw, 720px\" width=\"720\" height=\"104\"  style=\"display: inline-block;\" \/><\/a><\/div><\/li><li><a href=\"https:\/\/sistemas.lavras.mg.gov.br\/portalcidadao\/#df1b1a7c7b2a290bcb31e32771e610784662739a88807c0dacac58ede5f391a7530e299dc302d611ee73cb143fc22eaf93592e53e7b5bdb01b00a0b8d28dae460c141dd2ff83412e4dc1c31b16b25f33144a9e5620ea73b13f5bc1c59411d98439ad226e8af03840603796067d87afe130812cf3de24982d0e306f9e61e764e5\" aria-label=\"Banner_Sa\u00fade_PortallavrasTV\"><img src=\"https:\/\/lavras.tv\/site\/wp-content\/uploads\/2025\/03\/Banner_Saude_PortallavrasTV.png\" alt=\"\"  srcset=\"https:\/\/lavras.tv\/site\/wp-content\/uploads\/2025\/03\/Banner_Saude_PortallavrasTV.png 720w, https:\/\/lavras.tv\/site\/wp-content\/uploads\/2025\/03\/Banner_Saude_PortallavrasTV-470x68.png 470w, https:\/\/lavras.tv\/site\/wp-content\/uploads\/2025\/03\/Banner_Saude_PortallavrasTV-170x25.png 170w, https:\/\/lavras.tv\/site\/wp-content\/uploads\/2025\/03\/Banner_Saude_PortallavrasTV-200x29.png 200w\" sizes=\"(max-width: 720px) 100vw, 720px\" width=\"720\" height=\"104\"   \/><\/a><\/li><li><div id=\"lavra-1428866623\" style=\"width:720px;height:104px;background-color:#ddd;overflow:scroll;\">\n\t<strong>Sa\u00edda da depura\u00e7\u00e3o de an\u00fancios<\/strong>\n\t<br><br>\n\tO an\u00fancio n\u00e3o \u00e9 exibido na p\u00e1gina<br><br>post atual: TJMG volta a suspender comiss\u00e3o que investiga vereador Ti Ailton por compra de votos, ID: 46160<br><br><span style=\"color: red;\">O post atual n\u00e3o \u00e9 id\u00eantico ao post principal.<\/span><br><br>An\u00fancios: ROXO - TOPO INTERNA - ROTATIVO 2 (197)<br \/>Grupo de an\u00fancios: Princ_Meio01_720x104 (27)<br><br>Condi\u00e7\u00f5es de exibi\u00e7\u00e3o<div style=\"margin-bottom: 20px; white-space: pre-wrap; font-family: monospace; width: 100%; background: #ffe9e9;\"><strong>condi\u00e7\u00f5es gerais<\/strong><table border=\"1\"><thead><tr><th><\/th><th>An\u00fancios<\/th><th>wp_the_query<\/th><\/tr><\/thead><tr><td>is_main_query<\/td><td>1<\/td><td>1<\/td><\/tr><tr><td>is_rest_api<\/td><td>0<\/td><td>1<\/td><\/tr><tr><td>page<\/td><td>0<\/td><td>1<\/td><\/tr><tr><td>numpages<\/td><td>0<\/td><td>1<\/td><\/tr><tr><td>is_archive<\/td><td>1<\/td><td><\/td><\/tr><tr><td>is_search<\/td><td>1<\/td><td><\/td><\/tr><tr><td>is_home<\/td><td>1<\/td><td><\/td><\/tr><tr><td>is_404<\/td><td>1<\/td><td><\/td><\/tr><tr><td>is_attachment<\/td><td>1<\/td><td><\/td><\/tr><tr><td>is_singular<\/td><td>1<\/td><td><\/td><\/tr><tr><td>is_front_page<\/td><td>1<\/td><td><\/td><\/tr><tr><td>is_feed<\/td><td>1<\/td><td><\/td><\/tr><\/table><\/div><br><br><span style=\"color: red;\">Seu site usa HTTPS, mas o c\u00f3digo do an\u00fancio cont\u00e9m HTTP e pode n\u00e3o funcionar.<\/span>\t<br><br>\n\t<a style=\"color: green;\" href=\"https:\/\/wpadvancedads.com\/manual\/ad-debug-mode\/?utm_source=advanced-ads&utm_medium=link&utm_campaign=ad-debug-mode\" target=\"_blank\" rel=\"nofollow\">Encontre solu\u00e7\u00f5es no manual<\/a>\n<\/div>\n<\/li><\/ul><\/div><script>( window.advanced_ads_ready || jQuery( document ).ready ).call( null, function() {var $lavraslider932050447 = jQuery( \".lavra-slider-932050447\" );$lavraslider932050447.on( \"unslider.ready\", function() { jQuery( \"div.custom-slider ul li\" ).css( \"display\", \"block\" ); });$lavraslider932050447.unslider({ delay:4000, autoplay:true, nav:false, arrows:false, infinite:true });$lavraslider932050447.on(\"mouseover\", function() {$lavraslider932050447.unslider(\"stop\");}).on(\"mouseout\", function() {$lavraslider932050447.unslider(\"start\");});});<\/script><\/div>\n<p>O Tribunal de Justi\u00e7a de Minas Gerais voltou a suspender a\u00a0comiss\u00e3o parlamentar criada para investigar e votar uma poss\u00edvel cassa\u00e7\u00e3o\u00a0do vereador Ailton Magalh\u00e3es Filho (PSDB), em Lavras (MG). Ele \u00e9\u00a0suspeito de oferecer cargos p\u00fablicos para eleitores.<\/p>\n\n\n\n<p>A decis\u00e3o \u00e9 da desembargadora \u00c2ngela de Lourdes Rodrigues e vale at\u00e9 o julgamento da apela\u00e7\u00e3o da defesa do vereador, que questiona a den\u00fancia. Segundo a c\u00e2mara, a comiss\u00e3o iria apresentar o relat\u00f3rio final da investiga\u00e7\u00e3o na pr\u00f3xima segunda-feira (28).<\/p>\n\n\n\n<figure class=\"wp-block-image\"><img fetchpriority=\"high\" decoding=\"async\" width=\"970\" height=\"565\" src=\"http:\/\/lavras.tv\/site\/wp-content\/uploads\/2019\/10\/vereador-970x565.jpg\" alt=\"\" class=\"wp-image-46161\" srcset=\"https:\/\/lavras.tv\/site\/wp-content\/uploads\/2019\/10\/vereador-970x565.jpg 970w, https:\/\/lavras.tv\/site\/wp-content\/uploads\/2019\/10\/vereador-170x99.jpg 170w, https:\/\/lavras.tv\/site\/wp-content\/uploads\/2019\/10\/vereador-470x274.jpg 470w, https:\/\/lavras.tv\/site\/wp-content\/uploads\/2019\/10\/vereador.jpg 1000w\" sizes=\"(max-width: 970px) 100vw, 970px\" \/><\/figure>\n\n\n\n<h2 class=\"wp-block-heading\">Investiga\u00e7\u00e3o<\/h2>\n\n\n\n<p>A comiss\u00e3o foi montada no final de junho ap\u00f3s uma den\u00fancia feita pelas redes sociais. Um morador da cidade tinha um documento que teria sido assinado pelo ent\u00e3o candidato a vereador. No termo de compromisso, ele teria se comprometido a contratar a esposa do eleitor para um cargo comissionado em troca dos votos.<\/p>\n\n\n\n<p>O denunciante e a esposa trabalharam na prefeitura de Lavras entre 2017 e 2018. A c\u00e2mara investigou o caso em uma CPI. O relat\u00f3rio da comiss\u00e3o concluiu que\u00a0h\u00e1 &#8220;fortes ind\u00edcios de crime eleitoral&#8221;\u00a0e recomendou a cria\u00e7\u00e3o da comiss\u00e3o processante.<\/p>\n\n\n\n<p>A comiss\u00e3o foi formada e\u00a0havia sido anulada no in\u00edcio de setembro por uma liminar, que entendia que havia uma irregularidade na vota\u00e7\u00e3o de abertura da comiss\u00e3o. Segundo a decis\u00e3o, os vereadores que fizeram a den\u00fancia tamb\u00e9m haviam votado para a abertura da comiss\u00e3o, o que n\u00e3o seria permitido.<\/p>\n\n\n\n<p>A liminar, no entanto, tamb\u00e9m havia sido derrubada no in\u00edcio de outubro e comiss\u00e3o voltou a analisar a den\u00fancia com pedido de cassa\u00e7\u00e3o. Agora, com a nova suspens\u00e3o dos trabalhos, o vereador segue no cargo at\u00e9 que todo o processo seja conclu\u00eddo.<\/p>\n\n\n\n<p>Fonte: G1<\/p>\n","protected":false},"excerpt":{"rendered":"<p>O Tribunal de Justi\u00e7a de Minas Gerais voltou a suspender a\u00a0comiss\u00e3o parlamentar criada para investigar e votar uma poss\u00edvel cassa\u00e7\u00e3o\u00a0do vereador Ailton Magalh\u00e3es Filho (PSDB), em Lavras (MG). Ele \u00e9\u00a0suspeito de oferecer cargos p\u00fablicos para eleitores. A decis\u00e3o \u00e9 da desembargadora \u00c2ngela de Lourdes Rodrigues e vale at\u00e9 o julgamento da apela\u00e7\u00e3o da defesa do [&hellip;]<\/p>\n","protected":false},"author":2,"featured_media":46161,"comment_status":"closed","ping_status":"open","sticky":false,"template":"","format":"standard","meta":{"advgb_blocks_editor_width":"","advgb_blocks_columns_visual_guide":"","_exactmetrics_skip_tracking":false,"_exactmetrics_sitenote_active":false,"_exactmetrics_sitenote_note":"","_exactmetrics_sitenote_category":0,"footnotes":""},"categories":[7,2,12],"tags":[],"class_list":["post-46160","post","type-post","status-publish","format-standard","has-post-thumbnail","hentry","category-destaques","category-noticias","category-politica"],"better_featured_image":{"id":46161,"alt_text":"","caption":"","description":"","media_type":"image","media_details":{"width":1000,"height":582,"file":"2019\/10\/vereador.jpg","sizes":{"thumbnail":{"file":"vereador-170x99.jpg","width":170,"height":99,"mime-type":"image\/jpeg","source_url":"https:\/\/lavras.tv\/site\/wp-content\/uploads\/2019\/10\/vereador-170x99.jpg"},"medium":{"file":"vereador-470x274.jpg","width":470,"height":274,"mime-type":"image\/jpeg","source_url":"https:\/\/lavras.tv\/site\/wp-content\/uploads\/2019\/10\/vereador-470x274.jpg"},"large":{"file":"vereador-970x565.jpg","width":970,"height":565,"mime-type":"image\/jpeg","source_url":"https:\/\/lavras.tv\/site\/wp-content\/uploads\/2019\/10\/vereador-970x565.jpg"},"alm-thumbnail":{"file":"vereador-150x150.jpg","width":150,"height":150,"mime-type":"image\/jpeg","source_url":"https:\/\/lavras.tv\/site\/wp-content\/uploads\/2019\/10\/vereador-150x150.jpg"}},"image_meta":{"aperture":"0","credit":"","camera":"","caption":"","created_timestamp":"0","copyright":"","focal_length":"0","iso":"0","shutter_speed":"0","title":"","orientation":"0","keywords":[]}},"post":46160,"source_url":"https:\/\/lavras.tv\/site\/wp-content\/uploads\/2019\/10\/vereador.jpg"},"author_meta":{"display_name":"Lavras TV","author_link":"https:\/\/lavras.tv\/site\/author\/lavrastv\/"},"featured_img":"https:\/\/lavras.tv\/site\/wp-content\/uploads\/2019\/10\/vereador-470x274.jpg","coauthors":[],"tax_additional":{"categories":{"linked":["<a href=\"https:\/\/lavras.tv\/site\/category\/destaques\/\" class=\"advgb-post-tax-term\">Destaques<\/a>","<a href=\"https:\/\/lavras.tv\/site\/category\/noticias\/\" class=\"advgb-post-tax-term\">Not\u00edcias<\/a>","<a href=\"https:\/\/lavras.tv\/site\/category\/politica\/\" class=\"advgb-post-tax-term\">Pol\u00edtica<\/a>"],"unlinked":["<span class=\"advgb-post-tax-term\">Destaques<\/span>","<span class=\"advgb-post-tax-term\">Not\u00edcias<\/span>","<span class=\"advgb-post-tax-term\">Pol\u00edtica<\/span>"]}},"comment_count":"0","relative_dates":{"created":"Publicado 7 anos atr\u00e1s","modified":"Atualizado 7 anos atr\u00e1s"},"absolute_dates":{"created":"Publicado em 24 de outubro de 2019","modified":"Atualizado em 24 de outubro de 2019"},"absolute_dates_time":{"created":"Publicado em 24 de outubro de 2019 09:31","modified":"Atualizado em 24 de outubro de 2019 09:31"},"featured_img_caption":"","series_order":"","_links":{"self":[{"href":"https:\/\/lavras.tv\/site\/wp-json\/wp\/v2\/posts\/46160","targetHints":{"allow":["GET"]}}],"collection":[{"href":"https:\/\/lavras.tv\/site\/wp-json\/wp\/v2\/posts"}],"about":[{"href":"https:\/\/lavras.tv\/site\/wp-json\/wp\/v2\/types\/post"}],"author":[{"embeddable":true,"href":"https:\/\/lavras.tv\/site\/wp-json\/wp\/v2\/users\/2"}],"replies":[{"embeddable":true,"href":"https:\/\/lavras.tv\/site\/wp-json\/wp\/v2\/comments?post=46160"}],"version-history":[{"count":1,"href":"https:\/\/lavras.tv\/site\/wp-json\/wp\/v2\/posts\/46160\/revisions"}],"predecessor-version":[{"id":46162,"href":"https:\/\/lavras.tv\/site\/wp-json\/wp\/v2\/posts\/46160\/revisions\/46162"}],"wp:featuredmedia":[{"embeddable":true,"href":"https:\/\/lavras.tv\/site\/wp-json\/wp\/v2\/media\/46161"}],"wp:attachment":[{"href":"https:\/\/lavras.tv\/site\/wp-json\/wp\/v2\/media?parent=46160"}],"wp:term":[{"taxonomy":"category","embeddable":true,"href":"https:\/\/lavras.tv\/site\/wp-json\/wp\/v2\/categories?post=46160"},{"taxonomy":"post_tag","embeddable":true,"href":"https:\/\/lavras.tv\/site\/wp-json\/wp\/v2\/tags?post=46160"}],"curies":[{"name":"wp","href":"https:\/\/api.w.org\/{rel}","templated":true}]}}