{"id":4626,"date":"2016-12-07T08:49:45","date_gmt":"2016-12-07T10:49:45","guid":{"rendered":"http:\/\/lavras.tv\/site\/?p=4626"},"modified":"2016-12-07T08:49:45","modified_gmt":"2016-12-07T10:49:45","slug":"em-livro-tostao-relembra-a-conquista-da-taca-brasil-de-1966","status":"publish","type":"post","link":"https:\/\/lavras.tv\/site\/2016\/12\/07\/em-livro-tostao-relembra-a-conquista-da-taca-brasil-de-1966\/","title":{"rendered":"Em livro, Tost\u00e3o relembra a conquista da Ta\u00e7a Brasil de 1966"},"content":{"rendered":"<div class=\"lavra-antes-do-conteudo_2\" id=\"lavra-556337874\"><div id=\"lavra-slider-27\" class=\"custom-slider lavra-slider-2494232500 lavra-slider\"><ul><li><div style=\"margin-left: auto;margin-right: auto;text-align: center;\" id=\"lavra-675968817\"><a href=\"https:\/\/sistemas.lavras.mg.gov.br\/portalcidadao\/#df1b1a7c7b2a290bcb31e32771e610784662739a88807c0dacac58ede5f391a7530e299dc302d611ee73cb143fc22eaf93592e53e7b5bdb01b00a0b8d28dae460c141dd2ff83412e4dc1c31b16b25f33144a9e5620ea73b13f5bc1c59411d98439ad226e8af03840603796067d87afe130812cf3de24982d0e306f9e61e764e5\" aria-label=\"Lavras-TV&#8211;720x104px (1) (1)\"><img src=\"https:\/\/lavras.tv\/site\/wp-content\/uploads\/2025\/01\/Lavras-TV-720x104px-1-1.png\" alt=\"\"  srcset=\"https:\/\/lavras.tv\/site\/wp-content\/uploads\/2025\/01\/Lavras-TV-720x104px-1-1.png 720w, https:\/\/lavras.tv\/site\/wp-content\/uploads\/2025\/01\/Lavras-TV-720x104px-1-1-470x68.png 470w, https:\/\/lavras.tv\/site\/wp-content\/uploads\/2025\/01\/Lavras-TV-720x104px-1-1-170x25.png 170w, https:\/\/lavras.tv\/site\/wp-content\/uploads\/2025\/01\/Lavras-TV-720x104px-1-1-200x29.png 200w\" sizes=\"(max-width: 720px) 100vw, 720px\" width=\"720\" height=\"104\"  style=\"display: inline-block;\" \/><\/a><\/div><\/li><li><a href=\"https:\/\/sistemas.lavras.mg.gov.br\/portalcidadao\/#df1b1a7c7b2a290bcb31e32771e610784662739a88807c0dacac58ede5f391a7530e299dc302d611ee73cb143fc22eaf93592e53e7b5bdb01b00a0b8d28dae460c141dd2ff83412e4dc1c31b16b25f33144a9e5620ea73b13f5bc1c59411d98439ad226e8af03840603796067d87afe130812cf3de24982d0e306f9e61e764e5\" aria-label=\"Banner_Emprego_PortallavrasTV\"><img src=\"https:\/\/lavras.tv\/site\/wp-content\/uploads\/2025\/03\/Banner_Emprego_PortallavrasTV.png\" alt=\"\"  srcset=\"https:\/\/lavras.tv\/site\/wp-content\/uploads\/2025\/03\/Banner_Emprego_PortallavrasTV.png 720w, https:\/\/lavras.tv\/site\/wp-content\/uploads\/2025\/03\/Banner_Emprego_PortallavrasTV-470x68.png 470w, https:\/\/lavras.tv\/site\/wp-content\/uploads\/2025\/03\/Banner_Emprego_PortallavrasTV-170x25.png 170w, https:\/\/lavras.tv\/site\/wp-content\/uploads\/2025\/03\/Banner_Emprego_PortallavrasTV-200x29.png 200w\" sizes=\"(max-width: 720px) 100vw, 720px\" width=\"720\" height=\"104\"   \/><\/a><\/li><li><a href=\"https:\/\/sistemas.lavras.mg.gov.br\/portalcidadao\/#df1b1a7c7b2a290bcb31e32771e610784662739a88807c0dacac58ede5f391a7530e299dc302d611ee73cb143fc22eaf93592e53e7b5bdb01b00a0b8d28dae460c141dd2ff83412e4dc1c31b16b25f33144a9e5620ea73b13f5bc1c59411d98439ad226e8af03840603796067d87afe130812cf3de24982d0e306f9e61e764e5\" aria-label=\"Banner_Obras_PortallavrasTV\"><img src=\"https:\/\/lavras.tv\/site\/wp-content\/uploads\/2025\/03\/Banner_Obras_PortallavrasTV.png\" alt=\"\"  srcset=\"https:\/\/lavras.tv\/site\/wp-content\/uploads\/2025\/03\/Banner_Obras_PortallavrasTV.png 720w, https:\/\/lavras.tv\/site\/wp-content\/uploads\/2025\/03\/Banner_Obras_PortallavrasTV-470x68.png 470w, https:\/\/lavras.tv\/site\/wp-content\/uploads\/2025\/03\/Banner_Obras_PortallavrasTV-170x25.png 170w, https:\/\/lavras.tv\/site\/wp-content\/uploads\/2025\/03\/Banner_Obras_PortallavrasTV-200x29.png 200w\" sizes=\"(max-width: 720px) 100vw, 720px\" width=\"720\" height=\"104\"   \/><\/a><\/li><li><div style=\"margin-left: auto;margin-right: auto;text-align: center;\" id=\"lavra-115740790\"><a href=\"https:\/\/sistemas.lavras.mg.gov.br\/portalcidadao\/#df1b1a7c7b2a290bcb31e32771e610784662739a88807c0dacac58ede5f391a7530e299dc302d611ee73cb143fc22eaf93592e53e7b5bdb01b00a0b8d28dae460c141dd2ff83412e4dc1c31b16b25f33144a9e5620ea73b13f5bc1c59411d98439ad226e8af03840603796067d87afe130812cf3de24982d0e306f9e61e764e5\" aria-label=\"Banner_Educa\u00e7\u00e3o_PortallavrasTV\"><img src=\"https:\/\/lavras.tv\/site\/wp-content\/uploads\/2025\/01\/Banner_Educacao_PortallavrasTV.png\" alt=\"\"  srcset=\"https:\/\/lavras.tv\/site\/wp-content\/uploads\/2025\/01\/Banner_Educacao_PortallavrasTV.png 720w, https:\/\/lavras.tv\/site\/wp-content\/uploads\/2025\/01\/Banner_Educacao_PortallavrasTV-470x68.png 470w, https:\/\/lavras.tv\/site\/wp-content\/uploads\/2025\/01\/Banner_Educacao_PortallavrasTV-170x25.png 170w, https:\/\/lavras.tv\/site\/wp-content\/uploads\/2025\/01\/Banner_Educacao_PortallavrasTV-200x29.png 200w\" sizes=\"(max-width: 720px) 100vw, 720px\" width=\"720\" height=\"104\"  style=\"display: inline-block;\" \/><\/a><\/div><\/li><li><a href=\"https:\/\/sistemas.lavras.mg.gov.br\/portalcidadao\/#df1b1a7c7b2a290bcb31e32771e610784662739a88807c0dacac58ede5f391a7530e299dc302d611ee73cb143fc22eaf93592e53e7b5bdb01b00a0b8d28dae460c141dd2ff83412e4dc1c31b16b25f33144a9e5620ea73b13f5bc1c59411d98439ad226e8af03840603796067d87afe130812cf3de24982d0e306f9e61e764e5\" aria-label=\"Banner_Sa\u00fade_PortallavrasTV\"><img src=\"https:\/\/lavras.tv\/site\/wp-content\/uploads\/2025\/03\/Banner_Saude_PortallavrasTV.png\" alt=\"\"  srcset=\"https:\/\/lavras.tv\/site\/wp-content\/uploads\/2025\/03\/Banner_Saude_PortallavrasTV.png 720w, https:\/\/lavras.tv\/site\/wp-content\/uploads\/2025\/03\/Banner_Saude_PortallavrasTV-470x68.png 470w, https:\/\/lavras.tv\/site\/wp-content\/uploads\/2025\/03\/Banner_Saude_PortallavrasTV-170x25.png 170w, https:\/\/lavras.tv\/site\/wp-content\/uploads\/2025\/03\/Banner_Saude_PortallavrasTV-200x29.png 200w\" sizes=\"(max-width: 720px) 100vw, 720px\" width=\"720\" height=\"104\"   \/><\/a><\/li><li><div id=\"lavra-2075651715\" style=\"width:720px;height:104px;background-color:#ddd;overflow:scroll;\">\n\t<strong>Sa\u00edda da depura\u00e7\u00e3o de an\u00fancios<\/strong>\n\t<br><br>\n\tO an\u00fancio n\u00e3o \u00e9 exibido na p\u00e1gina<br><br>post atual: Em livro, Tost\u00e3o relembra a conquista da Ta\u00e7a Brasil de 1966, ID: 4626<br><br><span style=\"color: red;\">O post atual n\u00e3o \u00e9 id\u00eantico ao post principal.<\/span><br><br>An\u00fancios: ROXO - TOPO INTERNA - ROTATIVO 2 (197)<br \/>Grupo de an\u00fancios: Princ_Meio01_720x104 (27)<br><br>Condi\u00e7\u00f5es de exibi\u00e7\u00e3o<div style=\"margin-bottom: 20px; white-space: pre-wrap; font-family: monospace; width: 100%; background: #ffe9e9;\"><strong>condi\u00e7\u00f5es gerais<\/strong><table border=\"1\"><thead><tr><th><\/th><th>An\u00fancios<\/th><th>wp_the_query<\/th><\/tr><\/thead><tr><td>is_main_query<\/td><td>1<\/td><td>1<\/td><\/tr><tr><td>is_rest_api<\/td><td>0<\/td><td>1<\/td><\/tr><tr><td>page<\/td><td>0<\/td><td>1<\/td><\/tr><tr><td>numpages<\/td><td>0<\/td><td>1<\/td><\/tr><tr><td>is_archive<\/td><td>1<\/td><td><\/td><\/tr><tr><td>is_search<\/td><td>1<\/td><td><\/td><\/tr><tr><td>is_home<\/td><td>1<\/td><td><\/td><\/tr><tr><td>is_404<\/td><td>1<\/td><td><\/td><\/tr><tr><td>is_attachment<\/td><td>1<\/td><td><\/td><\/tr><tr><td>is_singular<\/td><td>1<\/td><td><\/td><\/tr><tr><td>is_front_page<\/td><td>1<\/td><td><\/td><\/tr><tr><td>is_feed<\/td><td>1<\/td><td><\/td><\/tr><\/table><\/div><br><br><span style=\"color: red;\">Seu site usa HTTPS, mas o c\u00f3digo do an\u00fancio cont\u00e9m HTTP e pode n\u00e3o funcionar.<\/span>\t<br><br>\n\t<a style=\"color: green;\" href=\"https:\/\/wpadvancedads.com\/manual\/ad-debug-mode\/?utm_source=advanced-ads&utm_medium=link&utm_campaign=ad-debug-mode\" target=\"_blank\" rel=\"nofollow\">Encontre solu\u00e7\u00f5es no manual<\/a>\n<\/div>\n<\/li><\/ul><\/div><script>( window.advanced_ads_ready || jQuery( document ).ready ).call( null, function() {var $lavraslider2494232500 = jQuery( \".lavra-slider-2494232500\" );$lavraslider2494232500.on( \"unslider.ready\", function() { jQuery( \"div.custom-slider ul li\" ).css( \"display\", \"block\" ); });$lavraslider2494232500.unslider({ delay:4000, autoplay:true, nav:false, arrows:false, infinite:true });$lavraslider2494232500.on(\"mouseover\", function() {$lavraslider2494232500.unslider(\"stop\");}).on(\"mouseout\", function() {$lavraslider2494232500.unslider(\"start\");});});<\/script><\/div><p>No cap\u00edtulo dedicado \u00e0 Ta\u00e7a Brasil no livro \u201cRei de Copas\u201d, lan\u00e7ado pela Editora Leitura em 2010, a campanha do Cruzeiro foi relembrada por ningu\u00e9m menos que o craque Tost\u00e3o, maior jogador da hist\u00f3ria cruzeirense e destaque do time de 1966.<\/p>\n<p>Leia a seguir, o cap\u00edtulo completo:<\/p>\n<p><strong>A TA\u00c7A BRASIL DE 1966<\/strong><br \/>\n<em>Por Tost\u00e3o<\/em><\/p>\n<p>A caminhada cruzeirense na Ta\u00e7a Brasil de 1966 come\u00e7ou em Campos, contra o Americano, que representava o estado do Rio de Janeiro. O time j\u00e1 come\u00e7ava a chamar a aten\u00e7\u00e3o. A grande estrela era Tost\u00e3o, que naquele ano j\u00e1 tinha defendido a Sele\u00e7\u00e3o Brasileira na Copa do Mundo da Inglaterra. Mas o craque revela que a atra\u00e7\u00e3o no primeiro jogo contra o time fluminense foi outro jogador cruzeirense.<\/p>\n<p>&#8220;Foi um jogo muito esperado pela cidade, por ser oficial, decisivo, v\u00e1lido por um mata-mata. Al\u00e9m disso, o Cruzeiro come\u00e7ava a despertar curiosidade no Brasil, e tamb\u00e9m tinha o Evaldo, que nasceu na cidade, onde jogou e, depois, foi para o Fluminense&#8221;, recorda o camisa 8.<\/p>\n<p>O Americano foi eliminado sem dificuldade, com duas goleadas (4 a 0, em Campos e 6 a 1 em Belo Horizonte), mas a partir das quartas de final o que o Cruzeiro menos encontrou foi facilidade. A vaga na semifinal foi decidida com o Gr\u00eamio &#8211; pelos n\u00fameros, o advers\u00e1rio mais dif\u00edcil de ser superado naquela Ta\u00e7a Brasil.<\/p>\n<p>&#8220;Vencer o Gr\u00eamio sempre foi muito dif\u00edcil, como \u00e9 hoje. Desde aquela \u00e9poca, os times ga\u00fachos jogavam um futebol de mais marca\u00e7\u00e3o. O time do Cruzeiro era formado de jogadores leves, h\u00e1beis e que praticavam um jogo mais vistoso que o Gr\u00eamio. Essa diferen\u00e7a continua at\u00e9 hoje&#8221;, avalia Tost\u00e3o. Os confrontos contra o Gr\u00eamio decidiram o vencedor da chave Centro-Sul, pois a Ta\u00e7a Brasil era regionalizada e ainda contava com a chave Norte-Nordeste.<\/p>\n<p>Pela primeira vez um time mineiro alcan\u00e7ava as semifinais da principal competi\u00e7\u00e3o nacional de clubes. Os dois jogos contra o Fluminense, que j\u00e1 entrava diretamente nessa fase, pela vantagem que os times de Rio de Janeiro e S\u00e3o Paulo carregavam, eram uma fa\u00e7anha e o Cruzeiro passou para a decis\u00e3o sem muita dificuldade. Parece que a ansiedade, pelo momento hist\u00f3rico para o futebol mineiro que o time vivia, foi at\u00e9 mais advers\u00e1ria que a pr\u00f3pria equipe carioca.<\/p>\n<p>&#8220;Todo jogador fica ansioso antes de jogos decisivos. Assim tamb\u00e9m foi na \u00e9poca. Como o futebol mineiro n\u00e3o tinha o prest\u00edgio que tem hoje, havia mais curiosidade sobre o Cruzeiro. Acho que isso tamb\u00e9m nos ajudou&#8221;, afirma Tost\u00e3o. A decis\u00e3o seria contra o Santos, de Pel\u00e9, maior equipe montada por um clube em toda a hist\u00f3ria e que buscava o hexacampeonato da Ta\u00e7a Brasil, pois dominava a competi\u00e7\u00e3o desde 1961.<\/p>\n<p><strong>Leia mais:<\/strong><br \/>\n<a class=\"internal-link\" href=\"http:\/\/hojeemdia.com.br\/esportes\/nova-geografia-t%C3%ADtulo-do-cruzeiro-na-ta%C3%A7a-brasil-de-66-democratizou-o-futebol-brasileiro-1.432488\">Nova geografia: T\u00edtulo do Cruzeiro na Ta\u00e7a Brasil de 66 democratizou o futebol brasileiro<\/a><\/p>\n<p>Apesar do poderio do advers\u00e1rio, recheado de jogadores da Sele\u00e7\u00e3o Brasileira, Tost\u00e3o revela que o Cruzeiro n\u00e3o se sentia inferior: &#8220;O time do Cruzeiro estava t\u00e3o bom que nos fez acreditar que seria poss\u00edvel chegar ao t\u00edtulo. O Cruzeiro tinha uma equipe muto jovem, e veloz, diferentemente do Santos, que j\u00e1 era uma equipe mais lenta e mais cadenciada do que era no in\u00edcio da d\u00e9cada de 1960. Na correria e na habilidade, chegamos ao t\u00edtulo&#8221;.<\/p>\n<p>A grande marca da conquista cruzeirense foi a goleada por 6 a 2, na partida de ida da final, no Mineir\u00e3o. O capit\u00e3o do tri, Carlos Alberto Torres, revelou que aquele foi o maior vexame que passou como jogador. Segundo ele, na palestra antes da partida, Lula (t\u00e9cnico do Santos) tinha falado para os seus jogadores que o Cruzeiro era um time jovem r\u00e1pido, habilidoso e que por isso era para eles segurarem uns 15, 20 minutos, para depois partirem para cima. Com 20 minutos, o placar j\u00e1 era 3 a 0.<\/p>\n<p>&#8220;O Cruzeiro surpreendeu o Santos pela velocidade e habilidade. Sab\u00edamos que tentariam segurar a bola, cadenciar o jogo, n\u00e3o s\u00f3 pela velocidade do Cruzeiro, como tamb\u00e9m porque esse era o estilo do Santos. Entramos com tudo para tentar decidir o jogo logo. Foi o que aconteceu&#8221;, revela Tost\u00e3o.<\/p>\n<p>O primeiro tempo terminou com o placar de 5 a 0 para o Cruzeiro. Mas os dois gols do centroavante Toninho, logo no in\u00edcio da segunda etapa, chegaram a abalar o time cruzeirense, segundo Tost\u00e3o: &#8220;N\u00e3o h\u00e1 d\u00favida de que houve uma apreens\u00e3o normal, ainda mais em se tratando do Santos, quando Toninho fez o segundo gol. O gol de Dirceu Lopes definiu o resultado&#8221;.<\/p>\n<p>Um empate na segunda partida, que foi disputada no Pacaembu, em S\u00e3o Paulo, era suficiente para que o Cruzeiro ficasse com o t\u00edtulo. Uma vit\u00f3ria santista determinaria a disputa de um terceiro jogo. Uma hist\u00f3ria muito contada daquela final \u00e9 a poss\u00edvel ida de Mendon\u00e7a Falc\u00e3o, na \u00e9poca presidente da Federa\u00e7\u00e3o Paulista de Futebol (FPF), ao vesti\u00e1rio do Cruzeiro, no intervalo, quando o placar era de 2 a 0 para o Santos, para tratar do local e data do terceiro confronto. Ele teria sido expulso do local pelo presidente cruzeirense, Fel\u00edcio Brandi.<\/p>\n<p>Tost\u00e3o garante que n\u00e3o tomou conhecimento da visita e que o fato n\u00e3o foi usado para motivar o time: &#8220;N\u00e3o tenho certeza se isso \u00e9 verdade. Ficamos sabendo disso depois do jogo. N\u00e3o me lembro de ter visto Mendon\u00e7a Falc\u00e3o no vesti\u00e1rio, no intervalo do jogo. Nem isso foi usado pelo Cruzeiro para motivar os jogadores, como falam&#8221;.<\/p>\n<p>Independentemente do que aconteceu no vesti\u00e1rio, no intervalo, a verdade \u00e9 que o Cruzeiro voltou para o segundo tempo com uma postura diferente. O time passou a ter o dom\u00ednio do jogo e nem a perda de um p\u00eanalti, por Tost\u00e3o, aos 12 minutos, diminuiu o \u00edmpeto da equipe.<\/p>\n<p>&#8220;Fiquei triste no momento (da perda do p\u00eanalti), mas imediatamente reagi. Quando perdi o p\u00eanalti, o Cruzeiro dominava o jogo e criava muitas situa\u00e7\u00f5es de gol. Por isso, percebi que ainda era poss\u00edvel virar a partida. Logo depois, fiz um gol de falta, quase sem \u00e2ngulo&#8221;, recorda Tost\u00e3o.<\/p>\n<p>Assim como tinha acontecido no primeiro tempo, no jogo do Mineir\u00e3o, o Santos n\u00e3o conseguia segurar o Cruzeiro na segunda etapa, no Pacaembu. &#8220;Chegamos aos 2 a 2, que j\u00e1 eram suficientem para nos dar o t\u00edtulo, mas n\u00e3o nos preocupamos em segurar o resultado, continuamos atacando, j\u00e1 que o Santos estava cansado, perdido, e o Cruzeiro muito bem. Viramos o placar e se tivessem mais cinco ou dez minutos de jogo, far\u00edamos mais gols&#8221;, afirma Tost\u00e3o.<\/p>\n<p>No mesmo ano, Tost\u00e3o chegava \u00e0 Sele\u00e7\u00e3o Brasileira, disputava a sua primeira Copa do Mundo e ganhava o t\u00edtulo brasileiro. Um ano inesquec\u00edvel, que deixa o jogador dividido sobre o que mais lhe deu satisfa\u00e7\u00e3o naquele memor\u00e1vel 1966: &#8220;Dif\u00edcil escolher. No vesti\u00e1rio, ap\u00f3s o t\u00edtulo conquistado, um fot\u00f3grafo colocou uma coroa na minha cabe\u00e7a e bateu a foto. No outro dia, um jornal de \u00e2mbito nacional colocou na primeira p\u00e1gina: &#8220;O novo rei&#8221;. Fiquei constrangido. Senti-me usurpador do trono. Tinha consci\u00eancia do meu lugar. Conto isso para mostrar a import\u00e2ncia que foi o t\u00edtulo para mim e para o Cruzeiro&#8221;.<\/p>\n<p><strong>A CAMPANHA<\/strong><\/p>\n<div class=\"imageWrap w653 align-center\">\n<div class=\"image\"><img decoding=\"async\" class=\"aligncenter\" title=\"Cr\u00e9ditos: arte\" src=\"http:\/\/hojeemdia.com.br\/polopoly_fs\/1.432526!\/image\/image.png_gen\/derivatives\/landscape_653\/image.png\" alt=\"arte\" \/><\/div>\n<div class=\"image\"><\/div>\n<div class=\"image\">Fonte: Hoje em Dia<\/div>\n<\/div>\n","protected":false},"excerpt":{"rendered":"<p>No cap\u00edtulo dedicado \u00e0 Ta\u00e7a Brasil no livro \u201cRei de Copas\u201d, lan\u00e7ado pela Editora Leitura em 2010, a campanha do Cruzeiro foi relembrada por ningu\u00e9m menos que o craque Tost\u00e3o, maior jogador da hist\u00f3ria cruzeirense e destaque do time de 1966. Leia a seguir, o cap\u00edtulo completo: A TA\u00c7A BRASIL DE 1966 Por Tost\u00e3o A [&hellip;]<\/p>\n","protected":false},"author":2,"featured_media":4627,"comment_status":"closed","ping_status":"open","sticky":false,"template":"","format":"standard","meta":{"advgb_blocks_editor_width":"","advgb_blocks_columns_visual_guide":"","_exactmetrics_skip_tracking":false,"_exactmetrics_sitenote_active":false,"_exactmetrics_sitenote_note":"","_exactmetrics_sitenote_category":0,"footnotes":""},"categories":[3],"tags":[908,1742,1743,1741],"class_list":["post-4626","post","type-post","status-publish","format-standard","has-post-thumbnail","hentry","category-esportes","tag-cruzeiro","tag-rei-das-copas","tag-taca-brasil-1966","tag-tostao"],"better_featured_image":{"id":4627,"alt_text":"","caption":"","description":"","media_type":"image","media_details":{"width":653,"height":475,"file":"2016\/12\/tostao.jpg","sizes":{"thumbnail":{"file":"tostao-150x109.jpg","width":150,"height":109,"mime-type":"image\/jpeg","source_url":"https:\/\/lavras.tv\/site\/wp-content\/uploads\/2016\/12\/tostao-150x109.jpg"},"medium":{"file":"tostao-300x218.jpg","width":300,"height":218,"mime-type":"image\/jpeg","source_url":"https:\/\/lavras.tv\/site\/wp-content\/uploads\/2016\/12\/tostao-300x218.jpg"},"featured-slider-img":{"file":"tostao-640x475.jpg","width":640,"height":475,"mime-type":"image\/jpeg","source_url":"https:\/\/lavras.tv\/site\/wp-content\/uploads\/2016\/12\/tostao-640x475.jpg"},"featured-post-img":{"file":"tostao-480x320.jpg","width":480,"height":320,"mime-type":"image\/jpeg","source_url":"https:\/\/lavras.tv\/site\/wp-content\/uploads\/2016\/12\/tostao-480x320.jpg"},"sow-carousel-default":{"file":"tostao-272x182.jpg","width":272,"height":182,"mime-type":"image\/jpeg","source_url":"https:\/\/lavras.tv\/site\/wp-content\/uploads\/2016\/12\/tostao-272x182.jpg"}},"image_meta":{"aperture":"0","credit":"","camera":"","caption":"","created_timestamp":"0","copyright":"","focal_length":"0","iso":"0","shutter_speed":"0","title":"","orientation":"0","keywords":[]}},"post":4626,"source_url":"https:\/\/lavras.tv\/site\/wp-content\/uploads\/2016\/12\/tostao.jpg"},"author_meta":{"display_name":"Lavras TV","author_link":"https:\/\/lavras.tv\/site\/author\/lavrastv\/"},"featured_img":"https:\/\/lavras.tv\/site\/wp-content\/uploads\/2016\/12\/tostao-300x218.jpg","coauthors":[],"tax_additional":{"categories":{"linked":["<a href=\"https:\/\/lavras.tv\/site\/category\/esportes\/\" class=\"advgb-post-tax-term\">Esportes<\/a>"],"unlinked":["<span class=\"advgb-post-tax-term\">Esportes<\/span>"]},"tags":{"linked":["<a href=\"https:\/\/lavras.tv\/site\/category\/esportes\/\" class=\"advgb-post-tax-term\">cruzeiro<\/a>","<a href=\"https:\/\/lavras.tv\/site\/category\/esportes\/\" class=\"advgb-post-tax-term\">rei das copas<\/a>","<a href=\"https:\/\/lavras.tv\/site\/category\/esportes\/\" class=\"advgb-post-tax-term\">ta\u00e7a brasil 1966<\/a>","<a href=\"https:\/\/lavras.tv\/site\/category\/esportes\/\" class=\"advgb-post-tax-term\">tost\u00e3o<\/a>"],"unlinked":["<span class=\"advgb-post-tax-term\">cruzeiro<\/span>","<span class=\"advgb-post-tax-term\">rei das copas<\/span>","<span class=\"advgb-post-tax-term\">ta\u00e7a brasil 1966<\/span>","<span class=\"advgb-post-tax-term\">tost\u00e3o<\/span>"]}},"comment_count":"0","relative_dates":{"created":"Publicado 9 anos atr\u00e1s","modified":"Atualizado 9 anos atr\u00e1s"},"absolute_dates":{"created":"Publicado em 7 de dezembro de 2016","modified":"Atualizado em 7 de dezembro de 2016"},"absolute_dates_time":{"created":"Publicado em 7 de dezembro de 2016 08:49","modified":"Atualizado em 7 de dezembro de 2016 08:49"},"featured_img_caption":"","series_order":"","_links":{"self":[{"href":"https:\/\/lavras.tv\/site\/wp-json\/wp\/v2\/posts\/4626","targetHints":{"allow":["GET"]}}],"collection":[{"href":"https:\/\/lavras.tv\/site\/wp-json\/wp\/v2\/posts"}],"about":[{"href":"https:\/\/lavras.tv\/site\/wp-json\/wp\/v2\/types\/post"}],"author":[{"embeddable":true,"href":"https:\/\/lavras.tv\/site\/wp-json\/wp\/v2\/users\/2"}],"replies":[{"embeddable":true,"href":"https:\/\/lavras.tv\/site\/wp-json\/wp\/v2\/comments?post=4626"}],"version-history":[{"count":1,"href":"https:\/\/lavras.tv\/site\/wp-json\/wp\/v2\/posts\/4626\/revisions"}],"predecessor-version":[{"id":4628,"href":"https:\/\/lavras.tv\/site\/wp-json\/wp\/v2\/posts\/4626\/revisions\/4628"}],"wp:featuredmedia":[{"embeddable":true,"href":"https:\/\/lavras.tv\/site\/wp-json\/wp\/v2\/media\/4627"}],"wp:attachment":[{"href":"https:\/\/lavras.tv\/site\/wp-json\/wp\/v2\/media?parent=4626"}],"wp:term":[{"taxonomy":"category","embeddable":true,"href":"https:\/\/lavras.tv\/site\/wp-json\/wp\/v2\/categories?post=4626"},{"taxonomy":"post_tag","embeddable":true,"href":"https:\/\/lavras.tv\/site\/wp-json\/wp\/v2\/tags?post=4626"}],"curies":[{"name":"wp","href":"https:\/\/api.w.org\/{rel}","templated":true}]}}