{"id":4635,"date":"2016-12-07T09:08:51","date_gmt":"2016-12-07T11:08:51","guid":{"rendered":"http:\/\/lavras.tv\/site\/?p=4635"},"modified":"2016-12-07T09:08:51","modified_gmt":"2016-12-07T11:08:51","slug":"reforma-da-previdencia-preve-aposentadoria-aos-65-anos-e-com-25-de-contribuicao","status":"publish","type":"post","link":"https:\/\/lavras.tv\/site\/2016\/12\/07\/reforma-da-previdencia-preve-aposentadoria-aos-65-anos-e-com-25-de-contribuicao\/","title":{"rendered":"Reforma da Previd\u00eancia prev\u00ea aposentadoria aos 65 anos e com 25 de contribui\u00e7\u00e3o"},"content":{"rendered":"<div class=\"lavra-antes-do-conteudo_2\" id=\"lavra-2434400408\"><div id=\"lavra-slider-27\" class=\"custom-slider lavra-slider-3547107754 lavra-slider\"><ul><li><div style=\"margin-left: auto;margin-right: auto;text-align: center;\" id=\"lavra-1369271741\"><a href=\"https:\/\/sistemas.lavras.mg.gov.br\/portalcidadao\/#df1b1a7c7b2a290bcb31e32771e610784662739a88807c0dacac58ede5f391a7530e299dc302d611ee73cb143fc22eaf93592e53e7b5bdb01b00a0b8d28dae460c141dd2ff83412e4dc1c31b16b25f33144a9e5620ea73b13f5bc1c59411d98439ad226e8af03840603796067d87afe130812cf3de24982d0e306f9e61e764e5\" aria-label=\"Lavras-TV&#8211;720x104px (1) (1)\"><img src=\"https:\/\/lavras.tv\/site\/wp-content\/uploads\/2025\/01\/Lavras-TV-720x104px-1-1.png\" alt=\"\"  srcset=\"https:\/\/lavras.tv\/site\/wp-content\/uploads\/2025\/01\/Lavras-TV-720x104px-1-1.png 720w, https:\/\/lavras.tv\/site\/wp-content\/uploads\/2025\/01\/Lavras-TV-720x104px-1-1-470x68.png 470w, https:\/\/lavras.tv\/site\/wp-content\/uploads\/2025\/01\/Lavras-TV-720x104px-1-1-170x25.png 170w, https:\/\/lavras.tv\/site\/wp-content\/uploads\/2025\/01\/Lavras-TV-720x104px-1-1-200x29.png 200w\" sizes=\"(max-width: 720px) 100vw, 720px\" width=\"720\" height=\"104\"  style=\"display: inline-block;\" \/><\/a><\/div><\/li><li><a href=\"https:\/\/sistemas.lavras.mg.gov.br\/portalcidadao\/#df1b1a7c7b2a290bcb31e32771e610784662739a88807c0dacac58ede5f391a7530e299dc302d611ee73cb143fc22eaf93592e53e7b5bdb01b00a0b8d28dae460c141dd2ff83412e4dc1c31b16b25f33144a9e5620ea73b13f5bc1c59411d98439ad226e8af03840603796067d87afe130812cf3de24982d0e306f9e61e764e5\" aria-label=\"Banner_Emprego_PortallavrasTV\"><img src=\"https:\/\/lavras.tv\/site\/wp-content\/uploads\/2025\/03\/Banner_Emprego_PortallavrasTV.png\" alt=\"\"  srcset=\"https:\/\/lavras.tv\/site\/wp-content\/uploads\/2025\/03\/Banner_Emprego_PortallavrasTV.png 720w, https:\/\/lavras.tv\/site\/wp-content\/uploads\/2025\/03\/Banner_Emprego_PortallavrasTV-470x68.png 470w, https:\/\/lavras.tv\/site\/wp-content\/uploads\/2025\/03\/Banner_Emprego_PortallavrasTV-170x25.png 170w, https:\/\/lavras.tv\/site\/wp-content\/uploads\/2025\/03\/Banner_Emprego_PortallavrasTV-200x29.png 200w\" sizes=\"(max-width: 720px) 100vw, 720px\" width=\"720\" height=\"104\"   \/><\/a><\/li><li><a href=\"https:\/\/sistemas.lavras.mg.gov.br\/portalcidadao\/#df1b1a7c7b2a290bcb31e32771e610784662739a88807c0dacac58ede5f391a7530e299dc302d611ee73cb143fc22eaf93592e53e7b5bdb01b00a0b8d28dae460c141dd2ff83412e4dc1c31b16b25f33144a9e5620ea73b13f5bc1c59411d98439ad226e8af03840603796067d87afe130812cf3de24982d0e306f9e61e764e5\" aria-label=\"Banner_Obras_PortallavrasTV\"><img src=\"https:\/\/lavras.tv\/site\/wp-content\/uploads\/2025\/03\/Banner_Obras_PortallavrasTV.png\" alt=\"\"  srcset=\"https:\/\/lavras.tv\/site\/wp-content\/uploads\/2025\/03\/Banner_Obras_PortallavrasTV.png 720w, https:\/\/lavras.tv\/site\/wp-content\/uploads\/2025\/03\/Banner_Obras_PortallavrasTV-470x68.png 470w, https:\/\/lavras.tv\/site\/wp-content\/uploads\/2025\/03\/Banner_Obras_PortallavrasTV-170x25.png 170w, https:\/\/lavras.tv\/site\/wp-content\/uploads\/2025\/03\/Banner_Obras_PortallavrasTV-200x29.png 200w\" sizes=\"(max-width: 720px) 100vw, 720px\" width=\"720\" height=\"104\"   \/><\/a><\/li><li><div style=\"margin-left: auto;margin-right: auto;text-align: center;\" id=\"lavra-4200857387\"><a href=\"https:\/\/sistemas.lavras.mg.gov.br\/portalcidadao\/#df1b1a7c7b2a290bcb31e32771e610784662739a88807c0dacac58ede5f391a7530e299dc302d611ee73cb143fc22eaf93592e53e7b5bdb01b00a0b8d28dae460c141dd2ff83412e4dc1c31b16b25f33144a9e5620ea73b13f5bc1c59411d98439ad226e8af03840603796067d87afe130812cf3de24982d0e306f9e61e764e5\" aria-label=\"Banner_Educa\u00e7\u00e3o_PortallavrasTV\"><img src=\"https:\/\/lavras.tv\/site\/wp-content\/uploads\/2025\/01\/Banner_Educacao_PortallavrasTV.png\" alt=\"\"  srcset=\"https:\/\/lavras.tv\/site\/wp-content\/uploads\/2025\/01\/Banner_Educacao_PortallavrasTV.png 720w, https:\/\/lavras.tv\/site\/wp-content\/uploads\/2025\/01\/Banner_Educacao_PortallavrasTV-470x68.png 470w, https:\/\/lavras.tv\/site\/wp-content\/uploads\/2025\/01\/Banner_Educacao_PortallavrasTV-170x25.png 170w, https:\/\/lavras.tv\/site\/wp-content\/uploads\/2025\/01\/Banner_Educacao_PortallavrasTV-200x29.png 200w\" sizes=\"(max-width: 720px) 100vw, 720px\" width=\"720\" height=\"104\"  style=\"display: inline-block;\" \/><\/a><\/div><\/li><li><a href=\"https:\/\/sistemas.lavras.mg.gov.br\/portalcidadao\/#df1b1a7c7b2a290bcb31e32771e610784662739a88807c0dacac58ede5f391a7530e299dc302d611ee73cb143fc22eaf93592e53e7b5bdb01b00a0b8d28dae460c141dd2ff83412e4dc1c31b16b25f33144a9e5620ea73b13f5bc1c59411d98439ad226e8af03840603796067d87afe130812cf3de24982d0e306f9e61e764e5\" aria-label=\"Banner_Sa\u00fade_PortallavrasTV\"><img src=\"https:\/\/lavras.tv\/site\/wp-content\/uploads\/2025\/03\/Banner_Saude_PortallavrasTV.png\" alt=\"\"  srcset=\"https:\/\/lavras.tv\/site\/wp-content\/uploads\/2025\/03\/Banner_Saude_PortallavrasTV.png 720w, https:\/\/lavras.tv\/site\/wp-content\/uploads\/2025\/03\/Banner_Saude_PortallavrasTV-470x68.png 470w, https:\/\/lavras.tv\/site\/wp-content\/uploads\/2025\/03\/Banner_Saude_PortallavrasTV-170x25.png 170w, https:\/\/lavras.tv\/site\/wp-content\/uploads\/2025\/03\/Banner_Saude_PortallavrasTV-200x29.png 200w\" sizes=\"(max-width: 720px) 100vw, 720px\" width=\"720\" height=\"104\"   \/><\/a><\/li><li><div id=\"lavra-2650019001\" style=\"width:720px;height:104px;background-color:#ddd;overflow:scroll;\">\n\t<strong>Sa\u00edda da depura\u00e7\u00e3o de an\u00fancios<\/strong>\n\t<br><br>\n\tO an\u00fancio n\u00e3o \u00e9 exibido na p\u00e1gina<br><br>post atual: Reforma da Previd\u00eancia prev\u00ea aposentadoria aos 65 anos e com 25 de contribui\u00e7\u00e3o, ID: 4635<br><br><span style=\"color: red;\">O post atual n\u00e3o \u00e9 id\u00eantico ao post principal.<\/span><br><br>An\u00fancios: ROXO - TOPO INTERNA - ROTATIVO 2 (197)<br \/>Grupo de an\u00fancios: Princ_Meio01_720x104 (27)<br><br>Condi\u00e7\u00f5es de exibi\u00e7\u00e3o<div style=\"margin-bottom: 20px; white-space: pre-wrap; font-family: monospace; width: 100%; background: #ffe9e9;\"><strong>condi\u00e7\u00f5es gerais<\/strong><table border=\"1\"><thead><tr><th><\/th><th>An\u00fancios<\/th><th>wp_the_query<\/th><\/tr><\/thead><tr><td>is_main_query<\/td><td>1<\/td><td>1<\/td><\/tr><tr><td>is_rest_api<\/td><td>0<\/td><td>1<\/td><\/tr><tr><td>page<\/td><td>0<\/td><td>1<\/td><\/tr><tr><td>numpages<\/td><td>0<\/td><td>1<\/td><\/tr><tr><td>is_archive<\/td><td>1<\/td><td><\/td><\/tr><tr><td>is_search<\/td><td>1<\/td><td><\/td><\/tr><tr><td>is_home<\/td><td>1<\/td><td><\/td><\/tr><tr><td>is_404<\/td><td>1<\/td><td><\/td><\/tr><tr><td>is_attachment<\/td><td>1<\/td><td><\/td><\/tr><tr><td>is_singular<\/td><td>1<\/td><td><\/td><\/tr><tr><td>is_front_page<\/td><td>1<\/td><td><\/td><\/tr><tr><td>is_feed<\/td><td>1<\/td><td><\/td><\/tr><\/table><\/div><br><br><span style=\"color: red;\">Seu site usa HTTPS, mas o c\u00f3digo do an\u00fancio cont\u00e9m HTTP e pode n\u00e3o funcionar.<\/span>\t<br><br>\n\t<a style=\"color: green;\" href=\"https:\/\/wpadvancedads.com\/manual\/ad-debug-mode\/?utm_source=advanced-ads&utm_medium=link&utm_campaign=ad-debug-mode\" target=\"_blank\" rel=\"nofollow\">Encontre solu\u00e7\u00f5es no manual<\/a>\n<\/div>\n<\/li><\/ul><\/div><script>( window.advanced_ads_ready || jQuery( document ).ready ).call( null, function() {var $lavraslider3547107754 = jQuery( \".lavra-slider-3547107754\" );$lavraslider3547107754.on( \"unslider.ready\", function() { jQuery( \"div.custom-slider ul li\" ).css( \"display\", \"block\" ); });$lavraslider3547107754.unslider({ delay:4000, autoplay:true, nav:false, arrows:false, infinite:true });$lavraslider3547107754.on(\"mouseover\", function() {$lavraslider3547107754.unslider(\"stop\");}).on(\"mouseout\", function() {$lavraslider3547107754.unslider(\"start\");});});<\/script><\/div><p>O secret\u00e1rio de Previd\u00eancia do Minist\u00e9rio da Fazenda, Marcelo Caetano, anunciou nesta ter\u00e7a-feira que a reforma da Previd\u00eancia enviada ao Congresso Nacional estabelece a idade m\u00ednima de 65 anos para homens e mulheres se aposentarem e tempo m\u00ednimo de contribui\u00e7\u00e3o de 25 anos. Essa regra valer\u00e1 para homens com idade inferior a 50 anos e mulheres com menos de 45 anos.<\/p>\n<p><img fetchpriority=\"high\" decoding=\"async\" class=\"size-full wp-image-4636 aligncenter\" src=\"http:\/\/lavras.tv\/site\/wp-content\/uploads\/2016\/12\/marcelo-c.jpg\" alt=\"marcelo-c\" width=\"600\" height=\"400\" srcset=\"https:\/\/lavras.tv\/site\/wp-content\/uploads\/2016\/12\/marcelo-c.jpg 600w, https:\/\/lavras.tv\/site\/wp-content\/uploads\/2016\/12\/marcelo-c-150x100.jpg 150w, https:\/\/lavras.tv\/site\/wp-content\/uploads\/2016\/12\/marcelo-c-300x200.jpg 300w, https:\/\/lavras.tv\/site\/wp-content\/uploads\/2016\/12\/marcelo-c-480x320.jpg 480w, https:\/\/lavras.tv\/site\/wp-content\/uploads\/2016\/12\/marcelo-c-272x182.jpg 272w\" sizes=\"(max-width: 600px) 100vw, 600px\" \/><\/p>\n<p>O detalhamento da reforma da Previd\u00eancia foi apresentado nesta manh\u00e3 no Pal\u00e1cio do Planalto. Caetano informou que haver\u00e1 um f\u00f3rmula de c\u00e1lculo progressiva e proporcional ao tempo de contribui\u00e7\u00e3o, sendo que as aposentadorias n\u00e3o ser\u00e3o inferiores a um sal\u00e1rio m\u00ednimo.<\/p>\n<p>Atualmente, as mulheres podem pedir a aposentadoria com 30 anos de contribui\u00e7\u00e3o e os homens, ap\u00f3s 35 anos de trabalho. Para receber o benef\u00edcio integral, \u00e9 preciso atingir a f\u00f3rmula 85 (mulheres) e 95 (homens), que \u00e9 a soma da idade e do tempo de contribui\u00e7\u00e3o.<\/p>\n<p>Embora a idade m\u00ednima seja de 65 anos na proposta, a regra poder\u00e1 ser alterada automaticamente a depender a expectativa de vida do brasileiro, elevando assim esse teto m\u00ednimo, segundo Caetano. O Instituto Brasileiro de Geografia e Estat\u00edstica (IBGE) publica esses dados periodicamente.<\/p>\n<p>&#8220;Sobre regra permanente, em vez de fazer v\u00e1rias reformas em fun\u00e7\u00e3o do avan\u00e7o da demografia, a PEC prev\u00ea uma possibilidade de ajuste autom\u00e1tico para a idade de 65 anos. Se a expectativa de vida das pessoas come\u00e7a a crescer, com o passar do tempo a idade da aposentadoria cresce junto. A periodicidade do ajuste depende da velocidade demogr\u00e1fica. De acordo com o [dado] atual, at\u00e9 2060 deve haver dois ajustes&#8221;, disse Marcelo Caetano.<\/p>\n<p>No caso do servi\u00e7o p\u00fablico, todos os estados ter\u00e3o que ter um fundo de previd\u00eancia complementar, como j\u00e1 existe no governo federal, em S\u00e3o Paulo e no Rio de Janeiro, por exemplo. Se algu\u00e9m quiser receber acima do teto do regime geral, ter\u00e1 que usar os recursos desse fundo. O prazo \u00e9 de dois anos para a implementa\u00e7\u00e3o.<\/p>\n<p>O governo tamb\u00e9m acrescentou nas propostas para a redu\u00e7\u00e3o das despesas previdenci\u00e1rias a cria\u00e7\u00e3o de uma Lei de Responsabilidade Previdenci\u00e1ria, o fim das isen\u00e7\u00f5es das contribui\u00e7\u00f5es previdenci\u00e1rias sobre as receitas decorrentes das exporta\u00e7\u00f5es e uma \u00fanica gest\u00e3o da Previd\u00eancia por ente federativo. O Marcelo Caetano fez quest\u00e3o de frisar a todo momento que as propostas dependem de aprova\u00e7\u00e3o do Congresso Nacional.<\/p>\n<p><strong>Direitos adquiridos<\/strong><\/p>\n<p>Caetano garantiu que a reforma respeitar\u00e1 os direitos adquiridos pelos trabalhadores. Segundo ele, mesmo as pessoas que n\u00e3o se aposentaram, mas que completarem as condi\u00e7\u00f5es durante o processo de tramita\u00e7\u00e3o da PEC, n\u00e3o ser\u00e3o prejudicadas, porque valer\u00e1 a data de promulga\u00e7\u00e3o. \u201cSe um homem completa 35 anos de contribui\u00e7\u00e3o ao longo da tramita\u00e7\u00e3o da PEC, s\u00f3 depois que a reforma for promulgada passam a valer as novas regras\u201d, disse.<\/p>\n<p>Para o secret\u00e1rio, a proposta \u00e9 fundamental para o pa\u00eds e feita para durar muitos anos, sem necessitar de outras reformas ao longo do tempo.<\/p>\n<p><strong>Di\u00e1rio Oficial<\/strong><\/p>\n<p>A mensagem do presidente Temer que encaminhou a reforma ao Congresso foi publicada no Di\u00e1rio Oficial desta ter\u00e7a-feira (6).<\/p>\n<p>A reforma da Previd\u00eancia \u00e9 uma das principais apostas do governo federal para equilibrar as contas p\u00fablicas. Em algumas oportunidades, o ministro-chefe da Casa Civil, Eliseu Padilha, disse que o d\u00e9ficit da Previd\u00eancia em 2016 estava estimado em R$ 146 bilh\u00f5es e que, se nada for feito, poder\u00e1 ficar entre R$ 180 bilh\u00f5es e R$ 200 bilh\u00f5es em 2017.<\/p>\n<p>Uma das dificuldades para a conclus\u00e3o da proposta apresentada pelo Executivo foi a disparidade de expectativas de vida entre as regi\u00f5es ou os estados brasileiros. De acordo com o IBGE, h\u00e1, por exemplo, uma diferen\u00e7a de 8,4 anos entre a expectativa de vida em Santa Catarina (79 anos) e no Maranh\u00e3o (70,6 anos). Na Regi\u00e3o Sul, a expectativa de vida (77,8 anos) \u00e9 a maior do pa\u00eds. No Nordeste, ela \u00e9 de 73 anos; e na Regi\u00e3o Norte, a mais baixa, o tempo m\u00e9dio de vida dos brasileiros \u00e9 72,2 anos.<\/p>\n<p>Fonte: Itatiaia<\/p>\n","protected":false},"excerpt":{"rendered":"<p>O secret\u00e1rio de Previd\u00eancia do Minist\u00e9rio da Fazenda, Marcelo Caetano, anunciou nesta ter\u00e7a-feira que a reforma da Previd\u00eancia enviada ao Congresso Nacional estabelece a idade m\u00ednima de 65 anos para homens e mulheres se aposentarem e tempo m\u00ednimo de contribui\u00e7\u00e3o de 25 anos. Essa regra valer\u00e1 para homens com idade inferior a 50 anos e [&hellip;]<\/p>\n","protected":false},"author":2,"featured_media":4636,"comment_status":"closed","ping_status":"open","sticky":false,"template":"","format":"standard","meta":{"advgb_blocks_editor_width":"","advgb_blocks_columns_visual_guide":"","_exactmetrics_skip_tracking":false,"_exactmetrics_sitenote_active":false,"_exactmetrics_sitenote_note":"","_exactmetrics_sitenote_category":0,"footnotes":""},"categories":[12],"tags":[1747,1748],"class_list":["post-4635","post","type-post","status-publish","format-standard","has-post-thumbnail","hentry","category-politica","tag-aposentadoria","tag-novas-regras"],"better_featured_image":{"id":4636,"alt_text":"","caption":"","description":"","media_type":"image","media_details":{"width":600,"height":400,"file":"2016\/12\/marcelo-c.jpg","sizes":{"thumbnail":{"file":"marcelo-c-150x100.jpg","width":150,"height":100,"mime-type":"image\/jpeg","source_url":"https:\/\/lavras.tv\/site\/wp-content\/uploads\/2016\/12\/marcelo-c-150x100.jpg"},"medium":{"file":"marcelo-c-300x200.jpg","width":300,"height":200,"mime-type":"image\/jpeg","source_url":"https:\/\/lavras.tv\/site\/wp-content\/uploads\/2016\/12\/marcelo-c-300x200.jpg"},"featured-post-img":{"file":"marcelo-c-480x320.jpg","width":480,"height":320,"mime-type":"image\/jpeg","source_url":"https:\/\/lavras.tv\/site\/wp-content\/uploads\/2016\/12\/marcelo-c-480x320.jpg"},"sow-carousel-default":{"file":"marcelo-c-272x182.jpg","width":272,"height":182,"mime-type":"image\/jpeg","source_url":"https:\/\/lavras.tv\/site\/wp-content\/uploads\/2016\/12\/marcelo-c-272x182.jpg"}},"image_meta":{"aperture":"0","credit":"","camera":"","caption":"","created_timestamp":"0","copyright":"","focal_length":"0","iso":"0","shutter_speed":"0","title":"","orientation":"0","keywords":[]}},"post":4635,"source_url":"https:\/\/lavras.tv\/site\/wp-content\/uploads\/2016\/12\/marcelo-c.jpg"},"author_meta":{"display_name":"Lavras TV","author_link":"https:\/\/lavras.tv\/site\/author\/lavrastv\/"},"featured_img":"https:\/\/lavras.tv\/site\/wp-content\/uploads\/2016\/12\/marcelo-c-300x200.jpg","coauthors":[],"tax_additional":{"categories":{"linked":["<a href=\"https:\/\/lavras.tv\/site\/category\/politica\/\" class=\"advgb-post-tax-term\">Pol\u00edtica<\/a>"],"unlinked":["<span class=\"advgb-post-tax-term\">Pol\u00edtica<\/span>"]},"tags":{"linked":["<a href=\"https:\/\/lavras.tv\/site\/category\/politica\/\" class=\"advgb-post-tax-term\">aposentadoria<\/a>","<a href=\"https:\/\/lavras.tv\/site\/category\/politica\/\" class=\"advgb-post-tax-term\">novas regras<\/a>"],"unlinked":["<span class=\"advgb-post-tax-term\">aposentadoria<\/span>","<span class=\"advgb-post-tax-term\">novas regras<\/span>"]}},"comment_count":"0","relative_dates":{"created":"Publicado 9 anos atr\u00e1s","modified":"Atualizado 9 anos atr\u00e1s"},"absolute_dates":{"created":"Publicado em 7 de dezembro de 2016","modified":"Atualizado em 7 de dezembro de 2016"},"absolute_dates_time":{"created":"Publicado em 7 de dezembro de 2016 09:08","modified":"Atualizado em 7 de dezembro de 2016 09:08"},"featured_img_caption":"","series_order":"","_links":{"self":[{"href":"https:\/\/lavras.tv\/site\/wp-json\/wp\/v2\/posts\/4635","targetHints":{"allow":["GET"]}}],"collection":[{"href":"https:\/\/lavras.tv\/site\/wp-json\/wp\/v2\/posts"}],"about":[{"href":"https:\/\/lavras.tv\/site\/wp-json\/wp\/v2\/types\/post"}],"author":[{"embeddable":true,"href":"https:\/\/lavras.tv\/site\/wp-json\/wp\/v2\/users\/2"}],"replies":[{"embeddable":true,"href":"https:\/\/lavras.tv\/site\/wp-json\/wp\/v2\/comments?post=4635"}],"version-history":[{"count":1,"href":"https:\/\/lavras.tv\/site\/wp-json\/wp\/v2\/posts\/4635\/revisions"}],"predecessor-version":[{"id":4637,"href":"https:\/\/lavras.tv\/site\/wp-json\/wp\/v2\/posts\/4635\/revisions\/4637"}],"wp:featuredmedia":[{"embeddable":true,"href":"https:\/\/lavras.tv\/site\/wp-json\/wp\/v2\/media\/4636"}],"wp:attachment":[{"href":"https:\/\/lavras.tv\/site\/wp-json\/wp\/v2\/media?parent=4635"}],"wp:term":[{"taxonomy":"category","embeddable":true,"href":"https:\/\/lavras.tv\/site\/wp-json\/wp\/v2\/categories?post=4635"},{"taxonomy":"post_tag","embeddable":true,"href":"https:\/\/lavras.tv\/site\/wp-json\/wp\/v2\/tags?post=4635"}],"curies":[{"name":"wp","href":"https:\/\/api.w.org\/{rel}","templated":true}]}}