{"id":46378,"date":"2019-11-13T10:05:53","date_gmt":"2019-11-13T13:05:53","guid":{"rendered":"http:\/\/lavras.tv\/site\/?p=46378"},"modified":"2019-11-13T10:05:56","modified_gmt":"2019-11-13T13:05:56","slug":"bolsonaro-anuncia-a-aliados-saida-do-psl-e-a-criacao-de-um-novo-partido","status":"publish","type":"post","link":"https:\/\/lavras.tv\/site\/2019\/11\/13\/bolsonaro-anuncia-a-aliados-saida-do-psl-e-a-criacao-de-um-novo-partido\/","title":{"rendered":"Bolsonaro anuncia a aliados sa\u00edda do PSL e a cria\u00e7\u00e3o de um novo partido"},"content":{"rendered":"<div class=\"lavra-antes-do-conteudo_2\" id=\"lavra-1582008282\"><div id=\"lavra-slider-27\" class=\"custom-slider lavra-slider-3670583677 lavra-slider\"><ul><li><div style=\"margin-left: auto;margin-right: auto;text-align: center;\" id=\"lavra-1330432805\"><a href=\"https:\/\/sistemas.lavras.mg.gov.br\/portalcidadao\/#df1b1a7c7b2a290bcb31e32771e610784662739a88807c0dacac58ede5f391a7530e299dc302d611ee73cb143fc22eaf93592e53e7b5bdb01b00a0b8d28dae460c141dd2ff83412e4dc1c31b16b25f33144a9e5620ea73b13f5bc1c59411d98439ad226e8af03840603796067d87afe130812cf3de24982d0e306f9e61e764e5\" aria-label=\"Lavras-TV&#8211;720x104px (1) (1)\"><img src=\"https:\/\/lavras.tv\/site\/wp-content\/uploads\/2025\/01\/Lavras-TV-720x104px-1-1.png\" alt=\"\"  srcset=\"https:\/\/lavras.tv\/site\/wp-content\/uploads\/2025\/01\/Lavras-TV-720x104px-1-1.png 720w, https:\/\/lavras.tv\/site\/wp-content\/uploads\/2025\/01\/Lavras-TV-720x104px-1-1-470x68.png 470w, https:\/\/lavras.tv\/site\/wp-content\/uploads\/2025\/01\/Lavras-TV-720x104px-1-1-170x25.png 170w, https:\/\/lavras.tv\/site\/wp-content\/uploads\/2025\/01\/Lavras-TV-720x104px-1-1-200x29.png 200w\" sizes=\"(max-width: 720px) 100vw, 720px\" width=\"720\" height=\"104\"  style=\"display: inline-block;\" \/><\/a><\/div><\/li><li><a href=\"https:\/\/sistemas.lavras.mg.gov.br\/portalcidadao\/#df1b1a7c7b2a290bcb31e32771e610784662739a88807c0dacac58ede5f391a7530e299dc302d611ee73cb143fc22eaf93592e53e7b5bdb01b00a0b8d28dae460c141dd2ff83412e4dc1c31b16b25f33144a9e5620ea73b13f5bc1c59411d98439ad226e8af03840603796067d87afe130812cf3de24982d0e306f9e61e764e5\" aria-label=\"Banner_Emprego_PortallavrasTV\"><img src=\"https:\/\/lavras.tv\/site\/wp-content\/uploads\/2025\/03\/Banner_Emprego_PortallavrasTV.png\" alt=\"\"  srcset=\"https:\/\/lavras.tv\/site\/wp-content\/uploads\/2025\/03\/Banner_Emprego_PortallavrasTV.png 720w, https:\/\/lavras.tv\/site\/wp-content\/uploads\/2025\/03\/Banner_Emprego_PortallavrasTV-470x68.png 470w, https:\/\/lavras.tv\/site\/wp-content\/uploads\/2025\/03\/Banner_Emprego_PortallavrasTV-170x25.png 170w, https:\/\/lavras.tv\/site\/wp-content\/uploads\/2025\/03\/Banner_Emprego_PortallavrasTV-200x29.png 200w\" sizes=\"(max-width: 720px) 100vw, 720px\" width=\"720\" height=\"104\"   \/><\/a><\/li><li><a href=\"https:\/\/sistemas.lavras.mg.gov.br\/portalcidadao\/#df1b1a7c7b2a290bcb31e32771e610784662739a88807c0dacac58ede5f391a7530e299dc302d611ee73cb143fc22eaf93592e53e7b5bdb01b00a0b8d28dae460c141dd2ff83412e4dc1c31b16b25f33144a9e5620ea73b13f5bc1c59411d98439ad226e8af03840603796067d87afe130812cf3de24982d0e306f9e61e764e5\" aria-label=\"Banner_Obras_PortallavrasTV\"><img src=\"https:\/\/lavras.tv\/site\/wp-content\/uploads\/2025\/03\/Banner_Obras_PortallavrasTV.png\" alt=\"\"  srcset=\"https:\/\/lavras.tv\/site\/wp-content\/uploads\/2025\/03\/Banner_Obras_PortallavrasTV.png 720w, https:\/\/lavras.tv\/site\/wp-content\/uploads\/2025\/03\/Banner_Obras_PortallavrasTV-470x68.png 470w, https:\/\/lavras.tv\/site\/wp-content\/uploads\/2025\/03\/Banner_Obras_PortallavrasTV-170x25.png 170w, https:\/\/lavras.tv\/site\/wp-content\/uploads\/2025\/03\/Banner_Obras_PortallavrasTV-200x29.png 200w\" sizes=\"(max-width: 720px) 100vw, 720px\" width=\"720\" height=\"104\"   \/><\/a><\/li><li><div style=\"margin-left: auto;margin-right: auto;text-align: center;\" id=\"lavra-2208270209\"><a href=\"https:\/\/sistemas.lavras.mg.gov.br\/portalcidadao\/#df1b1a7c7b2a290bcb31e32771e610784662739a88807c0dacac58ede5f391a7530e299dc302d611ee73cb143fc22eaf93592e53e7b5bdb01b00a0b8d28dae460c141dd2ff83412e4dc1c31b16b25f33144a9e5620ea73b13f5bc1c59411d98439ad226e8af03840603796067d87afe130812cf3de24982d0e306f9e61e764e5\" aria-label=\"Banner_Educa\u00e7\u00e3o_PortallavrasTV\"><img src=\"https:\/\/lavras.tv\/site\/wp-content\/uploads\/2025\/01\/Banner_Educacao_PortallavrasTV.png\" alt=\"\"  srcset=\"https:\/\/lavras.tv\/site\/wp-content\/uploads\/2025\/01\/Banner_Educacao_PortallavrasTV.png 720w, https:\/\/lavras.tv\/site\/wp-content\/uploads\/2025\/01\/Banner_Educacao_PortallavrasTV-470x68.png 470w, https:\/\/lavras.tv\/site\/wp-content\/uploads\/2025\/01\/Banner_Educacao_PortallavrasTV-170x25.png 170w, https:\/\/lavras.tv\/site\/wp-content\/uploads\/2025\/01\/Banner_Educacao_PortallavrasTV-200x29.png 200w\" sizes=\"(max-width: 720px) 100vw, 720px\" width=\"720\" height=\"104\"  style=\"display: inline-block;\" \/><\/a><\/div><\/li><li><a href=\"https:\/\/sistemas.lavras.mg.gov.br\/portalcidadao\/#df1b1a7c7b2a290bcb31e32771e610784662739a88807c0dacac58ede5f391a7530e299dc302d611ee73cb143fc22eaf93592e53e7b5bdb01b00a0b8d28dae460c141dd2ff83412e4dc1c31b16b25f33144a9e5620ea73b13f5bc1c59411d98439ad226e8af03840603796067d87afe130812cf3de24982d0e306f9e61e764e5\" aria-label=\"Banner_Sa\u00fade_PortallavrasTV\"><img src=\"https:\/\/lavras.tv\/site\/wp-content\/uploads\/2025\/03\/Banner_Saude_PortallavrasTV.png\" alt=\"\"  srcset=\"https:\/\/lavras.tv\/site\/wp-content\/uploads\/2025\/03\/Banner_Saude_PortallavrasTV.png 720w, https:\/\/lavras.tv\/site\/wp-content\/uploads\/2025\/03\/Banner_Saude_PortallavrasTV-470x68.png 470w, https:\/\/lavras.tv\/site\/wp-content\/uploads\/2025\/03\/Banner_Saude_PortallavrasTV-170x25.png 170w, https:\/\/lavras.tv\/site\/wp-content\/uploads\/2025\/03\/Banner_Saude_PortallavrasTV-200x29.png 200w\" sizes=\"(max-width: 720px) 100vw, 720px\" width=\"720\" height=\"104\"   \/><\/a><\/li><li><div id=\"lavra-813068268\" style=\"width:720px;height:104px;background-color:#ddd;overflow:scroll;\">\n\t<strong>Sa\u00edda da depura\u00e7\u00e3o de an\u00fancios<\/strong>\n\t<br><br>\n\tO an\u00fancio n\u00e3o \u00e9 exibido na p\u00e1gina<br><br>post atual: Bolsonaro anuncia a aliados sa\u00edda do PSL e a cria\u00e7\u00e3o de um novo partido, ID: 46378<br><br><span style=\"color: red;\">O post atual n\u00e3o \u00e9 id\u00eantico ao post principal.<\/span><br><br>An\u00fancios: ROXO - TOPO INTERNA - ROTATIVO 2 (197)<br \/>Grupo de an\u00fancios: Princ_Meio01_720x104 (27)<br><br>Condi\u00e7\u00f5es de exibi\u00e7\u00e3o<div style=\"margin-bottom: 20px; white-space: pre-wrap; font-family: monospace; width: 100%; background: #ffe9e9;\"><strong>condi\u00e7\u00f5es gerais<\/strong><table border=\"1\"><thead><tr><th><\/th><th>An\u00fancios<\/th><th>wp_the_query<\/th><\/tr><\/thead><tr><td>is_main_query<\/td><td>1<\/td><td>1<\/td><\/tr><tr><td>is_rest_api<\/td><td>0<\/td><td>1<\/td><\/tr><tr><td>page<\/td><td>0<\/td><td>1<\/td><\/tr><tr><td>numpages<\/td><td>0<\/td><td>1<\/td><\/tr><tr><td>is_archive<\/td><td>1<\/td><td><\/td><\/tr><tr><td>is_search<\/td><td>1<\/td><td><\/td><\/tr><tr><td>is_home<\/td><td>1<\/td><td><\/td><\/tr><tr><td>is_404<\/td><td>1<\/td><td><\/td><\/tr><tr><td>is_attachment<\/td><td>1<\/td><td><\/td><\/tr><tr><td>is_singular<\/td><td>1<\/td><td><\/td><\/tr><tr><td>is_front_page<\/td><td>1<\/td><td><\/td><\/tr><tr><td>is_feed<\/td><td>1<\/td><td><\/td><\/tr><\/table><\/div><br><br><span style=\"color: red;\">Seu site usa HTTPS, mas o c\u00f3digo do an\u00fancio cont\u00e9m HTTP e pode n\u00e3o funcionar.<\/span>\t<br><br>\n\t<a style=\"color: green;\" href=\"https:\/\/wpadvancedads.com\/manual\/ad-debug-mode\/?utm_source=advanced-ads&utm_medium=link&utm_campaign=ad-debug-mode\" target=\"_blank\" rel=\"nofollow\">Encontre solu\u00e7\u00f5es no manual<\/a>\n<\/div>\n<\/li><\/ul><\/div><script>( window.advanced_ads_ready || jQuery( document ).ready ).call( null, function() {var $lavraslider3670583677 = jQuery( \".lavra-slider-3670583677\" );$lavraslider3670583677.on( \"unslider.ready\", function() { jQuery( \"div.custom-slider ul li\" ).css( \"display\", \"block\" ); });$lavraslider3670583677.unslider({ delay:4000, autoplay:true, nav:false, arrows:false, infinite:true });$lavraslider3670583677.on(\"mouseover\", function() {$lavraslider3670583677.unslider(\"stop\");}).on(\"mouseout\", function() {$lavraslider3670583677.unslider(\"start\");});});<\/script><\/div>\n<p> O presidente Jair Bolsonaro (PSL) anunciou nesta ter\u00e7a-feira, 12, a aliados que vai deixar o PSL e que vai trabalhar para criar um novo partido, chamado Alian\u00e7a pelo Brasil. A informa\u00e7\u00e3o foi dada por deputados que articiparam de reuni\u00e3o no Pal\u00e1cio do Planalto com o presidente. <\/p>\n\n\n\n<p>\n\nA deputada Bia Kicis (PSL-DF) disse esperar que Bolsonaro presida o novo partido. Segundo ela, a primeira conven\u00e7\u00e3o da sigla ser\u00e1 realizada em 21 de novembro. Ainda de acordo com ela, o senador Fl\u00e1vio Bolsonaro (PSL-RJ) sair\u00e1 de imediato do partido.<\/p>\n\n\n\n<p>O deputado Daniel Silveira (PSL-RJ) afirmou que a ideia dos deputados \u00e9 permanecer no PSL at\u00e9 que a cria\u00e7\u00e3o da nova legenda seja formalizada.<\/p>\n\n\n\n<p>Os advogados de Bolsonaro estimam que v\u00e3o conseguir entregar, at\u00e9 mar\u00e7o do ano que vem, as cerca de 500 mil assinaturas exigidas pelo Tribunal Superior Eleitoral (TSE) para cria\u00e7\u00e3o de nova sigla. A ideia \u00e9 viabilizar o partido a tempo de lan\u00e7ar candidatos \u00e0s elei\u00e7\u00f5es municipais de 2020, o que exige aprova\u00e7\u00e3o na corte eleitoral at\u00e9 abril.<\/p>\n\n\n\n<div class=\"wp-block-image\"><figure class=\"aligncenter\"><img fetchpriority=\"high\" decoding=\"async\" width=\"754\" height=\"502\" src=\"http:\/\/lavras.tv\/site\/wp-content\/uploads\/2019\/02\/bolsonaro-2.jpg\" alt=\"\" class=\"wp-image-19837\" srcset=\"https:\/\/lavras.tv\/site\/wp-content\/uploads\/2019\/02\/bolsonaro-2.jpg 754w, https:\/\/lavras.tv\/site\/wp-content\/uploads\/2019\/02\/bolsonaro-2-150x100.jpg 150w, https:\/\/lavras.tv\/site\/wp-content\/uploads\/2019\/02\/bolsonaro-2-300x200.jpg 300w, https:\/\/lavras.tv\/site\/wp-content\/uploads\/2019\/02\/bolsonaro-2-480x320.jpg 480w, https:\/\/lavras.tv\/site\/wp-content\/uploads\/2019\/02\/bolsonaro-2-272x182.jpg 272w\" sizes=\"(max-width: 754px) 100vw, 754px\" \/><\/figure><\/div>\n\n\n\n<p>O TSE ainda n\u00e3o confirmou, &#8220;mas vai&#8221; permitir, de acordo com o deputado Daniel Silveira, que a coleta das assinaturas necess\u00e1rias seja feita por meio de um aplicativo para dispositivos m\u00f3veis.<\/p>\n\n\n\n<p>A disputa interna do PSL veio \u00e0 tona em 8 de outubro. Naquele dia, na porta do Pal\u00e1cio da Alvorada, Bolsonaro criticou o presidente do partido, Luciano Bivar (PE), a um pr\u00e9-candidato a vereador do Recife (PE).<\/p>\n\n\n\n<p>&#8220;O cara (Bivar) est\u00e1 queimado para caramba l\u00e1. Vai queimar o meu filme tamb\u00e9m. Esquece esse cara, esquece o partido&#8221;, prosseguiu. A partir da\u00ed, houve uma s\u00e9rie de farpas trocadas entre os dois grupos antag\u00f4nicos que se formaram entre os correligion\u00e1rios. <\/p>\n\n\n\n<p>Fonte: Hoje em Dia<\/p>\n","protected":false},"excerpt":{"rendered":"<p>O presidente Jair Bolsonaro (PSL) anunciou nesta ter\u00e7a-feira, 12, a aliados que vai deixar o PSL e que vai trabalhar para criar um novo partido, chamado Alian\u00e7a pelo Brasil. A informa\u00e7\u00e3o foi dada por deputados que articiparam de reuni\u00e3o no Pal\u00e1cio do Planalto com o presidente. A deputada Bia Kicis (PSL-DF) disse esperar que Bolsonaro [&hellip;]<\/p>\n","protected":false},"author":2,"featured_media":19837,"comment_status":"closed","ping_status":"open","sticky":false,"template":"","format":"standard","meta":{"advgb_blocks_editor_width":"","advgb_blocks_columns_visual_guide":"","_exactmetrics_skip_tracking":false,"_exactmetrics_sitenote_active":false,"_exactmetrics_sitenote_note":"","_exactmetrics_sitenote_category":0,"footnotes":""},"categories":[7,2,12],"tags":[],"class_list":["post-46378","post","type-post","status-publish","format-standard","has-post-thumbnail","hentry","category-destaques","category-noticias","category-politica"],"better_featured_image":{"id":19837,"alt_text":"","caption":"","description":"","media_type":"image","media_details":{"width":754,"height":502,"file":"2019\/02\/bolsonaro-2.jpg","sizes":{"thumbnail":{"file":"bolsonaro-2-150x100.jpg","width":150,"height":100,"mime-type":"image\/jpeg","source_url":"https:\/\/lavras.tv\/site\/wp-content\/uploads\/2019\/02\/bolsonaro-2-150x100.jpg"},"medium":{"file":"bolsonaro-2-300x200.jpg","width":300,"height":200,"mime-type":"image\/jpeg","source_url":"https:\/\/lavras.tv\/site\/wp-content\/uploads\/2019\/02\/bolsonaro-2-300x200.jpg"},"featured-slider-img":{"file":"bolsonaro-2-640x480.jpg","width":640,"height":480,"mime-type":"image\/jpeg","source_url":"https:\/\/lavras.tv\/site\/wp-content\/uploads\/2019\/02\/bolsonaro-2-640x480.jpg"},"featured-post-img":{"file":"bolsonaro-2-480x320.jpg","width":480,"height":320,"mime-type":"image\/jpeg","source_url":"https:\/\/lavras.tv\/site\/wp-content\/uploads\/2019\/02\/bolsonaro-2-480x320.jpg"},"sow-carousel-default":{"file":"bolsonaro-2-272x182.jpg","width":272,"height":182,"mime-type":"image\/jpeg","source_url":"https:\/\/lavras.tv\/site\/wp-content\/uploads\/2019\/02\/bolsonaro-2-272x182.jpg"}},"image_meta":{"aperture":"4","credit":"Marcelo Camargo\/Ag\u00eancia Brasil","camera":"NIKON D4","caption":"O presidente Jair Bolsonaro durante cerim\u00f4nia de assinatura do decreto que flexibiliza a posse de armas no pa\u00eds.","created_timestamp":"1547550883","copyright":"Agencia Brasil","focal_length":"600","iso":"2000","shutter_speed":"0.005","title":"","orientation":"1","keywords":[]}},"post":19835,"source_url":"https:\/\/lavras.tv\/site\/wp-content\/uploads\/2019\/02\/bolsonaro-2.jpg"},"author_meta":{"display_name":"Lavras TV","author_link":"https:\/\/lavras.tv\/site\/author\/lavrastv\/"},"featured_img":"https:\/\/lavras.tv\/site\/wp-content\/uploads\/2019\/02\/bolsonaro-2-300x200.jpg","coauthors":[],"tax_additional":{"categories":{"linked":["<a href=\"https:\/\/lavras.tv\/site\/category\/destaques\/\" class=\"advgb-post-tax-term\">Destaques<\/a>","<a href=\"https:\/\/lavras.tv\/site\/category\/noticias\/\" class=\"advgb-post-tax-term\">Not\u00edcias<\/a>","<a href=\"https:\/\/lavras.tv\/site\/category\/politica\/\" class=\"advgb-post-tax-term\">Pol\u00edtica<\/a>"],"unlinked":["<span class=\"advgb-post-tax-term\">Destaques<\/span>","<span class=\"advgb-post-tax-term\">Not\u00edcias<\/span>","<span class=\"advgb-post-tax-term\">Pol\u00edtica<\/span>"]}},"comment_count":"0","relative_dates":{"created":"Publicado 6 anos atr\u00e1s","modified":"Atualizado 6 anos atr\u00e1s"},"absolute_dates":{"created":"Publicado em 13 de novembro de 2019","modified":"Atualizado em 13 de novembro de 2019"},"absolute_dates_time":{"created":"Publicado em 13 de novembro de 2019 10:05","modified":"Atualizado em 13 de novembro de 2019 10:05"},"featured_img_caption":"","series_order":"","_links":{"self":[{"href":"https:\/\/lavras.tv\/site\/wp-json\/wp\/v2\/posts\/46378","targetHints":{"allow":["GET"]}}],"collection":[{"href":"https:\/\/lavras.tv\/site\/wp-json\/wp\/v2\/posts"}],"about":[{"href":"https:\/\/lavras.tv\/site\/wp-json\/wp\/v2\/types\/post"}],"author":[{"embeddable":true,"href":"https:\/\/lavras.tv\/site\/wp-json\/wp\/v2\/users\/2"}],"replies":[{"embeddable":true,"href":"https:\/\/lavras.tv\/site\/wp-json\/wp\/v2\/comments?post=46378"}],"version-history":[{"count":1,"href":"https:\/\/lavras.tv\/site\/wp-json\/wp\/v2\/posts\/46378\/revisions"}],"predecessor-version":[{"id":46379,"href":"https:\/\/lavras.tv\/site\/wp-json\/wp\/v2\/posts\/46378\/revisions\/46379"}],"wp:featuredmedia":[{"embeddable":true,"href":"https:\/\/lavras.tv\/site\/wp-json\/wp\/v2\/media\/19837"}],"wp:attachment":[{"href":"https:\/\/lavras.tv\/site\/wp-json\/wp\/v2\/media?parent=46378"}],"wp:term":[{"taxonomy":"category","embeddable":true,"href":"https:\/\/lavras.tv\/site\/wp-json\/wp\/v2\/categories?post=46378"},{"taxonomy":"post_tag","embeddable":true,"href":"https:\/\/lavras.tv\/site\/wp-json\/wp\/v2\/tags?post=46378"}],"curies":[{"name":"wp","href":"https:\/\/api.w.org\/{rel}","templated":true}]}}