{"id":46439,"date":"2019-11-21T09:14:10","date_gmt":"2019-11-21T12:14:10","guid":{"rendered":"http:\/\/lavras.tv\/site\/?p=46439"},"modified":"2019-11-21T09:14:13","modified_gmt":"2019-11-21T12:14:13","slug":"prefeitura-de-itutinga-apresenta-projeto-para-criar-a-18a-secretaria-municipal","status":"publish","type":"post","link":"https:\/\/lavras.tv\/site\/2019\/11\/21\/prefeitura-de-itutinga-apresenta-projeto-para-criar-a-18a-secretaria-municipal\/","title":{"rendered":"Prefeitura de Itutinga apresenta projeto para criar a 18\u00aa secretaria municipal"},"content":{"rendered":"<div class=\"lavra-antes-do-conteudo_2\" id=\"lavra-1658775002\"><div id=\"lavra-slider-27\" class=\"custom-slider lavra-slider-3712593686 lavra-slider\"><ul><li><div style=\"margin-left: auto;margin-right: auto;text-align: center;\" id=\"lavra-920568567\"><a href=\"https:\/\/sistemas.lavras.mg.gov.br\/portalcidadao\/#df1b1a7c7b2a290bcb31e32771e610784662739a88807c0dacac58ede5f391a7530e299dc302d611ee73cb143fc22eaf93592e53e7b5bdb01b00a0b8d28dae460c141dd2ff83412e4dc1c31b16b25f33144a9e5620ea73b13f5bc1c59411d98439ad226e8af03840603796067d87afe130812cf3de24982d0e306f9e61e764e5\" aria-label=\"Lavras-TV&#8211;720x104px (1) (1)\"><img src=\"https:\/\/lavras.tv\/site\/wp-content\/uploads\/2025\/01\/Lavras-TV-720x104px-1-1.png\" alt=\"\"  srcset=\"https:\/\/lavras.tv\/site\/wp-content\/uploads\/2025\/01\/Lavras-TV-720x104px-1-1.png 720w, https:\/\/lavras.tv\/site\/wp-content\/uploads\/2025\/01\/Lavras-TV-720x104px-1-1-470x68.png 470w, https:\/\/lavras.tv\/site\/wp-content\/uploads\/2025\/01\/Lavras-TV-720x104px-1-1-170x25.png 170w, https:\/\/lavras.tv\/site\/wp-content\/uploads\/2025\/01\/Lavras-TV-720x104px-1-1-200x29.png 200w\" sizes=\"(max-width: 720px) 100vw, 720px\" width=\"720\" height=\"104\"  style=\"display: inline-block;\" \/><\/a><\/div><\/li><li><a href=\"https:\/\/sistemas.lavras.mg.gov.br\/portalcidadao\/#df1b1a7c7b2a290bcb31e32771e610784662739a88807c0dacac58ede5f391a7530e299dc302d611ee73cb143fc22eaf93592e53e7b5bdb01b00a0b8d28dae460c141dd2ff83412e4dc1c31b16b25f33144a9e5620ea73b13f5bc1c59411d98439ad226e8af03840603796067d87afe130812cf3de24982d0e306f9e61e764e5\" aria-label=\"Banner_Emprego_PortallavrasTV\"><img src=\"https:\/\/lavras.tv\/site\/wp-content\/uploads\/2025\/03\/Banner_Emprego_PortallavrasTV.png\" alt=\"\"  srcset=\"https:\/\/lavras.tv\/site\/wp-content\/uploads\/2025\/03\/Banner_Emprego_PortallavrasTV.png 720w, https:\/\/lavras.tv\/site\/wp-content\/uploads\/2025\/03\/Banner_Emprego_PortallavrasTV-470x68.png 470w, https:\/\/lavras.tv\/site\/wp-content\/uploads\/2025\/03\/Banner_Emprego_PortallavrasTV-170x25.png 170w, https:\/\/lavras.tv\/site\/wp-content\/uploads\/2025\/03\/Banner_Emprego_PortallavrasTV-200x29.png 200w\" sizes=\"(max-width: 720px) 100vw, 720px\" width=\"720\" height=\"104\"   \/><\/a><\/li><li><a href=\"https:\/\/sistemas.lavras.mg.gov.br\/portalcidadao\/#df1b1a7c7b2a290bcb31e32771e610784662739a88807c0dacac58ede5f391a7530e299dc302d611ee73cb143fc22eaf93592e53e7b5bdb01b00a0b8d28dae460c141dd2ff83412e4dc1c31b16b25f33144a9e5620ea73b13f5bc1c59411d98439ad226e8af03840603796067d87afe130812cf3de24982d0e306f9e61e764e5\" aria-label=\"Banner_Obras_PortallavrasTV\"><img src=\"https:\/\/lavras.tv\/site\/wp-content\/uploads\/2025\/03\/Banner_Obras_PortallavrasTV.png\" alt=\"\"  srcset=\"https:\/\/lavras.tv\/site\/wp-content\/uploads\/2025\/03\/Banner_Obras_PortallavrasTV.png 720w, https:\/\/lavras.tv\/site\/wp-content\/uploads\/2025\/03\/Banner_Obras_PortallavrasTV-470x68.png 470w, https:\/\/lavras.tv\/site\/wp-content\/uploads\/2025\/03\/Banner_Obras_PortallavrasTV-170x25.png 170w, https:\/\/lavras.tv\/site\/wp-content\/uploads\/2025\/03\/Banner_Obras_PortallavrasTV-200x29.png 200w\" sizes=\"(max-width: 720px) 100vw, 720px\" width=\"720\" height=\"104\"   \/><\/a><\/li><li><div style=\"margin-left: auto;margin-right: auto;text-align: center;\" id=\"lavra-3992019717\"><a href=\"https:\/\/sistemas.lavras.mg.gov.br\/portalcidadao\/#df1b1a7c7b2a290bcb31e32771e610784662739a88807c0dacac58ede5f391a7530e299dc302d611ee73cb143fc22eaf93592e53e7b5bdb01b00a0b8d28dae460c141dd2ff83412e4dc1c31b16b25f33144a9e5620ea73b13f5bc1c59411d98439ad226e8af03840603796067d87afe130812cf3de24982d0e306f9e61e764e5\" aria-label=\"Banner_Educa\u00e7\u00e3o_PortallavrasTV\"><img src=\"https:\/\/lavras.tv\/site\/wp-content\/uploads\/2025\/01\/Banner_Educacao_PortallavrasTV.png\" alt=\"\"  srcset=\"https:\/\/lavras.tv\/site\/wp-content\/uploads\/2025\/01\/Banner_Educacao_PortallavrasTV.png 720w, https:\/\/lavras.tv\/site\/wp-content\/uploads\/2025\/01\/Banner_Educacao_PortallavrasTV-470x68.png 470w, https:\/\/lavras.tv\/site\/wp-content\/uploads\/2025\/01\/Banner_Educacao_PortallavrasTV-170x25.png 170w, https:\/\/lavras.tv\/site\/wp-content\/uploads\/2025\/01\/Banner_Educacao_PortallavrasTV-200x29.png 200w\" sizes=\"(max-width: 720px) 100vw, 720px\" width=\"720\" height=\"104\"  style=\"display: inline-block;\" \/><\/a><\/div><\/li><li><a href=\"https:\/\/sistemas.lavras.mg.gov.br\/portalcidadao\/#df1b1a7c7b2a290bcb31e32771e610784662739a88807c0dacac58ede5f391a7530e299dc302d611ee73cb143fc22eaf93592e53e7b5bdb01b00a0b8d28dae460c141dd2ff83412e4dc1c31b16b25f33144a9e5620ea73b13f5bc1c59411d98439ad226e8af03840603796067d87afe130812cf3de24982d0e306f9e61e764e5\" aria-label=\"Banner_Sa\u00fade_PortallavrasTV\"><img src=\"https:\/\/lavras.tv\/site\/wp-content\/uploads\/2025\/03\/Banner_Saude_PortallavrasTV.png\" alt=\"\"  srcset=\"https:\/\/lavras.tv\/site\/wp-content\/uploads\/2025\/03\/Banner_Saude_PortallavrasTV.png 720w, https:\/\/lavras.tv\/site\/wp-content\/uploads\/2025\/03\/Banner_Saude_PortallavrasTV-470x68.png 470w, https:\/\/lavras.tv\/site\/wp-content\/uploads\/2025\/03\/Banner_Saude_PortallavrasTV-170x25.png 170w, https:\/\/lavras.tv\/site\/wp-content\/uploads\/2025\/03\/Banner_Saude_PortallavrasTV-200x29.png 200w\" sizes=\"(max-width: 720px) 100vw, 720px\" width=\"720\" height=\"104\"   \/><\/a><\/li><li><div id=\"lavra-1294193785\" style=\"width:720px;height:104px;background-color:#ddd;overflow:scroll;\">\n\t<strong>Sa\u00edda da depura\u00e7\u00e3o de an\u00fancios<\/strong>\n\t<br><br>\n\tO an\u00fancio n\u00e3o \u00e9 exibido na p\u00e1gina<br><br>post atual: Prefeitura de Itutinga apresenta projeto para criar a 18\u00aa secretaria municipal, ID: 46439<br><br><span style=\"color: red;\">O post atual n\u00e3o \u00e9 id\u00eantico ao post principal.<\/span><br><br>An\u00fancios: ROXO - TOPO INTERNA - ROTATIVO 2 (197)<br \/>Grupo de an\u00fancios: Princ_Meio01_720x104 (27)<br><br>Condi\u00e7\u00f5es de exibi\u00e7\u00e3o<div style=\"margin-bottom: 20px; white-space: pre-wrap; font-family: monospace; width: 100%; background: #ffe9e9;\"><strong>condi\u00e7\u00f5es gerais<\/strong><table border=\"1\"><thead><tr><th><\/th><th>An\u00fancios<\/th><th>wp_the_query<\/th><\/tr><\/thead><tr><td>is_main_query<\/td><td>1<\/td><td>1<\/td><\/tr><tr><td>is_rest_api<\/td><td>0<\/td><td>1<\/td><\/tr><tr><td>page<\/td><td>0<\/td><td>1<\/td><\/tr><tr><td>numpages<\/td><td>0<\/td><td>1<\/td><\/tr><tr><td>is_archive<\/td><td>1<\/td><td><\/td><\/tr><tr><td>is_search<\/td><td>1<\/td><td><\/td><\/tr><tr><td>is_home<\/td><td>1<\/td><td><\/td><\/tr><tr><td>is_404<\/td><td>1<\/td><td><\/td><\/tr><tr><td>is_attachment<\/td><td>1<\/td><td><\/td><\/tr><tr><td>is_singular<\/td><td>1<\/td><td><\/td><\/tr><tr><td>is_front_page<\/td><td>1<\/td><td><\/td><\/tr><tr><td>is_feed<\/td><td>1<\/td><td><\/td><\/tr><\/table><\/div><br><br><span style=\"color: red;\">Seu site usa HTTPS, mas o c\u00f3digo do an\u00fancio cont\u00e9m HTTP e pode n\u00e3o funcionar.<\/span>\t<br><br>\n\t<a style=\"color: green;\" href=\"https:\/\/wpadvancedads.com\/manual\/ad-debug-mode\/?utm_source=advanced-ads&utm_medium=link&utm_campaign=ad-debug-mode\" target=\"_blank\" rel=\"nofollow\">Encontre solu\u00e7\u00f5es no manual<\/a>\n<\/div>\n<\/li><\/ul><\/div><script>( window.advanced_ads_ready || jQuery( document ).ready ).call( null, function() {var $lavraslider3712593686 = jQuery( \".lavra-slider-3712593686\" );$lavraslider3712593686.on( \"unslider.ready\", function() { jQuery( \"div.custom-slider ul li\" ).css( \"display\", \"block\" ); });$lavraslider3712593686.unslider({ delay:4000, autoplay:true, nav:false, arrows:false, infinite:true });$lavraslider3712593686.on(\"mouseover\", function() {$lavraslider3712593686.unslider(\"stop\");}).on(\"mouseout\", function() {$lavraslider3712593686.unslider(\"start\");});});<\/script><\/div>\n<p> Em um momento que o pa\u00eds passa por uma profunda crise cr\u00f4nica, o Estado de Minas Gerais mergulhado em uma situa\u00e7\u00e3o financeira ainda cr\u00edtica, a C\u00e2mara Municipal de Itutinga, no Sul de Minas, iniciou ontem, ter\u00e7a-feira, 19, a vota\u00e7\u00e3o do Projeto de Lei 28\/2019 de autoria do Executivo municipal que cria mais uma Secretaria Municipal no \u00e2mbito da administra\u00e7\u00e3o daquela cidade. O PL tem provocado pol\u00eamica e indigna\u00e7\u00e3o na cidade de quase 4 mil habitantes.\u00a0<\/p>\n\n\n\n<figure class=\"wp-block-image\"><img fetchpriority=\"high\" decoding=\"async\" width=\"970\" height=\"627\" src=\"http:\/\/lavras.tv\/site\/wp-content\/uploads\/2019\/11\/prefeitura-itutinga-970x627.jpg\" alt=\"\" class=\"wp-image-46440\" srcset=\"https:\/\/lavras.tv\/site\/wp-content\/uploads\/2019\/11\/prefeitura-itutinga-970x627.jpg 970w, https:\/\/lavras.tv\/site\/wp-content\/uploads\/2019\/11\/prefeitura-itutinga-170x110.jpg 170w, https:\/\/lavras.tv\/site\/wp-content\/uploads\/2019\/11\/prefeitura-itutinga-464x300.jpg 464w, https:\/\/lavras.tv\/site\/wp-content\/uploads\/2019\/11\/prefeitura-itutinga.jpg 1288w\" sizes=\"(max-width: 970px) 100vw, 970px\" \/><figcaption>Prefeitura de Itutinga<\/figcaption><\/figure>\n\n\n\n<p><br>A medida tem gerado pol\u00eamica na cidade e muitos questionam a necessidade da cria\u00e7\u00e3o de mais um cargo. Os contr\u00e1rios a proposta alegam que o munic\u00edpio j\u00e1 possui 17 secretarias (incluindo os 3 \u00f3rg\u00e3os criados e que possui sal\u00e1rios equiparados aos de secret\u00e1rio municipal) e com a aprova\u00e7\u00e3o do projeto na C\u00e2mara o n\u00famero salta para 18.<br>A C\u00e2mara Municipal de Itutinga possui 9 vereadores, mas o vereador Vitor Ferreira dos Santos, que \u00e9 do PSDB, partido do prefeito faltou \u00e0 sess\u00e3o. A vota\u00e7\u00e3o acabou sendo adiada devido ao pedido de vistas ao projeto feito pelo vereador Jos\u00e9 Batista Neto, o Tista, que tamb\u00e9m \u00e9 do partido do prefeito.<br>O sal\u00e1rio de secret\u00e1rio municipal em Itutinga \u00e9 de R$2.200. Para comparativo, a capital mineira, Belo Horizonte, possui 14 secretarias municipais; j\u00e1 S\u00e3o Jo\u00e3o Del-Rei possui 12 secretarias; em Lumin\u00e1rias e Itumirim s\u00e3o apenas 5 secretarias; em Carrancas s\u00e3o 9 secretarias e em Nazareno s\u00e3o 10.<\/p>\n\n\n\n<p>A reda\u00e7\u00e3o do\u00a0Blog O Corvo-Veloz\u00a0entrou em contato com a assessoria da Prefeitura de Itutinga para saber o posicionamento sobre a cria\u00e7\u00e3o de mais uma Secretaria, mas at\u00e9 o fechamento da mat\u00e9ria n\u00e3o obtivemos retorno. <\/p>\n\n\n\n<p>Fonte: O Corvo Veloz<\/p>\n","protected":false},"excerpt":{"rendered":"<p>Em um momento que o pa\u00eds passa por uma profunda crise cr\u00f4nica, o Estado de Minas Gerais mergulhado em uma situa\u00e7\u00e3o financeira ainda cr\u00edtica, a C\u00e2mara Municipal de Itutinga, no Sul de Minas, iniciou ontem, ter\u00e7a-feira, 19, a vota\u00e7\u00e3o do Projeto de Lei 28\/2019 de autoria do Executivo municipal que cria mais uma Secretaria Municipal [&hellip;]<\/p>\n","protected":false},"author":2,"featured_media":46440,"comment_status":"closed","ping_status":"open","sticky":false,"template":"","format":"standard","meta":{"advgb_blocks_editor_width":"","advgb_blocks_columns_visual_guide":"","_exactmetrics_skip_tracking":false,"_exactmetrics_sitenote_active":false,"_exactmetrics_sitenote_note":"","_exactmetrics_sitenote_category":0,"footnotes":""},"categories":[7,2,12],"tags":[],"class_list":["post-46439","post","type-post","status-publish","format-standard","has-post-thumbnail","hentry","category-destaques","category-noticias","category-politica"],"better_featured_image":{"id":46440,"alt_text":"","caption":"","description":"","media_type":"image","media_details":{"width":1288,"height":833,"file":"2019\/11\/prefeitura-itutinga.jpg","sizes":{"thumbnail":{"file":"prefeitura-itutinga-170x110.jpg","width":170,"height":110,"mime-type":"image\/jpeg","source_url":"https:\/\/lavras.tv\/site\/wp-content\/uploads\/2019\/11\/prefeitura-itutinga-170x110.jpg"},"medium":{"file":"prefeitura-itutinga-464x300.jpg","width":464,"height":300,"mime-type":"image\/jpeg","source_url":"https:\/\/lavras.tv\/site\/wp-content\/uploads\/2019\/11\/prefeitura-itutinga-464x300.jpg"},"large":{"file":"prefeitura-itutinga-970x627.jpg","width":970,"height":627,"mime-type":"image\/jpeg","source_url":"https:\/\/lavras.tv\/site\/wp-content\/uploads\/2019\/11\/prefeitura-itutinga-970x627.jpg"},"alm-thumbnail":{"file":"prefeitura-itutinga-150x150.jpg","width":150,"height":150,"mime-type":"image\/jpeg","source_url":"https:\/\/lavras.tv\/site\/wp-content\/uploads\/2019\/11\/prefeitura-itutinga-150x150.jpg"}},"image_meta":{"aperture":"0","credit":"SW","camera":"","caption":"","created_timestamp":"1574338381","copyright":"","focal_length":"0","iso":"0","shutter_speed":"0","title":"","orientation":"0","keywords":[]}},"post":46439,"source_url":"https:\/\/lavras.tv\/site\/wp-content\/uploads\/2019\/11\/prefeitura-itutinga.jpg"},"author_meta":{"display_name":"Lavras TV","author_link":"https:\/\/lavras.tv\/site\/author\/lavrastv\/"},"featured_img":"https:\/\/lavras.tv\/site\/wp-content\/uploads\/2019\/11\/prefeitura-itutinga-464x300.jpg","coauthors":[],"tax_additional":{"categories":{"linked":["<a href=\"https:\/\/lavras.tv\/site\/category\/destaques\/\" class=\"advgb-post-tax-term\">Destaques<\/a>","<a href=\"https:\/\/lavras.tv\/site\/category\/noticias\/\" class=\"advgb-post-tax-term\">Not\u00edcias<\/a>","<a href=\"https:\/\/lavras.tv\/site\/category\/politica\/\" class=\"advgb-post-tax-term\">Pol\u00edtica<\/a>"],"unlinked":["<span class=\"advgb-post-tax-term\">Destaques<\/span>","<span class=\"advgb-post-tax-term\">Not\u00edcias<\/span>","<span class=\"advgb-post-tax-term\">Pol\u00edtica<\/span>"]}},"comment_count":"0","relative_dates":{"created":"Publicado 6 anos atr\u00e1s","modified":"Atualizado 6 anos atr\u00e1s"},"absolute_dates":{"created":"Publicado em 21 de novembro de 2019","modified":"Atualizado em 21 de novembro de 2019"},"absolute_dates_time":{"created":"Publicado em 21 de novembro de 2019 09:14","modified":"Atualizado em 21 de novembro de 2019 09:14"},"featured_img_caption":"","series_order":"","_links":{"self":[{"href":"https:\/\/lavras.tv\/site\/wp-json\/wp\/v2\/posts\/46439","targetHints":{"allow":["GET"]}}],"collection":[{"href":"https:\/\/lavras.tv\/site\/wp-json\/wp\/v2\/posts"}],"about":[{"href":"https:\/\/lavras.tv\/site\/wp-json\/wp\/v2\/types\/post"}],"author":[{"embeddable":true,"href":"https:\/\/lavras.tv\/site\/wp-json\/wp\/v2\/users\/2"}],"replies":[{"embeddable":true,"href":"https:\/\/lavras.tv\/site\/wp-json\/wp\/v2\/comments?post=46439"}],"version-history":[{"count":1,"href":"https:\/\/lavras.tv\/site\/wp-json\/wp\/v2\/posts\/46439\/revisions"}],"predecessor-version":[{"id":46441,"href":"https:\/\/lavras.tv\/site\/wp-json\/wp\/v2\/posts\/46439\/revisions\/46441"}],"wp:featuredmedia":[{"embeddable":true,"href":"https:\/\/lavras.tv\/site\/wp-json\/wp\/v2\/media\/46440"}],"wp:attachment":[{"href":"https:\/\/lavras.tv\/site\/wp-json\/wp\/v2\/media?parent=46439"}],"wp:term":[{"taxonomy":"category","embeddable":true,"href":"https:\/\/lavras.tv\/site\/wp-json\/wp\/v2\/categories?post=46439"},{"taxonomy":"post_tag","embeddable":true,"href":"https:\/\/lavras.tv\/site\/wp-json\/wp\/v2\/tags?post=46439"}],"curies":[{"name":"wp","href":"https:\/\/api.w.org\/{rel}","templated":true}]}}