{"id":46573,"date":"2019-12-10T08:40:20","date_gmt":"2019-12-10T11:40:20","guid":{"rendered":"http:\/\/lavras.tv\/site\/?p=46573"},"modified":"2019-12-10T08:40:23","modified_gmt":"2019-12-10T11:40:23","slug":"sul-de-minas-mais-uma-prefeitura-pode-rescindir-o-contrato-com-a-copasa","status":"publish","type":"post","link":"https:\/\/lavras.tv\/site\/2019\/12\/10\/sul-de-minas-mais-uma-prefeitura-pode-rescindir-o-contrato-com-a-copasa\/","title":{"rendered":"Sul de Minas: mais uma prefeitura pode rescindir o contrato com a Copasa"},"content":{"rendered":"<div class=\"lavra-antes-do-conteudo_2\" id=\"lavra-160011086\"><div id=\"lavra-slider-27\" class=\"custom-slider lavra-slider-832336169 lavra-slider\"><ul><li><div style=\"margin-left: auto;margin-right: auto;text-align: center;\" id=\"lavra-4216049944\"><a href=\"https:\/\/sistemas.lavras.mg.gov.br\/portalcidadao\/#df1b1a7c7b2a290bcb31e32771e610784662739a88807c0dacac58ede5f391a7530e299dc302d611ee73cb143fc22eaf93592e53e7b5bdb01b00a0b8d28dae460c141dd2ff83412e4dc1c31b16b25f33144a9e5620ea73b13f5bc1c59411d98439ad226e8af03840603796067d87afe130812cf3de24982d0e306f9e61e764e5\" aria-label=\"Lavras-TV&#8211;720x104px (1) (1)\"><img src=\"https:\/\/lavras.tv\/site\/wp-content\/uploads\/2025\/01\/Lavras-TV-720x104px-1-1.png\" alt=\"\"  srcset=\"https:\/\/lavras.tv\/site\/wp-content\/uploads\/2025\/01\/Lavras-TV-720x104px-1-1.png 720w, https:\/\/lavras.tv\/site\/wp-content\/uploads\/2025\/01\/Lavras-TV-720x104px-1-1-470x68.png 470w, https:\/\/lavras.tv\/site\/wp-content\/uploads\/2025\/01\/Lavras-TV-720x104px-1-1-170x25.png 170w, https:\/\/lavras.tv\/site\/wp-content\/uploads\/2025\/01\/Lavras-TV-720x104px-1-1-200x29.png 200w\" sizes=\"(max-width: 720px) 100vw, 720px\" width=\"720\" height=\"104\"  style=\"display: inline-block;\" \/><\/a><\/div><\/li><li><a href=\"https:\/\/sistemas.lavras.mg.gov.br\/portalcidadao\/#df1b1a7c7b2a290bcb31e32771e610784662739a88807c0dacac58ede5f391a7530e299dc302d611ee73cb143fc22eaf93592e53e7b5bdb01b00a0b8d28dae460c141dd2ff83412e4dc1c31b16b25f33144a9e5620ea73b13f5bc1c59411d98439ad226e8af03840603796067d87afe130812cf3de24982d0e306f9e61e764e5\" aria-label=\"Banner_Emprego_PortallavrasTV\"><img src=\"https:\/\/lavras.tv\/site\/wp-content\/uploads\/2025\/03\/Banner_Emprego_PortallavrasTV.png\" alt=\"\"  srcset=\"https:\/\/lavras.tv\/site\/wp-content\/uploads\/2025\/03\/Banner_Emprego_PortallavrasTV.png 720w, https:\/\/lavras.tv\/site\/wp-content\/uploads\/2025\/03\/Banner_Emprego_PortallavrasTV-470x68.png 470w, https:\/\/lavras.tv\/site\/wp-content\/uploads\/2025\/03\/Banner_Emprego_PortallavrasTV-170x25.png 170w, https:\/\/lavras.tv\/site\/wp-content\/uploads\/2025\/03\/Banner_Emprego_PortallavrasTV-200x29.png 200w\" sizes=\"(max-width: 720px) 100vw, 720px\" width=\"720\" height=\"104\"   \/><\/a><\/li><li><a href=\"https:\/\/sistemas.lavras.mg.gov.br\/portalcidadao\/#df1b1a7c7b2a290bcb31e32771e610784662739a88807c0dacac58ede5f391a7530e299dc302d611ee73cb143fc22eaf93592e53e7b5bdb01b00a0b8d28dae460c141dd2ff83412e4dc1c31b16b25f33144a9e5620ea73b13f5bc1c59411d98439ad226e8af03840603796067d87afe130812cf3de24982d0e306f9e61e764e5\" aria-label=\"Banner_Obras_PortallavrasTV\"><img src=\"https:\/\/lavras.tv\/site\/wp-content\/uploads\/2025\/03\/Banner_Obras_PortallavrasTV.png\" alt=\"\"  srcset=\"https:\/\/lavras.tv\/site\/wp-content\/uploads\/2025\/03\/Banner_Obras_PortallavrasTV.png 720w, https:\/\/lavras.tv\/site\/wp-content\/uploads\/2025\/03\/Banner_Obras_PortallavrasTV-470x68.png 470w, https:\/\/lavras.tv\/site\/wp-content\/uploads\/2025\/03\/Banner_Obras_PortallavrasTV-170x25.png 170w, https:\/\/lavras.tv\/site\/wp-content\/uploads\/2025\/03\/Banner_Obras_PortallavrasTV-200x29.png 200w\" sizes=\"(max-width: 720px) 100vw, 720px\" width=\"720\" height=\"104\"   \/><\/a><\/li><li><div style=\"margin-left: auto;margin-right: auto;text-align: center;\" id=\"lavra-4238496988\"><a href=\"https:\/\/sistemas.lavras.mg.gov.br\/portalcidadao\/#df1b1a7c7b2a290bcb31e32771e610784662739a88807c0dacac58ede5f391a7530e299dc302d611ee73cb143fc22eaf93592e53e7b5bdb01b00a0b8d28dae460c141dd2ff83412e4dc1c31b16b25f33144a9e5620ea73b13f5bc1c59411d98439ad226e8af03840603796067d87afe130812cf3de24982d0e306f9e61e764e5\" aria-label=\"Banner_Educa\u00e7\u00e3o_PortallavrasTV\"><img src=\"https:\/\/lavras.tv\/site\/wp-content\/uploads\/2025\/01\/Banner_Educacao_PortallavrasTV.png\" alt=\"\"  srcset=\"https:\/\/lavras.tv\/site\/wp-content\/uploads\/2025\/01\/Banner_Educacao_PortallavrasTV.png 720w, https:\/\/lavras.tv\/site\/wp-content\/uploads\/2025\/01\/Banner_Educacao_PortallavrasTV-470x68.png 470w, https:\/\/lavras.tv\/site\/wp-content\/uploads\/2025\/01\/Banner_Educacao_PortallavrasTV-170x25.png 170w, https:\/\/lavras.tv\/site\/wp-content\/uploads\/2025\/01\/Banner_Educacao_PortallavrasTV-200x29.png 200w\" sizes=\"(max-width: 720px) 100vw, 720px\" width=\"720\" height=\"104\"  style=\"display: inline-block;\" \/><\/a><\/div><\/li><li><a href=\"https:\/\/sistemas.lavras.mg.gov.br\/portalcidadao\/#df1b1a7c7b2a290bcb31e32771e610784662739a88807c0dacac58ede5f391a7530e299dc302d611ee73cb143fc22eaf93592e53e7b5bdb01b00a0b8d28dae460c141dd2ff83412e4dc1c31b16b25f33144a9e5620ea73b13f5bc1c59411d98439ad226e8af03840603796067d87afe130812cf3de24982d0e306f9e61e764e5\" aria-label=\"Banner_Sa\u00fade_PortallavrasTV\"><img src=\"https:\/\/lavras.tv\/site\/wp-content\/uploads\/2025\/03\/Banner_Saude_PortallavrasTV.png\" alt=\"\"  srcset=\"https:\/\/lavras.tv\/site\/wp-content\/uploads\/2025\/03\/Banner_Saude_PortallavrasTV.png 720w, https:\/\/lavras.tv\/site\/wp-content\/uploads\/2025\/03\/Banner_Saude_PortallavrasTV-470x68.png 470w, https:\/\/lavras.tv\/site\/wp-content\/uploads\/2025\/03\/Banner_Saude_PortallavrasTV-170x25.png 170w, https:\/\/lavras.tv\/site\/wp-content\/uploads\/2025\/03\/Banner_Saude_PortallavrasTV-200x29.png 200w\" sizes=\"(max-width: 720px) 100vw, 720px\" width=\"720\" height=\"104\"   \/><\/a><\/li><li><div id=\"lavra-858678782\" style=\"width:720px;height:104px;background-color:#ddd;overflow:scroll;\">\n\t<strong>Sa\u00edda da depura\u00e7\u00e3o de an\u00fancios<\/strong>\n\t<br><br>\n\tO an\u00fancio n\u00e3o \u00e9 exibido na p\u00e1gina<br><br>post atual: Sul de Minas: mais uma prefeitura pode rescindir o contrato com a Copasa, ID: 46573<br><br><span style=\"color: red;\">O post atual n\u00e3o \u00e9 id\u00eantico ao post principal.<\/span><br><br>An\u00fancios: ROXO - TOPO INTERNA - ROTATIVO 2 (197)<br \/>Grupo de an\u00fancios: Princ_Meio01_720x104 (27)<br><br>Condi\u00e7\u00f5es de exibi\u00e7\u00e3o<div style=\"margin-bottom: 20px; white-space: pre-wrap; font-family: monospace; width: 100%; background: #ffe9e9;\"><strong>condi\u00e7\u00f5es gerais<\/strong><table border=\"1\"><thead><tr><th><\/th><th>An\u00fancios<\/th><th>wp_the_query<\/th><\/tr><\/thead><tr><td>is_main_query<\/td><td>1<\/td><td>1<\/td><\/tr><tr><td>is_rest_api<\/td><td>0<\/td><td>1<\/td><\/tr><tr><td>page<\/td><td>0<\/td><td>1<\/td><\/tr><tr><td>numpages<\/td><td>0<\/td><td>1<\/td><\/tr><tr><td>is_archive<\/td><td>1<\/td><td><\/td><\/tr><tr><td>is_search<\/td><td>1<\/td><td><\/td><\/tr><tr><td>is_home<\/td><td>1<\/td><td><\/td><\/tr><tr><td>is_404<\/td><td>1<\/td><td><\/td><\/tr><tr><td>is_attachment<\/td><td>1<\/td><td><\/td><\/tr><tr><td>is_singular<\/td><td>1<\/td><td><\/td><\/tr><tr><td>is_front_page<\/td><td>1<\/td><td><\/td><\/tr><tr><td>is_feed<\/td><td>1<\/td><td><\/td><\/tr><\/table><\/div><br><br><span style=\"color: red;\">Seu site usa HTTPS, mas o c\u00f3digo do an\u00fancio cont\u00e9m HTTP e pode n\u00e3o funcionar.<\/span>\t<br><br>\n\t<a style=\"color: green;\" href=\"https:\/\/wpadvancedads.com\/manual\/ad-debug-mode\/?utm_source=advanced-ads&utm_medium=link&utm_campaign=ad-debug-mode\" target=\"_blank\" rel=\"nofollow\">Encontre solu\u00e7\u00f5es no manual<\/a>\n<\/div>\n<\/li><\/ul><\/div><script>( window.advanced_ads_ready || jQuery( document ).ready ).call( null, function() {var $lavraslider832336169 = jQuery( \".lavra-slider-832336169\" );$lavraslider832336169.on( \"unslider.ready\", function() { jQuery( \"div.custom-slider ul li\" ).css( \"display\", \"block\" ); });$lavraslider832336169.unslider({ delay:4000, autoplay:true, nav:false, arrows:false, infinite:true });$lavraslider832336169.on(\"mouseover\", function() {$lavraslider832336169.unslider(\"stop\");}).on(\"mouseout\", function() {$lavraslider832336169.unslider(\"start\");});});<\/script><\/div>\n<p>A C\u00e2mara de Vereadores de Alpin\u00f3polis (MG) aprovou um projeto de lei que autoriza o prefeito a romper o contrato com a Copasa. Os vereadores alegam que a empresa n\u00e3o cumpre o que est\u00e1 previsto no contrato com o munic\u00edpio. Os moradores tamb\u00e9m reclamam dos servi\u00e7os prestados.<\/p>\n\n\n\n<p>A popula\u00e7\u00e3o est\u00e1 insatisfeita com o servi\u00e7o oferecido pela Copasa. A empresa j\u00e1 foi at\u00e9 alvo de uma comiss\u00e3o especial de inqu\u00e9rito na C\u00e2mara Municipal, que apurou irregularidades na presta\u00e7\u00e3o do servi\u00e7o. Al\u00e9m disso, neste ano a Copasa foi multada por ter jogado o esgoto in natura em um c\u00f3rrego da cidade.<\/p>\n\n\n\n<div class=\"wp-block-image\"><figure class=\"aligncenter size-large\"><img fetchpriority=\"high\" decoding=\"async\" width=\"370\" height=\"250\" src=\"http:\/\/lavras.tv\/site\/wp-content\/uploads\/2019\/12\/copasa.jpg\" alt=\"\" class=\"wp-image-46574\" srcset=\"https:\/\/lavras.tv\/site\/wp-content\/uploads\/2019\/12\/copasa.jpg 370w, https:\/\/lavras.tv\/site\/wp-content\/uploads\/2019\/12\/copasa-170x115.jpg 170w\" sizes=\"(max-width: 370px) 100vw, 370px\" \/><\/figure><\/div>\n\n\n\n<p>Agora, para tentar resolver esse problema, os vereadores aprovaram um projeto de lei que j\u00e1 foi encaminhado para a prefeitura. O texto autoriza o prefeito a rescindir o contrato com a Copasa e tamb\u00e9m pode acabar com a isen\u00e7\u00e3o fiscal da empresa.<\/p>\n\n\n\n<p>&#8220;O prefeito n\u00e3o fica obrigado a proceder a rescis\u00e3o, por\u00e9m a c\u00e2mara est\u00e1 emitindo um recado ao chefe do Executivo, de que por unanimidade, inclusive os vereadores da base do prefeito, est\u00e3o dando um basta na Copasa&#8221;, disse o vereador Rafael Freire, Avante.<\/p>\n\n\n\n<p>Segundo o vereador, que \u00e9 autor do projeto de lei, a empresa n\u00e3o cumpre totalmente o contrato do tratamento de esgoto. Ele diz ainda que existem dispositivos no documento que preveem a rescis\u00e3o.<br><\/p>\n\n\n\n<p>O prefeito j\u00e1 est\u00e1 analisando o projeto de lei. Mas quer que os vereadores expliquem os motivos para romper o contrato.<\/p>\n\n\n\n<p>&#8220;Eu quero que eles me mandem a justificativa do porqu\u00ea que eu vou ter que rescindir esse contrato com a Copasa. Depois que estiver nas minhas m\u00e3os, n\u00f3s vamos ver o que a gente faz&#8221;, disse o prefeito Jos\u00e9 Gabriel dos Santos Filho (PSD).<\/p>\n\n\n\n<p>Mas segundo o secret\u00e1rio especial de Obras do munic\u00edpio, o servi\u00e7o prestado pela empresa atende o que \u00e9 estabelecido pelo contrato.<\/p>\n\n\n\n<p> &#8220;Hoje, segundo informa\u00e7\u00f5es que a gente tem da Copasa e que a gente acompanha, em torno de 98% do esgoto gerado no munic\u00edpio, ele \u00e9 coletado e tratado. Nos locais onde ele \u00e9 coletado e n\u00e3o \u00e9 tratado, ele \u00e9 cobrado em cima desse valor apenas da coleta, nos locais onde ele n\u00e3o \u00e9 coletado nem tratado n\u00e3o \u00e9 cobrado, ent\u00e3o a cobran\u00e7a dos 90% \u00e9 feita somente onde o esgoto \u00e9 coletado e tratado&#8221;, disse o secret\u00e1rio de Obras, Cayo Orlandi. <\/p>\n\n\n\n<p> O prefeito tem at\u00e9 o dia 26 de dezembro para sancionar ou vetar o projeto de lei. Em nota, a Copasa informou que faz investimentos cont\u00ednuos em Alpin\u00f3polis e reitera sem compromisso em prestar servi\u00e7os de qualidade e dentro dos padr\u00f5es exigidos pelo Minist\u00e9rio da Sa\u00fade. Sobre o valor das contas, a Copasa diz que adota a pol\u00edtica tarif\u00e1ria definida pela Arsae, a Ag\u00eancia Reguladora dos Servi\u00e7os de Abastecimento de \u00c1gua e Esgotamento Sanit\u00e1rio do Estado. <\/p>\n\n\n\n<p>Fonte: G1<\/p>\n","protected":false},"excerpt":{"rendered":"<p>A C\u00e2mara de Vereadores de Alpin\u00f3polis (MG) aprovou um projeto de lei que autoriza o prefeito a romper o contrato com a Copasa. Os vereadores alegam que a empresa n\u00e3o cumpre o que est\u00e1 previsto no contrato com o munic\u00edpio. Os moradores tamb\u00e9m reclamam dos servi\u00e7os prestados. A popula\u00e7\u00e3o est\u00e1 insatisfeita com o servi\u00e7o oferecido [&hellip;]<\/p>\n","protected":false},"author":2,"featured_media":46574,"comment_status":"closed","ping_status":"open","sticky":false,"template":"","format":"standard","meta":{"advgb_blocks_editor_width":"","advgb_blocks_columns_visual_guide":"","_exactmetrics_skip_tracking":false,"_exactmetrics_sitenote_active":false,"_exactmetrics_sitenote_note":"","_exactmetrics_sitenote_category":0,"footnotes":""},"categories":[7,2,12],"tags":[],"class_list":["post-46573","post","type-post","status-publish","format-standard","has-post-thumbnail","hentry","category-destaques","category-noticias","category-politica"],"better_featured_image":{"id":46574,"alt_text":"","caption":"","description":"","media_type":"image","media_details":{"width":370,"height":250,"file":"2019\/12\/copasa.jpg","sizes":{"thumbnail":{"file":"copasa-170x115.jpg","width":170,"height":115,"mime-type":"image\/jpeg","source_url":"https:\/\/lavras.tv\/site\/wp-content\/uploads\/2019\/12\/copasa-170x115.jpg"},"alm-thumbnail":{"file":"copasa-150x150.jpg","width":150,"height":150,"mime-type":"image\/jpeg","source_url":"https:\/\/lavras.tv\/site\/wp-content\/uploads\/2019\/12\/copasa-150x150.jpg"}},"image_meta":{"aperture":"0","credit":"","camera":"","caption":"","created_timestamp":"0","copyright":"","focal_length":"0","iso":"0","shutter_speed":"0","title":"","orientation":"1","keywords":[]}},"post":46573,"source_url":"https:\/\/lavras.tv\/site\/wp-content\/uploads\/2019\/12\/copasa.jpg"},"author_meta":{"display_name":"Lavras TV","author_link":"https:\/\/lavras.tv\/site\/author\/lavrastv\/"},"featured_img":"https:\/\/lavras.tv\/site\/wp-content\/uploads\/2019\/12\/copasa.jpg","coauthors":[],"tax_additional":{"categories":{"linked":["<a href=\"https:\/\/lavras.tv\/site\/category\/destaques\/\" class=\"advgb-post-tax-term\">Destaques<\/a>","<a href=\"https:\/\/lavras.tv\/site\/category\/noticias\/\" class=\"advgb-post-tax-term\">Not\u00edcias<\/a>","<a href=\"https:\/\/lavras.tv\/site\/category\/politica\/\" class=\"advgb-post-tax-term\">Pol\u00edtica<\/a>"],"unlinked":["<span class=\"advgb-post-tax-term\">Destaques<\/span>","<span class=\"advgb-post-tax-term\">Not\u00edcias<\/span>","<span class=\"advgb-post-tax-term\">Pol\u00edtica<\/span>"]}},"comment_count":"0","relative_dates":{"created":"Publicado 6 anos atr\u00e1s","modified":"Atualizado 6 anos atr\u00e1s"},"absolute_dates":{"created":"Publicado em 10 de dezembro de 2019","modified":"Atualizado em 10 de dezembro de 2019"},"absolute_dates_time":{"created":"Publicado em 10 de dezembro de 2019 08:40","modified":"Atualizado em 10 de dezembro de 2019 08:40"},"featured_img_caption":"","series_order":"","_links":{"self":[{"href":"https:\/\/lavras.tv\/site\/wp-json\/wp\/v2\/posts\/46573","targetHints":{"allow":["GET"]}}],"collection":[{"href":"https:\/\/lavras.tv\/site\/wp-json\/wp\/v2\/posts"}],"about":[{"href":"https:\/\/lavras.tv\/site\/wp-json\/wp\/v2\/types\/post"}],"author":[{"embeddable":true,"href":"https:\/\/lavras.tv\/site\/wp-json\/wp\/v2\/users\/2"}],"replies":[{"embeddable":true,"href":"https:\/\/lavras.tv\/site\/wp-json\/wp\/v2\/comments?post=46573"}],"version-history":[{"count":1,"href":"https:\/\/lavras.tv\/site\/wp-json\/wp\/v2\/posts\/46573\/revisions"}],"predecessor-version":[{"id":46575,"href":"https:\/\/lavras.tv\/site\/wp-json\/wp\/v2\/posts\/46573\/revisions\/46575"}],"wp:featuredmedia":[{"embeddable":true,"href":"https:\/\/lavras.tv\/site\/wp-json\/wp\/v2\/media\/46574"}],"wp:attachment":[{"href":"https:\/\/lavras.tv\/site\/wp-json\/wp\/v2\/media?parent=46573"}],"wp:term":[{"taxonomy":"category","embeddable":true,"href":"https:\/\/lavras.tv\/site\/wp-json\/wp\/v2\/categories?post=46573"},{"taxonomy":"post_tag","embeddable":true,"href":"https:\/\/lavras.tv\/site\/wp-json\/wp\/v2\/tags?post=46573"}],"curies":[{"name":"wp","href":"https:\/\/api.w.org\/{rel}","templated":true}]}}