{"id":46585,"date":"2019-12-10T08:55:29","date_gmt":"2019-12-10T11:55:29","guid":{"rendered":"http:\/\/lavras.tv\/site\/?p=46585"},"modified":"2019-12-10T08:55:32","modified_gmt":"2019-12-10T11:55:32","slug":"bolsonaro-sobre-o-preco-da-carne-na-venezuela-esta-tudo-tabelado-vai-la-comprar","status":"publish","type":"post","link":"https:\/\/lavras.tv\/site\/2019\/12\/10\/bolsonaro-sobre-o-preco-da-carne-na-venezuela-esta-tudo-tabelado-vai-la-comprar\/","title":{"rendered":"Bolsonaro sobre o pre\u00e7o da carne: &#8216;Na Venezuela est\u00e1 tudo tabelado, vai l\u00e1 comprar&#8217;"},"content":{"rendered":"<div class=\"lavra-antes-do-conteudo_2\" id=\"lavra-3161912690\"><div id=\"lavra-slider-27\" class=\"custom-slider lavra-slider-3682487602 lavra-slider\"><ul><li><div style=\"margin-left: auto;margin-right: auto;text-align: center;\" id=\"lavra-1207345623\"><a href=\"https:\/\/sistemas.lavras.mg.gov.br\/portalcidadao\/#df1b1a7c7b2a290bcb31e32771e610784662739a88807c0dacac58ede5f391a7530e299dc302d611ee73cb143fc22eaf93592e53e7b5bdb01b00a0b8d28dae460c141dd2ff83412e4dc1c31b16b25f33144a9e5620ea73b13f5bc1c59411d98439ad226e8af03840603796067d87afe130812cf3de24982d0e306f9e61e764e5\" aria-label=\"Lavras-TV&#8211;720x104px (1) (1)\"><img src=\"https:\/\/lavras.tv\/site\/wp-content\/uploads\/2025\/01\/Lavras-TV-720x104px-1-1.png\" alt=\"\"  srcset=\"https:\/\/lavras.tv\/site\/wp-content\/uploads\/2025\/01\/Lavras-TV-720x104px-1-1.png 720w, https:\/\/lavras.tv\/site\/wp-content\/uploads\/2025\/01\/Lavras-TV-720x104px-1-1-470x68.png 470w, https:\/\/lavras.tv\/site\/wp-content\/uploads\/2025\/01\/Lavras-TV-720x104px-1-1-170x25.png 170w, https:\/\/lavras.tv\/site\/wp-content\/uploads\/2025\/01\/Lavras-TV-720x104px-1-1-200x29.png 200w\" sizes=\"(max-width: 720px) 100vw, 720px\" width=\"720\" height=\"104\"  style=\"display: inline-block;\" \/><\/a><\/div><\/li><li><a href=\"https:\/\/sistemas.lavras.mg.gov.br\/portalcidadao\/#df1b1a7c7b2a290bcb31e32771e610784662739a88807c0dacac58ede5f391a7530e299dc302d611ee73cb143fc22eaf93592e53e7b5bdb01b00a0b8d28dae460c141dd2ff83412e4dc1c31b16b25f33144a9e5620ea73b13f5bc1c59411d98439ad226e8af03840603796067d87afe130812cf3de24982d0e306f9e61e764e5\" aria-label=\"Banner_Emprego_PortallavrasTV\"><img src=\"https:\/\/lavras.tv\/site\/wp-content\/uploads\/2025\/03\/Banner_Emprego_PortallavrasTV.png\" alt=\"\"  srcset=\"https:\/\/lavras.tv\/site\/wp-content\/uploads\/2025\/03\/Banner_Emprego_PortallavrasTV.png 720w, https:\/\/lavras.tv\/site\/wp-content\/uploads\/2025\/03\/Banner_Emprego_PortallavrasTV-470x68.png 470w, https:\/\/lavras.tv\/site\/wp-content\/uploads\/2025\/03\/Banner_Emprego_PortallavrasTV-170x25.png 170w, https:\/\/lavras.tv\/site\/wp-content\/uploads\/2025\/03\/Banner_Emprego_PortallavrasTV-200x29.png 200w\" sizes=\"(max-width: 720px) 100vw, 720px\" width=\"720\" height=\"104\"   \/><\/a><\/li><li><a href=\"https:\/\/sistemas.lavras.mg.gov.br\/portalcidadao\/#df1b1a7c7b2a290bcb31e32771e610784662739a88807c0dacac58ede5f391a7530e299dc302d611ee73cb143fc22eaf93592e53e7b5bdb01b00a0b8d28dae460c141dd2ff83412e4dc1c31b16b25f33144a9e5620ea73b13f5bc1c59411d98439ad226e8af03840603796067d87afe130812cf3de24982d0e306f9e61e764e5\" aria-label=\"Banner_Obras_PortallavrasTV\"><img src=\"https:\/\/lavras.tv\/site\/wp-content\/uploads\/2025\/03\/Banner_Obras_PortallavrasTV.png\" alt=\"\"  srcset=\"https:\/\/lavras.tv\/site\/wp-content\/uploads\/2025\/03\/Banner_Obras_PortallavrasTV.png 720w, https:\/\/lavras.tv\/site\/wp-content\/uploads\/2025\/03\/Banner_Obras_PortallavrasTV-470x68.png 470w, https:\/\/lavras.tv\/site\/wp-content\/uploads\/2025\/03\/Banner_Obras_PortallavrasTV-170x25.png 170w, https:\/\/lavras.tv\/site\/wp-content\/uploads\/2025\/03\/Banner_Obras_PortallavrasTV-200x29.png 200w\" sizes=\"(max-width: 720px) 100vw, 720px\" width=\"720\" height=\"104\"   \/><\/a><\/li><li><div style=\"margin-left: auto;margin-right: auto;text-align: center;\" id=\"lavra-4107549029\"><a href=\"https:\/\/sistemas.lavras.mg.gov.br\/portalcidadao\/#df1b1a7c7b2a290bcb31e32771e610784662739a88807c0dacac58ede5f391a7530e299dc302d611ee73cb143fc22eaf93592e53e7b5bdb01b00a0b8d28dae460c141dd2ff83412e4dc1c31b16b25f33144a9e5620ea73b13f5bc1c59411d98439ad226e8af03840603796067d87afe130812cf3de24982d0e306f9e61e764e5\" aria-label=\"Banner_Educa\u00e7\u00e3o_PortallavrasTV\"><img src=\"https:\/\/lavras.tv\/site\/wp-content\/uploads\/2025\/01\/Banner_Educacao_PortallavrasTV.png\" alt=\"\"  srcset=\"https:\/\/lavras.tv\/site\/wp-content\/uploads\/2025\/01\/Banner_Educacao_PortallavrasTV.png 720w, https:\/\/lavras.tv\/site\/wp-content\/uploads\/2025\/01\/Banner_Educacao_PortallavrasTV-470x68.png 470w, https:\/\/lavras.tv\/site\/wp-content\/uploads\/2025\/01\/Banner_Educacao_PortallavrasTV-170x25.png 170w, https:\/\/lavras.tv\/site\/wp-content\/uploads\/2025\/01\/Banner_Educacao_PortallavrasTV-200x29.png 200w\" sizes=\"(max-width: 720px) 100vw, 720px\" width=\"720\" height=\"104\"  style=\"display: inline-block;\" \/><\/a><\/div><\/li><li><a href=\"https:\/\/sistemas.lavras.mg.gov.br\/portalcidadao\/#df1b1a7c7b2a290bcb31e32771e610784662739a88807c0dacac58ede5f391a7530e299dc302d611ee73cb143fc22eaf93592e53e7b5bdb01b00a0b8d28dae460c141dd2ff83412e4dc1c31b16b25f33144a9e5620ea73b13f5bc1c59411d98439ad226e8af03840603796067d87afe130812cf3de24982d0e306f9e61e764e5\" aria-label=\"Banner_Sa\u00fade_PortallavrasTV\"><img src=\"https:\/\/lavras.tv\/site\/wp-content\/uploads\/2025\/03\/Banner_Saude_PortallavrasTV.png\" alt=\"\"  srcset=\"https:\/\/lavras.tv\/site\/wp-content\/uploads\/2025\/03\/Banner_Saude_PortallavrasTV.png 720w, https:\/\/lavras.tv\/site\/wp-content\/uploads\/2025\/03\/Banner_Saude_PortallavrasTV-470x68.png 470w, https:\/\/lavras.tv\/site\/wp-content\/uploads\/2025\/03\/Banner_Saude_PortallavrasTV-170x25.png 170w, https:\/\/lavras.tv\/site\/wp-content\/uploads\/2025\/03\/Banner_Saude_PortallavrasTV-200x29.png 200w\" sizes=\"(max-width: 720px) 100vw, 720px\" width=\"720\" height=\"104\"   \/><\/a><\/li><li><div id=\"lavra-3027993728\" style=\"width:720px;height:104px;background-color:#ddd;overflow:scroll;\">\n\t<strong>Sa\u00edda da depura\u00e7\u00e3o de an\u00fancios<\/strong>\n\t<br><br>\n\tO an\u00fancio n\u00e3o \u00e9 exibido na p\u00e1gina<br><br>post atual: Bolsonaro sobre o pre\u00e7o da carne: 'Na Venezuela est\u00e1 tudo tabelado, vai l\u00e1 comprar', ID: 46585<br><br><span style=\"color: red;\">O post atual n\u00e3o \u00e9 id\u00eantico ao post principal.<\/span><br><br>An\u00fancios: ROXO - TOPO INTERNA - ROTATIVO 2 (197)<br \/>Grupo de an\u00fancios: Princ_Meio01_720x104 (27)<br><br>Condi\u00e7\u00f5es de exibi\u00e7\u00e3o<div style=\"margin-bottom: 20px; white-space: pre-wrap; font-family: monospace; width: 100%; background: #ffe9e9;\"><strong>condi\u00e7\u00f5es gerais<\/strong><table border=\"1\"><thead><tr><th><\/th><th>An\u00fancios<\/th><th>wp_the_query<\/th><\/tr><\/thead><tr><td>is_main_query<\/td><td>1<\/td><td>1<\/td><\/tr><tr><td>is_rest_api<\/td><td>0<\/td><td>1<\/td><\/tr><tr><td>page<\/td><td>0<\/td><td>1<\/td><\/tr><tr><td>numpages<\/td><td>0<\/td><td>1<\/td><\/tr><tr><td>is_archive<\/td><td>1<\/td><td><\/td><\/tr><tr><td>is_search<\/td><td>1<\/td><td><\/td><\/tr><tr><td>is_home<\/td><td>1<\/td><td><\/td><\/tr><tr><td>is_404<\/td><td>1<\/td><td><\/td><\/tr><tr><td>is_attachment<\/td><td>1<\/td><td><\/td><\/tr><tr><td>is_singular<\/td><td>1<\/td><td><\/td><\/tr><tr><td>is_front_page<\/td><td>1<\/td><td><\/td><\/tr><tr><td>is_feed<\/td><td>1<\/td><td><\/td><\/tr><\/table><\/div><br><br><span style=\"color: red;\">Seu site usa HTTPS, mas o c\u00f3digo do an\u00fancio cont\u00e9m HTTP e pode n\u00e3o funcionar.<\/span>\t<br><br>\n\t<a style=\"color: green;\" href=\"https:\/\/wpadvancedads.com\/manual\/ad-debug-mode\/?utm_source=advanced-ads&utm_medium=link&utm_campaign=ad-debug-mode\" target=\"_blank\" rel=\"nofollow\">Encontre solu\u00e7\u00f5es no manual<\/a>\n<\/div>\n<\/li><\/ul><\/div><script>( window.advanced_ads_ready || jQuery( document ).ready ).call( null, function() {var $lavraslider3682487602 = jQuery( \".lavra-slider-3682487602\" );$lavraslider3682487602.on( \"unslider.ready\", function() { jQuery( \"div.custom-slider ul li\" ).css( \"display\", \"block\" ); });$lavraslider3682487602.unslider({ delay:4000, autoplay:true, nav:false, arrows:false, infinite:true });$lavraslider3682487602.on(\"mouseover\", function() {$lavraslider3682487602.unslider(\"stop\");}).on(\"mouseout\", function() {$lavraslider3682487602.unslider(\"start\");});});<\/script><\/div>\n<p>O presidente Jair Bolsonaro disse nesta segunda-feira que o pre\u00e7o da carne no mercado brasileiro deve cair. Bolsonaro justificou a alta pela &#8220;entressafra&#8221;. &#8220;\u00c9 natural nessa \u00e9poca do ano a carne subir por volta de 10%. Subiu um pouco mais, tendo em vista as exporta\u00e7\u00f5es&#8221;, disse o presidente.<\/p>\n\n\n\n<p>Bolsonaro e a ministra da Agricultura, Pecu\u00e1ria e Abastecimento (Mapa), Tereza Cristina (DEM) participaram de uma transmiss\u00e3o nas redes sociais na manh\u00e3 desta segunda-feira.<\/p>\n\n\n\n<p>A ministra disse que a alta \u00e9 &#8220;tempor\u00e1ria&#8221;. &#8220;O senhor pode garantir \u00e0 popula\u00e7\u00e3o que n\u00f3s temos o maior rebanho comercial do mundo. Isso foi um per\u00edodo, uma seca, a entressafra do boi, mas a arroba j\u00e1 baixou para o produtor e agora o pre\u00e7o precisa baixar na g\u00f4ndola&#8221;, disse ela.<\/p>\n\n\n\n<p>Bolsonaro disse que est\u00e1 levando &#8220;pancada&#8221; pelo pre\u00e7o da carne. &#8220;Muitos falam, nas redes sociais, que tem de ter tabelamento. Na Venezuela est\u00e1 tudo tabelado, vai l\u00e1 comprar carne&#8221;, disse Bolsonaro.<\/p>\n\n\n\n<div class=\"wp-block-image\"><figure class=\"aligncenter size-large\"><img fetchpriority=\"high\" decoding=\"async\" width=\"650\" height=\"437\" src=\"http:\/\/lavras.tv\/site\/wp-content\/uploads\/2019\/12\/bolsonaro.jpg\" alt=\"\" class=\"wp-image-46586\" srcset=\"https:\/\/lavras.tv\/site\/wp-content\/uploads\/2019\/12\/bolsonaro.jpg 650w, https:\/\/lavras.tv\/site\/wp-content\/uploads\/2019\/12\/bolsonaro-446x300.jpg 446w, https:\/\/lavras.tv\/site\/wp-content\/uploads\/2019\/12\/bolsonaro-170x114.jpg 170w\" sizes=\"(max-width: 650px) 100vw, 650px\" \/><\/figure><\/div>\n\n\n\n<p><\/p>\n\n\n\n<p>O minist\u00e9rio informou na \u00faltima sexta-feira (6), que houve recuo de 9% nos pre\u00e7os da carne bovina no mercado dom\u00e9stico na primeira semana de dezembro.<\/p>\n\n\n\n<p>Entre as raz\u00f5es, est\u00e3o a recupera\u00e7\u00e3o da demanda interna, as secas prolongadas, o grande volume de exporta\u00e7\u00f5es para a China e a alta do d\u00f3lar, que tornou o produto brasileiro ainda mais competitivo no mercado internacional.<\/p>\n\n\n\n<p>&#8220;N\u00e3o existe nenhum problema de abastecimento. Estamos vivendo um momento de transi\u00e7\u00e3o de pre\u00e7o&#8221;, disse Cristina.<\/p>\n\n\n\n<p>A ministra da Agricultura tamb\u00e9m anunciou que ser\u00e1 editada nesta ter\u00e7a uma medida provis\u00f3ria que trata da regulariza\u00e7\u00e3o fundi\u00e1ria. &#8220;Na Amaz\u00f4nia, temos pequenos produtores, n\u00f3s temos 600 mil produtores, pequenos agricultores, que precisamos colocar no mesmo patamar dessa agricultura produtiva que temos j\u00e1 em parte do Brasil. Esse \u00e9 o seu desafio. N\u00f3s, amanh\u00e3, vamos lan\u00e7ar uma MP de regulariza\u00e7\u00e3o fundi\u00e1ria para montar a base para esse desenvolvimento. Sem isso n\u00e3o conseguirmos chegar nem na Amaz\u00f4nia, nem no Centro-oeste, nem no Nordeste nessa tecnologia e nessa agricultura sustent\u00e1vel&#8221;, declarou a ministra.<\/p>\n\n\n\n<p>Fonte: Itatiaia<\/p>\n","protected":false},"excerpt":{"rendered":"<p>O presidente Jair Bolsonaro disse nesta segunda-feira que o pre\u00e7o da carne no mercado brasileiro deve cair. Bolsonaro justificou a alta pela &#8220;entressafra&#8221;. &#8220;\u00c9 natural nessa \u00e9poca do ano a carne subir por volta de 10%. Subiu um pouco mais, tendo em vista as exporta\u00e7\u00f5es&#8221;, disse o presidente. Bolsonaro e a ministra da Agricultura, Pecu\u00e1ria [&hellip;]<\/p>\n","protected":false},"author":2,"featured_media":46586,"comment_status":"closed","ping_status":"open","sticky":false,"template":"","format":"standard","meta":{"advgb_blocks_editor_width":"","advgb_blocks_columns_visual_guide":"","_exactmetrics_skip_tracking":false,"_exactmetrics_sitenote_active":false,"_exactmetrics_sitenote_note":"","_exactmetrics_sitenote_category":0,"footnotes":""},"categories":[7,2,12],"tags":[],"class_list":["post-46585","post","type-post","status-publish","format-standard","has-post-thumbnail","hentry","category-destaques","category-noticias","category-politica"],"better_featured_image":{"id":46586,"alt_text":"","caption":"","description":"","media_type":"image","media_details":{"width":650,"height":437,"file":"2019\/12\/bolsonaro.jpg","sizes":{"medium":{"file":"bolsonaro-446x300.jpg","width":446,"height":300,"mime-type":"image\/jpeg","source_url":"https:\/\/lavras.tv\/site\/wp-content\/uploads\/2019\/12\/bolsonaro-446x300.jpg"},"thumbnail":{"file":"bolsonaro-170x114.jpg","width":170,"height":114,"mime-type":"image\/jpeg","source_url":"https:\/\/lavras.tv\/site\/wp-content\/uploads\/2019\/12\/bolsonaro-170x114.jpg"},"alm-thumbnail":{"file":"bolsonaro-150x150.jpg","width":150,"height":150,"mime-type":"image\/jpeg","source_url":"https:\/\/lavras.tv\/site\/wp-content\/uploads\/2019\/12\/bolsonaro-150x150.jpg"}},"image_meta":{"aperture":"0","credit":"","camera":"","caption":"","created_timestamp":"0","copyright":"","focal_length":"0","iso":"0","shutter_speed":"0","title":"","orientation":"0","keywords":[]}},"post":46585,"source_url":"https:\/\/lavras.tv\/site\/wp-content\/uploads\/2019\/12\/bolsonaro.jpg"},"author_meta":{"display_name":"Lavras TV","author_link":"https:\/\/lavras.tv\/site\/author\/lavrastv\/"},"featured_img":"https:\/\/lavras.tv\/site\/wp-content\/uploads\/2019\/12\/bolsonaro-446x300.jpg","coauthors":[],"tax_additional":{"categories":{"linked":["<a href=\"https:\/\/lavras.tv\/site\/category\/destaques\/\" class=\"advgb-post-tax-term\">Destaques<\/a>","<a href=\"https:\/\/lavras.tv\/site\/category\/noticias\/\" class=\"advgb-post-tax-term\">Not\u00edcias<\/a>","<a href=\"https:\/\/lavras.tv\/site\/category\/politica\/\" class=\"advgb-post-tax-term\">Pol\u00edtica<\/a>"],"unlinked":["<span class=\"advgb-post-tax-term\">Destaques<\/span>","<span class=\"advgb-post-tax-term\">Not\u00edcias<\/span>","<span class=\"advgb-post-tax-term\">Pol\u00edtica<\/span>"]}},"comment_count":"0","relative_dates":{"created":"Publicado 6 anos atr\u00e1s","modified":"Atualizado 6 anos atr\u00e1s"},"absolute_dates":{"created":"Publicado em 10 de dezembro de 2019","modified":"Atualizado em 10 de dezembro de 2019"},"absolute_dates_time":{"created":"Publicado em 10 de dezembro de 2019 08:55","modified":"Atualizado em 10 de dezembro de 2019 08:55"},"featured_img_caption":"","series_order":"","_links":{"self":[{"href":"https:\/\/lavras.tv\/site\/wp-json\/wp\/v2\/posts\/46585","targetHints":{"allow":["GET"]}}],"collection":[{"href":"https:\/\/lavras.tv\/site\/wp-json\/wp\/v2\/posts"}],"about":[{"href":"https:\/\/lavras.tv\/site\/wp-json\/wp\/v2\/types\/post"}],"author":[{"embeddable":true,"href":"https:\/\/lavras.tv\/site\/wp-json\/wp\/v2\/users\/2"}],"replies":[{"embeddable":true,"href":"https:\/\/lavras.tv\/site\/wp-json\/wp\/v2\/comments?post=46585"}],"version-history":[{"count":1,"href":"https:\/\/lavras.tv\/site\/wp-json\/wp\/v2\/posts\/46585\/revisions"}],"predecessor-version":[{"id":46587,"href":"https:\/\/lavras.tv\/site\/wp-json\/wp\/v2\/posts\/46585\/revisions\/46587"}],"wp:featuredmedia":[{"embeddable":true,"href":"https:\/\/lavras.tv\/site\/wp-json\/wp\/v2\/media\/46586"}],"wp:attachment":[{"href":"https:\/\/lavras.tv\/site\/wp-json\/wp\/v2\/media?parent=46585"}],"wp:term":[{"taxonomy":"category","embeddable":true,"href":"https:\/\/lavras.tv\/site\/wp-json\/wp\/v2\/categories?post=46585"},{"taxonomy":"post_tag","embeddable":true,"href":"https:\/\/lavras.tv\/site\/wp-json\/wp\/v2\/tags?post=46585"}],"curies":[{"name":"wp","href":"https:\/\/api.w.org\/{rel}","templated":true}]}}