{"id":46596,"date":"2019-12-11T09:05:46","date_gmt":"2019-12-11T12:05:46","guid":{"rendered":"http:\/\/lavras.tv\/site\/?p=46596"},"modified":"2019-12-11T09:05:48","modified_gmt":"2019-12-11T12:05:48","slug":"servidores-municipais-devem-receber-13o-salario-em-dia-nas-maiores-do-sul-de-minas","status":"publish","type":"post","link":"https:\/\/lavras.tv\/site\/2019\/12\/11\/servidores-municipais-devem-receber-13o-salario-em-dia-nas-maiores-do-sul-de-minas\/","title":{"rendered":"Servidores municipais devem receber 13\u00ba sal\u00e1rio em dia nas maiores do Sul de Minas"},"content":{"rendered":"<div class=\"lavra-antes-do-conteudo_2\" id=\"lavra-2368346306\"><div id=\"lavra-slider-27\" class=\"custom-slider lavra-slider-664105813 lavra-slider\"><ul><li><div style=\"margin-left: auto;margin-right: auto;text-align: center;\" id=\"lavra-3821109499\"><a href=\"https:\/\/sistemas.lavras.mg.gov.br\/portalcidadao\/#df1b1a7c7b2a290bcb31e32771e610784662739a88807c0dacac58ede5f391a7530e299dc302d611ee73cb143fc22eaf93592e53e7b5bdb01b00a0b8d28dae460c141dd2ff83412e4dc1c31b16b25f33144a9e5620ea73b13f5bc1c59411d98439ad226e8af03840603796067d87afe130812cf3de24982d0e306f9e61e764e5\" aria-label=\"Lavras-TV&#8211;720x104px (1) (1)\"><img src=\"https:\/\/lavras.tv\/site\/wp-content\/uploads\/2025\/01\/Lavras-TV-720x104px-1-1.png\" alt=\"\"  srcset=\"https:\/\/lavras.tv\/site\/wp-content\/uploads\/2025\/01\/Lavras-TV-720x104px-1-1.png 720w, https:\/\/lavras.tv\/site\/wp-content\/uploads\/2025\/01\/Lavras-TV-720x104px-1-1-470x68.png 470w, https:\/\/lavras.tv\/site\/wp-content\/uploads\/2025\/01\/Lavras-TV-720x104px-1-1-170x25.png 170w, https:\/\/lavras.tv\/site\/wp-content\/uploads\/2025\/01\/Lavras-TV-720x104px-1-1-200x29.png 200w\" sizes=\"(max-width: 720px) 100vw, 720px\" width=\"720\" height=\"104\"  style=\"display: inline-block;\" \/><\/a><\/div><\/li><li><a href=\"https:\/\/sistemas.lavras.mg.gov.br\/portalcidadao\/#df1b1a7c7b2a290bcb31e32771e610784662739a88807c0dacac58ede5f391a7530e299dc302d611ee73cb143fc22eaf93592e53e7b5bdb01b00a0b8d28dae460c141dd2ff83412e4dc1c31b16b25f33144a9e5620ea73b13f5bc1c59411d98439ad226e8af03840603796067d87afe130812cf3de24982d0e306f9e61e764e5\" aria-label=\"Banner_Emprego_PortallavrasTV\"><img src=\"https:\/\/lavras.tv\/site\/wp-content\/uploads\/2025\/03\/Banner_Emprego_PortallavrasTV.png\" alt=\"\"  srcset=\"https:\/\/lavras.tv\/site\/wp-content\/uploads\/2025\/03\/Banner_Emprego_PortallavrasTV.png 720w, https:\/\/lavras.tv\/site\/wp-content\/uploads\/2025\/03\/Banner_Emprego_PortallavrasTV-470x68.png 470w, https:\/\/lavras.tv\/site\/wp-content\/uploads\/2025\/03\/Banner_Emprego_PortallavrasTV-170x25.png 170w, https:\/\/lavras.tv\/site\/wp-content\/uploads\/2025\/03\/Banner_Emprego_PortallavrasTV-200x29.png 200w\" sizes=\"(max-width: 720px) 100vw, 720px\" width=\"720\" height=\"104\"   \/><\/a><\/li><li><a href=\"https:\/\/sistemas.lavras.mg.gov.br\/portalcidadao\/#df1b1a7c7b2a290bcb31e32771e610784662739a88807c0dacac58ede5f391a7530e299dc302d611ee73cb143fc22eaf93592e53e7b5bdb01b00a0b8d28dae460c141dd2ff83412e4dc1c31b16b25f33144a9e5620ea73b13f5bc1c59411d98439ad226e8af03840603796067d87afe130812cf3de24982d0e306f9e61e764e5\" aria-label=\"Banner_Obras_PortallavrasTV\"><img src=\"https:\/\/lavras.tv\/site\/wp-content\/uploads\/2025\/03\/Banner_Obras_PortallavrasTV.png\" alt=\"\"  srcset=\"https:\/\/lavras.tv\/site\/wp-content\/uploads\/2025\/03\/Banner_Obras_PortallavrasTV.png 720w, https:\/\/lavras.tv\/site\/wp-content\/uploads\/2025\/03\/Banner_Obras_PortallavrasTV-470x68.png 470w, https:\/\/lavras.tv\/site\/wp-content\/uploads\/2025\/03\/Banner_Obras_PortallavrasTV-170x25.png 170w, https:\/\/lavras.tv\/site\/wp-content\/uploads\/2025\/03\/Banner_Obras_PortallavrasTV-200x29.png 200w\" sizes=\"(max-width: 720px) 100vw, 720px\" width=\"720\" height=\"104\"   \/><\/a><\/li><li><div style=\"margin-left: auto;margin-right: auto;text-align: center;\" id=\"lavra-1918079784\"><a href=\"https:\/\/sistemas.lavras.mg.gov.br\/portalcidadao\/#df1b1a7c7b2a290bcb31e32771e610784662739a88807c0dacac58ede5f391a7530e299dc302d611ee73cb143fc22eaf93592e53e7b5bdb01b00a0b8d28dae460c141dd2ff83412e4dc1c31b16b25f33144a9e5620ea73b13f5bc1c59411d98439ad226e8af03840603796067d87afe130812cf3de24982d0e306f9e61e764e5\" aria-label=\"Banner_Educa\u00e7\u00e3o_PortallavrasTV\"><img src=\"https:\/\/lavras.tv\/site\/wp-content\/uploads\/2025\/01\/Banner_Educacao_PortallavrasTV.png\" alt=\"\"  srcset=\"https:\/\/lavras.tv\/site\/wp-content\/uploads\/2025\/01\/Banner_Educacao_PortallavrasTV.png 720w, https:\/\/lavras.tv\/site\/wp-content\/uploads\/2025\/01\/Banner_Educacao_PortallavrasTV-470x68.png 470w, https:\/\/lavras.tv\/site\/wp-content\/uploads\/2025\/01\/Banner_Educacao_PortallavrasTV-170x25.png 170w, https:\/\/lavras.tv\/site\/wp-content\/uploads\/2025\/01\/Banner_Educacao_PortallavrasTV-200x29.png 200w\" sizes=\"(max-width: 720px) 100vw, 720px\" width=\"720\" height=\"104\"  style=\"display: inline-block;\" \/><\/a><\/div><\/li><li><a href=\"https:\/\/sistemas.lavras.mg.gov.br\/portalcidadao\/#df1b1a7c7b2a290bcb31e32771e610784662739a88807c0dacac58ede5f391a7530e299dc302d611ee73cb143fc22eaf93592e53e7b5bdb01b00a0b8d28dae460c141dd2ff83412e4dc1c31b16b25f33144a9e5620ea73b13f5bc1c59411d98439ad226e8af03840603796067d87afe130812cf3de24982d0e306f9e61e764e5\" aria-label=\"Banner_Sa\u00fade_PortallavrasTV\"><img src=\"https:\/\/lavras.tv\/site\/wp-content\/uploads\/2025\/03\/Banner_Saude_PortallavrasTV.png\" alt=\"\"  srcset=\"https:\/\/lavras.tv\/site\/wp-content\/uploads\/2025\/03\/Banner_Saude_PortallavrasTV.png 720w, https:\/\/lavras.tv\/site\/wp-content\/uploads\/2025\/03\/Banner_Saude_PortallavrasTV-470x68.png 470w, https:\/\/lavras.tv\/site\/wp-content\/uploads\/2025\/03\/Banner_Saude_PortallavrasTV-170x25.png 170w, https:\/\/lavras.tv\/site\/wp-content\/uploads\/2025\/03\/Banner_Saude_PortallavrasTV-200x29.png 200w\" sizes=\"(max-width: 720px) 100vw, 720px\" width=\"720\" height=\"104\"   \/><\/a><\/li><li><div id=\"lavra-4264628197\" style=\"width:720px;height:104px;background-color:#ddd;overflow:scroll;\">\n\t<strong>Sa\u00edda da depura\u00e7\u00e3o de an\u00fancios<\/strong>\n\t<br><br>\n\tO an\u00fancio n\u00e3o \u00e9 exibido na p\u00e1gina<br><br>post atual: Servidores municipais devem receber 13\u00ba sal\u00e1rio em dia nas maiores do Sul de Minas, ID: 46596<br><br><span style=\"color: red;\">O post atual n\u00e3o \u00e9 id\u00eantico ao post principal.<\/span><br><br>An\u00fancios: ROXO - TOPO INTERNA - ROTATIVO 2 (197)<br \/>Grupo de an\u00fancios: Princ_Meio01_720x104 (27)<br><br>Condi\u00e7\u00f5es de exibi\u00e7\u00e3o<div style=\"margin-bottom: 20px; white-space: pre-wrap; font-family: monospace; width: 100%; background: #ffe9e9;\"><strong>condi\u00e7\u00f5es gerais<\/strong><table border=\"1\"><thead><tr><th><\/th><th>An\u00fancios<\/th><th>wp_the_query<\/th><\/tr><\/thead><tr><td>is_main_query<\/td><td>1<\/td><td>1<\/td><\/tr><tr><td>is_rest_api<\/td><td>0<\/td><td>1<\/td><\/tr><tr><td>page<\/td><td>0<\/td><td>1<\/td><\/tr><tr><td>numpages<\/td><td>0<\/td><td>1<\/td><\/tr><tr><td>is_archive<\/td><td>1<\/td><td><\/td><\/tr><tr><td>is_search<\/td><td>1<\/td><td><\/td><\/tr><tr><td>is_home<\/td><td>1<\/td><td><\/td><\/tr><tr><td>is_404<\/td><td>1<\/td><td><\/td><\/tr><tr><td>is_attachment<\/td><td>1<\/td><td><\/td><\/tr><tr><td>is_singular<\/td><td>1<\/td><td><\/td><\/tr><tr><td>is_front_page<\/td><td>1<\/td><td><\/td><\/tr><tr><td>is_feed<\/td><td>1<\/td><td><\/td><\/tr><\/table><\/div><br><br><span style=\"color: red;\">Seu site usa HTTPS, mas o c\u00f3digo do an\u00fancio cont\u00e9m HTTP e pode n\u00e3o funcionar.<\/span>\t<br><br>\n\t<a style=\"color: green;\" href=\"https:\/\/wpadvancedads.com\/manual\/ad-debug-mode\/?utm_source=advanced-ads&utm_medium=link&utm_campaign=ad-debug-mode\" target=\"_blank\" rel=\"nofollow\">Encontre solu\u00e7\u00f5es no manual<\/a>\n<\/div>\n<\/li><\/ul><\/div><script>( window.advanced_ads_ready || jQuery( document ).ready ).call( null, function() {var $lavraslider664105813 = jQuery( \".lavra-slider-664105813\" );$lavraslider664105813.on( \"unslider.ready\", function() { jQuery( \"div.custom-slider ul li\" ).css( \"display\", \"block\" ); });$lavraslider664105813.unslider({ delay:4000, autoplay:true, nav:false, arrows:false, infinite:true });$lavraslider664105813.on(\"mouseover\", function() {$lavraslider664105813.unslider(\"stop\");}).on(\"mouseout\", function() {$lavraslider664105813.unslider(\"start\");});});<\/script><\/div>\n<p>Os servidores p\u00fablicos municipais das maiores cidades do Sul de Minas devem passar um fim de ano mas tranquilo e com o 13\u00ba sal\u00e1rio em dia. Levantamento do&nbsp;<strong>G1<\/strong>&nbsp;feito junto \u00e0s prefeituras mostra que as administra\u00e7\u00f5es devem quitar a obriga\u00e7\u00e3o at\u00e9 antes do Natal.<\/p>\n\n\n\n<p>Segundo a Associa\u00e7\u00e3o dos Munic\u00edpios Mineiros, n\u00e3o h\u00e1 not\u00edcia de n\u00e3o pagamento do 13\u00ba sal\u00e1rio por parte de prefeitos, o que demonstra que pelo menos no \u00e2mbito municipal, os servidores n\u00e3o devem enfrentar problemas para receber o direito.<\/p>\n\n\n\n<div class=\"wp-block-image\"><figure class=\"aligncenter size-large\"><img fetchpriority=\"high\" decoding=\"async\" width=\"970\" height=\"728\" src=\"http:\/\/lavras.tv\/site\/wp-content\/uploads\/2019\/12\/13-salario-970x728.jpg\" alt=\"\" class=\"wp-image-46597\" srcset=\"https:\/\/lavras.tv\/site\/wp-content\/uploads\/2019\/12\/13-salario-970x728.jpg 970w, https:\/\/lavras.tv\/site\/wp-content\/uploads\/2019\/12\/13-salario-400x300.jpg 400w, https:\/\/lavras.tv\/site\/wp-content\/uploads\/2019\/12\/13-salario-170x128.jpg 170w, https:\/\/lavras.tv\/site\/wp-content\/uploads\/2019\/12\/13-salario-1536x1152.jpg 1536w, https:\/\/lavras.tv\/site\/wp-content\/uploads\/2019\/12\/13-salario.jpg 1600w\" sizes=\"(max-width: 970px) 100vw, 970px\" \/><\/figure><\/div>\n\n\n\n<p><\/p>\n\n\n\n<p>J\u00e1 no \u00e2mbito estadual, a situa\u00e7\u00e3o \u00e9 bem mais complicada. A \u00faltima parcela do 13\u00ba sal\u00e1rio de 2018 s\u00f3 foi paga em 21 de outubro e n\u00e3o h\u00e1 previs\u00e3o do governo para o pagamento do benef\u00edcio de 2019. A tend\u00eancia \u00e9 que o acerto s\u00f3 seja feito quando o governo receber cr\u00e9ditos do ni\u00f3bio, que ser\u00e1 explorado na regi\u00e3o de Arax\u00e1 (MG).<\/p>\n\n\n\n<p>Confira abaixo a situa\u00e7\u00e3o do 13\u00ba dos servidores municipais nas principais cidades do Sul de Minas:<\/p>\n\n\n\n<h2 class=\"wp-block-heading\">Po\u00e7os de Caldas<\/h2>\n\n\n\n<ul class=\"wp-block-list\"><li><strong>1\u00aa parcela<\/strong>&nbsp;&#8211; foi paga em julho<\/li><li><strong>2\u00aa parcela<\/strong>&nbsp;&#8211; ser\u00e1 paga ap\u00f3s o dia 20<\/li><\/ul>\n\n\n\n<h2 class=\"wp-block-heading\">Pouso Alegre<\/h2>\n\n\n\n<ul class=\"wp-block-list\"><li><strong>1\u00aa parcela<\/strong>&nbsp;&#8211; foi paga em julho<\/li><li><strong>2\u00aa parcela<\/strong>&nbsp;&#8211; foi paga no dia 2 de dezembro<\/li><\/ul>\n\n\n\n<h2 class=\"wp-block-heading\">Varginha<\/h2>\n\n\n\n<ul class=\"wp-block-list\"><li><strong>1\u00aa parcela<\/strong>&nbsp;&#8211; foi paga em outubro<\/li><li><strong>2\u00aa parcela<\/strong>&nbsp;&#8211; foi paga em 10 de dezembro<\/li><\/ul>\n\n\n\n<h2 class=\"wp-block-heading\">Passos<\/h2>\n\n\n\n<ul class=\"wp-block-list\"><li><strong>Parcela \u00fanica<\/strong>&nbsp;&#8211; ser\u00e1 paga no dia 20 de dezembro<\/li><\/ul>\n\n\n\n<h2 class=\"wp-block-heading\">Lavras<\/h2>\n\n\n\n<ul class=\"wp-block-list\"><li><strong>1\u00aa parcela<\/strong>&nbsp;&#8211; foi paga no m\u00eas de anivers\u00e1rio do servidor<\/li><li><strong>2\u00aa parcela<\/strong>&nbsp;&#8211; foi paga no dia 2 de dezembro<\/li><\/ul>\n\n\n\n<p>(Obs: servidores contratados recebem 2\u00aa parcela at\u00e9 dia 20 de dezembro. 1\u00aa parcela foi paga em novembro)<\/p>\n\n\n\n<h2 class=\"wp-block-heading\">Itajub\u00e1<\/h2>\n\n\n\n<ul class=\"wp-block-list\"><li><strong>1\u00aa parcela<\/strong>\u00a0&#8211; foi paga no m\u00eas de anivers\u00e1rio do servidor<\/li><li><strong>2\u00aa parcela<\/strong>\u00a0&#8211; foi paga no dia 7 de dezembro<\/li><\/ul>\n\n\n\n<p>Fonte: G1<\/p>\n","protected":false},"excerpt":{"rendered":"<p>Os servidores p\u00fablicos municipais das maiores cidades do Sul de Minas devem passar um fim de ano mas tranquilo e com o 13\u00ba sal\u00e1rio em dia. Levantamento do&nbsp;G1&nbsp;feito junto \u00e0s prefeituras mostra que as administra\u00e7\u00f5es devem quitar a obriga\u00e7\u00e3o at\u00e9 antes do Natal. Segundo a Associa\u00e7\u00e3o dos Munic\u00edpios Mineiros, n\u00e3o h\u00e1 not\u00edcia de n\u00e3o pagamento [&hellip;]<\/p>\n","protected":false},"author":2,"featured_media":46597,"comment_status":"closed","ping_status":"open","sticky":false,"template":"","format":"standard","meta":{"advgb_blocks_editor_width":"","advgb_blocks_columns_visual_guide":"","_exactmetrics_skip_tracking":false,"_exactmetrics_sitenote_active":false,"_exactmetrics_sitenote_note":"","_exactmetrics_sitenote_category":0,"footnotes":""},"categories":[7,2,12],"tags":[],"class_list":["post-46596","post","type-post","status-publish","format-standard","has-post-thumbnail","hentry","category-destaques","category-noticias","category-politica"],"better_featured_image":{"id":46597,"alt_text":"","caption":"","description":"","media_type":"image","media_details":{"width":1600,"height":1200,"file":"2019\/12\/13-salario.jpg","sizes":{"medium":{"file":"13-salario-400x300.jpg","width":400,"height":300,"mime-type":"image\/jpeg","source_url":"https:\/\/lavras.tv\/site\/wp-content\/uploads\/2019\/12\/13-salario-400x300.jpg"},"large":{"file":"13-salario-970x728.jpg","width":970,"height":728,"mime-type":"image\/jpeg","source_url":"https:\/\/lavras.tv\/site\/wp-content\/uploads\/2019\/12\/13-salario-970x728.jpg"},"thumbnail":{"file":"13-salario-170x128.jpg","width":170,"height":128,"mime-type":"image\/jpeg","source_url":"https:\/\/lavras.tv\/site\/wp-content\/uploads\/2019\/12\/13-salario-170x128.jpg"},"1536x1536":{"file":"13-salario-1536x1152.jpg","width":1536,"height":1152,"mime-type":"image\/jpeg","source_url":"https:\/\/lavras.tv\/site\/wp-content\/uploads\/2019\/12\/13-salario-1536x1152.jpg"},"alm-thumbnail":{"file":"13-salario-150x150.jpg","width":150,"height":150,"mime-type":"image\/jpeg","source_url":"https:\/\/lavras.tv\/site\/wp-content\/uploads\/2019\/12\/13-salario-150x150.jpg"}},"image_meta":{"aperture":"0","credit":"","camera":"","caption":"","created_timestamp":"0","copyright":"","focal_length":"0","iso":"0","shutter_speed":"0","title":"","orientation":"0","keywords":[]}},"post":46596,"source_url":"https:\/\/lavras.tv\/site\/wp-content\/uploads\/2019\/12\/13-salario.jpg"},"author_meta":{"display_name":"Lavras TV","author_link":"https:\/\/lavras.tv\/site\/author\/lavrastv\/"},"featured_img":"https:\/\/lavras.tv\/site\/wp-content\/uploads\/2019\/12\/13-salario-400x300.jpg","coauthors":[],"tax_additional":{"categories":{"linked":["<a href=\"https:\/\/lavras.tv\/site\/category\/destaques\/\" class=\"advgb-post-tax-term\">Destaques<\/a>","<a href=\"https:\/\/lavras.tv\/site\/category\/noticias\/\" class=\"advgb-post-tax-term\">Not\u00edcias<\/a>","<a href=\"https:\/\/lavras.tv\/site\/category\/politica\/\" class=\"advgb-post-tax-term\">Pol\u00edtica<\/a>"],"unlinked":["<span class=\"advgb-post-tax-term\">Destaques<\/span>","<span class=\"advgb-post-tax-term\">Not\u00edcias<\/span>","<span class=\"advgb-post-tax-term\">Pol\u00edtica<\/span>"]}},"comment_count":"0","relative_dates":{"created":"Publicado 6 anos atr\u00e1s","modified":"Atualizado 6 anos atr\u00e1s"},"absolute_dates":{"created":"Publicado em 11 de dezembro de 2019","modified":"Atualizado em 11 de dezembro de 2019"},"absolute_dates_time":{"created":"Publicado em 11 de dezembro de 2019 09:05","modified":"Atualizado em 11 de dezembro de 2019 09:05"},"featured_img_caption":"","series_order":"","_links":{"self":[{"href":"https:\/\/lavras.tv\/site\/wp-json\/wp\/v2\/posts\/46596","targetHints":{"allow":["GET"]}}],"collection":[{"href":"https:\/\/lavras.tv\/site\/wp-json\/wp\/v2\/posts"}],"about":[{"href":"https:\/\/lavras.tv\/site\/wp-json\/wp\/v2\/types\/post"}],"author":[{"embeddable":true,"href":"https:\/\/lavras.tv\/site\/wp-json\/wp\/v2\/users\/2"}],"replies":[{"embeddable":true,"href":"https:\/\/lavras.tv\/site\/wp-json\/wp\/v2\/comments?post=46596"}],"version-history":[{"count":1,"href":"https:\/\/lavras.tv\/site\/wp-json\/wp\/v2\/posts\/46596\/revisions"}],"predecessor-version":[{"id":46598,"href":"https:\/\/lavras.tv\/site\/wp-json\/wp\/v2\/posts\/46596\/revisions\/46598"}],"wp:featuredmedia":[{"embeddable":true,"href":"https:\/\/lavras.tv\/site\/wp-json\/wp\/v2\/media\/46597"}],"wp:attachment":[{"href":"https:\/\/lavras.tv\/site\/wp-json\/wp\/v2\/media?parent=46596"}],"wp:term":[{"taxonomy":"category","embeddable":true,"href":"https:\/\/lavras.tv\/site\/wp-json\/wp\/v2\/categories?post=46596"},{"taxonomy":"post_tag","embeddable":true,"href":"https:\/\/lavras.tv\/site\/wp-json\/wp\/v2\/tags?post=46596"}],"curies":[{"name":"wp","href":"https:\/\/api.w.org\/{rel}","templated":true}]}}