{"id":46917,"date":"2020-01-22T09:31:25","date_gmt":"2020-01-22T12:31:25","guid":{"rendered":"http:\/\/lavras.tv\/site\/?p=46917"},"modified":"2020-01-22T09:31:28","modified_gmt":"2020-01-22T12:31:28","slug":"ministro-paulo-guedes-pretende-congelar-salario-do-funcionalismo","status":"publish","type":"post","link":"https:\/\/lavras.tv\/site\/2020\/01\/22\/ministro-paulo-guedes-pretende-congelar-salario-do-funcionalismo\/","title":{"rendered":"Ministro Paulo Guedes pretende congelar sal\u00e1rio do funcionalismo"},"content":{"rendered":"<div class=\"lavra-antes-do-conteudo_2\" id=\"lavra-723933458\"><div id=\"lavra-slider-27\" class=\"custom-slider lavra-slider-3216666639 lavra-slider\"><ul><li><div style=\"margin-left: auto;margin-right: auto;text-align: center;\" id=\"lavra-2226085314\"><a href=\"https:\/\/sistemas.lavras.mg.gov.br\/portalcidadao\/#df1b1a7c7b2a290bcb31e32771e610784662739a88807c0dacac58ede5f391a7530e299dc302d611ee73cb143fc22eaf93592e53e7b5bdb01b00a0b8d28dae460c141dd2ff83412e4dc1c31b16b25f33144a9e5620ea73b13f5bc1c59411d98439ad226e8af03840603796067d87afe130812cf3de24982d0e306f9e61e764e5\" aria-label=\"Lavras-TV&#8211;720x104px (1) (1)\"><img src=\"https:\/\/lavras.tv\/site\/wp-content\/uploads\/2025\/01\/Lavras-TV-720x104px-1-1.png\" alt=\"\"  srcset=\"https:\/\/lavras.tv\/site\/wp-content\/uploads\/2025\/01\/Lavras-TV-720x104px-1-1.png 720w, https:\/\/lavras.tv\/site\/wp-content\/uploads\/2025\/01\/Lavras-TV-720x104px-1-1-470x68.png 470w, https:\/\/lavras.tv\/site\/wp-content\/uploads\/2025\/01\/Lavras-TV-720x104px-1-1-170x25.png 170w, https:\/\/lavras.tv\/site\/wp-content\/uploads\/2025\/01\/Lavras-TV-720x104px-1-1-200x29.png 200w\" sizes=\"(max-width: 720px) 100vw, 720px\" width=\"720\" height=\"104\"  style=\"display: inline-block;\" \/><\/a><\/div><\/li><li><a href=\"https:\/\/sistemas.lavras.mg.gov.br\/portalcidadao\/#df1b1a7c7b2a290bcb31e32771e610784662739a88807c0dacac58ede5f391a7530e299dc302d611ee73cb143fc22eaf93592e53e7b5bdb01b00a0b8d28dae460c141dd2ff83412e4dc1c31b16b25f33144a9e5620ea73b13f5bc1c59411d98439ad226e8af03840603796067d87afe130812cf3de24982d0e306f9e61e764e5\" aria-label=\"Banner_Emprego_PortallavrasTV\"><img src=\"https:\/\/lavras.tv\/site\/wp-content\/uploads\/2025\/03\/Banner_Emprego_PortallavrasTV.png\" alt=\"\"  srcset=\"https:\/\/lavras.tv\/site\/wp-content\/uploads\/2025\/03\/Banner_Emprego_PortallavrasTV.png 720w, https:\/\/lavras.tv\/site\/wp-content\/uploads\/2025\/03\/Banner_Emprego_PortallavrasTV-470x68.png 470w, https:\/\/lavras.tv\/site\/wp-content\/uploads\/2025\/03\/Banner_Emprego_PortallavrasTV-170x25.png 170w, https:\/\/lavras.tv\/site\/wp-content\/uploads\/2025\/03\/Banner_Emprego_PortallavrasTV-200x29.png 200w\" sizes=\"(max-width: 720px) 100vw, 720px\" width=\"720\" height=\"104\"   \/><\/a><\/li><li><a href=\"https:\/\/sistemas.lavras.mg.gov.br\/portalcidadao\/#df1b1a7c7b2a290bcb31e32771e610784662739a88807c0dacac58ede5f391a7530e299dc302d611ee73cb143fc22eaf93592e53e7b5bdb01b00a0b8d28dae460c141dd2ff83412e4dc1c31b16b25f33144a9e5620ea73b13f5bc1c59411d98439ad226e8af03840603796067d87afe130812cf3de24982d0e306f9e61e764e5\" aria-label=\"Banner_Obras_PortallavrasTV\"><img src=\"https:\/\/lavras.tv\/site\/wp-content\/uploads\/2025\/03\/Banner_Obras_PortallavrasTV.png\" alt=\"\"  srcset=\"https:\/\/lavras.tv\/site\/wp-content\/uploads\/2025\/03\/Banner_Obras_PortallavrasTV.png 720w, https:\/\/lavras.tv\/site\/wp-content\/uploads\/2025\/03\/Banner_Obras_PortallavrasTV-470x68.png 470w, https:\/\/lavras.tv\/site\/wp-content\/uploads\/2025\/03\/Banner_Obras_PortallavrasTV-170x25.png 170w, https:\/\/lavras.tv\/site\/wp-content\/uploads\/2025\/03\/Banner_Obras_PortallavrasTV-200x29.png 200w\" sizes=\"(max-width: 720px) 100vw, 720px\" width=\"720\" height=\"104\"   \/><\/a><\/li><li><div style=\"margin-left: auto;margin-right: auto;text-align: center;\" id=\"lavra-1556610603\"><a href=\"https:\/\/sistemas.lavras.mg.gov.br\/portalcidadao\/#df1b1a7c7b2a290bcb31e32771e610784662739a88807c0dacac58ede5f391a7530e299dc302d611ee73cb143fc22eaf93592e53e7b5bdb01b00a0b8d28dae460c141dd2ff83412e4dc1c31b16b25f33144a9e5620ea73b13f5bc1c59411d98439ad226e8af03840603796067d87afe130812cf3de24982d0e306f9e61e764e5\" aria-label=\"Banner_Educa\u00e7\u00e3o_PortallavrasTV\"><img src=\"https:\/\/lavras.tv\/site\/wp-content\/uploads\/2025\/01\/Banner_Educacao_PortallavrasTV.png\" alt=\"\"  srcset=\"https:\/\/lavras.tv\/site\/wp-content\/uploads\/2025\/01\/Banner_Educacao_PortallavrasTV.png 720w, https:\/\/lavras.tv\/site\/wp-content\/uploads\/2025\/01\/Banner_Educacao_PortallavrasTV-470x68.png 470w, https:\/\/lavras.tv\/site\/wp-content\/uploads\/2025\/01\/Banner_Educacao_PortallavrasTV-170x25.png 170w, https:\/\/lavras.tv\/site\/wp-content\/uploads\/2025\/01\/Banner_Educacao_PortallavrasTV-200x29.png 200w\" sizes=\"(max-width: 720px) 100vw, 720px\" width=\"720\" height=\"104\"  style=\"display: inline-block;\" \/><\/a><\/div><\/li><li><a href=\"https:\/\/sistemas.lavras.mg.gov.br\/portalcidadao\/#df1b1a7c7b2a290bcb31e32771e610784662739a88807c0dacac58ede5f391a7530e299dc302d611ee73cb143fc22eaf93592e53e7b5bdb01b00a0b8d28dae460c141dd2ff83412e4dc1c31b16b25f33144a9e5620ea73b13f5bc1c59411d98439ad226e8af03840603796067d87afe130812cf3de24982d0e306f9e61e764e5\" aria-label=\"Banner_Sa\u00fade_PortallavrasTV\"><img src=\"https:\/\/lavras.tv\/site\/wp-content\/uploads\/2025\/03\/Banner_Saude_PortallavrasTV.png\" alt=\"\"  srcset=\"https:\/\/lavras.tv\/site\/wp-content\/uploads\/2025\/03\/Banner_Saude_PortallavrasTV.png 720w, https:\/\/lavras.tv\/site\/wp-content\/uploads\/2025\/03\/Banner_Saude_PortallavrasTV-470x68.png 470w, https:\/\/lavras.tv\/site\/wp-content\/uploads\/2025\/03\/Banner_Saude_PortallavrasTV-170x25.png 170w, https:\/\/lavras.tv\/site\/wp-content\/uploads\/2025\/03\/Banner_Saude_PortallavrasTV-200x29.png 200w\" sizes=\"(max-width: 720px) 100vw, 720px\" width=\"720\" height=\"104\"   \/><\/a><\/li><li><div id=\"lavra-1096188427\" style=\"width:720px;height:104px;background-color:#ddd;overflow:scroll;\">\n\t<strong>Sa\u00edda da depura\u00e7\u00e3o de an\u00fancios<\/strong>\n\t<br><br>\n\tO an\u00fancio n\u00e3o \u00e9 exibido na p\u00e1gina<br><br>post atual: Ministro Paulo Guedes pretende congelar sal\u00e1rio do funcionalismo, ID: 46917<br><br><span style=\"color: red;\">O post atual n\u00e3o \u00e9 id\u00eantico ao post principal.<\/span><br><br>An\u00fancios: ROXO - TOPO INTERNA - ROTATIVO 2 (197)<br \/>Grupo de an\u00fancios: Princ_Meio01_720x104 (27)<br><br>Condi\u00e7\u00f5es de exibi\u00e7\u00e3o<div style=\"margin-bottom: 20px; white-space: pre-wrap; font-family: monospace; width: 100%; background: #ffe9e9;\"><strong>condi\u00e7\u00f5es gerais<\/strong><table border=\"1\"><thead><tr><th><\/th><th>An\u00fancios<\/th><th>wp_the_query<\/th><\/tr><\/thead><tr><td>is_main_query<\/td><td>1<\/td><td>1<\/td><\/tr><tr><td>is_rest_api<\/td><td>0<\/td><td>1<\/td><\/tr><tr><td>page<\/td><td>0<\/td><td>1<\/td><\/tr><tr><td>numpages<\/td><td>0<\/td><td>1<\/td><\/tr><tr><td>is_archive<\/td><td>1<\/td><td><\/td><\/tr><tr><td>is_search<\/td><td>1<\/td><td><\/td><\/tr><tr><td>is_home<\/td><td>1<\/td><td><\/td><\/tr><tr><td>is_404<\/td><td>1<\/td><td><\/td><\/tr><tr><td>is_attachment<\/td><td>1<\/td><td><\/td><\/tr><tr><td>is_singular<\/td><td>1<\/td><td><\/td><\/tr><tr><td>is_front_page<\/td><td>1<\/td><td><\/td><\/tr><tr><td>is_feed<\/td><td>1<\/td><td><\/td><\/tr><\/table><\/div><br><br><span style=\"color: red;\">Seu site usa HTTPS, mas o c\u00f3digo do an\u00fancio cont\u00e9m HTTP e pode n\u00e3o funcionar.<\/span>\t<br><br>\n\t<a style=\"color: green;\" href=\"https:\/\/wpadvancedads.com\/manual\/ad-debug-mode\/?utm_source=advanced-ads&utm_medium=link&utm_campaign=ad-debug-mode\" target=\"_blank\" rel=\"nofollow\">Encontre solu\u00e7\u00f5es no manual<\/a>\n<\/div>\n<\/li><\/ul><\/div><script>( window.advanced_ads_ready || jQuery( document ).ready ).call( null, function() {var $lavraslider3216666639 = jQuery( \".lavra-slider-3216666639\" );$lavraslider3216666639.on( \"unslider.ready\", function() { jQuery( \"div.custom-slider ul li\" ).css( \"display\", \"block\" ); });$lavraslider3216666639.unslider({ delay:4000, autoplay:true, nav:false, arrows:false, infinite:true });$lavraslider3216666639.on(\"mouseover\", function() {$lavraslider3216666639.unslider(\"stop\");}).on(\"mouseout\", function() {$lavraslider3216666639.unslider(\"start\");});});<\/script><\/div>\n<p> O ministro da Economia,\u00a0Paulo Guedes, refor\u00e7ou nesta ter\u00e7a-feira (21\/1) a necessidade de\u00a0congelar\u00a0a\u00a0folha de pagamento\u00a0do\u00a0funcionalismo. Por isso, a aprova\u00e7\u00e3o da Proposta de Emenda \u00e0 Constitui\u00e7\u00e3o\u00a0(PEC) n\u00ba 186\/2019, conhecida como\u00a0PEC Emergencial, ser\u00e1 prioridade do governo este ano. O projeto, em andamento no Congresso, prev\u00ea uma s\u00e9rie de gatilhos a serem acionados em caso de descumprimento da Regra de Ouro, dispositivo que pro\u00edbe o governo de se endividar para pagar gastos correntes, como despesas com pessoal. <\/p>\n\n\n\n<figure class=\"wp-block-image size-large\"><img fetchpriority=\"high\" decoding=\"async\" width=\"675\" height=\"450\" src=\"http:\/\/lavras.tv\/site\/wp-content\/uploads\/2020\/01\/paulo-guedes.jpg\" alt=\"\" class=\"wp-image-46918\" srcset=\"https:\/\/lavras.tv\/site\/wp-content\/uploads\/2020\/01\/paulo-guedes.jpg 675w, https:\/\/lavras.tv\/site\/wp-content\/uploads\/2020\/01\/paulo-guedes-450x300.jpg 450w, https:\/\/lavras.tv\/site\/wp-content\/uploads\/2020\/01\/paulo-guedes-170x113.jpg 170w\" sizes=\"(max-width: 675px) 100vw, 675px\" \/><figcaption>Foto: Ag\u00eancia Brasil<\/figcaption><\/figure>\n\n\n\n<p> Entre essas medidas, est\u00e3o o congelamento da folha de pagamento dos funcion\u00e1rios, com a possibilidade de\u00a0diminuir a jornada de trabalho em at\u00e9 25%, com\u00a0corte proporcional nos sal\u00e1rios, e a\u00a0proibi\u00e7\u00e3o de cria\u00e7\u00e3o de cargos. \u201cNum pa\u00eds que cresce 2,5% este ano, e tem infla\u00e7\u00e3o de 4%, as receitas crescem quase 8%. Ent\u00e3o, se voc\u00ea congela a conta de sal\u00e1rios por um ano e meio, ou dois anos, a situa\u00e7\u00e3o fica sob controle\u201d,\u00a0 disse Guedes. <\/p>\n\n\n\n<p> \u201cAtacamos a Previd\u00eancia, atacamos os pagamentos de juros na d\u00edvida p\u00fablica e, agora, vamos atacar a folha de pagamentos\u201d, afirmou o chefe da equipe econ\u00f4mica, em\u00a0Davos, na\u00a0Su\u00ed\u00e7a, onde participa do\u00a0F\u00f3rum Econ\u00f4mico Mundial. A aprova\u00e7\u00e3o da reforma da Previd\u00eancia, em novembro de 2019, permitiu eliminar privil\u00e9gios da categoria, disse o ministro. \u201cN\u00e3o apenas o governo estava gastando muito, como era um gasto de baixa qualidade\u201d, disse. Guedes lembrou que houve apoio da popula\u00e7\u00e3o para que as mudan\u00e7as nas regras de aposentadoria e pens\u00e3o fossem definidas.<\/p>\n\n\n\n<p>A vit\u00f3ria na reforma da Previd\u00eancia n\u00e3o significa, por\u00e9m, que outras pautas do governo ter\u00e3o o mesmo sucesso, alerta a consultora econ\u00f4mica Zeina Latif. Ela concorda que a PEC Emergencial \u00e9 importante e defende a necessidade de o governo criar uma margem de manobra em casos de emerg\u00eancia fiscal. O problema \u00e9 que a proposta \u00e9 ambiciosa, disse. \u201cTem que ver quanto dela ser\u00e1, de fato, aprovado\u201d, ponderou.<br>O resultado final do projeto, se ser\u00e1 ou n\u00e3o muito desidratado, \u00e9 um teste para o governo avaliar a influ\u00eancia que tem no Congresso. \u201cA reforma da Previd\u00eancia era consensual, teve todo um trabalho anterior de conscientiza\u00e7\u00e3o da necessidade das mudan\u00e7as. A PEC Emergencial n\u00e3o \u00e9. Agora, o problema da articula\u00e7\u00e3o pol\u00edtica pode pesar muito mais\u201d, avalia Latif. Ainda assim, o governo prev\u00ea aprova\u00e7\u00e3o da mat\u00e9ria ainda no in\u00edcio do ano.<br><\/p>\n\n\n\n<h2 class=\"wp-block-heading\">Rea\u00e7\u00f5es<\/h2>\n\n\n\n<p>A esperan\u00e7a dos servidores p\u00fablicos \u00e9 justamente a falta de articula\u00e7\u00e3o do governo. Diretor da Federa\u00e7\u00e3o Nacional de Sindicatos de Trabalhadores em Sa\u00fade, Trabalho, Previd\u00eancia e Assist\u00eancia Social (Fenasps), Moacir Lopes conta que o objetivo, logo no in\u00edcio do ano, \u00e9 \u201cconvencer os parlamentares de que a medida \u00e9 inconstitucional\u201d. Segundo ele, o governo j\u00e1 reduziu de maneira indireta os sal\u00e1rios do funcionalismo ao aprovar a reforma da Previd\u00eancia, que aumentou as al\u00edquotas de contribui\u00e7\u00e3o para at\u00e9 22% da remunera\u00e7\u00e3o bruta.<\/p>\n\n\n\n<p>Assim que os parlamentares voltarem do recesso, na primeira semana de fevereiro, os servidores devem sugerir mais emendas \u00e0 PEC. At\u00e9 agora, j\u00e1 foram apresentadas 56 sugest\u00f5es de mudan\u00e7as no texto, que aguarda vota\u00e7\u00e3o na Comiss\u00e3o de Constitui\u00e7\u00e3o e Justi\u00e7a (CCJ) do Senado, para depois ser avaliada pelo plen\u00e1rio. Em seguida, precisa passar pela C\u00e2mara.<\/p>\n\n\n\n<p>O presidente do Sindicato Nacional dos Funcion\u00e1rios do Banco Central (Sinal), Paulo Lino, acredita que as elei\u00e7\u00f5es municipais deste ano podem atrapalhar a estrat\u00e9gia do governo de penalizar o servi\u00e7o p\u00fablico no ajuste fiscal. \u201cAchamos que a campanha para vereadores e prefeitos vai ter muito peso no Congresso. \u00c9 dif\u00edcil o governo convencer deputados de partidos que t\u00eam candidatos nas bases a aprovar uma PEC dessas. Quem aprovar precisar\u00e1 encarar uma rea\u00e7\u00e3o enorme pela frente\u201d, disse. <\/p>\n\n\n\n<p>Fonte: Estado de Minas<\/p>\n","protected":false},"excerpt":{"rendered":"<p>O ministro da Economia,\u00a0Paulo Guedes, refor\u00e7ou nesta ter\u00e7a-feira (21\/1) a necessidade de\u00a0congelar\u00a0a\u00a0folha de pagamento\u00a0do\u00a0funcionalismo. Por isso, a aprova\u00e7\u00e3o da Proposta de Emenda \u00e0 Constitui\u00e7\u00e3o\u00a0(PEC) n\u00ba 186\/2019, conhecida como\u00a0PEC Emergencial, ser\u00e1 prioridade do governo este ano. O projeto, em andamento no Congresso, prev\u00ea uma s\u00e9rie de gatilhos a serem acionados em caso de descumprimento da Regra [&hellip;]<\/p>\n","protected":false},"author":2,"featured_media":46918,"comment_status":"closed","ping_status":"open","sticky":false,"template":"","format":"standard","meta":{"advgb_blocks_editor_width":"","advgb_blocks_columns_visual_guide":"","_exactmetrics_skip_tracking":false,"_exactmetrics_sitenote_active":false,"_exactmetrics_sitenote_note":"","_exactmetrics_sitenote_category":0,"footnotes":""},"categories":[7,5717,12],"tags":[],"class_list":["post-46917","post","type-post","status-publish","format-standard","has-post-thumbnail","hentry","category-destaques","category-economia","category-politica"],"better_featured_image":{"id":46918,"alt_text":"","caption":"","description":"","media_type":"image","media_details":{"width":675,"height":450,"file":"2020\/01\/paulo-guedes.jpg","sizes":{"medium":{"file":"paulo-guedes-450x300.jpg","width":450,"height":300,"mime-type":"image\/jpeg","source_url":"https:\/\/lavras.tv\/site\/wp-content\/uploads\/2020\/01\/paulo-guedes-450x300.jpg"},"thumbnail":{"file":"paulo-guedes-170x113.jpg","width":170,"height":113,"mime-type":"image\/jpeg","source_url":"https:\/\/lavras.tv\/site\/wp-content\/uploads\/2020\/01\/paulo-guedes-170x113.jpg"},"alm-thumbnail":{"file":"paulo-guedes-150x150.jpg","width":150,"height":150,"mime-type":"image\/jpeg","source_url":"https:\/\/lavras.tv\/site\/wp-content\/uploads\/2020\/01\/paulo-guedes-150x150.jpg"}},"image_meta":{"aperture":"0","credit":"","camera":"","caption":"","created_timestamp":"0","copyright":"","focal_length":"0","iso":"0","shutter_speed":"0","title":"","orientation":"0","keywords":[]}},"post":46917,"source_url":"https:\/\/lavras.tv\/site\/wp-content\/uploads\/2020\/01\/paulo-guedes.jpg"},"author_meta":{"display_name":"Lavras TV","author_link":"https:\/\/lavras.tv\/site\/author\/lavrastv\/"},"featured_img":"https:\/\/lavras.tv\/site\/wp-content\/uploads\/2020\/01\/paulo-guedes-450x300.jpg","coauthors":[],"tax_additional":{"categories":{"linked":["<a href=\"https:\/\/lavras.tv\/site\/category\/destaques\/\" class=\"advgb-post-tax-term\">Destaques<\/a>","<a href=\"https:\/\/lavras.tv\/site\/category\/economia\/\" class=\"advgb-post-tax-term\">Economia<\/a>","<a href=\"https:\/\/lavras.tv\/site\/category\/politica\/\" class=\"advgb-post-tax-term\">Pol\u00edtica<\/a>"],"unlinked":["<span class=\"advgb-post-tax-term\">Destaques<\/span>","<span class=\"advgb-post-tax-term\">Economia<\/span>","<span class=\"advgb-post-tax-term\">Pol\u00edtica<\/span>"]}},"comment_count":"0","relative_dates":{"created":"Publicado 6 anos atr\u00e1s","modified":"Atualizado 6 anos atr\u00e1s"},"absolute_dates":{"created":"Publicado em 22 de janeiro de 2020","modified":"Atualizado em 22 de janeiro de 2020"},"absolute_dates_time":{"created":"Publicado em 22 de janeiro de 2020 09:31","modified":"Atualizado em 22 de janeiro de 2020 09:31"},"featured_img_caption":"","series_order":"","_links":{"self":[{"href":"https:\/\/lavras.tv\/site\/wp-json\/wp\/v2\/posts\/46917","targetHints":{"allow":["GET"]}}],"collection":[{"href":"https:\/\/lavras.tv\/site\/wp-json\/wp\/v2\/posts"}],"about":[{"href":"https:\/\/lavras.tv\/site\/wp-json\/wp\/v2\/types\/post"}],"author":[{"embeddable":true,"href":"https:\/\/lavras.tv\/site\/wp-json\/wp\/v2\/users\/2"}],"replies":[{"embeddable":true,"href":"https:\/\/lavras.tv\/site\/wp-json\/wp\/v2\/comments?post=46917"}],"version-history":[{"count":1,"href":"https:\/\/lavras.tv\/site\/wp-json\/wp\/v2\/posts\/46917\/revisions"}],"predecessor-version":[{"id":46919,"href":"https:\/\/lavras.tv\/site\/wp-json\/wp\/v2\/posts\/46917\/revisions\/46919"}],"wp:featuredmedia":[{"embeddable":true,"href":"https:\/\/lavras.tv\/site\/wp-json\/wp\/v2\/media\/46918"}],"wp:attachment":[{"href":"https:\/\/lavras.tv\/site\/wp-json\/wp\/v2\/media?parent=46917"}],"wp:term":[{"taxonomy":"category","embeddable":true,"href":"https:\/\/lavras.tv\/site\/wp-json\/wp\/v2\/categories?post=46917"},{"taxonomy":"post_tag","embeddable":true,"href":"https:\/\/lavras.tv\/site\/wp-json\/wp\/v2\/tags?post=46917"}],"curies":[{"name":"wp","href":"https:\/\/api.w.org\/{rel}","templated":true}]}}