{"id":4699,"date":"2016-12-08T09:05:06","date_gmt":"2016-12-08T11:05:06","guid":{"rendered":"http:\/\/lavras.tv\/site\/?p=4699"},"modified":"2016-12-08T09:05:06","modified_gmt":"2016-12-08T11:05:06","slug":"policiais-militares-e-bombeiros-sao-retirados-de-texto-da-pec-da-previdencia","status":"publish","type":"post","link":"https:\/\/lavras.tv\/site\/2016\/12\/08\/policiais-militares-e-bombeiros-sao-retirados-de-texto-da-pec-da-previdencia\/","title":{"rendered":"Policiais militares e bombeiros s\u00e3o retirados de texto da PEC da Previd\u00eancia"},"content":{"rendered":"<div class=\"lavra-antes-do-conteudo_2\" id=\"lavra-1349041176\"><div id=\"lavra-slider-27\" class=\"custom-slider lavra-slider-4012061129 lavra-slider\"><ul><li><div style=\"margin-left: auto;margin-right: auto;text-align: center;\" id=\"lavra-771205416\"><a href=\"https:\/\/sistemas.lavras.mg.gov.br\/portalcidadao\/#df1b1a7c7b2a290bcb31e32771e610784662739a88807c0dacac58ede5f391a7530e299dc302d611ee73cb143fc22eaf93592e53e7b5bdb01b00a0b8d28dae460c141dd2ff83412e4dc1c31b16b25f33144a9e5620ea73b13f5bc1c59411d98439ad226e8af03840603796067d87afe130812cf3de24982d0e306f9e61e764e5\" aria-label=\"Lavras-TV&#8211;720x104px (1) (1)\"><img src=\"https:\/\/lavras.tv\/site\/wp-content\/uploads\/2025\/01\/Lavras-TV-720x104px-1-1.png\" alt=\"\"  srcset=\"https:\/\/lavras.tv\/site\/wp-content\/uploads\/2025\/01\/Lavras-TV-720x104px-1-1.png 720w, https:\/\/lavras.tv\/site\/wp-content\/uploads\/2025\/01\/Lavras-TV-720x104px-1-1-470x68.png 470w, https:\/\/lavras.tv\/site\/wp-content\/uploads\/2025\/01\/Lavras-TV-720x104px-1-1-170x25.png 170w, https:\/\/lavras.tv\/site\/wp-content\/uploads\/2025\/01\/Lavras-TV-720x104px-1-1-200x29.png 200w\" sizes=\"(max-width: 720px) 100vw, 720px\" width=\"720\" height=\"104\"  style=\"display: inline-block;\" \/><\/a><\/div><\/li><li><a href=\"https:\/\/sistemas.lavras.mg.gov.br\/portalcidadao\/#df1b1a7c7b2a290bcb31e32771e610784662739a88807c0dacac58ede5f391a7530e299dc302d611ee73cb143fc22eaf93592e53e7b5bdb01b00a0b8d28dae460c141dd2ff83412e4dc1c31b16b25f33144a9e5620ea73b13f5bc1c59411d98439ad226e8af03840603796067d87afe130812cf3de24982d0e306f9e61e764e5\" aria-label=\"Banner_Emprego_PortallavrasTV\"><img src=\"https:\/\/lavras.tv\/site\/wp-content\/uploads\/2025\/03\/Banner_Emprego_PortallavrasTV.png\" alt=\"\"  srcset=\"https:\/\/lavras.tv\/site\/wp-content\/uploads\/2025\/03\/Banner_Emprego_PortallavrasTV.png 720w, https:\/\/lavras.tv\/site\/wp-content\/uploads\/2025\/03\/Banner_Emprego_PortallavrasTV-470x68.png 470w, https:\/\/lavras.tv\/site\/wp-content\/uploads\/2025\/03\/Banner_Emprego_PortallavrasTV-170x25.png 170w, https:\/\/lavras.tv\/site\/wp-content\/uploads\/2025\/03\/Banner_Emprego_PortallavrasTV-200x29.png 200w\" sizes=\"(max-width: 720px) 100vw, 720px\" width=\"720\" height=\"104\"   \/><\/a><\/li><li><a href=\"https:\/\/sistemas.lavras.mg.gov.br\/portalcidadao\/#df1b1a7c7b2a290bcb31e32771e610784662739a88807c0dacac58ede5f391a7530e299dc302d611ee73cb143fc22eaf93592e53e7b5bdb01b00a0b8d28dae460c141dd2ff83412e4dc1c31b16b25f33144a9e5620ea73b13f5bc1c59411d98439ad226e8af03840603796067d87afe130812cf3de24982d0e306f9e61e764e5\" aria-label=\"Banner_Obras_PortallavrasTV\"><img src=\"https:\/\/lavras.tv\/site\/wp-content\/uploads\/2025\/03\/Banner_Obras_PortallavrasTV.png\" alt=\"\"  srcset=\"https:\/\/lavras.tv\/site\/wp-content\/uploads\/2025\/03\/Banner_Obras_PortallavrasTV.png 720w, https:\/\/lavras.tv\/site\/wp-content\/uploads\/2025\/03\/Banner_Obras_PortallavrasTV-470x68.png 470w, https:\/\/lavras.tv\/site\/wp-content\/uploads\/2025\/03\/Banner_Obras_PortallavrasTV-170x25.png 170w, https:\/\/lavras.tv\/site\/wp-content\/uploads\/2025\/03\/Banner_Obras_PortallavrasTV-200x29.png 200w\" sizes=\"(max-width: 720px) 100vw, 720px\" width=\"720\" height=\"104\"   \/><\/a><\/li><li><div style=\"margin-left: auto;margin-right: auto;text-align: center;\" id=\"lavra-1633718823\"><a href=\"https:\/\/sistemas.lavras.mg.gov.br\/portalcidadao\/#df1b1a7c7b2a290bcb31e32771e610784662739a88807c0dacac58ede5f391a7530e299dc302d611ee73cb143fc22eaf93592e53e7b5bdb01b00a0b8d28dae460c141dd2ff83412e4dc1c31b16b25f33144a9e5620ea73b13f5bc1c59411d98439ad226e8af03840603796067d87afe130812cf3de24982d0e306f9e61e764e5\" aria-label=\"Banner_Educa\u00e7\u00e3o_PortallavrasTV\"><img src=\"https:\/\/lavras.tv\/site\/wp-content\/uploads\/2025\/01\/Banner_Educacao_PortallavrasTV.png\" alt=\"\"  srcset=\"https:\/\/lavras.tv\/site\/wp-content\/uploads\/2025\/01\/Banner_Educacao_PortallavrasTV.png 720w, https:\/\/lavras.tv\/site\/wp-content\/uploads\/2025\/01\/Banner_Educacao_PortallavrasTV-470x68.png 470w, https:\/\/lavras.tv\/site\/wp-content\/uploads\/2025\/01\/Banner_Educacao_PortallavrasTV-170x25.png 170w, https:\/\/lavras.tv\/site\/wp-content\/uploads\/2025\/01\/Banner_Educacao_PortallavrasTV-200x29.png 200w\" sizes=\"(max-width: 720px) 100vw, 720px\" width=\"720\" height=\"104\"  style=\"display: inline-block;\" \/><\/a><\/div><\/li><li><a href=\"https:\/\/sistemas.lavras.mg.gov.br\/portalcidadao\/#df1b1a7c7b2a290bcb31e32771e610784662739a88807c0dacac58ede5f391a7530e299dc302d611ee73cb143fc22eaf93592e53e7b5bdb01b00a0b8d28dae460c141dd2ff83412e4dc1c31b16b25f33144a9e5620ea73b13f5bc1c59411d98439ad226e8af03840603796067d87afe130812cf3de24982d0e306f9e61e764e5\" aria-label=\"Banner_Sa\u00fade_PortallavrasTV\"><img src=\"https:\/\/lavras.tv\/site\/wp-content\/uploads\/2025\/03\/Banner_Saude_PortallavrasTV.png\" alt=\"\"  srcset=\"https:\/\/lavras.tv\/site\/wp-content\/uploads\/2025\/03\/Banner_Saude_PortallavrasTV.png 720w, https:\/\/lavras.tv\/site\/wp-content\/uploads\/2025\/03\/Banner_Saude_PortallavrasTV-470x68.png 470w, https:\/\/lavras.tv\/site\/wp-content\/uploads\/2025\/03\/Banner_Saude_PortallavrasTV-170x25.png 170w, https:\/\/lavras.tv\/site\/wp-content\/uploads\/2025\/03\/Banner_Saude_PortallavrasTV-200x29.png 200w\" sizes=\"(max-width: 720px) 100vw, 720px\" width=\"720\" height=\"104\"   \/><\/a><\/li><li><div id=\"lavra-475231497\" style=\"width:720px;height:104px;background-color:#ddd;overflow:scroll;\">\n\t<strong>Sa\u00edda da depura\u00e7\u00e3o de an\u00fancios<\/strong>\n\t<br><br>\n\tO an\u00fancio n\u00e3o \u00e9 exibido na p\u00e1gina<br><br>post atual: Policiais militares e bombeiros s\u00e3o retirados de texto da PEC da Previd\u00eancia, ID: 4699<br><br><span style=\"color: red;\">O post atual n\u00e3o \u00e9 id\u00eantico ao post principal.<\/span><br><br>An\u00fancios: ROXO - TOPO INTERNA - ROTATIVO 2 (197)<br \/>Grupo de an\u00fancios: Princ_Meio01_720x104 (27)<br><br>Condi\u00e7\u00f5es de exibi\u00e7\u00e3o<div style=\"margin-bottom: 20px; white-space: pre-wrap; font-family: monospace; width: 100%; background: #ffe9e9;\"><strong>condi\u00e7\u00f5es gerais<\/strong><table border=\"1\"><thead><tr><th><\/th><th>An\u00fancios<\/th><th>wp_the_query<\/th><\/tr><\/thead><tr><td>is_main_query<\/td><td>1<\/td><td>1<\/td><\/tr><tr><td>is_rest_api<\/td><td>0<\/td><td>1<\/td><\/tr><tr><td>page<\/td><td>0<\/td><td>1<\/td><\/tr><tr><td>numpages<\/td><td>0<\/td><td>1<\/td><\/tr><tr><td>is_archive<\/td><td>1<\/td><td><\/td><\/tr><tr><td>is_search<\/td><td>1<\/td><td><\/td><\/tr><tr><td>is_home<\/td><td>1<\/td><td><\/td><\/tr><tr><td>is_404<\/td><td>1<\/td><td><\/td><\/tr><tr><td>is_attachment<\/td><td>1<\/td><td><\/td><\/tr><tr><td>is_singular<\/td><td>1<\/td><td><\/td><\/tr><tr><td>is_front_page<\/td><td>1<\/td><td><\/td><\/tr><tr><td>is_feed<\/td><td>1<\/td><td><\/td><\/tr><\/table><\/div><br><br><span style=\"color: red;\">Seu site usa HTTPS, mas o c\u00f3digo do an\u00fancio cont\u00e9m HTTP e pode n\u00e3o funcionar.<\/span>\t<br><br>\n\t<a style=\"color: green;\" href=\"https:\/\/wpadvancedads.com\/manual\/ad-debug-mode\/?utm_source=advanced-ads&utm_medium=link&utm_campaign=ad-debug-mode\" target=\"_blank\" rel=\"nofollow\">Encontre solu\u00e7\u00f5es no manual<\/a>\n<\/div>\n<\/li><\/ul><\/div><script>( window.advanced_ads_ready || jQuery( document ).ready ).call( null, function() {var $lavraslider4012061129 = jQuery( \".lavra-slider-4012061129\" );$lavraslider4012061129.on( \"unslider.ready\", function() { jQuery( \"div.custom-slider ul li\" ).css( \"display\", \"block\" ); });$lavraslider4012061129.unslider({ delay:4000, autoplay:true, nav:false, arrows:false, infinite:true });$lavraslider4012061129.on(\"mouseover\", function() {$lavraslider4012061129.unslider(\"stop\");}).on(\"mouseout\", function() {$lavraslider4012061129.unslider(\"start\");});});<\/script><\/div><p>Menos de 24 horas ap\u00f3s a apresenta\u00e7\u00e3o da Proposta de Emenda Constitucional 287, a PEC da Previd\u00eancia, um dos artigos que constavam da proposta original simplesmente desapareceu. <!--more-->Trata-se do artigo 42, que previa diretrizes para a previd\u00eancia de militares nos Estados, Distrito Federal e territ\u00f3rios &#8211; em outras palavras, de policiais militares e bombeiros. Por meio dele, ficava previsto que as regras previdenci\u00e1rias de ambas as categoria deveriam se aproximar das regras dos civis, mas caberia aos governos estaduais estabelecer a transi\u00e7\u00e3o.<\/p>\n<p><img fetchpriority=\"high\" decoding=\"async\" class=\"size-full wp-image-4700 aligncenter\" src=\"http:\/\/lavras.tv\/site\/wp-content\/uploads\/2016\/12\/Previdencia-Social.jpg\" alt=\"previdencia-social\" width=\"1024\" height=\"683\" srcset=\"https:\/\/lavras.tv\/site\/wp-content\/uploads\/2016\/12\/Previdencia-Social.jpg 1024w, https:\/\/lavras.tv\/site\/wp-content\/uploads\/2016\/12\/Previdencia-Social-150x100.jpg 150w, https:\/\/lavras.tv\/site\/wp-content\/uploads\/2016\/12\/Previdencia-Social-300x200.jpg 300w, https:\/\/lavras.tv\/site\/wp-content\/uploads\/2016\/12\/Previdencia-Social-480x320.jpg 480w, https:\/\/lavras.tv\/site\/wp-content\/uploads\/2016\/12\/Previdencia-Social-272x182.jpg 272w\" sizes=\"(max-width: 1024px) 100vw, 1024px\" \/><\/p>\n<p>O secret\u00e1rio de Previd\u00eancia, Marcelo Caetano, chegou a tratar do tema durante a apresenta\u00e7\u00e3o da reforma na segunda-feira, 5, destacando que &#8220;policiais militares e bombeiros seguir\u00e3o as mesmas regras, mas o per\u00edodo de transi\u00e7\u00e3o para as novas exig\u00eancias deveria ser determinado por cada Estado&#8221;. Caetano ainda explicou que as regras de aposentadoria dessas categorias, atualmente, s\u00e3o definidas por meio de leis estaduais. &#8220;N\u00e3o tem como na PEC estabelecer uma regra igual para todo mundo&#8221;, afirmou o secret\u00e1rio durante a apresenta\u00e7\u00e3o.<\/p>\n<p>O artigo 42 constava da vers\u00e3o distribu\u00edda na manh\u00e3 de ter\u00e7a-feira, 6, durante a apresenta\u00e7\u00e3o da PEC. A vers\u00e3o chegou a ser postada no Portal da C\u00e2mara Nacional, na \u00e1rea dedicada a apresentar as mat\u00e9rias em tramita\u00e7\u00e3o. Ontem, por\u00e9m, j\u00e1 constava do site a outra vers\u00e3o, sem o artigo 42.<\/p>\n<p><strong>Equ\u00edvoco<\/strong><\/p>\n<p>O Pal\u00e1cio do Planalto tratou a retirada do artigo como a corre\u00e7\u00e3o de um &#8220;equ\u00edvoco&#8221;. Em nota, o ministro da Casa Civil, Eliseu Padilha, disse que sempre foi dito que os &#8220;militares&#8221; ficariam de fora da reforma. &#8220;Como eles n\u00e3o integravam o sistema apenas foi corrigido o equ\u00edvoco contido na vers\u00e3o anterior.&#8221; A corre\u00e7\u00e3o foi publicada, sem alarde, no Di\u00e1rio Oficial da Uni\u00e3o desta quarta-feira, 7.<\/p>\n<p>Segundo a reportagem apurou, a decis\u00e3o de alterar esse item da PEC foi pol\u00edtica. O Minist\u00e9rio da Defesa e representantes das PMs nos Estados pressionaram o Pal\u00e1cio do Planalto e a Casa Civil para que a mudan\u00e7a fosse feita.<\/p>\n<p>Em n\u00edvel federal, todos os integrantes das For\u00e7as Armadas j\u00e1 est\u00e3o fora da reforma enquadrada na PEC. Ficou definido que a mudan\u00e7a na previd\u00eancia dos militares ser\u00e1 tratada mais \u00e0 frente, em outra lei, &#8220;respeitando as peculiaridades da carreira&#8221;. A PM e os bombeiros s\u00e3o extens\u00f5es dos militares nos Estados e n\u00e3o entenderam por que deveriam ter tratamento diferenciado dos colegas.<\/p>\n<p><strong>Choque<\/strong><\/p>\n<p>A retirada do artigo foi recebida com um misto de surpresa e de indigna\u00e7\u00e3o por quem acompanha a PEC da Previd\u00eancia. &#8220;Como \u00e9 que come\u00e7am uma reforma t\u00e3o delicada, t\u00e3o dif\u00edcil de explicar e de ter o apoio da sociedade, fazendo essa trapalhada?&#8221;, disse Leonardo Rolim, ex-secret\u00e1rio de Previd\u00eancia Social e consultor da Comiss\u00e3o Mista de Or\u00e7amento do Congresso. Na avalia\u00e7\u00e3o de Rolim, mais essa concess\u00e3o complica as negocia\u00e7\u00f5es de outros itens pol\u00eamicos da PEC.<\/p>\n<p>Para os Estados que j\u00e1 est\u00e3o em crise e precisam cortar os gastos com pessoal, como o Rio Grande do Sul, a decis\u00e3o do governo foi vista um passo atr\u00e1s: &#8220;Foi um choque ver que tinham retirado o artigo 42 de um dia para o outro: houve um retrocesso muito s\u00e9rio a\u00ed, passamos o dia tentando conseguir uma explica\u00e7\u00e3o no governo, mas at\u00e9 agora nada&#8221;, disse, no in\u00edcio da noite de ontem, Jos\u00e9 Guilherme Kliemann, secret\u00e1rio adjunto da Casa Civil e conselheiro da RS Prev.<\/p>\n<p>Kliemann explica que a reforma da Previd\u00eancia da PM \u00e9 considerada uma prioridade pelos governadores porque os policiais militares t\u00eam aposentadoria especial e, em muitos Estados, est\u00e3o se aposentado antes dos 50 anos. &#8220;A PM se transformou no mais importante item do d\u00e9ficit atuarial das previd\u00eancias de grande parte dos Estado&#8221;, diz ele.<\/p>\n<p>Como a categoria \u00e9 muito organizada e com grande poder de press\u00e3o em suas bases, os governadores viam a inclus\u00e3o dela na PEC como essencial para ter uma vantagem na queda de bra\u00e7o que v\u00e3o travar com a categoria pelas mudan\u00e7as em seus regimes de Previd\u00eancia.<\/p>\n<p>Fonte: Itatiaia<\/p>\n","protected":false},"excerpt":{"rendered":"<p>Menos de 24 horas ap\u00f3s a apresenta\u00e7\u00e3o da Proposta de Emenda Constitucional 287, a PEC da Previd\u00eancia, um dos artigos que constavam da proposta original simplesmente desapareceu.<\/p>\n","protected":false},"author":2,"featured_media":4700,"comment_status":"closed","ping_status":"open","sticky":false,"template":"","format":"standard","meta":{"advgb_blocks_editor_width":"","advgb_blocks_columns_visual_guide":"","_exactmetrics_skip_tracking":false,"_exactmetrics_sitenote_active":false,"_exactmetrics_sitenote_note":"","_exactmetrics_sitenote_category":0,"footnotes":""},"categories":[12],"tags":[1338,1760,1761],"class_list":["post-4699","post","type-post","status-publish","format-standard","has-post-thumbnail","hentry","category-politica","tag-brasilia","tag-militares","tag-pec-previdencia"],"better_featured_image":{"id":4700,"alt_text":"","caption":"","description":"","media_type":"image","media_details":{"width":1024,"height":683,"file":"2016\/12\/Previdencia-Social.jpg","sizes":{"thumbnail":{"file":"Previdencia-Social-150x100.jpg","width":150,"height":100,"mime-type":"image\/jpeg","source_url":"https:\/\/lavras.tv\/site\/wp-content\/uploads\/2016\/12\/Previdencia-Social-150x100.jpg"},"medium":{"file":"Previdencia-Social-300x200.jpg","width":300,"height":200,"mime-type":"image\/jpeg","source_url":"https:\/\/lavras.tv\/site\/wp-content\/uploads\/2016\/12\/Previdencia-Social-300x200.jpg"},"large":{"file":"Previdencia-Social-1024x683.jpg","width":1024,"height":683,"mime-type":"image\/jpeg","source_url":"https:\/\/lavras.tv\/site\/wp-content\/uploads\/2016\/12\/Previdencia-Social-1024x683.jpg"},"featured-slider-img":{"file":"Previdencia-Social-640x480.jpg","width":640,"height":480,"mime-type":"image\/jpeg","source_url":"https:\/\/lavras.tv\/site\/wp-content\/uploads\/2016\/12\/Previdencia-Social-640x480.jpg"},"featured-post-img":{"file":"Previdencia-Social-480x320.jpg","width":480,"height":320,"mime-type":"image\/jpeg","source_url":"https:\/\/lavras.tv\/site\/wp-content\/uploads\/2016\/12\/Previdencia-Social-480x320.jpg"},"sow-carousel-default":{"file":"Previdencia-Social-272x182.jpg","width":272,"height":182,"mime-type":"image\/jpeg","source_url":"https:\/\/lavras.tv\/site\/wp-content\/uploads\/2016\/12\/Previdencia-Social-272x182.jpg"}},"image_meta":{"aperture":"0","credit":"","camera":"","caption":"","created_timestamp":"0","copyright":"","focal_length":"0","iso":"0","shutter_speed":"0","title":"","orientation":"0","keywords":[]}},"post":4699,"source_url":"https:\/\/lavras.tv\/site\/wp-content\/uploads\/2016\/12\/Previdencia-Social.jpg"},"author_meta":{"display_name":"Lavras TV","author_link":"https:\/\/lavras.tv\/site\/author\/lavrastv\/"},"featured_img":"https:\/\/lavras.tv\/site\/wp-content\/uploads\/2016\/12\/Previdencia-Social-300x200.jpg","coauthors":[],"tax_additional":{"categories":{"linked":["<a href=\"https:\/\/lavras.tv\/site\/category\/politica\/\" class=\"advgb-post-tax-term\">Pol\u00edtica<\/a>"],"unlinked":["<span class=\"advgb-post-tax-term\">Pol\u00edtica<\/span>"]},"tags":{"linked":["<a href=\"https:\/\/lavras.tv\/site\/category\/politica\/\" class=\"advgb-post-tax-term\">bras\u00edlia<\/a>","<a href=\"https:\/\/lavras.tv\/site\/category\/politica\/\" class=\"advgb-post-tax-term\">militares<\/a>","<a href=\"https:\/\/lavras.tv\/site\/category\/politica\/\" class=\"advgb-post-tax-term\">pec previd\u00eancia<\/a>"],"unlinked":["<span class=\"advgb-post-tax-term\">bras\u00edlia<\/span>","<span class=\"advgb-post-tax-term\">militares<\/span>","<span class=\"advgb-post-tax-term\">pec previd\u00eancia<\/span>"]}},"comment_count":"0","relative_dates":{"created":"Publicado 9 anos atr\u00e1s","modified":"Atualizado 9 anos atr\u00e1s"},"absolute_dates":{"created":"Publicado em 8 de dezembro de 2016","modified":"Atualizado em 8 de dezembro de 2016"},"absolute_dates_time":{"created":"Publicado em 8 de dezembro de 2016 09:05","modified":"Atualizado em 8 de dezembro de 2016 09:05"},"featured_img_caption":"","series_order":"","_links":{"self":[{"href":"https:\/\/lavras.tv\/site\/wp-json\/wp\/v2\/posts\/4699","targetHints":{"allow":["GET"]}}],"collection":[{"href":"https:\/\/lavras.tv\/site\/wp-json\/wp\/v2\/posts"}],"about":[{"href":"https:\/\/lavras.tv\/site\/wp-json\/wp\/v2\/types\/post"}],"author":[{"embeddable":true,"href":"https:\/\/lavras.tv\/site\/wp-json\/wp\/v2\/users\/2"}],"replies":[{"embeddable":true,"href":"https:\/\/lavras.tv\/site\/wp-json\/wp\/v2\/comments?post=4699"}],"version-history":[{"count":1,"href":"https:\/\/lavras.tv\/site\/wp-json\/wp\/v2\/posts\/4699\/revisions"}],"predecessor-version":[{"id":4701,"href":"https:\/\/lavras.tv\/site\/wp-json\/wp\/v2\/posts\/4699\/revisions\/4701"}],"wp:featuredmedia":[{"embeddable":true,"href":"https:\/\/lavras.tv\/site\/wp-json\/wp\/v2\/media\/4700"}],"wp:attachment":[{"href":"https:\/\/lavras.tv\/site\/wp-json\/wp\/v2\/media?parent=4699"}],"wp:term":[{"taxonomy":"category","embeddable":true,"href":"https:\/\/lavras.tv\/site\/wp-json\/wp\/v2\/categories?post=4699"},{"taxonomy":"post_tag","embeddable":true,"href":"https:\/\/lavras.tv\/site\/wp-json\/wp\/v2\/tags?post=4699"}],"curies":[{"name":"wp","href":"https:\/\/api.w.org\/{rel}","templated":true}]}}