{"id":4707,"date":"2016-12-08T09:23:01","date_gmt":"2016-12-08T11:23:01","guid":{"rendered":"http:\/\/lavras.tv\/site\/?p=4707"},"modified":"2016-12-08T09:23:01","modified_gmt":"2016-12-08T11:23:01","slug":"apos-vice-atletico-desembarca-em-bh-ja-no-clima-das-ferias","status":"publish","type":"post","link":"https:\/\/lavras.tv\/site\/2016\/12\/08\/apos-vice-atletico-desembarca-em-bh-ja-no-clima-das-ferias\/","title":{"rendered":"Ap\u00f3s vice, Atl\u00e9tico desembarca em BH j\u00e1 no clima das f\u00e9rias"},"content":{"rendered":"<div class=\"lavra-antes-do-conteudo_2\" id=\"lavra-200668718\"><div id=\"lavra-slider-27\" class=\"custom-slider lavra-slider-698725358 lavra-slider\"><ul><li><div style=\"margin-left: auto;margin-right: auto;text-align: center;\" id=\"lavra-4081485379\"><a href=\"https:\/\/sistemas.lavras.mg.gov.br\/portalcidadao\/#df1b1a7c7b2a290bcb31e32771e610784662739a88807c0dacac58ede5f391a7530e299dc302d611ee73cb143fc22eaf93592e53e7b5bdb01b00a0b8d28dae460c141dd2ff83412e4dc1c31b16b25f33144a9e5620ea73b13f5bc1c59411d98439ad226e8af03840603796067d87afe130812cf3de24982d0e306f9e61e764e5\" aria-label=\"Lavras-TV&#8211;720x104px (1) (1)\"><img src=\"https:\/\/lavras.tv\/site\/wp-content\/uploads\/2025\/01\/Lavras-TV-720x104px-1-1.png\" alt=\"\"  srcset=\"https:\/\/lavras.tv\/site\/wp-content\/uploads\/2025\/01\/Lavras-TV-720x104px-1-1.png 720w, https:\/\/lavras.tv\/site\/wp-content\/uploads\/2025\/01\/Lavras-TV-720x104px-1-1-470x68.png 470w, https:\/\/lavras.tv\/site\/wp-content\/uploads\/2025\/01\/Lavras-TV-720x104px-1-1-170x25.png 170w, https:\/\/lavras.tv\/site\/wp-content\/uploads\/2025\/01\/Lavras-TV-720x104px-1-1-200x29.png 200w\" sizes=\"(max-width: 720px) 100vw, 720px\" width=\"720\" height=\"104\"  style=\"display: inline-block;\" \/><\/a><\/div><\/li><li><a href=\"https:\/\/sistemas.lavras.mg.gov.br\/portalcidadao\/#df1b1a7c7b2a290bcb31e32771e610784662739a88807c0dacac58ede5f391a7530e299dc302d611ee73cb143fc22eaf93592e53e7b5bdb01b00a0b8d28dae460c141dd2ff83412e4dc1c31b16b25f33144a9e5620ea73b13f5bc1c59411d98439ad226e8af03840603796067d87afe130812cf3de24982d0e306f9e61e764e5\" aria-label=\"Banner_Emprego_PortallavrasTV\"><img src=\"https:\/\/lavras.tv\/site\/wp-content\/uploads\/2025\/03\/Banner_Emprego_PortallavrasTV.png\" alt=\"\"  srcset=\"https:\/\/lavras.tv\/site\/wp-content\/uploads\/2025\/03\/Banner_Emprego_PortallavrasTV.png 720w, https:\/\/lavras.tv\/site\/wp-content\/uploads\/2025\/03\/Banner_Emprego_PortallavrasTV-470x68.png 470w, https:\/\/lavras.tv\/site\/wp-content\/uploads\/2025\/03\/Banner_Emprego_PortallavrasTV-170x25.png 170w, https:\/\/lavras.tv\/site\/wp-content\/uploads\/2025\/03\/Banner_Emprego_PortallavrasTV-200x29.png 200w\" sizes=\"(max-width: 720px) 100vw, 720px\" width=\"720\" height=\"104\"   \/><\/a><\/li><li><a href=\"https:\/\/sistemas.lavras.mg.gov.br\/portalcidadao\/#df1b1a7c7b2a290bcb31e32771e610784662739a88807c0dacac58ede5f391a7530e299dc302d611ee73cb143fc22eaf93592e53e7b5bdb01b00a0b8d28dae460c141dd2ff83412e4dc1c31b16b25f33144a9e5620ea73b13f5bc1c59411d98439ad226e8af03840603796067d87afe130812cf3de24982d0e306f9e61e764e5\" aria-label=\"Banner_Obras_PortallavrasTV\"><img src=\"https:\/\/lavras.tv\/site\/wp-content\/uploads\/2025\/03\/Banner_Obras_PortallavrasTV.png\" alt=\"\"  srcset=\"https:\/\/lavras.tv\/site\/wp-content\/uploads\/2025\/03\/Banner_Obras_PortallavrasTV.png 720w, https:\/\/lavras.tv\/site\/wp-content\/uploads\/2025\/03\/Banner_Obras_PortallavrasTV-470x68.png 470w, https:\/\/lavras.tv\/site\/wp-content\/uploads\/2025\/03\/Banner_Obras_PortallavrasTV-170x25.png 170w, https:\/\/lavras.tv\/site\/wp-content\/uploads\/2025\/03\/Banner_Obras_PortallavrasTV-200x29.png 200w\" sizes=\"(max-width: 720px) 100vw, 720px\" width=\"720\" height=\"104\"   \/><\/a><\/li><li><div style=\"margin-left: auto;margin-right: auto;text-align: center;\" id=\"lavra-4124024961\"><a href=\"https:\/\/sistemas.lavras.mg.gov.br\/portalcidadao\/#df1b1a7c7b2a290bcb31e32771e610784662739a88807c0dacac58ede5f391a7530e299dc302d611ee73cb143fc22eaf93592e53e7b5bdb01b00a0b8d28dae460c141dd2ff83412e4dc1c31b16b25f33144a9e5620ea73b13f5bc1c59411d98439ad226e8af03840603796067d87afe130812cf3de24982d0e306f9e61e764e5\" aria-label=\"Banner_Educa\u00e7\u00e3o_PortallavrasTV\"><img src=\"https:\/\/lavras.tv\/site\/wp-content\/uploads\/2025\/01\/Banner_Educacao_PortallavrasTV.png\" alt=\"\"  srcset=\"https:\/\/lavras.tv\/site\/wp-content\/uploads\/2025\/01\/Banner_Educacao_PortallavrasTV.png 720w, https:\/\/lavras.tv\/site\/wp-content\/uploads\/2025\/01\/Banner_Educacao_PortallavrasTV-470x68.png 470w, https:\/\/lavras.tv\/site\/wp-content\/uploads\/2025\/01\/Banner_Educacao_PortallavrasTV-170x25.png 170w, https:\/\/lavras.tv\/site\/wp-content\/uploads\/2025\/01\/Banner_Educacao_PortallavrasTV-200x29.png 200w\" sizes=\"(max-width: 720px) 100vw, 720px\" width=\"720\" height=\"104\"  style=\"display: inline-block;\" \/><\/a><\/div><\/li><li><a href=\"https:\/\/sistemas.lavras.mg.gov.br\/portalcidadao\/#df1b1a7c7b2a290bcb31e32771e610784662739a88807c0dacac58ede5f391a7530e299dc302d611ee73cb143fc22eaf93592e53e7b5bdb01b00a0b8d28dae460c141dd2ff83412e4dc1c31b16b25f33144a9e5620ea73b13f5bc1c59411d98439ad226e8af03840603796067d87afe130812cf3de24982d0e306f9e61e764e5\" aria-label=\"Banner_Sa\u00fade_PortallavrasTV\"><img src=\"https:\/\/lavras.tv\/site\/wp-content\/uploads\/2025\/03\/Banner_Saude_PortallavrasTV.png\" alt=\"\"  srcset=\"https:\/\/lavras.tv\/site\/wp-content\/uploads\/2025\/03\/Banner_Saude_PortallavrasTV.png 720w, https:\/\/lavras.tv\/site\/wp-content\/uploads\/2025\/03\/Banner_Saude_PortallavrasTV-470x68.png 470w, https:\/\/lavras.tv\/site\/wp-content\/uploads\/2025\/03\/Banner_Saude_PortallavrasTV-170x25.png 170w, https:\/\/lavras.tv\/site\/wp-content\/uploads\/2025\/03\/Banner_Saude_PortallavrasTV-200x29.png 200w\" sizes=\"(max-width: 720px) 100vw, 720px\" width=\"720\" height=\"104\"   \/><\/a><\/li><li><div id=\"lavra-3807055000\" style=\"width:720px;height:104px;background-color:#ddd;overflow:scroll;\">\n\t<strong>Sa\u00edda da depura\u00e7\u00e3o de an\u00fancios<\/strong>\n\t<br><br>\n\tO an\u00fancio n\u00e3o \u00e9 exibido na p\u00e1gina<br><br>post atual: Ap\u00f3s vice, Atl\u00e9tico desembarca em BH j\u00e1 no clima das f\u00e9rias, ID: 4707<br><br><span style=\"color: red;\">O post atual n\u00e3o \u00e9 id\u00eantico ao post principal.<\/span><br><br>An\u00fancios: ROXO - TOPO INTERNA - ROTATIVO 2 (197)<br \/>Grupo de an\u00fancios: Princ_Meio01_720x104 (27)<br><br>Condi\u00e7\u00f5es de exibi\u00e7\u00e3o<div style=\"margin-bottom: 20px; white-space: pre-wrap; font-family: monospace; width: 100%; background: #ffe9e9;\"><strong>condi\u00e7\u00f5es gerais<\/strong><table border=\"1\"><thead><tr><th><\/th><th>An\u00fancios<\/th><th>wp_the_query<\/th><\/tr><\/thead><tr><td>is_main_query<\/td><td>1<\/td><td>1<\/td><\/tr><tr><td>is_rest_api<\/td><td>0<\/td><td>1<\/td><\/tr><tr><td>page<\/td><td>0<\/td><td>1<\/td><\/tr><tr><td>numpages<\/td><td>0<\/td><td>1<\/td><\/tr><tr><td>is_archive<\/td><td>1<\/td><td><\/td><\/tr><tr><td>is_search<\/td><td>1<\/td><td><\/td><\/tr><tr><td>is_home<\/td><td>1<\/td><td><\/td><\/tr><tr><td>is_404<\/td><td>1<\/td><td><\/td><\/tr><tr><td>is_attachment<\/td><td>1<\/td><td><\/td><\/tr><tr><td>is_singular<\/td><td>1<\/td><td><\/td><\/tr><tr><td>is_front_page<\/td><td>1<\/td><td><\/td><\/tr><tr><td>is_feed<\/td><td>1<\/td><td><\/td><\/tr><\/table><\/div><br><br><span style=\"color: red;\">Seu site usa HTTPS, mas o c\u00f3digo do an\u00fancio cont\u00e9m HTTP e pode n\u00e3o funcionar.<\/span>\t<br><br>\n\t<a style=\"color: green;\" href=\"https:\/\/wpadvancedads.com\/manual\/ad-debug-mode\/?utm_source=advanced-ads&utm_medium=link&utm_campaign=ad-debug-mode\" target=\"_blank\" rel=\"nofollow\">Encontre solu\u00e7\u00f5es no manual<\/a>\n<\/div>\n<\/li><\/ul><\/div><script>( window.advanced_ads_ready || jQuery( document ).ready ).call( null, function() {var $lavraslider698725358 = jQuery( \".lavra-slider-698725358\" );$lavraslider698725358.on( \"unslider.ready\", function() { jQuery( \"div.custom-slider ul li\" ).css( \"display\", \"block\" ); });$lavraslider698725358.unslider({ delay:4000, autoplay:true, nav:false, arrows:false, infinite:true });$lavraslider698725358.on(\"mouseover\", function() {$lavraslider698725358.unslider(\"stop\");}).on(\"mouseout\", function() {$lavraslider698725358.unslider(\"start\");});});<\/script><\/div><p>Poucas horas depois do apito final em Porto Alegre, que culminou com o t\u00edtulo do Gr\u00eamio na Copa do Brasil, a delega\u00e7\u00e3o do Atl\u00e9tico j\u00e1 embarcou em voo fretado para Belo Horizonte. A chegada a capital mineira aconteceu no come\u00e7o da manh\u00e3 desta quinta-feira (8), pouco depois das 5h.<\/p>\n<p><img fetchpriority=\"high\" decoding=\"async\" class=\"size-full wp-image-4708 aligncenter\" src=\"http:\/\/lavras.tv\/site\/wp-content\/uploads\/2016\/12\/galo-1.jpg\" alt=\"galo\" width=\"620\" height=\"413\" srcset=\"https:\/\/lavras.tv\/site\/wp-content\/uploads\/2016\/12\/galo-1.jpg 620w, https:\/\/lavras.tv\/site\/wp-content\/uploads\/2016\/12\/galo-1-150x100.jpg 150w, https:\/\/lavras.tv\/site\/wp-content\/uploads\/2016\/12\/galo-1-300x200.jpg 300w, https:\/\/lavras.tv\/site\/wp-content\/uploads\/2016\/12\/galo-1-480x320.jpg 480w, https:\/\/lavras.tv\/site\/wp-content\/uploads\/2016\/12\/galo-1-272x182.jpg 272w\" sizes=\"(max-width: 620px) 100vw, 620px\" \/><\/p>\n<p>Por\u00e9m, foram poucos atletas que desembarcaram na capital mineira. Muitos optaram em seguir direto para novas localidades. Nem mesmo o fato do voo para BH ter sido fretado pelo clube, fez com que alguns jogadores, como Lucas Pratto, Clayton e J\u00fanior Urso, seguissem o caminho da volta.<\/p>\n<p>O desembarque de quem voltou para Belo Horizonte foi bem diferente do esperado pelos atletas, que desejavam chegar nos bra\u00e7os do torcedor, com a conquista do t\u00edtulo da Copa do Brasil. Sem nenhum tipo de recep\u00e7\u00e3o no aeroporto, os atletas rapidamente seguiram seus rumos, seja por carro particular, t\u00e1xi ou no \u00f4nibus do Galo, rumo a Cidade do Galo.<\/p>\n<p>O goleiro Victor retornou para a capital mineira com o trof\u00e9u de melhor goleiro da Copa do Brasil em suas m\u00e3os, mesmo dentro do avi\u00e3o. O voo n\u00e3o foi t\u00e3o tranquilo como aconteceu na ida. Pelo menos tr\u00eas turbul\u00eancias moderadas foram sentidas, mas nada que pudesse assustar aos jogadores, jornalistas e membros da diretoria que estavam no avi\u00e3o.<\/p>\n<p>Agora, os atletas iniciam o per\u00edodo de f\u00e9rias. J\u00e1 que o Atl\u00e9tico n\u00e3o enfrentar\u00e1 a Chapecoense, na \u00faltima rodada do Brasileir\u00e3o, neste domingo, todo o grupo foi liberado das atividades. O elenco principal, que esteve em Porto Alegre, voltar\u00e1 aos treinos apenas no dia 7 de janeiro, no primeiro dia de pr\u00e9-temporada.<\/p>\n<p>Fonte: O Tempo<\/p>\n","protected":false},"excerpt":{"rendered":"<p>Poucas horas depois do apito final em Porto Alegre, que culminou com o t\u00edtulo do Gr\u00eamio na Copa do Brasil, a delega\u00e7\u00e3o do Atl\u00e9tico j\u00e1 embarcou em voo fretado para Belo Horizonte. A chegada a capital mineira aconteceu no come\u00e7o da manh\u00e3 desta quinta-feira (8), pouco depois das 5h. Por\u00e9m, foram poucos atletas que desembarcaram [&hellip;]<\/p>\n","protected":false},"author":2,"featured_media":4708,"comment_status":"closed","ping_status":"open","sticky":false,"template":"","format":"standard","meta":{"advgb_blocks_editor_width":"","advgb_blocks_columns_visual_guide":"","_exactmetrics_skip_tracking":false,"_exactmetrics_sitenote_active":false,"_exactmetrics_sitenote_note":"","_exactmetrics_sitenote_category":0,"footnotes":""},"categories":[3],"tags":[1064,1766,1063,1767],"class_list":["post-4707","post","type-post","status-publish","format-standard","has-post-thumbnail","hentry","category-esportes","tag-atletico-mineiro","tag-ferias","tag-galo","tag-vice"],"better_featured_image":{"id":4708,"alt_text":"","caption":"","description":"","media_type":"image","media_details":{"width":620,"height":413,"file":"2016\/12\/galo-1.jpg","sizes":{"thumbnail":{"file":"galo-1-150x100.jpg","width":150,"height":100,"mime-type":"image\/jpeg","source_url":"https:\/\/lavras.tv\/site\/wp-content\/uploads\/2016\/12\/galo-1-150x100.jpg"},"medium":{"file":"galo-1-300x200.jpg","width":300,"height":200,"mime-type":"image\/jpeg","source_url":"https:\/\/lavras.tv\/site\/wp-content\/uploads\/2016\/12\/galo-1-300x200.jpg"},"featured-post-img":{"file":"galo-1-480x320.jpg","width":480,"height":320,"mime-type":"image\/jpeg","source_url":"https:\/\/lavras.tv\/site\/wp-content\/uploads\/2016\/12\/galo-1-480x320.jpg"},"sow-carousel-default":{"file":"galo-1-272x182.jpg","width":272,"height":182,"mime-type":"image\/jpeg","source_url":"https:\/\/lavras.tv\/site\/wp-content\/uploads\/2016\/12\/galo-1-272x182.jpg"}},"image_meta":{"aperture":"0","credit":"","camera":"","caption":"","created_timestamp":"0","copyright":"","focal_length":"0","iso":"0","shutter_speed":"0","title":"","orientation":"0","keywords":[]}},"post":4707,"source_url":"https:\/\/lavras.tv\/site\/wp-content\/uploads\/2016\/12\/galo-1.jpg"},"author_meta":{"display_name":"Lavras TV","author_link":"https:\/\/lavras.tv\/site\/author\/lavrastv\/"},"featured_img":"https:\/\/lavras.tv\/site\/wp-content\/uploads\/2016\/12\/galo-1-300x200.jpg","coauthors":[],"tax_additional":{"categories":{"linked":["<a href=\"https:\/\/lavras.tv\/site\/category\/esportes\/\" class=\"advgb-post-tax-term\">Esportes<\/a>"],"unlinked":["<span class=\"advgb-post-tax-term\">Esportes<\/span>"]},"tags":{"linked":["<a href=\"https:\/\/lavras.tv\/site\/category\/esportes\/\" class=\"advgb-post-tax-term\">atl\u00e9tico mineiro<\/a>","<a href=\"https:\/\/lavras.tv\/site\/category\/esportes\/\" class=\"advgb-post-tax-term\">f\u00e9rias<\/a>","<a href=\"https:\/\/lavras.tv\/site\/category\/esportes\/\" class=\"advgb-post-tax-term\">galo<\/a>","<a href=\"https:\/\/lavras.tv\/site\/category\/esportes\/\" class=\"advgb-post-tax-term\">vice<\/a>"],"unlinked":["<span class=\"advgb-post-tax-term\">atl\u00e9tico mineiro<\/span>","<span class=\"advgb-post-tax-term\">f\u00e9rias<\/span>","<span class=\"advgb-post-tax-term\">galo<\/span>","<span class=\"advgb-post-tax-term\">vice<\/span>"]}},"comment_count":"0","relative_dates":{"created":"Publicado 9 anos atr\u00e1s","modified":"Atualizado 9 anos atr\u00e1s"},"absolute_dates":{"created":"Publicado em 8 de dezembro de 2016","modified":"Atualizado em 8 de dezembro de 2016"},"absolute_dates_time":{"created":"Publicado em 8 de dezembro de 2016 09:23","modified":"Atualizado em 8 de dezembro de 2016 09:23"},"featured_img_caption":"","series_order":"","_links":{"self":[{"href":"https:\/\/lavras.tv\/site\/wp-json\/wp\/v2\/posts\/4707","targetHints":{"allow":["GET"]}}],"collection":[{"href":"https:\/\/lavras.tv\/site\/wp-json\/wp\/v2\/posts"}],"about":[{"href":"https:\/\/lavras.tv\/site\/wp-json\/wp\/v2\/types\/post"}],"author":[{"embeddable":true,"href":"https:\/\/lavras.tv\/site\/wp-json\/wp\/v2\/users\/2"}],"replies":[{"embeddable":true,"href":"https:\/\/lavras.tv\/site\/wp-json\/wp\/v2\/comments?post=4707"}],"version-history":[{"count":1,"href":"https:\/\/lavras.tv\/site\/wp-json\/wp\/v2\/posts\/4707\/revisions"}],"predecessor-version":[{"id":4709,"href":"https:\/\/lavras.tv\/site\/wp-json\/wp\/v2\/posts\/4707\/revisions\/4709"}],"wp:featuredmedia":[{"embeddable":true,"href":"https:\/\/lavras.tv\/site\/wp-json\/wp\/v2\/media\/4708"}],"wp:attachment":[{"href":"https:\/\/lavras.tv\/site\/wp-json\/wp\/v2\/media?parent=4707"}],"wp:term":[{"taxonomy":"category","embeddable":true,"href":"https:\/\/lavras.tv\/site\/wp-json\/wp\/v2\/categories?post=4707"},{"taxonomy":"post_tag","embeddable":true,"href":"https:\/\/lavras.tv\/site\/wp-json\/wp\/v2\/tags?post=4707"}],"curies":[{"name":"wp","href":"https:\/\/api.w.org\/{rel}","templated":true}]}}