{"id":47209,"date":"2020-02-19T09:52:38","date_gmt":"2020-02-19T12:52:38","guid":{"rendered":"http:\/\/lavras.tv\/site\/?p=47209"},"modified":"2020-02-19T09:52:40","modified_gmt":"2020-02-19T12:52:40","slug":"zema-diz-que-policia-civil-tinha-interferencias-politicas-em-mg","status":"publish","type":"post","link":"https:\/\/lavras.tv\/site\/2020\/02\/19\/zema-diz-que-policia-civil-tinha-interferencias-politicas-em-mg\/","title":{"rendered":"Zema diz que Pol\u00edcia Civil tinha interfer\u00eancias pol\u00edticas em MG"},"content":{"rendered":"<div class=\"lavra-antes-do-conteudo_2\" id=\"lavra-1696786407\"><div id=\"lavra-slider-27\" class=\"custom-slider lavra-slider-4144706979 lavra-slider\"><ul><li><div style=\"margin-left: auto;margin-right: auto;text-align: center;\" id=\"lavra-3411739232\"><a href=\"https:\/\/sistemas.lavras.mg.gov.br\/portalcidadao\/#df1b1a7c7b2a290bcb31e32771e610784662739a88807c0dacac58ede5f391a7530e299dc302d611ee73cb143fc22eaf93592e53e7b5bdb01b00a0b8d28dae460c141dd2ff83412e4dc1c31b16b25f33144a9e5620ea73b13f5bc1c59411d98439ad226e8af03840603796067d87afe130812cf3de24982d0e306f9e61e764e5\" aria-label=\"Lavras-TV&#8211;720x104px (1) (1)\"><img src=\"https:\/\/lavras.tv\/site\/wp-content\/uploads\/2025\/01\/Lavras-TV-720x104px-1-1.png\" alt=\"\"  srcset=\"https:\/\/lavras.tv\/site\/wp-content\/uploads\/2025\/01\/Lavras-TV-720x104px-1-1.png 720w, https:\/\/lavras.tv\/site\/wp-content\/uploads\/2025\/01\/Lavras-TV-720x104px-1-1-470x68.png 470w, https:\/\/lavras.tv\/site\/wp-content\/uploads\/2025\/01\/Lavras-TV-720x104px-1-1-170x25.png 170w, https:\/\/lavras.tv\/site\/wp-content\/uploads\/2025\/01\/Lavras-TV-720x104px-1-1-200x29.png 200w\" sizes=\"(max-width: 720px) 100vw, 720px\" width=\"720\" height=\"104\"  style=\"display: inline-block;\" \/><\/a><\/div><\/li><li><a href=\"https:\/\/sistemas.lavras.mg.gov.br\/portalcidadao\/#df1b1a7c7b2a290bcb31e32771e610784662739a88807c0dacac58ede5f391a7530e299dc302d611ee73cb143fc22eaf93592e53e7b5bdb01b00a0b8d28dae460c141dd2ff83412e4dc1c31b16b25f33144a9e5620ea73b13f5bc1c59411d98439ad226e8af03840603796067d87afe130812cf3de24982d0e306f9e61e764e5\" aria-label=\"Banner_Emprego_PortallavrasTV\"><img src=\"https:\/\/lavras.tv\/site\/wp-content\/uploads\/2025\/03\/Banner_Emprego_PortallavrasTV.png\" alt=\"\"  srcset=\"https:\/\/lavras.tv\/site\/wp-content\/uploads\/2025\/03\/Banner_Emprego_PortallavrasTV.png 720w, https:\/\/lavras.tv\/site\/wp-content\/uploads\/2025\/03\/Banner_Emprego_PortallavrasTV-470x68.png 470w, https:\/\/lavras.tv\/site\/wp-content\/uploads\/2025\/03\/Banner_Emprego_PortallavrasTV-170x25.png 170w, https:\/\/lavras.tv\/site\/wp-content\/uploads\/2025\/03\/Banner_Emprego_PortallavrasTV-200x29.png 200w\" sizes=\"(max-width: 720px) 100vw, 720px\" width=\"720\" height=\"104\"   \/><\/a><\/li><li><a href=\"https:\/\/sistemas.lavras.mg.gov.br\/portalcidadao\/#df1b1a7c7b2a290bcb31e32771e610784662739a88807c0dacac58ede5f391a7530e299dc302d611ee73cb143fc22eaf93592e53e7b5bdb01b00a0b8d28dae460c141dd2ff83412e4dc1c31b16b25f33144a9e5620ea73b13f5bc1c59411d98439ad226e8af03840603796067d87afe130812cf3de24982d0e306f9e61e764e5\" aria-label=\"Banner_Obras_PortallavrasTV\"><img src=\"https:\/\/lavras.tv\/site\/wp-content\/uploads\/2025\/03\/Banner_Obras_PortallavrasTV.png\" alt=\"\"  srcset=\"https:\/\/lavras.tv\/site\/wp-content\/uploads\/2025\/03\/Banner_Obras_PortallavrasTV.png 720w, https:\/\/lavras.tv\/site\/wp-content\/uploads\/2025\/03\/Banner_Obras_PortallavrasTV-470x68.png 470w, https:\/\/lavras.tv\/site\/wp-content\/uploads\/2025\/03\/Banner_Obras_PortallavrasTV-170x25.png 170w, https:\/\/lavras.tv\/site\/wp-content\/uploads\/2025\/03\/Banner_Obras_PortallavrasTV-200x29.png 200w\" sizes=\"(max-width: 720px) 100vw, 720px\" width=\"720\" height=\"104\"   \/><\/a><\/li><li><div style=\"margin-left: auto;margin-right: auto;text-align: center;\" id=\"lavra-1556144476\"><a href=\"https:\/\/sistemas.lavras.mg.gov.br\/portalcidadao\/#df1b1a7c7b2a290bcb31e32771e610784662739a88807c0dacac58ede5f391a7530e299dc302d611ee73cb143fc22eaf93592e53e7b5bdb01b00a0b8d28dae460c141dd2ff83412e4dc1c31b16b25f33144a9e5620ea73b13f5bc1c59411d98439ad226e8af03840603796067d87afe130812cf3de24982d0e306f9e61e764e5\" aria-label=\"Banner_Educa\u00e7\u00e3o_PortallavrasTV\"><img src=\"https:\/\/lavras.tv\/site\/wp-content\/uploads\/2025\/01\/Banner_Educacao_PortallavrasTV.png\" alt=\"\"  srcset=\"https:\/\/lavras.tv\/site\/wp-content\/uploads\/2025\/01\/Banner_Educacao_PortallavrasTV.png 720w, https:\/\/lavras.tv\/site\/wp-content\/uploads\/2025\/01\/Banner_Educacao_PortallavrasTV-470x68.png 470w, https:\/\/lavras.tv\/site\/wp-content\/uploads\/2025\/01\/Banner_Educacao_PortallavrasTV-170x25.png 170w, https:\/\/lavras.tv\/site\/wp-content\/uploads\/2025\/01\/Banner_Educacao_PortallavrasTV-200x29.png 200w\" sizes=\"(max-width: 720px) 100vw, 720px\" width=\"720\" height=\"104\"  style=\"display: inline-block;\" \/><\/a><\/div><\/li><li><a href=\"https:\/\/sistemas.lavras.mg.gov.br\/portalcidadao\/#df1b1a7c7b2a290bcb31e32771e610784662739a88807c0dacac58ede5f391a7530e299dc302d611ee73cb143fc22eaf93592e53e7b5bdb01b00a0b8d28dae460c141dd2ff83412e4dc1c31b16b25f33144a9e5620ea73b13f5bc1c59411d98439ad226e8af03840603796067d87afe130812cf3de24982d0e306f9e61e764e5\" aria-label=\"Banner_Sa\u00fade_PortallavrasTV\"><img src=\"https:\/\/lavras.tv\/site\/wp-content\/uploads\/2025\/03\/Banner_Saude_PortallavrasTV.png\" alt=\"\"  srcset=\"https:\/\/lavras.tv\/site\/wp-content\/uploads\/2025\/03\/Banner_Saude_PortallavrasTV.png 720w, https:\/\/lavras.tv\/site\/wp-content\/uploads\/2025\/03\/Banner_Saude_PortallavrasTV-470x68.png 470w, https:\/\/lavras.tv\/site\/wp-content\/uploads\/2025\/03\/Banner_Saude_PortallavrasTV-170x25.png 170w, https:\/\/lavras.tv\/site\/wp-content\/uploads\/2025\/03\/Banner_Saude_PortallavrasTV-200x29.png 200w\" sizes=\"(max-width: 720px) 100vw, 720px\" width=\"720\" height=\"104\"   \/><\/a><\/li><li><div id=\"lavra-83823534\" style=\"width:720px;height:104px;background-color:#ddd;overflow:scroll;\">\n\t<strong>Sa\u00edda da depura\u00e7\u00e3o de an\u00fancios<\/strong>\n\t<br><br>\n\tO an\u00fancio n\u00e3o \u00e9 exibido na p\u00e1gina<br><br>post atual: Zema diz que Pol\u00edcia Civil tinha interfer\u00eancias pol\u00edticas em MG, ID: 47209<br><br><span style=\"color: red;\">O post atual n\u00e3o \u00e9 id\u00eantico ao post principal.<\/span><br><br>An\u00fancios: ROXO - TOPO INTERNA - ROTATIVO 2 (197)<br \/>Grupo de an\u00fancios: Princ_Meio01_720x104 (27)<br><br>Condi\u00e7\u00f5es de exibi\u00e7\u00e3o<div style=\"margin-bottom: 20px; white-space: pre-wrap; font-family: monospace; width: 100%; background: #ffe9e9;\"><strong>condi\u00e7\u00f5es gerais<\/strong><table border=\"1\"><thead><tr><th><\/th><th>An\u00fancios<\/th><th>wp_the_query<\/th><\/tr><\/thead><tr><td>is_main_query<\/td><td>1<\/td><td>1<\/td><\/tr><tr><td>is_rest_api<\/td><td>0<\/td><td>1<\/td><\/tr><tr><td>page<\/td><td>0<\/td><td>1<\/td><\/tr><tr><td>numpages<\/td><td>0<\/td><td>1<\/td><\/tr><tr><td>is_archive<\/td><td>1<\/td><td><\/td><\/tr><tr><td>is_search<\/td><td>1<\/td><td><\/td><\/tr><tr><td>is_home<\/td><td>1<\/td><td><\/td><\/tr><tr><td>is_404<\/td><td>1<\/td><td><\/td><\/tr><tr><td>is_attachment<\/td><td>1<\/td><td><\/td><\/tr><tr><td>is_singular<\/td><td>1<\/td><td><\/td><\/tr><tr><td>is_front_page<\/td><td>1<\/td><td><\/td><\/tr><tr><td>is_feed<\/td><td>1<\/td><td><\/td><\/tr><\/table><\/div><br><br><span style=\"color: red;\">Seu site usa HTTPS, mas o c\u00f3digo do an\u00fancio cont\u00e9m HTTP e pode n\u00e3o funcionar.<\/span>\t<br><br>\n\t<a style=\"color: green;\" href=\"https:\/\/wpadvancedads.com\/manual\/ad-debug-mode\/?utm_source=advanced-ads&utm_medium=link&utm_campaign=ad-debug-mode\" target=\"_blank\" rel=\"nofollow\">Encontre solu\u00e7\u00f5es no manual<\/a>\n<\/div>\n<\/li><\/ul><\/div><script>( window.advanced_ads_ready || jQuery( document ).ready ).call( null, function() {var $lavraslider4144706979 = jQuery( \".lavra-slider-4144706979\" );$lavraslider4144706979.on( \"unslider.ready\", function() { jQuery( \"div.custom-slider ul li\" ).css( \"display\", \"block\" ); });$lavraslider4144706979.unslider({ delay:4000, autoplay:true, nav:false, arrows:false, infinite:true });$lavraslider4144706979.on(\"mouseover\", function() {$lavraslider4144706979.unslider(\"stop\");}).on(\"mouseout\", function() {$lavraslider4144706979.unslider(\"start\");});});<\/script><\/div>\n<p>O governador Romeu Zema (Novo) disse ontem que a Pol\u00edcia Civil do Estado tinha \u201cinterfer\u00eancias externas\u201d em administra\u00e7\u00f5es anteriores, com troca de delegados a pedido de prefeitos e deputados.<\/p>\n\n\n\n<p>A declara\u00e7\u00e3o foi feita em um semin\u00e1rio sobre o relan\u00e7amento do programa de Integra\u00e7\u00e3o de Gest\u00e3o em Seguran\u00e7a P\u00fablica (Igesp). O encontro, na capital, teve a presen\u00e7a do ministro da Justi\u00e7a e Seguran\u00e7a P\u00fablica, S\u00e9rgio Moro.<\/p>\n\n\n\n<p>\u201cA seguran\u00e7a se fortalece quando tem autonomia e independ\u00eancia, coisa que n\u00f3s nem sempre assistimos aqui em Minas Gerais, principalmente na Pol\u00edcia Civil, que sempre foi muito submetida a interfer\u00eancias externas\u201d, disse.<\/p>\n\n\n\n<div class=\"wp-block-image\"><figure class=\"aligncenter size-large\"><img fetchpriority=\"high\" decoding=\"async\" width=\"653\" height=\"428\" src=\"http:\/\/lavras.tv\/site\/wp-content\/uploads\/2020\/02\/zema.jpg\" alt=\"\" class=\"wp-image-47210\" srcset=\"https:\/\/lavras.tv\/site\/wp-content\/uploads\/2020\/02\/zema.jpg 653w, https:\/\/lavras.tv\/site\/wp-content\/uploads\/2020\/02\/zema-458x300.jpg 458w, https:\/\/lavras.tv\/site\/wp-content\/uploads\/2020\/02\/zema-170x111.jpg 170w\" sizes=\"(max-width: 653px) 100vw, 653px\" \/><figcaption>Foto: Pedro Gontijo \/ Imprensa MG<\/figcaption><\/figure><\/div>\n\n\n\n<p><\/p>\n\n\n\n<p>O governador explicava a necessidade de integra\u00e7\u00e3o das pol\u00edcias como forma de refor\u00e7ar o combate \u00e0s trocas de comando por press\u00f5es pol\u00edticas. \u201c\u00c9 necess\u00e1rio que se tenha mais autonomia e independ\u00eancia. Caso contr\u00e1rio, ela (Pol\u00edcia) vai passar a servir aos interesses ou \u00e0 press\u00e3o de algu\u00e9m\u201d, disse.<\/p>\n\n\n\n<p>Zema n\u00e3o citou nominalmente ex-mandat\u00e1rios do Estado. Desde 2000, Minas foi governada por pol\u00edticos de MDB (Itamar Franco), PSDB (A\u00e9cio Neves e Ant\u00f4nio Anastasia), PP (Alberto Pinto Coelho) e PT (Fernando Pimentel). Nenhum deles ou os partidos comentou a declara\u00e7\u00e3o.<\/p>\n\n\n\n<p>Ainda durante a fala no semin\u00e1rio, o governador disse que o Brasil esteve sem lideran\u00e7a entre os anos de 2002 e 2008, per\u00edodo que engloba parte dos mandatos do ex-presidente Lula (PT). \u201cAgora, sabemos que n\u00e3o temos nenhum Deus \u00e0 frente do Brasil e de Minas, mas pessoas que querem fazer o bem, bem-intencionadas, e isso tem um reflexo muito grande no psicol\u00f3gico\u201d, comentou.<\/p>\n\n\n\n<p>As opini\u00f5es de Zema foram dadas no relan\u00e7amento de programas usados em administra\u00e7\u00f5es tanto do PT quanto do PSDB. O Igesp, metodologia de integra\u00e7\u00e3o de for\u00e7as de seguran\u00e7a, como pol\u00edcia e Minist\u00e9rio P\u00fablico, foi lan\u00e7ado em Minas pela primeira vez no governo A\u00e9cio Neves, em 2005, e recolocado em pr\u00e1tica no governo Pimentel, em 2015.<\/p>\n\n\n\n<p>Foi por meio do Igesp, por exemplo, que o Estado criou estruturas que hoje fazem parte do dia a dia das pol\u00edcias, como a Regi\u00e3o Integrada de Seguran\u00e7a P\u00fablica (Risp) e a \u00c1rea Integrada de Seguran\u00e7a P\u00fablica (Aisp). A estrat\u00e9gia \u00e9 usada em outros pa\u00edses. Em Nova York (EUA), h\u00e1 um sistema de gerenciamento que envolve interlocu\u00e7\u00e3o policial semelhante ao usado no mapeamento de zonas quentes de criminalidade em BH.<\/p>\n\n\n\n<p>O ministro S\u00e9rgio Moro enalteceu o trabalho de seguran\u00e7a p\u00fablica em Minas e na esfera federal. \u201cH\u00e1 uma certa percep\u00e7\u00e3o de que talvez a criminalidade organizada esteja entendendo que as regras do jogo mudaram, n\u00e3o s\u00f3 o governo federal, mas os governos estaduais v\u00e3o ter uma atua\u00e7\u00e3o mais rigorosa\u201d, afirmou.<\/p>\n\n\n\n<p>Fonte: Hoje em Dia<\/p>\n","protected":false},"excerpt":{"rendered":"<p>O governador Romeu Zema (Novo) disse ontem que a Pol\u00edcia Civil do Estado tinha \u201cinterfer\u00eancias externas\u201d em administra\u00e7\u00f5es anteriores, com troca de delegados a pedido de prefeitos e deputados. A declara\u00e7\u00e3o foi feita em um semin\u00e1rio sobre o relan\u00e7amento do programa de Integra\u00e7\u00e3o de Gest\u00e3o em Seguran\u00e7a P\u00fablica (Igesp). O encontro, na capital, teve a [&hellip;]<\/p>\n","protected":false},"author":2,"featured_media":47210,"comment_status":"closed","ping_status":"open","sticky":false,"template":"","format":"standard","meta":{"advgb_blocks_editor_width":"","advgb_blocks_columns_visual_guide":"","_exactmetrics_skip_tracking":false,"_exactmetrics_sitenote_active":false,"_exactmetrics_sitenote_note":"","_exactmetrics_sitenote_category":0,"footnotes":""},"categories":[7,2,12],"tags":[],"class_list":["post-47209","post","type-post","status-publish","format-standard","has-post-thumbnail","hentry","category-destaques","category-noticias","category-politica"],"better_featured_image":{"id":47210,"alt_text":"","caption":"","description":"","media_type":"image","media_details":{"width":653,"height":428,"file":"2020\/02\/zema.jpg","sizes":{"medium":{"file":"zema-458x300.jpg","width":458,"height":300,"mime-type":"image\/jpeg","source_url":"https:\/\/lavras.tv\/site\/wp-content\/uploads\/2020\/02\/zema-458x300.jpg"},"thumbnail":{"file":"zema-170x111.jpg","width":170,"height":111,"mime-type":"image\/jpeg","source_url":"https:\/\/lavras.tv\/site\/wp-content\/uploads\/2020\/02\/zema-170x111.jpg"},"alm-thumbnail":{"file":"zema-150x150.jpg","width":150,"height":150,"mime-type":"image\/jpeg","source_url":"https:\/\/lavras.tv\/site\/wp-content\/uploads\/2020\/02\/zema-150x150.jpg"}},"image_meta":{"aperture":"0","credit":"","camera":"","caption":"","created_timestamp":"0","copyright":"","focal_length":"0","iso":"0","shutter_speed":"0","title":"","orientation":"0","keywords":[]}},"post":47209,"source_url":"https:\/\/lavras.tv\/site\/wp-content\/uploads\/2020\/02\/zema.jpg"},"author_meta":{"display_name":"Lavras TV","author_link":"https:\/\/lavras.tv\/site\/author\/lavrastv\/"},"featured_img":"https:\/\/lavras.tv\/site\/wp-content\/uploads\/2020\/02\/zema-458x300.jpg","coauthors":[],"tax_additional":{"categories":{"linked":["<a href=\"https:\/\/lavras.tv\/site\/category\/destaques\/\" class=\"advgb-post-tax-term\">Destaques<\/a>","<a href=\"https:\/\/lavras.tv\/site\/category\/noticias\/\" class=\"advgb-post-tax-term\">Not\u00edcias<\/a>","<a href=\"https:\/\/lavras.tv\/site\/category\/politica\/\" class=\"advgb-post-tax-term\">Pol\u00edtica<\/a>"],"unlinked":["<span class=\"advgb-post-tax-term\">Destaques<\/span>","<span class=\"advgb-post-tax-term\">Not\u00edcias<\/span>","<span class=\"advgb-post-tax-term\">Pol\u00edtica<\/span>"]}},"comment_count":"0","relative_dates":{"created":"Publicado 6 anos atr\u00e1s","modified":"Atualizado 6 anos atr\u00e1s"},"absolute_dates":{"created":"Publicado em 19 de fevereiro de 2020","modified":"Atualizado em 19 de fevereiro de 2020"},"absolute_dates_time":{"created":"Publicado em 19 de fevereiro de 2020 09:52","modified":"Atualizado em 19 de fevereiro de 2020 09:52"},"featured_img_caption":"","series_order":"","_links":{"self":[{"href":"https:\/\/lavras.tv\/site\/wp-json\/wp\/v2\/posts\/47209","targetHints":{"allow":["GET"]}}],"collection":[{"href":"https:\/\/lavras.tv\/site\/wp-json\/wp\/v2\/posts"}],"about":[{"href":"https:\/\/lavras.tv\/site\/wp-json\/wp\/v2\/types\/post"}],"author":[{"embeddable":true,"href":"https:\/\/lavras.tv\/site\/wp-json\/wp\/v2\/users\/2"}],"replies":[{"embeddable":true,"href":"https:\/\/lavras.tv\/site\/wp-json\/wp\/v2\/comments?post=47209"}],"version-history":[{"count":1,"href":"https:\/\/lavras.tv\/site\/wp-json\/wp\/v2\/posts\/47209\/revisions"}],"predecessor-version":[{"id":47211,"href":"https:\/\/lavras.tv\/site\/wp-json\/wp\/v2\/posts\/47209\/revisions\/47211"}],"wp:featuredmedia":[{"embeddable":true,"href":"https:\/\/lavras.tv\/site\/wp-json\/wp\/v2\/media\/47210"}],"wp:attachment":[{"href":"https:\/\/lavras.tv\/site\/wp-json\/wp\/v2\/media?parent=47209"}],"wp:term":[{"taxonomy":"category","embeddable":true,"href":"https:\/\/lavras.tv\/site\/wp-json\/wp\/v2\/categories?post=47209"},{"taxonomy":"post_tag","embeddable":true,"href":"https:\/\/lavras.tv\/site\/wp-json\/wp\/v2\/tags?post=47209"}],"curies":[{"name":"wp","href":"https:\/\/api.w.org\/{rel}","templated":true}]}}