{"id":4731,"date":"2016-12-09T09:23:31","date_gmt":"2016-12-09T11:23:31","guid":{"rendered":"http:\/\/lavras.tv\/site\/?p=4731"},"modified":"2016-12-09T09:23:31","modified_gmt":"2016-12-09T11:23:31","slug":"cruzeiro-tenta-evitar-o-pior-aproveitamento-em-uma-temporada-no-novo-mineirao","status":"publish","type":"post","link":"https:\/\/lavras.tv\/site\/2016\/12\/09\/cruzeiro-tenta-evitar-o-pior-aproveitamento-em-uma-temporada-no-novo-mineirao\/","title":{"rendered":"Cruzeiro tenta evitar o pior aproveitamento em uma temporada no novo Mineir\u00e3o"},"content":{"rendered":"<div class=\"lavra-antes-do-conteudo_2\" id=\"lavra-1856593951\"><div id=\"lavra-slider-27\" class=\"custom-slider lavra-slider-3718994203 lavra-slider\"><ul><li><div style=\"margin-left: auto;margin-right: auto;text-align: center;\" id=\"lavra-1538305723\"><a href=\"https:\/\/sistemas.lavras.mg.gov.br\/portalcidadao\/#df1b1a7c7b2a290bcb31e32771e610784662739a88807c0dacac58ede5f391a7530e299dc302d611ee73cb143fc22eaf93592e53e7b5bdb01b00a0b8d28dae460c141dd2ff83412e4dc1c31b16b25f33144a9e5620ea73b13f5bc1c59411d98439ad226e8af03840603796067d87afe130812cf3de24982d0e306f9e61e764e5\" aria-label=\"Lavras-TV&#8211;720x104px (1) (1)\"><img src=\"https:\/\/lavras.tv\/site\/wp-content\/uploads\/2025\/01\/Lavras-TV-720x104px-1-1.png\" alt=\"\"  srcset=\"https:\/\/lavras.tv\/site\/wp-content\/uploads\/2025\/01\/Lavras-TV-720x104px-1-1.png 720w, https:\/\/lavras.tv\/site\/wp-content\/uploads\/2025\/01\/Lavras-TV-720x104px-1-1-470x68.png 470w, https:\/\/lavras.tv\/site\/wp-content\/uploads\/2025\/01\/Lavras-TV-720x104px-1-1-170x25.png 170w, https:\/\/lavras.tv\/site\/wp-content\/uploads\/2025\/01\/Lavras-TV-720x104px-1-1-200x29.png 200w\" sizes=\"(max-width: 720px) 100vw, 720px\" width=\"720\" height=\"104\"  style=\"display: inline-block;\" \/><\/a><\/div><\/li><li><a href=\"https:\/\/sistemas.lavras.mg.gov.br\/portalcidadao\/#df1b1a7c7b2a290bcb31e32771e610784662739a88807c0dacac58ede5f391a7530e299dc302d611ee73cb143fc22eaf93592e53e7b5bdb01b00a0b8d28dae460c141dd2ff83412e4dc1c31b16b25f33144a9e5620ea73b13f5bc1c59411d98439ad226e8af03840603796067d87afe130812cf3de24982d0e306f9e61e764e5\" aria-label=\"Banner_Emprego_PortallavrasTV\"><img src=\"https:\/\/lavras.tv\/site\/wp-content\/uploads\/2025\/03\/Banner_Emprego_PortallavrasTV.png\" alt=\"\"  srcset=\"https:\/\/lavras.tv\/site\/wp-content\/uploads\/2025\/03\/Banner_Emprego_PortallavrasTV.png 720w, https:\/\/lavras.tv\/site\/wp-content\/uploads\/2025\/03\/Banner_Emprego_PortallavrasTV-470x68.png 470w, https:\/\/lavras.tv\/site\/wp-content\/uploads\/2025\/03\/Banner_Emprego_PortallavrasTV-170x25.png 170w, https:\/\/lavras.tv\/site\/wp-content\/uploads\/2025\/03\/Banner_Emprego_PortallavrasTV-200x29.png 200w\" sizes=\"(max-width: 720px) 100vw, 720px\" width=\"720\" height=\"104\"   \/><\/a><\/li><li><a href=\"https:\/\/sistemas.lavras.mg.gov.br\/portalcidadao\/#df1b1a7c7b2a290bcb31e32771e610784662739a88807c0dacac58ede5f391a7530e299dc302d611ee73cb143fc22eaf93592e53e7b5bdb01b00a0b8d28dae460c141dd2ff83412e4dc1c31b16b25f33144a9e5620ea73b13f5bc1c59411d98439ad226e8af03840603796067d87afe130812cf3de24982d0e306f9e61e764e5\" aria-label=\"Banner_Obras_PortallavrasTV\"><img src=\"https:\/\/lavras.tv\/site\/wp-content\/uploads\/2025\/03\/Banner_Obras_PortallavrasTV.png\" alt=\"\"  srcset=\"https:\/\/lavras.tv\/site\/wp-content\/uploads\/2025\/03\/Banner_Obras_PortallavrasTV.png 720w, https:\/\/lavras.tv\/site\/wp-content\/uploads\/2025\/03\/Banner_Obras_PortallavrasTV-470x68.png 470w, https:\/\/lavras.tv\/site\/wp-content\/uploads\/2025\/03\/Banner_Obras_PortallavrasTV-170x25.png 170w, https:\/\/lavras.tv\/site\/wp-content\/uploads\/2025\/03\/Banner_Obras_PortallavrasTV-200x29.png 200w\" sizes=\"(max-width: 720px) 100vw, 720px\" width=\"720\" height=\"104\"   \/><\/a><\/li><li><div style=\"margin-left: auto;margin-right: auto;text-align: center;\" id=\"lavra-1073146960\"><a href=\"https:\/\/sistemas.lavras.mg.gov.br\/portalcidadao\/#df1b1a7c7b2a290bcb31e32771e610784662739a88807c0dacac58ede5f391a7530e299dc302d611ee73cb143fc22eaf93592e53e7b5bdb01b00a0b8d28dae460c141dd2ff83412e4dc1c31b16b25f33144a9e5620ea73b13f5bc1c59411d98439ad226e8af03840603796067d87afe130812cf3de24982d0e306f9e61e764e5\" aria-label=\"Banner_Educa\u00e7\u00e3o_PortallavrasTV\"><img src=\"https:\/\/lavras.tv\/site\/wp-content\/uploads\/2025\/01\/Banner_Educacao_PortallavrasTV.png\" alt=\"\"  srcset=\"https:\/\/lavras.tv\/site\/wp-content\/uploads\/2025\/01\/Banner_Educacao_PortallavrasTV.png 720w, https:\/\/lavras.tv\/site\/wp-content\/uploads\/2025\/01\/Banner_Educacao_PortallavrasTV-470x68.png 470w, https:\/\/lavras.tv\/site\/wp-content\/uploads\/2025\/01\/Banner_Educacao_PortallavrasTV-170x25.png 170w, https:\/\/lavras.tv\/site\/wp-content\/uploads\/2025\/01\/Banner_Educacao_PortallavrasTV-200x29.png 200w\" sizes=\"(max-width: 720px) 100vw, 720px\" width=\"720\" height=\"104\"  style=\"display: inline-block;\" \/><\/a><\/div><\/li><li><a href=\"https:\/\/sistemas.lavras.mg.gov.br\/portalcidadao\/#df1b1a7c7b2a290bcb31e32771e610784662739a88807c0dacac58ede5f391a7530e299dc302d611ee73cb143fc22eaf93592e53e7b5bdb01b00a0b8d28dae460c141dd2ff83412e4dc1c31b16b25f33144a9e5620ea73b13f5bc1c59411d98439ad226e8af03840603796067d87afe130812cf3de24982d0e306f9e61e764e5\" aria-label=\"Banner_Sa\u00fade_PortallavrasTV\"><img src=\"https:\/\/lavras.tv\/site\/wp-content\/uploads\/2025\/03\/Banner_Saude_PortallavrasTV.png\" alt=\"\"  srcset=\"https:\/\/lavras.tv\/site\/wp-content\/uploads\/2025\/03\/Banner_Saude_PortallavrasTV.png 720w, https:\/\/lavras.tv\/site\/wp-content\/uploads\/2025\/03\/Banner_Saude_PortallavrasTV-470x68.png 470w, https:\/\/lavras.tv\/site\/wp-content\/uploads\/2025\/03\/Banner_Saude_PortallavrasTV-170x25.png 170w, https:\/\/lavras.tv\/site\/wp-content\/uploads\/2025\/03\/Banner_Saude_PortallavrasTV-200x29.png 200w\" sizes=\"(max-width: 720px) 100vw, 720px\" width=\"720\" height=\"104\"   \/><\/a><\/li><li><div id=\"lavra-3530932146\" style=\"width:720px;height:104px;background-color:#ddd;overflow:scroll;\">\n\t<strong>Sa\u00edda da depura\u00e7\u00e3o de an\u00fancios<\/strong>\n\t<br><br>\n\tO an\u00fancio n\u00e3o \u00e9 exibido na p\u00e1gina<br><br>post atual: Cruzeiro tenta evitar o pior aproveitamento em uma temporada no novo Mineir\u00e3o, ID: 4731<br><br><span style=\"color: red;\">O post atual n\u00e3o \u00e9 id\u00eantico ao post principal.<\/span><br><br>An\u00fancios: ROXO - TOPO INTERNA - ROTATIVO 2 (197)<br \/>Grupo de an\u00fancios: Princ_Meio01_720x104 (27)<br><br>Condi\u00e7\u00f5es de exibi\u00e7\u00e3o<div style=\"margin-bottom: 20px; white-space: pre-wrap; font-family: monospace; width: 100%; background: #ffe9e9;\"><strong>condi\u00e7\u00f5es gerais<\/strong><table border=\"1\"><thead><tr><th><\/th><th>An\u00fancios<\/th><th>wp_the_query<\/th><\/tr><\/thead><tr><td>is_main_query<\/td><td>1<\/td><td>1<\/td><\/tr><tr><td>is_rest_api<\/td><td>0<\/td><td>1<\/td><\/tr><tr><td>page<\/td><td>0<\/td><td>1<\/td><\/tr><tr><td>numpages<\/td><td>0<\/td><td>1<\/td><\/tr><tr><td>is_archive<\/td><td>1<\/td><td><\/td><\/tr><tr><td>is_search<\/td><td>1<\/td><td><\/td><\/tr><tr><td>is_home<\/td><td>1<\/td><td><\/td><\/tr><tr><td>is_404<\/td><td>1<\/td><td><\/td><\/tr><tr><td>is_attachment<\/td><td>1<\/td><td><\/td><\/tr><tr><td>is_singular<\/td><td>1<\/td><td><\/td><\/tr><tr><td>is_front_page<\/td><td>1<\/td><td><\/td><\/tr><tr><td>is_feed<\/td><td>1<\/td><td><\/td><\/tr><\/table><\/div><br><br><span style=\"color: red;\">Seu site usa HTTPS, mas o c\u00f3digo do an\u00fancio cont\u00e9m HTTP e pode n\u00e3o funcionar.<\/span>\t<br><br>\n\t<a style=\"color: green;\" href=\"https:\/\/wpadvancedads.com\/manual\/ad-debug-mode\/?utm_source=advanced-ads&utm_medium=link&utm_campaign=ad-debug-mode\" target=\"_blank\" rel=\"nofollow\">Encontre solu\u00e7\u00f5es no manual<\/a>\n<\/div>\n<\/li><\/ul><\/div><script>( window.advanced_ads_ready || jQuery( document ).ready ).call( null, function() {var $lavraslider3718994203 = jQuery( \".lavra-slider-3718994203\" );$lavraslider3718994203.on( \"unslider.ready\", function() { jQuery( \"div.custom-slider ul li\" ).css( \"display\", \"block\" ); });$lavraslider3718994203.unslider({ delay:4000, autoplay:true, nav:false, arrows:false, infinite:true });$lavraslider3718994203.on(\"mouseover\", function() {$lavraslider3718994203.unslider(\"stop\");}).on(\"mouseout\", function() {$lavraslider3718994203.unslider(\"start\");});});<\/script><\/div><p>Pelo segundo ano seguido, a temporada n\u00e3o foi boa para o Cruzeiro em termos de t\u00edtulos. Mas al\u00e9m de lutar contra o rebaixamento a maior parte do Campeonato Brasileiro, o time celeste pode registrar o seu pior desempenho diante da torcida desde a reinaugura\u00e7\u00e3o do Mineir\u00e3o.<\/p>\n<p><img fetchpriority=\"high\" decoding=\"async\" class=\"size-full wp-image-4732\" src=\"http:\/\/lavras.tv\/site\/wp-content\/uploads\/2016\/12\/mineirao.jpg\" alt=\"BELO HORIZONTE \/ BRASIL (26.10.2016) Torcida, no jogo entre Cruzeiro e Gr\u00eamio, no Mineir\u00e3o, em Belo Horizonte, pela ida da semifinal da Copa do Brasil de 2016. \u00a9 Washington Alves\/Light Press\/Cruzeiro\" width=\"600\" height=\"340\" srcset=\"https:\/\/lavras.tv\/site\/wp-content\/uploads\/2016\/12\/mineirao.jpg 600w, https:\/\/lavras.tv\/site\/wp-content\/uploads\/2016\/12\/mineirao-150x85.jpg 150w, https:\/\/lavras.tv\/site\/wp-content\/uploads\/2016\/12\/mineirao-300x170.jpg 300w\" sizes=\"(max-width: 600px) 100vw, 600px\" \/><\/p>\n<p>Para evitar um novo recorde negativo, j\u00e1 que neste ano o time atingiu o maior n\u00famero de derrotas em 12 meses no novo Mineir\u00e3o (sete no total contra seis em 2015, tr\u00eas e duas em 2014 e 2013, respectivamente), a Raposa precisa vencer o Corinthians neste domingo, \u00e0s 17h, pela \u00faltima rodada do Campeonato Brasileiro.<\/p>\n<p>Atualmente, o time celeste tem 57,3% de aproveitamento no est\u00e1dio. Se ganhar do Corinthians, a Raposa fechar\u00e1 a temporada com 58,5% dos pontos conquistados no Gigante da Pampulha, um pouco acima dos 57,7% obtidos ano passado. Mas se empatar ou perder, a equipe vai amargar a pior campanha no Mineir\u00e3o desde a reinaugura\u00e7\u00e3o da arena, em fevereiro de 2013.<\/p>\n<p>Caso fique no empate com o Corinthians, o Cruzeiro garante matematicamente uma vaga na Copa Sul-Americana do ano que vem, mas o desempenho no Mineir\u00e3o ser\u00e1 de apenas 56,5%. J\u00e1 se perder, al\u00e9m de correr o risco de ficar fora do torneio continental, a Raposa vai piorar ainda mais o rendimento diante da torcida nesta temporada, conquistando s\u00f3 55,5% dos pontos disputados.<\/p>\n<p>Em 2013, ano do primeiro t\u00edtulo brasileiro, o Cruzeiro fez 26 jogos no Mineir\u00e3o e registrou o seu melhor desempenho no est\u00e1dio. Foram 23 vit\u00f3rias, um empate e duas derrotas (89,7%). Desde ent\u00e3o, o rendimento da equipe vem caindo. Na temporada seguinte, reduziu para 81,3%, mesmo com a conquista do bicampeonato nacional. J\u00e1 em 2015 despencou para 57,7% \u2013 o pior at\u00e9 hoje.<\/p>\n<p><strong>Cruzeiro no Mineir\u00e3o na temporada 2016:<\/strong><\/p>\n<p>7 jogos no Campeonato Mineiro: 4 vit\u00f3rias e 3 empates<\/p>\n<p>18 no Brasileir\u00e3o: 6 vit\u00f3rias, 7 empates e 5 derrotas<\/p>\n<p>5 jogos na Copa do Brasil: 4 vit\u00f3rias e 1 derrota<\/p>\n<p>2 jogos na Primeira Liga: 1 vit\u00f3ria e 1 derrota<\/p>\n<p>Total: 32 jogos: 15 vit\u00f3rias, 10 empates e 7 derrotas (57,3% aproveitamento)<\/p>\n<p><strong>Desempenho do Cruzeiro desde a reinaugura\u00e7\u00e3o do Mineir\u00e3o:<\/strong><\/p>\n<p>2013 \u2013 26 jogos, 23 vit\u00f3rias, 1 empate e 2 derrotas (89,7% aproveitamento)<\/p>\n<p>2014 \u2013 34 jogos, 26 vit\u00f3rias, 5 empates e 3 derrotas (81,3%)<\/p>\n<p>2015 \u2013 30 jogos, 14 vit\u00f3rias, 10 empates e 6 derrotas (57,7%)<\/p>\n<p>2016* \u2013 32 jogos, 15 vit\u00f3rias, 10 empates e 7 derrotas (57,3%)<\/p>\n<p><em>*Jogo deste domingo contra o Corinthians, no Mineir\u00e3o, fechar\u00e1 a temporada 2016<\/em><\/p>\n<p>&nbsp;<\/p>\n<p>Fonte: Itatiaia<\/p>\n","protected":false},"excerpt":{"rendered":"<p>Pelo segundo ano seguido, a temporada n\u00e3o foi boa para o Cruzeiro em termos de t\u00edtulos. Mas al\u00e9m de lutar contra o rebaixamento a maior parte do Campeonato Brasileiro, o time celeste pode registrar o seu pior desempenho diante da torcida desde a reinaugura\u00e7\u00e3o do Mineir\u00e3o. Para evitar um novo recorde negativo, j\u00e1 que neste [&hellip;]<\/p>\n","protected":false},"author":2,"featured_media":4732,"comment_status":"closed","ping_status":"open","sticky":false,"template":"","format":"standard","meta":{"advgb_blocks_editor_width":"","advgb_blocks_columns_visual_guide":"","_exactmetrics_skip_tracking":false,"_exactmetrics_sitenote_active":false,"_exactmetrics_sitenote_note":"","_exactmetrics_sitenote_category":0,"footnotes":""},"categories":[3],"tags":[908,966,1036,469],"class_list":["post-4731","post","type-post","status-publish","format-standard","has-post-thumbnail","hentry","category-esportes","tag-cruzeiro","tag-esporte","tag-futebol","tag-mineirao"],"better_featured_image":{"id":4732,"alt_text":"","caption":"BELO HORIZONTE \/ BRASIL (26.10.2016) Torcida, no jogo entre Cruzeiro e Gr\u00eamio, no Mineir\u00e3o, em Belo Horizonte, pela ida da semifinal da Copa do Brasil de 2016.\n\u00a9 Washington Alves\/Light Press\/Cruzeiro","description":"","media_type":"image","media_details":{"width":600,"height":340,"file":"2016\/12\/mineirao.jpg","sizes":{"thumbnail":{"file":"mineirao-150x85.jpg","width":150,"height":85,"mime-type":"image\/jpeg","source_url":"https:\/\/lavras.tv\/site\/wp-content\/uploads\/2016\/12\/mineirao-150x85.jpg"},"medium":{"file":"mineirao-300x170.jpg","width":300,"height":170,"mime-type":"image\/jpeg","source_url":"https:\/\/lavras.tv\/site\/wp-content\/uploads\/2016\/12\/mineirao-300x170.jpg"},"featured-post-img":{"file":"mineirao-480x320.jpg","width":480,"height":320,"mime-type":"image\/jpeg","source_url":"https:\/\/lavras.tv\/site\/wp-content\/uploads\/2016\/12\/mineirao-480x320.jpg"},"sow-carousel-default":{"file":"mineirao-272x182.jpg","width":272,"height":182,"mime-type":"image\/jpeg","source_url":"https:\/\/lavras.tv\/site\/wp-content\/uploads\/2016\/12\/mineirao-272x182.jpg"}},"image_meta":{"aperture":"2.8","credit":"Washington Alves\/Light Press\/Cru","camera":"NIKON D750","caption":"BELO HORIZONTE \/ BRASIL (26.10.2016) Torcida, no jogo entre Cruzeiro e Gr\u00eamio, no Mineir\u00e3o, em Belo Horizonte, pela ida da semifinal da Copa do Brasil de 2016.\r\u00a9 Washington Alves\/Light Press\/Cruzeiro","created_timestamp":"1477531466","copyright":"Light Press - Todos os direitos reservados.","focal_length":"14","iso":"2000","shutter_speed":"0.0008","title":"Treino Cruzeiro","orientation":"1","keywords":[]}},"post":4731,"source_url":"https:\/\/lavras.tv\/site\/wp-content\/uploads\/2016\/12\/mineirao.jpg"},"author_meta":{"display_name":"Lavras TV","author_link":"https:\/\/lavras.tv\/site\/author\/lavrastv\/"},"featured_img":"https:\/\/lavras.tv\/site\/wp-content\/uploads\/2016\/12\/mineirao-300x170.jpg","coauthors":[],"tax_additional":{"categories":{"linked":["<a href=\"https:\/\/lavras.tv\/site\/category\/esportes\/\" class=\"advgb-post-tax-term\">Esportes<\/a>"],"unlinked":["<span class=\"advgb-post-tax-term\">Esportes<\/span>"]},"tags":{"linked":["<a href=\"https:\/\/lavras.tv\/site\/category\/esportes\/\" class=\"advgb-post-tax-term\">cruzeiro<\/a>","<a href=\"https:\/\/lavras.tv\/site\/category\/esportes\/\" class=\"advgb-post-tax-term\">esporte<\/a>","<a href=\"https:\/\/lavras.tv\/site\/category\/esportes\/\" class=\"advgb-post-tax-term\">futebol<\/a>","<a href=\"https:\/\/lavras.tv\/site\/category\/esportes\/\" class=\"advgb-post-tax-term\">mineir\u00e3o<\/a>"],"unlinked":["<span class=\"advgb-post-tax-term\">cruzeiro<\/span>","<span class=\"advgb-post-tax-term\">esporte<\/span>","<span class=\"advgb-post-tax-term\">futebol<\/span>","<span class=\"advgb-post-tax-term\">mineir\u00e3o<\/span>"]}},"comment_count":"0","relative_dates":{"created":"Publicado 9 anos atr\u00e1s","modified":"Atualizado 9 anos atr\u00e1s"},"absolute_dates":{"created":"Publicado em 9 de dezembro de 2016","modified":"Atualizado em 9 de dezembro de 2016"},"absolute_dates_time":{"created":"Publicado em 9 de dezembro de 2016 09:23","modified":"Atualizado em 9 de dezembro de 2016 09:23"},"featured_img_caption":"BELO HORIZONTE \/ BRASIL (26.10.2016) Torcida, no jogo entre Cruzeiro e Gr\u00eamio, no Mineir\u00e3o, em Belo Horizonte, pela ida da semifinal da Copa do Brasil de 2016.\n\u00a9 Washington Alves\/Light Press\/Cruzeiro","series_order":"","_links":{"self":[{"href":"https:\/\/lavras.tv\/site\/wp-json\/wp\/v2\/posts\/4731","targetHints":{"allow":["GET"]}}],"collection":[{"href":"https:\/\/lavras.tv\/site\/wp-json\/wp\/v2\/posts"}],"about":[{"href":"https:\/\/lavras.tv\/site\/wp-json\/wp\/v2\/types\/post"}],"author":[{"embeddable":true,"href":"https:\/\/lavras.tv\/site\/wp-json\/wp\/v2\/users\/2"}],"replies":[{"embeddable":true,"href":"https:\/\/lavras.tv\/site\/wp-json\/wp\/v2\/comments?post=4731"}],"version-history":[{"count":1,"href":"https:\/\/lavras.tv\/site\/wp-json\/wp\/v2\/posts\/4731\/revisions"}],"predecessor-version":[{"id":4733,"href":"https:\/\/lavras.tv\/site\/wp-json\/wp\/v2\/posts\/4731\/revisions\/4733"}],"wp:featuredmedia":[{"embeddable":true,"href":"https:\/\/lavras.tv\/site\/wp-json\/wp\/v2\/media\/4732"}],"wp:attachment":[{"href":"https:\/\/lavras.tv\/site\/wp-json\/wp\/v2\/media?parent=4731"}],"wp:term":[{"taxonomy":"category","embeddable":true,"href":"https:\/\/lavras.tv\/site\/wp-json\/wp\/v2\/categories?post=4731"},{"taxonomy":"post_tag","embeddable":true,"href":"https:\/\/lavras.tv\/site\/wp-json\/wp\/v2\/tags?post=4731"}],"curies":[{"name":"wp","href":"https:\/\/api.w.org\/{rel}","templated":true}]}}