{"id":47320,"date":"2020-03-04T10:08:05","date_gmt":"2020-03-04T13:08:05","guid":{"rendered":"http:\/\/lavras.tv\/site\/?p=47320"},"modified":"2020-03-04T10:08:09","modified_gmt":"2020-03-04T13:08:09","slug":"governador-zema-enfrenta-impasses-que-podem-agravar-situacao-financeira-de-minas-gerais","status":"publish","type":"post","link":"https:\/\/lavras.tv\/site\/2020\/03\/04\/governador-zema-enfrenta-impasses-que-podem-agravar-situacao-financeira-de-minas-gerais\/","title":{"rendered":"Governador Zema enfrenta impasses que podem agravar situa\u00e7\u00e3o financeira de Minas Gerais"},"content":{"rendered":"<div class=\"lavra-antes-do-conteudo_2\" id=\"lavra-1729989747\"><div id=\"lavra-slider-27\" class=\"custom-slider lavra-slider-121359830 lavra-slider\"><ul><li><div style=\"margin-left: auto;margin-right: auto;text-align: center;\" id=\"lavra-971345803\"><a href=\"https:\/\/sistemas.lavras.mg.gov.br\/portalcidadao\/#df1b1a7c7b2a290bcb31e32771e610784662739a88807c0dacac58ede5f391a7530e299dc302d611ee73cb143fc22eaf93592e53e7b5bdb01b00a0b8d28dae460c141dd2ff83412e4dc1c31b16b25f33144a9e5620ea73b13f5bc1c59411d98439ad226e8af03840603796067d87afe130812cf3de24982d0e306f9e61e764e5\" aria-label=\"Lavras-TV&#8211;720x104px (1) (1)\"><img src=\"https:\/\/lavras.tv\/site\/wp-content\/uploads\/2025\/01\/Lavras-TV-720x104px-1-1.png\" alt=\"\"  srcset=\"https:\/\/lavras.tv\/site\/wp-content\/uploads\/2025\/01\/Lavras-TV-720x104px-1-1.png 720w, https:\/\/lavras.tv\/site\/wp-content\/uploads\/2025\/01\/Lavras-TV-720x104px-1-1-470x68.png 470w, https:\/\/lavras.tv\/site\/wp-content\/uploads\/2025\/01\/Lavras-TV-720x104px-1-1-170x25.png 170w, https:\/\/lavras.tv\/site\/wp-content\/uploads\/2025\/01\/Lavras-TV-720x104px-1-1-200x29.png 200w\" sizes=\"(max-width: 720px) 100vw, 720px\" width=\"720\" height=\"104\"  style=\"display: inline-block;\" \/><\/a><\/div><\/li><li><a href=\"https:\/\/sistemas.lavras.mg.gov.br\/portalcidadao\/#df1b1a7c7b2a290bcb31e32771e610784662739a88807c0dacac58ede5f391a7530e299dc302d611ee73cb143fc22eaf93592e53e7b5bdb01b00a0b8d28dae460c141dd2ff83412e4dc1c31b16b25f33144a9e5620ea73b13f5bc1c59411d98439ad226e8af03840603796067d87afe130812cf3de24982d0e306f9e61e764e5\" aria-label=\"Banner_Emprego_PortallavrasTV\"><img src=\"https:\/\/lavras.tv\/site\/wp-content\/uploads\/2025\/03\/Banner_Emprego_PortallavrasTV.png\" alt=\"\"  srcset=\"https:\/\/lavras.tv\/site\/wp-content\/uploads\/2025\/03\/Banner_Emprego_PortallavrasTV.png 720w, https:\/\/lavras.tv\/site\/wp-content\/uploads\/2025\/03\/Banner_Emprego_PortallavrasTV-470x68.png 470w, https:\/\/lavras.tv\/site\/wp-content\/uploads\/2025\/03\/Banner_Emprego_PortallavrasTV-170x25.png 170w, https:\/\/lavras.tv\/site\/wp-content\/uploads\/2025\/03\/Banner_Emprego_PortallavrasTV-200x29.png 200w\" sizes=\"(max-width: 720px) 100vw, 720px\" width=\"720\" height=\"104\"   \/><\/a><\/li><li><a href=\"https:\/\/sistemas.lavras.mg.gov.br\/portalcidadao\/#df1b1a7c7b2a290bcb31e32771e610784662739a88807c0dacac58ede5f391a7530e299dc302d611ee73cb143fc22eaf93592e53e7b5bdb01b00a0b8d28dae460c141dd2ff83412e4dc1c31b16b25f33144a9e5620ea73b13f5bc1c59411d98439ad226e8af03840603796067d87afe130812cf3de24982d0e306f9e61e764e5\" aria-label=\"Banner_Obras_PortallavrasTV\"><img src=\"https:\/\/lavras.tv\/site\/wp-content\/uploads\/2025\/03\/Banner_Obras_PortallavrasTV.png\" alt=\"\"  srcset=\"https:\/\/lavras.tv\/site\/wp-content\/uploads\/2025\/03\/Banner_Obras_PortallavrasTV.png 720w, https:\/\/lavras.tv\/site\/wp-content\/uploads\/2025\/03\/Banner_Obras_PortallavrasTV-470x68.png 470w, https:\/\/lavras.tv\/site\/wp-content\/uploads\/2025\/03\/Banner_Obras_PortallavrasTV-170x25.png 170w, https:\/\/lavras.tv\/site\/wp-content\/uploads\/2025\/03\/Banner_Obras_PortallavrasTV-200x29.png 200w\" sizes=\"(max-width: 720px) 100vw, 720px\" width=\"720\" height=\"104\"   \/><\/a><\/li><li><div style=\"margin-left: auto;margin-right: auto;text-align: center;\" id=\"lavra-3366527847\"><a href=\"https:\/\/sistemas.lavras.mg.gov.br\/portalcidadao\/#df1b1a7c7b2a290bcb31e32771e610784662739a88807c0dacac58ede5f391a7530e299dc302d611ee73cb143fc22eaf93592e53e7b5bdb01b00a0b8d28dae460c141dd2ff83412e4dc1c31b16b25f33144a9e5620ea73b13f5bc1c59411d98439ad226e8af03840603796067d87afe130812cf3de24982d0e306f9e61e764e5\" aria-label=\"Banner_Educa\u00e7\u00e3o_PortallavrasTV\"><img src=\"https:\/\/lavras.tv\/site\/wp-content\/uploads\/2025\/01\/Banner_Educacao_PortallavrasTV.png\" alt=\"\"  srcset=\"https:\/\/lavras.tv\/site\/wp-content\/uploads\/2025\/01\/Banner_Educacao_PortallavrasTV.png 720w, https:\/\/lavras.tv\/site\/wp-content\/uploads\/2025\/01\/Banner_Educacao_PortallavrasTV-470x68.png 470w, https:\/\/lavras.tv\/site\/wp-content\/uploads\/2025\/01\/Banner_Educacao_PortallavrasTV-170x25.png 170w, https:\/\/lavras.tv\/site\/wp-content\/uploads\/2025\/01\/Banner_Educacao_PortallavrasTV-200x29.png 200w\" sizes=\"(max-width: 720px) 100vw, 720px\" width=\"720\" height=\"104\"  style=\"display: inline-block;\" \/><\/a><\/div><\/li><li><a href=\"https:\/\/sistemas.lavras.mg.gov.br\/portalcidadao\/#df1b1a7c7b2a290bcb31e32771e610784662739a88807c0dacac58ede5f391a7530e299dc302d611ee73cb143fc22eaf93592e53e7b5bdb01b00a0b8d28dae460c141dd2ff83412e4dc1c31b16b25f33144a9e5620ea73b13f5bc1c59411d98439ad226e8af03840603796067d87afe130812cf3de24982d0e306f9e61e764e5\" aria-label=\"Banner_Sa\u00fade_PortallavrasTV\"><img src=\"https:\/\/lavras.tv\/site\/wp-content\/uploads\/2025\/03\/Banner_Saude_PortallavrasTV.png\" alt=\"\"  srcset=\"https:\/\/lavras.tv\/site\/wp-content\/uploads\/2025\/03\/Banner_Saude_PortallavrasTV.png 720w, https:\/\/lavras.tv\/site\/wp-content\/uploads\/2025\/03\/Banner_Saude_PortallavrasTV-470x68.png 470w, https:\/\/lavras.tv\/site\/wp-content\/uploads\/2025\/03\/Banner_Saude_PortallavrasTV-170x25.png 170w, https:\/\/lavras.tv\/site\/wp-content\/uploads\/2025\/03\/Banner_Saude_PortallavrasTV-200x29.png 200w\" sizes=\"(max-width: 720px) 100vw, 720px\" width=\"720\" height=\"104\"   \/><\/a><\/li><li><div id=\"lavra-1116016161\" style=\"width:720px;height:104px;background-color:#ddd;overflow:scroll;\">\n\t<strong>Sa\u00edda da depura\u00e7\u00e3o de an\u00fancios<\/strong>\n\t<br><br>\n\tO an\u00fancio n\u00e3o \u00e9 exibido na p\u00e1gina<br><br>post atual: Governador Zema enfrenta impasses que podem agravar situa\u00e7\u00e3o financeira de Minas Gerais, ID: 47320<br><br><span style=\"color: red;\">O post atual n\u00e3o \u00e9 id\u00eantico ao post principal.<\/span><br><br>An\u00fancios: ROXO - TOPO INTERNA - ROTATIVO 2 (197)<br \/>Grupo de an\u00fancios: Princ_Meio01_720x104 (27)<br><br>Condi\u00e7\u00f5es de exibi\u00e7\u00e3o<div style=\"margin-bottom: 20px; white-space: pre-wrap; font-family: monospace; width: 100%; background: #ffe9e9;\"><strong>condi\u00e7\u00f5es gerais<\/strong><table border=\"1\"><thead><tr><th><\/th><th>An\u00fancios<\/th><th>wp_the_query<\/th><\/tr><\/thead><tr><td>is_main_query<\/td><td>1<\/td><td>1<\/td><\/tr><tr><td>is_rest_api<\/td><td>0<\/td><td>1<\/td><\/tr><tr><td>page<\/td><td>0<\/td><td>1<\/td><\/tr><tr><td>numpages<\/td><td>0<\/td><td>1<\/td><\/tr><tr><td>is_archive<\/td><td>1<\/td><td><\/td><\/tr><tr><td>is_search<\/td><td>1<\/td><td><\/td><\/tr><tr><td>is_home<\/td><td>1<\/td><td><\/td><\/tr><tr><td>is_404<\/td><td>1<\/td><td><\/td><\/tr><tr><td>is_attachment<\/td><td>1<\/td><td><\/td><\/tr><tr><td>is_singular<\/td><td>1<\/td><td><\/td><\/tr><tr><td>is_front_page<\/td><td>1<\/td><td><\/td><\/tr><tr><td>is_feed<\/td><td>1<\/td><td><\/td><\/tr><\/table><\/div><br><br><span style=\"color: red;\">Seu site usa HTTPS, mas o c\u00f3digo do an\u00fancio cont\u00e9m HTTP e pode n\u00e3o funcionar.<\/span>\t<br><br>\n\t<a style=\"color: green;\" href=\"https:\/\/wpadvancedads.com\/manual\/ad-debug-mode\/?utm_source=advanced-ads&utm_medium=link&utm_campaign=ad-debug-mode\" target=\"_blank\" rel=\"nofollow\">Encontre solu\u00e7\u00f5es no manual<\/a>\n<\/div>\n<\/li><\/ul><\/div><script>( window.advanced_ads_ready || jQuery( document ).ready ).call( null, function() {var $lavraslider121359830 = jQuery( \".lavra-slider-121359830\" );$lavraslider121359830.on( \"unslider.ready\", function() { jQuery( \"div.custom-slider ul li\" ).css( \"display\", \"block\" ); });$lavraslider121359830.unslider({ delay:4000, autoplay:true, nav:false, arrows:false, infinite:true });$lavraslider121359830.on(\"mouseover\", function() {$lavraslider121359830.unslider(\"stop\");}).on(\"mouseout\", function() {$lavraslider121359830.unslider(\"start\");});});<\/script><\/div>\n<p>Dois impasses surgidos nos \u00faltimos dias andam tirando o sossego do Executivo mineiro e do pr\u00f3prio governador Romeu Zema. Ambos p\u00f5em em xeque bandeiras de campanha levantadas pelo \u00fanico mandat\u00e1rio estadual do partido Novo no pa\u00eds.&nbsp;<\/p>\n\n\n\n<p>O primeiro diz respeito \u00e0 recomposi\u00e7\u00e3o salarial de servidores estaduais, especialmente os da Seguran\u00e7a. A medida \u00e9 prevista em Projeto de Lei (PL) enviado pelo pr\u00f3prio Zema \u00e0 Assembleia e aprovado com emendas que incluem outras categorias nos benef\u00edcios. O governador sempre defendeu enxugamento de despesas, inclusive com pessoal, como forma de viabilizar a gest\u00e3o p\u00fablica.<\/p>\n\n\n\n<div class=\"wp-block-image\"><figure class=\"aligncenter size-large is-resized\"><img fetchpriority=\"high\" decoding=\"async\" src=\"http:\/\/lavras.tv\/site\/wp-content\/uploads\/2019\/01\/zema-2.jpg\" alt=\"\" class=\"wp-image-19488\" width=\"580\" height=\"387\" srcset=\"https:\/\/lavras.tv\/site\/wp-content\/uploads\/2019\/01\/zema-2.jpg 653w, https:\/\/lavras.tv\/site\/wp-content\/uploads\/2019\/01\/zema-2-150x100.jpg 150w, https:\/\/lavras.tv\/site\/wp-content\/uploads\/2019\/01\/zema-2-300x200.jpg 300w, https:\/\/lavras.tv\/site\/wp-content\/uploads\/2019\/01\/zema-2-480x320.jpg 480w, https:\/\/lavras.tv\/site\/wp-content\/uploads\/2019\/01\/zema-2-272x182.jpg 272w\" sizes=\"(max-width: 580px) 100vw, 580px\" \/><\/figure><\/div>\n\n\n\n<p>O PL, que est\u00e1 para san\u00e7\u00e3o ou veto do governador, por\u00e9m, pode ocasionar um impacto de at\u00e9 R$ 29 bilh\u00f5es nas j\u00e1 delicadas finan\u00e7as mineiras, at\u00e9 2022, al\u00e9m de gerar uma onda de reivindica\u00e7\u00f5es semelhantes em outros estados, com consequ\u00eancias imprevis\u00edveis.&nbsp;<\/p>\n\n\n\n<p>O tema foi, inclusive, alvo de cr\u00edticas de governadores como o paulista Jo\u00e3o Doria (PSDB). Tamb\u00e9m gerou uma a\u00e7\u00e3o do pr\u00f3prio Novo, no Supremo Tribunal Federal (STF), pedindo a suspens\u00e3o de reajustes ao funcionalismo em estados e munic\u00edpios com base na Lei de Responsabilidade Fiscal (LRF).<\/p>\n\n\n\n<p><strong>Combust\u00edveis&nbsp;<\/strong><br>O segundo imbr\u00f3glio se relaciona a uma paralisa\u00e7\u00e3o, convocada para amanh\u00e3, do Sindicato das Empresas Transportadoras de Combust\u00edveis e Derivados de Petr\u00f3leo de Minas Gerais (Sindtaque-MG). A categoria reivindica do Estado redu\u00e7\u00e3o do ICMS sobre o diesel, principal insumo da atividade. A al\u00edquota, hoje, \u00e9 de 15%. Na campanha, Zema pregou revis\u00e3o de impostos, entre eles o ICMS \u2013 respons\u00e1vel por mais de 50% da arrecada\u00e7\u00e3o estadual \u2013, como forma de alavancar a economia.&nbsp;<\/p>\n\n\n\n<p>\u201cAno passado, inclusive, tivemos uma reuni\u00e3o com o governo estadual em que um dos discursos era de abaixar impostos, mas, depois, n\u00e3o houve nada\u201d, afirma Irani Gomes, presidente do Sindtaque-MG.&nbsp;<\/p>\n\n\n\n<p>Entidade e Executivo ainda n\u00e3o agendaram reuni\u00e3o para discutir a incid\u00eancia do imposto. Caso n\u00e3o haja acordo, contudo, o sindicalista informou que entre 6 mil e 7 mil transportadores de combust\u00edveis devem cruzar os bra\u00e7os em Minas.<\/p>\n\n\n\n<p>Sobre o tema, o governo estadual manteve, ontem, posicionamento divulgado anteriormente: em 3 de fevereiro, 22 governadores, entre eles Zema, subscreveram carta ao presidente Jair Bolsonaro, que havia cobrado dos chefes dos Executivos estaduais a redu\u00e7\u00e3o do ICMS sobre combust\u00edveis.<\/p>\n\n\n\n<p>\u201cOs governadores t\u00eam enorme interesse em viabilizar a diminui\u00e7\u00e3o do pre\u00e7o dos combust\u00edveis\u201d, diz a carta, lembrando que \u201co debate acerca de medidas poss\u00edveis para o atingimento deste objetivo deve ser feito nos f\u00f3runs institucionais adequados e com os estudos t\u00e9cnicos apropriados\u201d.&nbsp;<\/p>\n\n\n\n<p>J\u00e1 a l\u00edder de Zema na Assembleia, deputada Laura Serrano (Novo), respondeu por nota os dois questionamentos: \u201cNa campanha, o governador afirmou que n\u00e3o iria aumentar impostos e est\u00e1 cumprindo esse compromisso. A corre\u00e7\u00e3o monet\u00e1ria para os servidores de seguran\u00e7a p\u00fablica est\u00e1 em conformidade com a legisla\u00e7\u00e3o\u201d.<\/p>\n\n\n\n<p>Fonte: Hoje em Dia<\/p>\n","protected":false},"excerpt":{"rendered":"<p>Dois impasses surgidos nos \u00faltimos dias andam tirando o sossego do Executivo mineiro e do pr\u00f3prio governador Romeu Zema. Ambos p\u00f5em em xeque bandeiras de campanha levantadas pelo \u00fanico mandat\u00e1rio estadual do partido Novo no pa\u00eds.&nbsp; O primeiro diz respeito \u00e0 recomposi\u00e7\u00e3o salarial de servidores estaduais, especialmente os da Seguran\u00e7a. A medida \u00e9 prevista em [&hellip;]<\/p>\n","protected":false},"author":2,"featured_media":19488,"comment_status":"closed","ping_status":"open","sticky":false,"template":"","format":"standard","meta":{"advgb_blocks_editor_width":"","advgb_blocks_columns_visual_guide":"","_exactmetrics_skip_tracking":false,"_exactmetrics_sitenote_active":false,"_exactmetrics_sitenote_note":"","_exactmetrics_sitenote_category":0,"footnotes":""},"categories":[7,2,12],"tags":[],"class_list":["post-47320","post","type-post","status-publish","format-standard","has-post-thumbnail","hentry","category-destaques","category-noticias","category-politica"],"better_featured_image":{"id":19488,"alt_text":"","caption":"","description":"","media_type":"image","media_details":{"width":653,"height":436,"file":"2019\/01\/zema-2.jpg","sizes":{"thumbnail":{"file":"zema-2-150x100.jpg","width":150,"height":100,"mime-type":"image\/jpeg","source_url":"https:\/\/lavras.tv\/site\/wp-content\/uploads\/2019\/01\/zema-2-150x100.jpg"},"medium":{"file":"zema-2-300x200.jpg","width":300,"height":200,"mime-type":"image\/jpeg","source_url":"https:\/\/lavras.tv\/site\/wp-content\/uploads\/2019\/01\/zema-2-300x200.jpg"},"featured-slider-img":{"file":"zema-2-640x436.jpg","width":640,"height":436,"mime-type":"image\/jpeg","source_url":"https:\/\/lavras.tv\/site\/wp-content\/uploads\/2019\/01\/zema-2-640x436.jpg"},"featured-post-img":{"file":"zema-2-480x320.jpg","width":480,"height":320,"mime-type":"image\/jpeg","source_url":"https:\/\/lavras.tv\/site\/wp-content\/uploads\/2019\/01\/zema-2-480x320.jpg"},"sow-carousel-default":{"file":"zema-2-272x182.jpg","width":272,"height":182,"mime-type":"image\/jpeg","source_url":"https:\/\/lavras.tv\/site\/wp-content\/uploads\/2019\/01\/zema-2-272x182.jpg"}},"image_meta":{"aperture":"0","credit":"","camera":"","caption":"","created_timestamp":"0","copyright":"","focal_length":"0","iso":"0","shutter_speed":"0","title":"","orientation":"0","keywords":[]}},"post":19487,"source_url":"https:\/\/lavras.tv\/site\/wp-content\/uploads\/2019\/01\/zema-2.jpg"},"author_meta":{"display_name":"Lavras TV","author_link":"https:\/\/lavras.tv\/site\/author\/lavrastv\/"},"featured_img":"https:\/\/lavras.tv\/site\/wp-content\/uploads\/2019\/01\/zema-2-300x200.jpg","coauthors":[],"tax_additional":{"categories":{"linked":["<a href=\"https:\/\/lavras.tv\/site\/category\/destaques\/\" class=\"advgb-post-tax-term\">Destaques<\/a>","<a href=\"https:\/\/lavras.tv\/site\/category\/noticias\/\" class=\"advgb-post-tax-term\">Not\u00edcias<\/a>","<a href=\"https:\/\/lavras.tv\/site\/category\/politica\/\" class=\"advgb-post-tax-term\">Pol\u00edtica<\/a>"],"unlinked":["<span class=\"advgb-post-tax-term\">Destaques<\/span>","<span class=\"advgb-post-tax-term\">Not\u00edcias<\/span>","<span class=\"advgb-post-tax-term\">Pol\u00edtica<\/span>"]}},"comment_count":"0","relative_dates":{"created":"Publicado 6 anos atr\u00e1s","modified":"Atualizado 6 anos atr\u00e1s"},"absolute_dates":{"created":"Publicado em 4 de mar\u00e7o de 2020","modified":"Atualizado em 4 de mar\u00e7o de 2020"},"absolute_dates_time":{"created":"Publicado em 4 de mar\u00e7o de 2020 10:08","modified":"Atualizado em 4 de mar\u00e7o de 2020 10:08"},"featured_img_caption":"","series_order":"","_links":{"self":[{"href":"https:\/\/lavras.tv\/site\/wp-json\/wp\/v2\/posts\/47320","targetHints":{"allow":["GET"]}}],"collection":[{"href":"https:\/\/lavras.tv\/site\/wp-json\/wp\/v2\/posts"}],"about":[{"href":"https:\/\/lavras.tv\/site\/wp-json\/wp\/v2\/types\/post"}],"author":[{"embeddable":true,"href":"https:\/\/lavras.tv\/site\/wp-json\/wp\/v2\/users\/2"}],"replies":[{"embeddable":true,"href":"https:\/\/lavras.tv\/site\/wp-json\/wp\/v2\/comments?post=47320"}],"version-history":[{"count":1,"href":"https:\/\/lavras.tv\/site\/wp-json\/wp\/v2\/posts\/47320\/revisions"}],"predecessor-version":[{"id":47321,"href":"https:\/\/lavras.tv\/site\/wp-json\/wp\/v2\/posts\/47320\/revisions\/47321"}],"wp:featuredmedia":[{"embeddable":true,"href":"https:\/\/lavras.tv\/site\/wp-json\/wp\/v2\/media\/19488"}],"wp:attachment":[{"href":"https:\/\/lavras.tv\/site\/wp-json\/wp\/v2\/media?parent=47320"}],"wp:term":[{"taxonomy":"category","embeddable":true,"href":"https:\/\/lavras.tv\/site\/wp-json\/wp\/v2\/categories?post=47320"},{"taxonomy":"post_tag","embeddable":true,"href":"https:\/\/lavras.tv\/site\/wp-json\/wp\/v2\/tags?post=47320"}],"curies":[{"name":"wp","href":"https:\/\/api.w.org\/{rel}","templated":true}]}}