{"id":4739,"date":"2016-12-09T09:56:09","date_gmt":"2016-12-09T11:56:09","guid":{"rendered":"http:\/\/lavras.tv\/site\/?p=4739"},"modified":"2016-12-09T09:56:09","modified_gmt":"2016-12-09T11:56:09","slug":"canal-digital-da-tv-camara-de-lavras-foi-homologado-em-brasilia","status":"publish","type":"post","link":"https:\/\/lavras.tv\/site\/2016\/12\/09\/canal-digital-da-tv-camara-de-lavras-foi-homologado-em-brasilia\/","title":{"rendered":"Canal digital da TV C\u00e2mara de Lavras foi homologado em Bras\u00edlia"},"content":{"rendered":"<div class=\"lavra-antes-do-conteudo_2\" id=\"lavra-378878661\"><div id=\"lavra-slider-27\" class=\"custom-slider lavra-slider-4146991235 lavra-slider\"><ul><li><div style=\"margin-left: auto;margin-right: auto;text-align: center;\" id=\"lavra-2363609937\"><a href=\"https:\/\/sistemas.lavras.mg.gov.br\/portalcidadao\/#df1b1a7c7b2a290bcb31e32771e610784662739a88807c0dacac58ede5f391a7530e299dc302d611ee73cb143fc22eaf93592e53e7b5bdb01b00a0b8d28dae460c141dd2ff83412e4dc1c31b16b25f33144a9e5620ea73b13f5bc1c59411d98439ad226e8af03840603796067d87afe130812cf3de24982d0e306f9e61e764e5\" aria-label=\"Lavras-TV&#8211;720x104px (1) (1)\"><img src=\"https:\/\/lavras.tv\/site\/wp-content\/uploads\/2025\/01\/Lavras-TV-720x104px-1-1.png\" alt=\"\"  srcset=\"https:\/\/lavras.tv\/site\/wp-content\/uploads\/2025\/01\/Lavras-TV-720x104px-1-1.png 720w, https:\/\/lavras.tv\/site\/wp-content\/uploads\/2025\/01\/Lavras-TV-720x104px-1-1-470x68.png 470w, https:\/\/lavras.tv\/site\/wp-content\/uploads\/2025\/01\/Lavras-TV-720x104px-1-1-170x25.png 170w, https:\/\/lavras.tv\/site\/wp-content\/uploads\/2025\/01\/Lavras-TV-720x104px-1-1-200x29.png 200w\" sizes=\"(max-width: 720px) 100vw, 720px\" width=\"720\" height=\"104\"  style=\"display: inline-block;\" \/><\/a><\/div><\/li><li><a href=\"https:\/\/sistemas.lavras.mg.gov.br\/portalcidadao\/#df1b1a7c7b2a290bcb31e32771e610784662739a88807c0dacac58ede5f391a7530e299dc302d611ee73cb143fc22eaf93592e53e7b5bdb01b00a0b8d28dae460c141dd2ff83412e4dc1c31b16b25f33144a9e5620ea73b13f5bc1c59411d98439ad226e8af03840603796067d87afe130812cf3de24982d0e306f9e61e764e5\" aria-label=\"Banner_Emprego_PortallavrasTV\"><img src=\"https:\/\/lavras.tv\/site\/wp-content\/uploads\/2025\/03\/Banner_Emprego_PortallavrasTV.png\" alt=\"\"  srcset=\"https:\/\/lavras.tv\/site\/wp-content\/uploads\/2025\/03\/Banner_Emprego_PortallavrasTV.png 720w, https:\/\/lavras.tv\/site\/wp-content\/uploads\/2025\/03\/Banner_Emprego_PortallavrasTV-470x68.png 470w, https:\/\/lavras.tv\/site\/wp-content\/uploads\/2025\/03\/Banner_Emprego_PortallavrasTV-170x25.png 170w, https:\/\/lavras.tv\/site\/wp-content\/uploads\/2025\/03\/Banner_Emprego_PortallavrasTV-200x29.png 200w\" sizes=\"(max-width: 720px) 100vw, 720px\" width=\"720\" height=\"104\"   \/><\/a><\/li><li><a href=\"https:\/\/sistemas.lavras.mg.gov.br\/portalcidadao\/#df1b1a7c7b2a290bcb31e32771e610784662739a88807c0dacac58ede5f391a7530e299dc302d611ee73cb143fc22eaf93592e53e7b5bdb01b00a0b8d28dae460c141dd2ff83412e4dc1c31b16b25f33144a9e5620ea73b13f5bc1c59411d98439ad226e8af03840603796067d87afe130812cf3de24982d0e306f9e61e764e5\" aria-label=\"Banner_Obras_PortallavrasTV\"><img src=\"https:\/\/lavras.tv\/site\/wp-content\/uploads\/2025\/03\/Banner_Obras_PortallavrasTV.png\" alt=\"\"  srcset=\"https:\/\/lavras.tv\/site\/wp-content\/uploads\/2025\/03\/Banner_Obras_PortallavrasTV.png 720w, https:\/\/lavras.tv\/site\/wp-content\/uploads\/2025\/03\/Banner_Obras_PortallavrasTV-470x68.png 470w, https:\/\/lavras.tv\/site\/wp-content\/uploads\/2025\/03\/Banner_Obras_PortallavrasTV-170x25.png 170w, https:\/\/lavras.tv\/site\/wp-content\/uploads\/2025\/03\/Banner_Obras_PortallavrasTV-200x29.png 200w\" sizes=\"(max-width: 720px) 100vw, 720px\" width=\"720\" height=\"104\"   \/><\/a><\/li><li><div style=\"margin-left: auto;margin-right: auto;text-align: center;\" id=\"lavra-3847765673\"><a href=\"https:\/\/sistemas.lavras.mg.gov.br\/portalcidadao\/#df1b1a7c7b2a290bcb31e32771e610784662739a88807c0dacac58ede5f391a7530e299dc302d611ee73cb143fc22eaf93592e53e7b5bdb01b00a0b8d28dae460c141dd2ff83412e4dc1c31b16b25f33144a9e5620ea73b13f5bc1c59411d98439ad226e8af03840603796067d87afe130812cf3de24982d0e306f9e61e764e5\" aria-label=\"Banner_Educa\u00e7\u00e3o_PortallavrasTV\"><img src=\"https:\/\/lavras.tv\/site\/wp-content\/uploads\/2025\/01\/Banner_Educacao_PortallavrasTV.png\" alt=\"\"  srcset=\"https:\/\/lavras.tv\/site\/wp-content\/uploads\/2025\/01\/Banner_Educacao_PortallavrasTV.png 720w, https:\/\/lavras.tv\/site\/wp-content\/uploads\/2025\/01\/Banner_Educacao_PortallavrasTV-470x68.png 470w, https:\/\/lavras.tv\/site\/wp-content\/uploads\/2025\/01\/Banner_Educacao_PortallavrasTV-170x25.png 170w, https:\/\/lavras.tv\/site\/wp-content\/uploads\/2025\/01\/Banner_Educacao_PortallavrasTV-200x29.png 200w\" sizes=\"(max-width: 720px) 100vw, 720px\" width=\"720\" height=\"104\"  style=\"display: inline-block;\" \/><\/a><\/div><\/li><li><a href=\"https:\/\/sistemas.lavras.mg.gov.br\/portalcidadao\/#df1b1a7c7b2a290bcb31e32771e610784662739a88807c0dacac58ede5f391a7530e299dc302d611ee73cb143fc22eaf93592e53e7b5bdb01b00a0b8d28dae460c141dd2ff83412e4dc1c31b16b25f33144a9e5620ea73b13f5bc1c59411d98439ad226e8af03840603796067d87afe130812cf3de24982d0e306f9e61e764e5\" aria-label=\"Banner_Sa\u00fade_PortallavrasTV\"><img src=\"https:\/\/lavras.tv\/site\/wp-content\/uploads\/2025\/03\/Banner_Saude_PortallavrasTV.png\" alt=\"\"  srcset=\"https:\/\/lavras.tv\/site\/wp-content\/uploads\/2025\/03\/Banner_Saude_PortallavrasTV.png 720w, https:\/\/lavras.tv\/site\/wp-content\/uploads\/2025\/03\/Banner_Saude_PortallavrasTV-470x68.png 470w, https:\/\/lavras.tv\/site\/wp-content\/uploads\/2025\/03\/Banner_Saude_PortallavrasTV-170x25.png 170w, https:\/\/lavras.tv\/site\/wp-content\/uploads\/2025\/03\/Banner_Saude_PortallavrasTV-200x29.png 200w\" sizes=\"(max-width: 720px) 100vw, 720px\" width=\"720\" height=\"104\"   \/><\/a><\/li><li><div id=\"lavra-67751888\" style=\"width:720px;height:104px;background-color:#ddd;overflow:scroll;\">\n\t<strong>Sa\u00edda da depura\u00e7\u00e3o de an\u00fancios<\/strong>\n\t<br><br>\n\tO an\u00fancio n\u00e3o \u00e9 exibido na p\u00e1gina<br><br>post atual: Canal digital da TV C\u00e2mara de Lavras foi homologado em Bras\u00edlia, ID: 4739<br><br><span style=\"color: red;\">O post atual n\u00e3o \u00e9 id\u00eantico ao post principal.<\/span><br><br>An\u00fancios: ROXO - TOPO INTERNA - ROTATIVO 2 (197)<br \/>Grupo de an\u00fancios: Princ_Meio01_720x104 (27)<br><br>Condi\u00e7\u00f5es de exibi\u00e7\u00e3o<div style=\"margin-bottom: 20px; white-space: pre-wrap; font-family: monospace; width: 100%; background: #ffe9e9;\"><strong>condi\u00e7\u00f5es gerais<\/strong><table border=\"1\"><thead><tr><th><\/th><th>An\u00fancios<\/th><th>wp_the_query<\/th><\/tr><\/thead><tr><td>is_main_query<\/td><td>1<\/td><td>1<\/td><\/tr><tr><td>is_rest_api<\/td><td>0<\/td><td>1<\/td><\/tr><tr><td>page<\/td><td>0<\/td><td>1<\/td><\/tr><tr><td>numpages<\/td><td>0<\/td><td>1<\/td><\/tr><tr><td>is_archive<\/td><td>1<\/td><td><\/td><\/tr><tr><td>is_search<\/td><td>1<\/td><td><\/td><\/tr><tr><td>is_home<\/td><td>1<\/td><td><\/td><\/tr><tr><td>is_404<\/td><td>1<\/td><td><\/td><\/tr><tr><td>is_attachment<\/td><td>1<\/td><td><\/td><\/tr><tr><td>is_singular<\/td><td>1<\/td><td><\/td><\/tr><tr><td>is_front_page<\/td><td>1<\/td><td><\/td><\/tr><tr><td>is_feed<\/td><td>1<\/td><td><\/td><\/tr><\/table><\/div><br><br><span style=\"color: red;\">Seu site usa HTTPS, mas o c\u00f3digo do an\u00fancio cont\u00e9m HTTP e pode n\u00e3o funcionar.<\/span>\t<br><br>\n\t<a style=\"color: green;\" href=\"https:\/\/wpadvancedads.com\/manual\/ad-debug-mode\/?utm_source=advanced-ads&utm_medium=link&utm_campaign=ad-debug-mode\" target=\"_blank\" rel=\"nofollow\">Encontre solu\u00e7\u00f5es no manual<\/a>\n<\/div>\n<\/li><\/ul><\/div><script>( window.advanced_ads_ready || jQuery( document ).ready ).call( null, function() {var $lavraslider4146991235 = jQuery( \".lavra-slider-4146991235\" );$lavraslider4146991235.on( \"unslider.ready\", function() { jQuery( \"div.custom-slider ul li\" ).css( \"display\", \"block\" ); });$lavraslider4146991235.unslider({ delay:4000, autoplay:true, nav:false, arrows:false, infinite:true });$lavraslider4146991235.on(\"mouseover\", function() {$lavraslider4146991235.unslider(\"stop\");}).on(\"mouseout\", function() {$lavraslider4146991235.unslider(\"start\");});});<\/script><\/div><p>Mais um importante cap\u00edtulo na hist\u00f3ria do Legislativo lavrense foi escrito nesta quarta-feira, dia 7, com a homologa\u00e7\u00e3o do canal digital da TV C\u00e2mara, que torna-se assim uma das primeiras emissoras legislativas e terem sua transmiss\u00e3o digital efetivada no pa\u00eds. <!--more-->A assinatura do Termo de Coopera\u00e7\u00e3o T\u00e9cnica entre a C\u00e2mara Municipal de Lavras, a Assembl\u00e9ia Legislativa do Estado de Minas Gerais (ALMG) e a C\u00e2mara dos Deputados foi formalizada pelo presidente da ALMG, deputado Adalclever Lopes (PMDB), e pelo presidente da C\u00e2mara dos Deputados, deputado Rodrigo Maia (DEM), na presen\u00e7a do vereador Jo\u00e3o Paulo Felizardo (PR), que pelo consenso que se desenha entre os vereadores eleitos e reeleitos dever\u00e1 ser aclamado como novo presidente da Casa Legislativa lavrense no ato da posse, em 1\u00ba de janeiro. Assinaram como testemunhas o deputado F\u00e1bio Cherem (PSD) e o deputado federal Diego Andrade (PSD), que atuaram de forma decisiva na efetiva\u00e7\u00e3o do conv\u00eanio.<\/p>\n<figure id=\"attachment_4740\" aria-describedby=\"caption-attachment-4740\" style=\"width: 747px\" class=\"wp-caption aligncenter\"><img fetchpriority=\"high\" decoding=\"async\" class=\" wp-image-4740\" src=\"http:\/\/lavras.tv\/site\/wp-content\/uploads\/2016\/12\/tv-camara-1.jpg\" alt=\"O vereador Jo\u00e3o Paulo Felizardo (PR) e o deputado F\u00e1bio Cherem (PSD): conquista importante para o Legislativo Lavrense.\" width=\"747\" height=\"496\" srcset=\"https:\/\/lavras.tv\/site\/wp-content\/uploads\/2016\/12\/tv-camara-1.jpg 1280w, https:\/\/lavras.tv\/site\/wp-content\/uploads\/2016\/12\/tv-camara-1-150x100.jpg 150w, https:\/\/lavras.tv\/site\/wp-content\/uploads\/2016\/12\/tv-camara-1-300x199.jpg 300w, https:\/\/lavras.tv\/site\/wp-content\/uploads\/2016\/12\/tv-camara-1-1024x680.jpg 1024w, https:\/\/lavras.tv\/site\/wp-content\/uploads\/2016\/12\/tv-camara-1-480x320.jpg 480w, https:\/\/lavras.tv\/site\/wp-content\/uploads\/2016\/12\/tv-camara-1-272x182.jpg 272w\" sizes=\"(max-width: 747px) 100vw, 747px\" \/><figcaption id=\"caption-attachment-4740\" class=\"wp-caption-text\">O vereador Jo\u00e3o Paulo Felizardo (PR) e o deputado F\u00e1bio Cherem (PSD): conquista importante para o Legislativo Lavrense.<\/figcaption><\/figure>\n<p>Jo\u00e3o Paulo Felizardo destacou que a homologa\u00e7\u00e3o do canal digital da TV C\u00e2mara reafirma o pioneirismo da C\u00e2mara Municipal de Lavras em levar at\u00e9 a popula\u00e7\u00e3o o trabalho dos vereadores atrav\u00e9s das transmiss\u00f5es ao vivo das reuni\u00f5es. \u201cImportante esta homologa\u00e7\u00e3o porque regulariza o canal digital da Casa Legislativa de Lavras, o que nos coloca em condi\u00e7\u00e3o de igualdade com as capitais brasileiras que est\u00e3o implantando o sistema. Estamos entre as primeiras C\u00e2maras do pa\u00eds a implantar o seu pr\u00f3prio canal digital, em parceria com a Assembleia Legislativa e a C\u00e2mara dos Deputados. Isso gera mais transpar\u00eancia e oportunidade para que a popula\u00e7\u00e3o possa continuar acompanhando a atua\u00e7\u00e3o dos nobres vereadores, agora com mais qualidade e uma maior abrang\u00eancia. Somos a primeira cidade do Sul de Minas a ter o canal digital pr\u00f3prio homologado, enquanto outras c\u00e2maras ainda est\u00e3o tentando. Um fato muito importante. Lavras sai na frente com mais essa conquista, que n\u00e3o \u00e9 s\u00f3 da C\u00e2mara Municipal, mas de toda a comunidade lavrense\u201d, ressalta o vereador.<\/p>\n<figure id=\"attachment_4741\" aria-describedby=\"caption-attachment-4741\" style=\"width: 712px\" class=\"wp-caption aligncenter\"><img decoding=\"async\" class=\" wp-image-4741\" src=\"http:\/\/lavras.tv\/site\/wp-content\/uploads\/2016\/12\/tv-camara-2.jpeg\" alt=\"O deputado Diego Andrade (PSD), o vereador Jo\u00e3o Paulo Felizardo (PR) e o presidente da C\u00e2mara dos Deputados, Rodrigo Maia (DEM), que interrompeu os trabalhos da Casa Legislativa em Bras\u00edlia na tarde desta quarta-feira para a homologa\u00e7\u00e3o do canal digital da TV C\u00e2mara.\" width=\"712\" height=\"961\" \/><figcaption id=\"caption-attachment-4741\" class=\"wp-caption-text\">O deputado Diego Andrade (PSD), o vereador Jo\u00e3o Paulo Felizardo (PR) e o presidente da C\u00e2mara dos Deputados, Rodrigo Maia (DEM), que interrompeu os trabalhos da Casa Legislativa em Bras\u00edlia na tarde desta quarta-feira para a homologa\u00e7\u00e3o do canal digital da TV C\u00e2mara.<\/figcaption><\/figure>\n<p>A TV C\u00e2mara iniciou suas atividades em 2004 com o objetivo de divulgar o trabalho do legislativo lavrense e a atua\u00e7\u00e3o dos pr\u00f3prios vereadores atrav\u00e9s da exibi\u00e7\u00e3o ao vivo das reuni\u00f5es. Por v\u00e1rios anos as transmiss\u00f5es foram realizadas em parceria com a TV Assembleia, posteriormente com a TV Universit\u00e1ria e mais recentemente com a Rede Super. Agora, ap\u00f3s a aquisi\u00e7\u00e3o do equipamento digital e a homologa\u00e7\u00e3o do canal pr\u00f3prio, a Casa Legislativa d\u00e1 mais um importante passo na consolida\u00e7\u00e3o da emissora como ferramenta fundamental na rela\u00e7\u00e3o entre o Legislativo e a popula\u00e7\u00e3o.<\/p>\n<p>A partir de agora, a TV C\u00e2mara poder\u00e1 ser sintonizada atrav\u00e9s do canal 40.1. dos aparelhos de TV com recep\u00e7\u00e3o digital ou com a utiliza\u00e7\u00e3o de conversores para os televisores mais antigos. Para levar as imagens at\u00e9 as resid\u00eancias dos lavrenses foram instalados dois transmissores, um na Serra da Bocaina e outro no alto da Cohab, na zona norte da cidade. Importante lembrar que o sinal de TV anal\u00f3gico dever\u00e1 ser\u00e1 totalmente substitu\u00eddo pelo sinal digital, em todo o pa\u00eds, at\u00e9 2018.<\/p>\n<p>Texto: Adriano Salgado<\/p>\n","protected":false},"excerpt":{"rendered":"<p>Mais um importante cap\u00edtulo na hist\u00f3ria do Legislativo lavrense foi escrito nesta quarta-feira, dia 7, com a homologa\u00e7\u00e3o do canal digital da TV C\u00e2mara, que torna-se assim uma das primeiras emissoras legislativas e terem sua transmiss\u00e3o digital efetivada no pa\u00eds.<\/p>\n","protected":false},"author":2,"featured_media":4741,"comment_status":"closed","ping_status":"open","sticky":false,"template":"","format":"standard","meta":{"advgb_blocks_editor_width":"","advgb_blocks_columns_visual_guide":"","_exactmetrics_skip_tracking":false,"_exactmetrics_sitenote_active":false,"_exactmetrics_sitenote_note":"","_exactmetrics_sitenote_category":0,"footnotes":""},"categories":[7,12],"tags":[1790,1789,34,1788],"class_list":["post-4739","post","type-post","status-publish","format-standard","has-post-thumbnail","hentry","category-destaques","category-politica","tag-camara-dos-vereadores","tag-canal-digital","tag-lavras","tag-tv-camara"],"better_featured_image":{"id":4741,"alt_text":"","caption":"O deputado Diego Andrade (PSD), o vereador Jo\u00e3o Paulo Felizardo (PR) e o presidente da C\u00e2mara dos Deputados, Rodrigo Maia (DEM), que interrompeu os trabalhos da Casa Legislativa em Bras\u00edlia na tarde desta quarta-feira para a homologa\u00e7\u00e3o do canal digital da TV C\u00e2mara.","description":"","media_type":"image","media_details":{"width":866,"height":697,"file":"2016\/12\/tv-camara-2-e1481284522170.jpeg","sizes":{"thumbnail":{"file":"tv-camara-2-e1481284522170-150x121.jpeg","width":150,"height":121,"mime-type":"image\/jpeg","source_url":"https:\/\/lavras.tv\/site\/wp-content\/uploads\/2016\/12\/tv-camara-2-e1481284522170-150x121.jpeg"},"medium":{"file":"tv-camara-2-e1481284522170-300x241.jpeg","width":300,"height":241,"mime-type":"image\/jpeg","source_url":"https:\/\/lavras.tv\/site\/wp-content\/uploads\/2016\/12\/tv-camara-2-e1481284522170-300x241.jpeg"},"large":{"file":"tv-camara-2-759x1024.jpeg","width":759,"height":1024,"mime-type":"image\/jpeg","source_url":"https:\/\/lavras.tv\/site\/wp-content\/uploads\/2016\/12\/tv-camara-2-759x1024.jpeg"},"featured-slider-img":{"file":"tv-camara-2-e1481284522170-640x480.jpeg","width":640,"height":480,"mime-type":"image\/jpeg","source_url":"https:\/\/lavras.tv\/site\/wp-content\/uploads\/2016\/12\/tv-camara-2-e1481284522170-640x480.jpeg"},"featured-post-img":{"file":"tv-camara-2-e1481284522170-480x320.jpeg","width":480,"height":320,"mime-type":"image\/jpeg","source_url":"https:\/\/lavras.tv\/site\/wp-content\/uploads\/2016\/12\/tv-camara-2-e1481284522170-480x320.jpeg"},"sow-carousel-default":{"file":"tv-camara-2-e1481284522170-272x182.jpeg","width":272,"height":182,"mime-type":"image\/jpeg","source_url":"https:\/\/lavras.tv\/site\/wp-content\/uploads\/2016\/12\/tv-camara-2-e1481284522170-272x182.jpeg"}},"image_meta":{"aperture":"0","credit":"","camera":"","caption":"","created_timestamp":"0","copyright":"","focal_length":"0","iso":"0","shutter_speed":"0","title":"","orientation":"0","keywords":[]}},"post":4739,"source_url":"https:\/\/lavras.tv\/site\/wp-content\/uploads\/2016\/12\/tv-camara-2-e1481284522170.jpeg"},"author_meta":{"display_name":"Lavras TV","author_link":"https:\/\/lavras.tv\/site\/author\/lavrastv\/"},"featured_img":"https:\/\/lavras.tv\/site\/wp-content\/uploads\/2016\/12\/tv-camara-2-e1481284522170-300x241.jpeg","coauthors":[],"tax_additional":{"categories":{"linked":["<a href=\"https:\/\/lavras.tv\/site\/category\/destaques\/\" class=\"advgb-post-tax-term\">Destaques<\/a>","<a href=\"https:\/\/lavras.tv\/site\/category\/politica\/\" class=\"advgb-post-tax-term\">Pol\u00edtica<\/a>"],"unlinked":["<span class=\"advgb-post-tax-term\">Destaques<\/span>","<span class=\"advgb-post-tax-term\">Pol\u00edtica<\/span>"]},"tags":{"linked":["<a href=\"https:\/\/lavras.tv\/site\/category\/politica\/\" class=\"advgb-post-tax-term\">C\u00e2mara dos vereadores<\/a>","<a href=\"https:\/\/lavras.tv\/site\/category\/politica\/\" class=\"advgb-post-tax-term\">Canal digital<\/a>","<a href=\"https:\/\/lavras.tv\/site\/category\/politica\/\" class=\"advgb-post-tax-term\">lavras<\/a>","<a href=\"https:\/\/lavras.tv\/site\/category\/politica\/\" class=\"advgb-post-tax-term\">TV c\u00e2mara<\/a>"],"unlinked":["<span class=\"advgb-post-tax-term\">C\u00e2mara dos vereadores<\/span>","<span class=\"advgb-post-tax-term\">Canal digital<\/span>","<span class=\"advgb-post-tax-term\">lavras<\/span>","<span class=\"advgb-post-tax-term\">TV c\u00e2mara<\/span>"]}},"comment_count":"0","relative_dates":{"created":"Publicado 9 anos atr\u00e1s","modified":"Atualizado 9 anos atr\u00e1s"},"absolute_dates":{"created":"Publicado em 9 de dezembro de 2016","modified":"Atualizado em 9 de dezembro de 2016"},"absolute_dates_time":{"created":"Publicado em 9 de dezembro de 2016 09:56","modified":"Atualizado em 9 de dezembro de 2016 09:56"},"featured_img_caption":"O deputado Diego Andrade (PSD), o vereador Jo\u00e3o Paulo Felizardo (PR) e o presidente da C\u00e2mara dos Deputados, Rodrigo Maia (DEM), que interrompeu os trabalhos da Casa Legislativa em Bras\u00edlia na tarde desta quarta-feira para a homologa\u00e7\u00e3o do canal digital da TV C\u00e2mara.","series_order":"","_links":{"self":[{"href":"https:\/\/lavras.tv\/site\/wp-json\/wp\/v2\/posts\/4739","targetHints":{"allow":["GET"]}}],"collection":[{"href":"https:\/\/lavras.tv\/site\/wp-json\/wp\/v2\/posts"}],"about":[{"href":"https:\/\/lavras.tv\/site\/wp-json\/wp\/v2\/types\/post"}],"author":[{"embeddable":true,"href":"https:\/\/lavras.tv\/site\/wp-json\/wp\/v2\/users\/2"}],"replies":[{"embeddable":true,"href":"https:\/\/lavras.tv\/site\/wp-json\/wp\/v2\/comments?post=4739"}],"version-history":[{"count":1,"href":"https:\/\/lavras.tv\/site\/wp-json\/wp\/v2\/posts\/4739\/revisions"}],"predecessor-version":[{"id":4742,"href":"https:\/\/lavras.tv\/site\/wp-json\/wp\/v2\/posts\/4739\/revisions\/4742"}],"wp:featuredmedia":[{"embeddable":true,"href":"https:\/\/lavras.tv\/site\/wp-json\/wp\/v2\/media\/4741"}],"wp:attachment":[{"href":"https:\/\/lavras.tv\/site\/wp-json\/wp\/v2\/media?parent=4739"}],"wp:term":[{"taxonomy":"category","embeddable":true,"href":"https:\/\/lavras.tv\/site\/wp-json\/wp\/v2\/categories?post=4739"},{"taxonomy":"post_tag","embeddable":true,"href":"https:\/\/lavras.tv\/site\/wp-json\/wp\/v2\/tags?post=4739"}],"curies":[{"name":"wp","href":"https:\/\/api.w.org\/{rel}","templated":true}]}}