{"id":4800,"date":"2016-12-12T10:18:58","date_gmt":"2016-12-12T12:18:58","guid":{"rendered":"http:\/\/lavras.tv\/site\/?p=4800"},"modified":"2016-12-12T10:18:58","modified_gmt":"2016-12-12T12:18:58","slug":"cruzeiro-vence-corinthians-de-virada-no-mineirao-e-garante-vaga-na-sul-americana","status":"publish","type":"post","link":"https:\/\/lavras.tv\/site\/2016\/12\/12\/cruzeiro-vence-corinthians-de-virada-no-mineirao-e-garante-vaga-na-sul-americana\/","title":{"rendered":"Cruzeiro vence Corinthians de virada no Mineir\u00e3o e garante vaga na Sul-Americana"},"content":{"rendered":"<div class=\"lavra-antes-do-conteudo_2\" id=\"lavra-229509039\"><div id=\"lavra-slider-27\" class=\"custom-slider lavra-slider-4029182648 lavra-slider\"><ul><li><div style=\"margin-left: auto;margin-right: auto;text-align: center;\" id=\"lavra-3059764283\"><a href=\"https:\/\/sistemas.lavras.mg.gov.br\/portalcidadao\/#df1b1a7c7b2a290bcb31e32771e610784662739a88807c0dacac58ede5f391a7530e299dc302d611ee73cb143fc22eaf93592e53e7b5bdb01b00a0b8d28dae460c141dd2ff83412e4dc1c31b16b25f33144a9e5620ea73b13f5bc1c59411d98439ad226e8af03840603796067d87afe130812cf3de24982d0e306f9e61e764e5\" aria-label=\"Lavras-TV&#8211;720x104px (1) (1)\"><img src=\"https:\/\/lavras.tv\/site\/wp-content\/uploads\/2025\/01\/Lavras-TV-720x104px-1-1.png\" alt=\"\"  srcset=\"https:\/\/lavras.tv\/site\/wp-content\/uploads\/2025\/01\/Lavras-TV-720x104px-1-1.png 720w, https:\/\/lavras.tv\/site\/wp-content\/uploads\/2025\/01\/Lavras-TV-720x104px-1-1-470x68.png 470w, https:\/\/lavras.tv\/site\/wp-content\/uploads\/2025\/01\/Lavras-TV-720x104px-1-1-170x25.png 170w, https:\/\/lavras.tv\/site\/wp-content\/uploads\/2025\/01\/Lavras-TV-720x104px-1-1-200x29.png 200w\" sizes=\"(max-width: 720px) 100vw, 720px\" width=\"720\" height=\"104\"  style=\"display: inline-block;\" \/><\/a><\/div><\/li><li><a href=\"https:\/\/sistemas.lavras.mg.gov.br\/portalcidadao\/#df1b1a7c7b2a290bcb31e32771e610784662739a88807c0dacac58ede5f391a7530e299dc302d611ee73cb143fc22eaf93592e53e7b5bdb01b00a0b8d28dae460c141dd2ff83412e4dc1c31b16b25f33144a9e5620ea73b13f5bc1c59411d98439ad226e8af03840603796067d87afe130812cf3de24982d0e306f9e61e764e5\" aria-label=\"Banner_Emprego_PortallavrasTV\"><img src=\"https:\/\/lavras.tv\/site\/wp-content\/uploads\/2025\/03\/Banner_Emprego_PortallavrasTV.png\" alt=\"\"  srcset=\"https:\/\/lavras.tv\/site\/wp-content\/uploads\/2025\/03\/Banner_Emprego_PortallavrasTV.png 720w, https:\/\/lavras.tv\/site\/wp-content\/uploads\/2025\/03\/Banner_Emprego_PortallavrasTV-470x68.png 470w, https:\/\/lavras.tv\/site\/wp-content\/uploads\/2025\/03\/Banner_Emprego_PortallavrasTV-170x25.png 170w, https:\/\/lavras.tv\/site\/wp-content\/uploads\/2025\/03\/Banner_Emprego_PortallavrasTV-200x29.png 200w\" sizes=\"(max-width: 720px) 100vw, 720px\" width=\"720\" height=\"104\"   \/><\/a><\/li><li><a href=\"https:\/\/sistemas.lavras.mg.gov.br\/portalcidadao\/#df1b1a7c7b2a290bcb31e32771e610784662739a88807c0dacac58ede5f391a7530e299dc302d611ee73cb143fc22eaf93592e53e7b5bdb01b00a0b8d28dae460c141dd2ff83412e4dc1c31b16b25f33144a9e5620ea73b13f5bc1c59411d98439ad226e8af03840603796067d87afe130812cf3de24982d0e306f9e61e764e5\" aria-label=\"Banner_Obras_PortallavrasTV\"><img src=\"https:\/\/lavras.tv\/site\/wp-content\/uploads\/2025\/03\/Banner_Obras_PortallavrasTV.png\" alt=\"\"  srcset=\"https:\/\/lavras.tv\/site\/wp-content\/uploads\/2025\/03\/Banner_Obras_PortallavrasTV.png 720w, https:\/\/lavras.tv\/site\/wp-content\/uploads\/2025\/03\/Banner_Obras_PortallavrasTV-470x68.png 470w, https:\/\/lavras.tv\/site\/wp-content\/uploads\/2025\/03\/Banner_Obras_PortallavrasTV-170x25.png 170w, https:\/\/lavras.tv\/site\/wp-content\/uploads\/2025\/03\/Banner_Obras_PortallavrasTV-200x29.png 200w\" sizes=\"(max-width: 720px) 100vw, 720px\" width=\"720\" height=\"104\"   \/><\/a><\/li><li><div style=\"margin-left: auto;margin-right: auto;text-align: center;\" id=\"lavra-2466508552\"><a href=\"https:\/\/sistemas.lavras.mg.gov.br\/portalcidadao\/#df1b1a7c7b2a290bcb31e32771e610784662739a88807c0dacac58ede5f391a7530e299dc302d611ee73cb143fc22eaf93592e53e7b5bdb01b00a0b8d28dae460c141dd2ff83412e4dc1c31b16b25f33144a9e5620ea73b13f5bc1c59411d98439ad226e8af03840603796067d87afe130812cf3de24982d0e306f9e61e764e5\" aria-label=\"Banner_Educa\u00e7\u00e3o_PortallavrasTV\"><img src=\"https:\/\/lavras.tv\/site\/wp-content\/uploads\/2025\/01\/Banner_Educacao_PortallavrasTV.png\" alt=\"\"  srcset=\"https:\/\/lavras.tv\/site\/wp-content\/uploads\/2025\/01\/Banner_Educacao_PortallavrasTV.png 720w, https:\/\/lavras.tv\/site\/wp-content\/uploads\/2025\/01\/Banner_Educacao_PortallavrasTV-470x68.png 470w, https:\/\/lavras.tv\/site\/wp-content\/uploads\/2025\/01\/Banner_Educacao_PortallavrasTV-170x25.png 170w, https:\/\/lavras.tv\/site\/wp-content\/uploads\/2025\/01\/Banner_Educacao_PortallavrasTV-200x29.png 200w\" sizes=\"(max-width: 720px) 100vw, 720px\" width=\"720\" height=\"104\"  style=\"display: inline-block;\" \/><\/a><\/div><\/li><li><a href=\"https:\/\/sistemas.lavras.mg.gov.br\/portalcidadao\/#df1b1a7c7b2a290bcb31e32771e610784662739a88807c0dacac58ede5f391a7530e299dc302d611ee73cb143fc22eaf93592e53e7b5bdb01b00a0b8d28dae460c141dd2ff83412e4dc1c31b16b25f33144a9e5620ea73b13f5bc1c59411d98439ad226e8af03840603796067d87afe130812cf3de24982d0e306f9e61e764e5\" aria-label=\"Banner_Sa\u00fade_PortallavrasTV\"><img src=\"https:\/\/lavras.tv\/site\/wp-content\/uploads\/2025\/03\/Banner_Saude_PortallavrasTV.png\" alt=\"\"  srcset=\"https:\/\/lavras.tv\/site\/wp-content\/uploads\/2025\/03\/Banner_Saude_PortallavrasTV.png 720w, https:\/\/lavras.tv\/site\/wp-content\/uploads\/2025\/03\/Banner_Saude_PortallavrasTV-470x68.png 470w, https:\/\/lavras.tv\/site\/wp-content\/uploads\/2025\/03\/Banner_Saude_PortallavrasTV-170x25.png 170w, https:\/\/lavras.tv\/site\/wp-content\/uploads\/2025\/03\/Banner_Saude_PortallavrasTV-200x29.png 200w\" sizes=\"(max-width: 720px) 100vw, 720px\" width=\"720\" height=\"104\"   \/><\/a><\/li><li><div id=\"lavra-3132679748\" style=\"width:720px;height:104px;background-color:#ddd;overflow:scroll;\">\n\t<strong>Sa\u00edda da depura\u00e7\u00e3o de an\u00fancios<\/strong>\n\t<br><br>\n\tO an\u00fancio n\u00e3o \u00e9 exibido na p\u00e1gina<br><br>post atual: Cruzeiro vence Corinthians de virada no Mineir\u00e3o e garante vaga na Sul-Americana, ID: 4800<br><br><span style=\"color: red;\">O post atual n\u00e3o \u00e9 id\u00eantico ao post principal.<\/span><br><br>An\u00fancios: ROXO - TOPO INTERNA - ROTATIVO 2 (197)<br \/>Grupo de an\u00fancios: Princ_Meio01_720x104 (27)<br><br>Condi\u00e7\u00f5es de exibi\u00e7\u00e3o<div style=\"margin-bottom: 20px; white-space: pre-wrap; font-family: monospace; width: 100%; background: #ffe9e9;\"><strong>condi\u00e7\u00f5es gerais<\/strong><table border=\"1\"><thead><tr><th><\/th><th>An\u00fancios<\/th><th>wp_the_query<\/th><\/tr><\/thead><tr><td>is_main_query<\/td><td>1<\/td><td>1<\/td><\/tr><tr><td>is_rest_api<\/td><td>0<\/td><td>1<\/td><\/tr><tr><td>page<\/td><td>0<\/td><td>1<\/td><\/tr><tr><td>numpages<\/td><td>0<\/td><td>1<\/td><\/tr><tr><td>is_archive<\/td><td>1<\/td><td><\/td><\/tr><tr><td>is_search<\/td><td>1<\/td><td><\/td><\/tr><tr><td>is_home<\/td><td>1<\/td><td><\/td><\/tr><tr><td>is_404<\/td><td>1<\/td><td><\/td><\/tr><tr><td>is_attachment<\/td><td>1<\/td><td><\/td><\/tr><tr><td>is_singular<\/td><td>1<\/td><td><\/td><\/tr><tr><td>is_front_page<\/td><td>1<\/td><td><\/td><\/tr><tr><td>is_feed<\/td><td>1<\/td><td><\/td><\/tr><\/table><\/div><br><br><span style=\"color: red;\">Seu site usa HTTPS, mas o c\u00f3digo do an\u00fancio cont\u00e9m HTTP e pode n\u00e3o funcionar.<\/span>\t<br><br>\n\t<a style=\"color: green;\" href=\"https:\/\/wpadvancedads.com\/manual\/ad-debug-mode\/?utm_source=advanced-ads&utm_medium=link&utm_campaign=ad-debug-mode\" target=\"_blank\" rel=\"nofollow\">Encontre solu\u00e7\u00f5es no manual<\/a>\n<\/div>\n<\/li><\/ul><\/div><script>( window.advanced_ads_ready || jQuery( document ).ready ).call( null, function() {var $lavraslider4029182648 = jQuery( \".lavra-slider-4029182648\" );$lavraslider4029182648.on( \"unslider.ready\", function() { jQuery( \"div.custom-slider ul li\" ).css( \"display\", \"block\" ); });$lavraslider4029182648.unslider({ delay:4000, autoplay:true, nav:false, arrows:false, infinite:true });$lavraslider4029182648.on(\"mouseover\", function() {$lavraslider4029182648.unslider(\"stop\");}).on(\"mouseout\", function() {$lavraslider4029182648.unslider(\"start\");});});<\/script><\/div><p>Em dia de homenagens \u00e0s v\u00edtimas da trag\u00e9dia a\u00e9rea da Chapecoense, o Cruzeiro fez sua parte fora de campo e prestou tributo ao clube catarinense, neste domingo, no Mineir\u00e3o. Utilizando o uniforme com a frase \u2018#For\u00e7aChape\u2019 e o escudo da Chape, a equipe celeste enfrentou o Corinthians e venceu por 3 a 2, de virada, pela \u00faltima rodada do Campeonato Brasileiro.<\/p>\n<p><img fetchpriority=\"high\" decoding=\"async\" class=\"size-full wp-image-4801 aligncenter\" src=\"http:\/\/lavras.tv\/site\/wp-content\/uploads\/2016\/12\/cruzeiro.jpg\" alt=\"cruzeiro\" width=\"600\" height=\"370\" srcset=\"https:\/\/lavras.tv\/site\/wp-content\/uploads\/2016\/12\/cruzeiro.jpg 600w, https:\/\/lavras.tv\/site\/wp-content\/uploads\/2016\/12\/cruzeiro-150x93.jpg 150w, https:\/\/lavras.tv\/site\/wp-content\/uploads\/2016\/12\/cruzeiro-300x185.jpg 300w\" sizes=\"(max-width: 600px) 100vw, 600px\" \/><\/p>\n<p>A partida marcou a despedida da Raposa da temporada 2016. Arrascaeta, Ezequiel e Robinho marcaram para a equipe celeste, enquanto os ex-cruzeirenses Guilherme e Marlone descontaram para o Tim\u00e3o.<\/p>\n<p>Com o resultado, o Cruzeiro terminou o Brasileir\u00e3o na 12\u00aa posi\u00e7\u00e3o, com 51 pontos, e garantiu a classifica\u00e7\u00e3o para a Copa Sul-Americana do ano que vem. De quebra, o time estrelado tirou as chances do Corinthians de disputar a Copa Libertadores de 2017. A equipe paulista estacionou nos 55 pontos e ficou na s\u00e9tima coloca\u00e7\u00e3o.<\/p>\n<p>Ap\u00f3s a partida, os jogadores do Cruzeiro ser\u00e3o liberados e entram de f\u00e9rias. A reapresenta\u00e7\u00e3o do elenco celeste est\u00e1 marcada para o dia 9 de janeiro de 2017.<\/p>\n<p><strong>O jogo<\/strong><\/p>\n<p>Antes de a bola rolar no Mineir\u00e3o, os jogadores de Cruzeiro e Corinthians se juntaram a jornalistas no centro do gramado para um minuto de sil\u00eancio.<\/p>\n<p>Ap\u00f3s as homenagens, a bola rolou e o Cruzeiro abriu o placar aos cinco minutos, mas o auxiliar anulou o gol de Arrascaeta, que foi legal. O uruguaio estava na mesma linha do pen\u00faltimo defensor do Corinthians ap\u00f3s chut\u00e3o de Manoel. Na sequ\u00eancia, o time paulista pulou na frente no marcador. Ap\u00f3s cobran\u00e7a de escanteio, Guilherme apareceu na segunda trave para desviar para as redes.<\/p>\n<p>Mas apesar de sofrer o gol, a equipe celeste era melhor em campo e chegou a carimbar o travess\u00e3o com Rafael Sobis. A boa atua\u00e7\u00e3o da Raposa foi premiada aos 23 minutos. Em boa trama do ataque azul, Sobis dominou no peito, tocou para Robinho, que ajeitou para Arrascaeta. O uruguaio pegou de primeira para estufar as redes. Gola\u00e7o!!<\/p>\n<p>O empate fazia jus \u00e0 atua\u00e7\u00e3o do Cruzeiro, que continuou pressionando, mas virou o primeiro tempo em 1 a 1.<\/p>\n<p>Na etapa final, quando o Cruzeiro ainda seguia em busca da virada, o Corinthians chegou ao segundo gol em r\u00e1pido ataque pelo lado esquerdo da defesa celeste. Rodriguinho foi \u00e0 linha de fundo e cruzou para Marlone cabecear no cantinho de Rafael, aos nove minutos.<\/p>\n<p>Novamente, o Cruzeiro n\u00e3o se abateu com o gol sofrido e buscou o empate e a virada em apenas quatro minutos. Aos 11, Robinho levantou na \u00e1rea e Ezequiel pegou de primeira para deixar tudo igual no Mineir\u00e3o. O terceiro da Raposa veio aos 13 para coroar a boa partida de Robinho. O meio-campista recebeu de Alisson na \u00e1rea, cortou o marcador e bateu para o fundo das redes: 3 a 2 Raposa.<\/p>\n<p><strong>Cruzeiro 3 x 2 Corinthians<\/strong><\/p>\n<p><strong>Cruzeiro:<\/strong> Rafael; Ezequiel, Manoel, L\u00e9o e Edimar; Henrique, Ariel Cabral e Robinho; Alisson (Rafinha), Arrascaeta (Willian) e Rafael Sobis (Marcos Vin\u00edcius). T\u00e9cnico: Mano Menezes<\/p>\n<p><strong>Corinthians:<\/strong> Walter; Fagner, Vilson, Balbuena e Uendel (L\u00e9o Jab\u00e1); Cristian, Camacho (Guilherme Arana), Marlone, Romero (Giovanni Augusto), Rodriguinho; Guilherme. T\u00e9cnico: Oswaldo de Oliveira<\/p>\n<p><strong>Motivo:<\/strong> 38\u00aa rodada do Campeonato Brasileiro<\/p>\n<p><strong>Data e hor\u00e1rio:<\/strong> 11 de dezembro de 2016, domingo, \u00e0s 17h<\/p>\n<p><strong>Local:<\/strong> Mineir\u00e3o, em Belo Horizonte (MG)<\/p>\n<p><strong>Gols:<\/strong> Guilherme (7min\/1\u00baT), Arrascaeta (23min\/1\u00baT), Marlone (9min\/2\u00baT), Ezequiel (12min\/2\u00baT), Robinho (14min\/2\u00baT)<\/p>\n<p><strong>Cart\u00e3o Amarelo:<\/strong> Edimar, Ezequiel (Cruzeiro); Vilson, Balbuena, Guilherme, Guilherme Arana (Corinthians)<\/p>\n<p><strong>\u00c1rbitro:<\/strong> Wagner Reway (Aspirante \u00e0 Fifa\/MT)<\/p>\n<p><strong>Auxiliares:<\/strong> F\u00e1bio Rodrigo Rubinho (Aspirante \u00e0 Fifa\/MT) e Leandro dos Santos Ruberdo (Aspirante \u00e0 Fifa\/MS)<\/p>\n<p>Fonte: Itatiaia<\/p>\n","protected":false},"excerpt":{"rendered":"<p>Em dia de homenagens \u00e0s v\u00edtimas da trag\u00e9dia a\u00e9rea da Chapecoense, o Cruzeiro fez sua parte fora de campo e prestou tributo ao clube catarinense, neste domingo, no Mineir\u00e3o. Utilizando o uniforme com a frase \u2018#For\u00e7aChape\u2019 e o escudo da Chape, a equipe celeste enfrentou o Corinthians e venceu por 3 a 2, de virada, [&hellip;]<\/p>\n","protected":false},"author":2,"featured_media":4801,"comment_status":"closed","ping_status":"open","sticky":false,"template":"","format":"standard","meta":{"advgb_blocks_editor_width":"","advgb_blocks_columns_visual_guide":"","_exactmetrics_skip_tracking":false,"_exactmetrics_sitenote_active":false,"_exactmetrics_sitenote_note":"","_exactmetrics_sitenote_category":0,"footnotes":""},"categories":[3],"tags":[908,750,1641,1036],"class_list":["post-4800","post","type-post","status-publish","format-standard","has-post-thumbnail","hentry","category-esportes","tag-cruzeiro","tag-esportes","tag-federacao-mineira-de-futebol","tag-futebol"],"better_featured_image":{"id":4801,"alt_text":"","caption":"","description":"","media_type":"image","media_details":{"width":600,"height":370,"file":"2016\/12\/cruzeiro.jpg","sizes":{"thumbnail":{"file":"cruzeiro-150x93.jpg","width":150,"height":93,"mime-type":"image\/jpeg","source_url":"https:\/\/lavras.tv\/site\/wp-content\/uploads\/2016\/12\/cruzeiro-150x93.jpg"},"medium":{"file":"cruzeiro-300x185.jpg","width":300,"height":185,"mime-type":"image\/jpeg","source_url":"https:\/\/lavras.tv\/site\/wp-content\/uploads\/2016\/12\/cruzeiro-300x185.jpg"},"featured-post-img":{"file":"cruzeiro-480x320.jpg","width":480,"height":320,"mime-type":"image\/jpeg","source_url":"https:\/\/lavras.tv\/site\/wp-content\/uploads\/2016\/12\/cruzeiro-480x320.jpg"},"sow-carousel-default":{"file":"cruzeiro-272x182.jpg","width":272,"height":182,"mime-type":"image\/jpeg","source_url":"https:\/\/lavras.tv\/site\/wp-content\/uploads\/2016\/12\/cruzeiro-272x182.jpg"}},"image_meta":{"aperture":"4","credit":"Marcello zambrana\/Light Press\/Cr","camera":"Canon EOS-1D Mark IV","caption":"BELO HORIZONTE \/ BRASIL (11.12.2016) jogo entre Cruzeiro e Corinthians, pela 38\u00aa rodada do Campeonato Brasileiro, no Mineir\u00e3o, em Belo Horizonte.\r\u00a9 Gualter Naves\/Light Press\/Cruzeiro","created_timestamp":"1481487963","copyright":"Light Press - Todos os direitos reservados.","focal_length":"400","iso":"1250","shutter_speed":"0.000625","title":"","orientation":"1","keywords":[]}},"post":4800,"source_url":"https:\/\/lavras.tv\/site\/wp-content\/uploads\/2016\/12\/cruzeiro.jpg"},"author_meta":{"display_name":"Lavras TV","author_link":"https:\/\/lavras.tv\/site\/author\/lavrastv\/"},"featured_img":"https:\/\/lavras.tv\/site\/wp-content\/uploads\/2016\/12\/cruzeiro-300x185.jpg","coauthors":[],"tax_additional":{"categories":{"linked":["<a href=\"https:\/\/lavras.tv\/site\/category\/esportes\/\" class=\"advgb-post-tax-term\">Esportes<\/a>"],"unlinked":["<span class=\"advgb-post-tax-term\">Esportes<\/span>"]},"tags":{"linked":["<a href=\"https:\/\/lavras.tv\/site\/category\/esportes\/\" class=\"advgb-post-tax-term\">cruzeiro<\/a>","<a href=\"https:\/\/lavras.tv\/site\/category\/esportes\/\" class=\"advgb-post-tax-term\">esportes<\/a>","<a href=\"https:\/\/lavras.tv\/site\/category\/esportes\/\" class=\"advgb-post-tax-term\">federa\u00e7\u00e3o mineira de futebol<\/a>","<a href=\"https:\/\/lavras.tv\/site\/category\/esportes\/\" class=\"advgb-post-tax-term\">futebol<\/a>"],"unlinked":["<span class=\"advgb-post-tax-term\">cruzeiro<\/span>","<span class=\"advgb-post-tax-term\">esportes<\/span>","<span class=\"advgb-post-tax-term\">federa\u00e7\u00e3o mineira de futebol<\/span>","<span class=\"advgb-post-tax-term\">futebol<\/span>"]}},"comment_count":"0","relative_dates":{"created":"Publicado 9 anos atr\u00e1s","modified":"Atualizado 9 anos atr\u00e1s"},"absolute_dates":{"created":"Publicado em 12 de dezembro de 2016","modified":"Atualizado em 12 de dezembro de 2016"},"absolute_dates_time":{"created":"Publicado em 12 de dezembro de 2016 10:18","modified":"Atualizado em 12 de dezembro de 2016 10:18"},"featured_img_caption":"","series_order":"","_links":{"self":[{"href":"https:\/\/lavras.tv\/site\/wp-json\/wp\/v2\/posts\/4800","targetHints":{"allow":["GET"]}}],"collection":[{"href":"https:\/\/lavras.tv\/site\/wp-json\/wp\/v2\/posts"}],"about":[{"href":"https:\/\/lavras.tv\/site\/wp-json\/wp\/v2\/types\/post"}],"author":[{"embeddable":true,"href":"https:\/\/lavras.tv\/site\/wp-json\/wp\/v2\/users\/2"}],"replies":[{"embeddable":true,"href":"https:\/\/lavras.tv\/site\/wp-json\/wp\/v2\/comments?post=4800"}],"version-history":[{"count":1,"href":"https:\/\/lavras.tv\/site\/wp-json\/wp\/v2\/posts\/4800\/revisions"}],"predecessor-version":[{"id":4802,"href":"https:\/\/lavras.tv\/site\/wp-json\/wp\/v2\/posts\/4800\/revisions\/4802"}],"wp:featuredmedia":[{"embeddable":true,"href":"https:\/\/lavras.tv\/site\/wp-json\/wp\/v2\/media\/4801"}],"wp:attachment":[{"href":"https:\/\/lavras.tv\/site\/wp-json\/wp\/v2\/media?parent=4800"}],"wp:term":[{"taxonomy":"category","embeddable":true,"href":"https:\/\/lavras.tv\/site\/wp-json\/wp\/v2\/categories?post=4800"},{"taxonomy":"post_tag","embeddable":true,"href":"https:\/\/lavras.tv\/site\/wp-json\/wp\/v2\/tags?post=4800"}],"curies":[{"name":"wp","href":"https:\/\/api.w.org\/{rel}","templated":true}]}}