{"id":4839,"date":"2016-12-13T10:18:26","date_gmt":"2016-12-13T12:18:26","guid":{"rendered":"http:\/\/lavras.tv\/site\/?p=4839"},"modified":"2016-12-13T10:18:26","modified_gmt":"2016-12-13T12:18:26","slug":"premiado-51-vezes-atletico-dispara-na-vice-lideranca-geral-do-premio-bola-de-prata","status":"publish","type":"post","link":"https:\/\/lavras.tv\/site\/2016\/12\/13\/premiado-51-vezes-atletico-dispara-na-vice-lideranca-geral-do-premio-bola-de-prata\/","title":{"rendered":"Premiado 51 vezes, Atl\u00e9tico dispara na vice-lideran\u00e7a geral do Pr\u00eamio Bola de Prata"},"content":{"rendered":"<div class=\"lavra-antes-do-conteudo_2\" id=\"lavra-3905277879\"><div id=\"lavra-slider-27\" class=\"custom-slider lavra-slider-2583343289 lavra-slider\"><ul><li><div style=\"margin-left: auto;margin-right: auto;text-align: center;\" id=\"lavra-1687613569\"><a href=\"https:\/\/sistemas.lavras.mg.gov.br\/portalcidadao\/#df1b1a7c7b2a290bcb31e32771e610784662739a88807c0dacac58ede5f391a7530e299dc302d611ee73cb143fc22eaf93592e53e7b5bdb01b00a0b8d28dae460c141dd2ff83412e4dc1c31b16b25f33144a9e5620ea73b13f5bc1c59411d98439ad226e8af03840603796067d87afe130812cf3de24982d0e306f9e61e764e5\" aria-label=\"Lavras-TV&#8211;720x104px (1) (1)\"><img src=\"https:\/\/lavras.tv\/site\/wp-content\/uploads\/2025\/01\/Lavras-TV-720x104px-1-1.png\" alt=\"\"  srcset=\"https:\/\/lavras.tv\/site\/wp-content\/uploads\/2025\/01\/Lavras-TV-720x104px-1-1.png 720w, https:\/\/lavras.tv\/site\/wp-content\/uploads\/2025\/01\/Lavras-TV-720x104px-1-1-470x68.png 470w, https:\/\/lavras.tv\/site\/wp-content\/uploads\/2025\/01\/Lavras-TV-720x104px-1-1-170x25.png 170w, https:\/\/lavras.tv\/site\/wp-content\/uploads\/2025\/01\/Lavras-TV-720x104px-1-1-200x29.png 200w\" sizes=\"(max-width: 720px) 100vw, 720px\" width=\"720\" height=\"104\"  style=\"display: inline-block;\" \/><\/a><\/div><\/li><li><a href=\"https:\/\/sistemas.lavras.mg.gov.br\/portalcidadao\/#df1b1a7c7b2a290bcb31e32771e610784662739a88807c0dacac58ede5f391a7530e299dc302d611ee73cb143fc22eaf93592e53e7b5bdb01b00a0b8d28dae460c141dd2ff83412e4dc1c31b16b25f33144a9e5620ea73b13f5bc1c59411d98439ad226e8af03840603796067d87afe130812cf3de24982d0e306f9e61e764e5\" aria-label=\"Banner_Emprego_PortallavrasTV\"><img src=\"https:\/\/lavras.tv\/site\/wp-content\/uploads\/2025\/03\/Banner_Emprego_PortallavrasTV.png\" alt=\"\"  srcset=\"https:\/\/lavras.tv\/site\/wp-content\/uploads\/2025\/03\/Banner_Emprego_PortallavrasTV.png 720w, https:\/\/lavras.tv\/site\/wp-content\/uploads\/2025\/03\/Banner_Emprego_PortallavrasTV-470x68.png 470w, https:\/\/lavras.tv\/site\/wp-content\/uploads\/2025\/03\/Banner_Emprego_PortallavrasTV-170x25.png 170w, https:\/\/lavras.tv\/site\/wp-content\/uploads\/2025\/03\/Banner_Emprego_PortallavrasTV-200x29.png 200w\" sizes=\"(max-width: 720px) 100vw, 720px\" width=\"720\" height=\"104\"   \/><\/a><\/li><li><a href=\"https:\/\/sistemas.lavras.mg.gov.br\/portalcidadao\/#df1b1a7c7b2a290bcb31e32771e610784662739a88807c0dacac58ede5f391a7530e299dc302d611ee73cb143fc22eaf93592e53e7b5bdb01b00a0b8d28dae460c141dd2ff83412e4dc1c31b16b25f33144a9e5620ea73b13f5bc1c59411d98439ad226e8af03840603796067d87afe130812cf3de24982d0e306f9e61e764e5\" aria-label=\"Banner_Obras_PortallavrasTV\"><img src=\"https:\/\/lavras.tv\/site\/wp-content\/uploads\/2025\/03\/Banner_Obras_PortallavrasTV.png\" alt=\"\"  srcset=\"https:\/\/lavras.tv\/site\/wp-content\/uploads\/2025\/03\/Banner_Obras_PortallavrasTV.png 720w, https:\/\/lavras.tv\/site\/wp-content\/uploads\/2025\/03\/Banner_Obras_PortallavrasTV-470x68.png 470w, https:\/\/lavras.tv\/site\/wp-content\/uploads\/2025\/03\/Banner_Obras_PortallavrasTV-170x25.png 170w, https:\/\/lavras.tv\/site\/wp-content\/uploads\/2025\/03\/Banner_Obras_PortallavrasTV-200x29.png 200w\" sizes=\"(max-width: 720px) 100vw, 720px\" width=\"720\" height=\"104\"   \/><\/a><\/li><li><div style=\"margin-left: auto;margin-right: auto;text-align: center;\" id=\"lavra-2115725585\"><a href=\"https:\/\/sistemas.lavras.mg.gov.br\/portalcidadao\/#df1b1a7c7b2a290bcb31e32771e610784662739a88807c0dacac58ede5f391a7530e299dc302d611ee73cb143fc22eaf93592e53e7b5bdb01b00a0b8d28dae460c141dd2ff83412e4dc1c31b16b25f33144a9e5620ea73b13f5bc1c59411d98439ad226e8af03840603796067d87afe130812cf3de24982d0e306f9e61e764e5\" aria-label=\"Banner_Educa\u00e7\u00e3o_PortallavrasTV\"><img src=\"https:\/\/lavras.tv\/site\/wp-content\/uploads\/2025\/01\/Banner_Educacao_PortallavrasTV.png\" alt=\"\"  srcset=\"https:\/\/lavras.tv\/site\/wp-content\/uploads\/2025\/01\/Banner_Educacao_PortallavrasTV.png 720w, https:\/\/lavras.tv\/site\/wp-content\/uploads\/2025\/01\/Banner_Educacao_PortallavrasTV-470x68.png 470w, https:\/\/lavras.tv\/site\/wp-content\/uploads\/2025\/01\/Banner_Educacao_PortallavrasTV-170x25.png 170w, https:\/\/lavras.tv\/site\/wp-content\/uploads\/2025\/01\/Banner_Educacao_PortallavrasTV-200x29.png 200w\" sizes=\"(max-width: 720px) 100vw, 720px\" width=\"720\" height=\"104\"  style=\"display: inline-block;\" \/><\/a><\/div><\/li><li><a href=\"https:\/\/sistemas.lavras.mg.gov.br\/portalcidadao\/#df1b1a7c7b2a290bcb31e32771e610784662739a88807c0dacac58ede5f391a7530e299dc302d611ee73cb143fc22eaf93592e53e7b5bdb01b00a0b8d28dae460c141dd2ff83412e4dc1c31b16b25f33144a9e5620ea73b13f5bc1c59411d98439ad226e8af03840603796067d87afe130812cf3de24982d0e306f9e61e764e5\" aria-label=\"Banner_Sa\u00fade_PortallavrasTV\"><img src=\"https:\/\/lavras.tv\/site\/wp-content\/uploads\/2025\/03\/Banner_Saude_PortallavrasTV.png\" alt=\"\"  srcset=\"https:\/\/lavras.tv\/site\/wp-content\/uploads\/2025\/03\/Banner_Saude_PortallavrasTV.png 720w, https:\/\/lavras.tv\/site\/wp-content\/uploads\/2025\/03\/Banner_Saude_PortallavrasTV-470x68.png 470w, https:\/\/lavras.tv\/site\/wp-content\/uploads\/2025\/03\/Banner_Saude_PortallavrasTV-170x25.png 170w, https:\/\/lavras.tv\/site\/wp-content\/uploads\/2025\/03\/Banner_Saude_PortallavrasTV-200x29.png 200w\" sizes=\"(max-width: 720px) 100vw, 720px\" width=\"720\" height=\"104\"   \/><\/a><\/li><li><div id=\"lavra-1581195033\" style=\"width:720px;height:104px;background-color:#ddd;overflow:scroll;\">\n\t<strong>Sa\u00edda da depura\u00e7\u00e3o de an\u00fancios<\/strong>\n\t<br><br>\n\tO an\u00fancio n\u00e3o \u00e9 exibido na p\u00e1gina<br><br>post atual: Premiado 51 vezes, Atl\u00e9tico dispara na vice-lideran\u00e7a geral do Pr\u00eamio Bola de Prata, ID: 4839<br><br><span style=\"color: red;\">O post atual n\u00e3o \u00e9 id\u00eantico ao post principal.<\/span><br><br>An\u00fancios: ROXO - TOPO INTERNA - ROTATIVO 2 (197)<br \/>Grupo de an\u00fancios: Princ_Meio01_720x104 (27)<br><br>Condi\u00e7\u00f5es de exibi\u00e7\u00e3o<div style=\"margin-bottom: 20px; white-space: pre-wrap; font-family: monospace; width: 100%; background: #ffe9e9;\"><strong>condi\u00e7\u00f5es gerais<\/strong><table border=\"1\"><thead><tr><th><\/th><th>An\u00fancios<\/th><th>wp_the_query<\/th><\/tr><\/thead><tr><td>is_main_query<\/td><td>1<\/td><td>1<\/td><\/tr><tr><td>is_rest_api<\/td><td>0<\/td><td>1<\/td><\/tr><tr><td>page<\/td><td>0<\/td><td>1<\/td><\/tr><tr><td>numpages<\/td><td>0<\/td><td>1<\/td><\/tr><tr><td>is_archive<\/td><td>1<\/td><td><\/td><\/tr><tr><td>is_search<\/td><td>1<\/td><td><\/td><\/tr><tr><td>is_home<\/td><td>1<\/td><td><\/td><\/tr><tr><td>is_404<\/td><td>1<\/td><td><\/td><\/tr><tr><td>is_attachment<\/td><td>1<\/td><td><\/td><\/tr><tr><td>is_singular<\/td><td>1<\/td><td><\/td><\/tr><tr><td>is_front_page<\/td><td>1<\/td><td><\/td><\/tr><tr><td>is_feed<\/td><td>1<\/td><td><\/td><\/tr><\/table><\/div><br><br><span style=\"color: red;\">Seu site usa HTTPS, mas o c\u00f3digo do an\u00fancio cont\u00e9m HTTP e pode n\u00e3o funcionar.<\/span>\t<br><br>\n\t<a style=\"color: green;\" href=\"https:\/\/wpadvancedads.com\/manual\/ad-debug-mode\/?utm_source=advanced-ads&utm_medium=link&utm_campaign=ad-debug-mode\" target=\"_blank\" rel=\"nofollow\">Encontre solu\u00e7\u00f5es no manual<\/a>\n<\/div>\n<\/li><\/ul><\/div><script>( window.advanced_ads_ready || jQuery( document ).ready ).call( null, function() {var $lavraslider2583343289 = jQuery( \".lavra-slider-2583343289\" );$lavraslider2583343289.on( \"unslider.ready\", function() { jQuery( \"div.custom-slider ul li\" ).css( \"display\", \"block\" ); });$lavraslider2583343289.unslider({ delay:4000, autoplay:true, nav:false, arrows:false, infinite:true });$lavraslider2583343289.on(\"mouseover\", function() {$lavraslider2583343289.unslider(\"stop\");}).on(\"mouseout\", function() {$lavraslider2583343289.unslider(\"start\");});});<\/script><\/div><p>A Revista Placar criou o trof\u00e9u mais prestigiado do Campeonato Brasileiro em 1970. J\u00e1 de cara, o Atl\u00e9tico conquistou dois trof\u00e9us na Sele\u00e7\u00e3o do torneio. Humberto Ramos e Vaguinho foram os primeiros alvinegros agraciados quando ainda se disputava a Ta\u00e7a de Prata. Nesta segunda-feira (12), a premia\u00e7\u00e3o de 2016, que agora leva o nome dos parceiros ESPN e SportingBet, escolheu Fabio Santos para a lateral-esquerda e Robinho para o ataque. Al\u00e9m disso, Fred tamb\u00e9m foi um dos tr\u00eas agraciados como artilheiro.<\/p>\n<p><img fetchpriority=\"high\" decoding=\"async\" class=\"size-full wp-image-4840 aligncenter\" src=\"http:\/\/lavras.tv\/site\/wp-content\/uploads\/2016\/12\/galo-2.jpg\" alt=\"galo\" width=\"653\" height=\"490\" srcset=\"https:\/\/lavras.tv\/site\/wp-content\/uploads\/2016\/12\/galo-2.jpg 653w, https:\/\/lavras.tv\/site\/wp-content\/uploads\/2016\/12\/galo-2-150x113.jpg 150w, https:\/\/lavras.tv\/site\/wp-content\/uploads\/2016\/12\/galo-2-300x225.jpg 300w, https:\/\/lavras.tv\/site\/wp-content\/uploads\/2016\/12\/galo-2-640x480.jpg 640w\" sizes=\"(max-width: 653px) 100vw, 653px\" \/><\/p>\n<p>Com mais tr\u00eas &#8220;Bolas de Prata&#8221; no bolso, o Atl\u00e9tico disparou como o segundo time que mais foi nomeado pela premia\u00e7\u00e3o, s\u00f3 atr\u00e1s de S\u00e3o Paulo, que n\u00e3o foi escolhido para nenhuma categoria na edi\u00e7\u00e3o deste ano. Contabilizando as Bolas de Prata (para os melhores de cada posi\u00e7\u00e3o), a Bola de Ouro (o melhor do Campeonato) e a Chuteira de Ouro (artilheiro), as tr\u00eas categorias que tiveram continuidade desde 1970, o Galo tem um total de 51 trof\u00e9us, contra 63 do S\u00e3o Paulo.<\/p>\n<p>O clube mineiro teve jogadores escolhidos na vota\u00e7\u00e3o pelo quinto ano consecutivo, um recorde do Atl\u00e9tico, que vive o momento mais competitivo da sua hist\u00f3ria. Fred foi eleito pela quinta vez como artilheiro do Brasileir\u00e3o atuando pelo Atl\u00e9tico. Assim como Renaldo em 1996, o camisa 99 teve que dividir o posto, desta vez com William Pottker (Ponte) e Diego Souza (Sport).<\/p>\n<p>Se antes era Marcos Rocha que dominava a lateral-direita, o Galo agora elege pelo segundo ano consecutivo o lateral-esquerdo da Sele\u00e7\u00e3o. Primeiro com Douglas Santos, em 2015, agora com Fabio Santos.<\/p>\n<p>O atacante Robinho, maior artilheiro da temporada e vencedor da chuteira de ouro com 25 gols marcados, tamb\u00e9m venceu a Bola de Prata novamente. Ele j\u00e1 havia sido dono do trof\u00e9u em 2002 e 2004 (ano em que tamb\u00e9m foi o Bola de Ouro).<\/p>\n<p>O recorde no Atl\u00e9tico, entretanto, \u00e9 de Toninho Cerezo. \u00danico alvinegro que j\u00e1 venceu duas Bolas de Ouro, al\u00e9m de tr\u00eas de Prata, totalizando cinco trof\u00e9us. No ranking geral, Cerezo s\u00f3 perde para Zico, Rog\u00e9rio Ceni, J\u00fanior, Renato Ga\u00facho e T\u00falio Maravilha.<\/p>\n<p>Vale lembrar que o Galo tamb\u00e9m foi agraciado com a Bola de Prata revela\u00e7\u00e3o, em 2012, quando Bernard venceu a categoria. Entretanto, este pr\u00eamio s\u00f3 foi concedido em 2012 e em 2015 (Gabigol venceu, pelo Santos). O S\u00e3o Paulo, l\u00edder absoluto, tamb\u00e9m tem uma Bola de Prata especial (&#8220;Pelo conjunto da obra&#8221;), dado ao ex-goleiro e agora treinador Rog\u00e9rio Ceni, em 2015.<\/p>\n<div class=\"imageWrap w300\">\n<div class=\"image align-left\">\n<div class=\"byline\">Reprodu\u00e7\u00e3o\/ESPN Brasil \/ N\/A<\/div>\n<p><img decoding=\"async\" class=\"alignleft\" title=\"Cr\u00e9ditos: Reprodu\u00e7\u00e3o\/ESPN Brasil\" src=\"http:\/\/hojeemdia.com.br\/polopoly_fs\/1.433735!\/image\/image.jpg_gen\/derivatives\/landscape_300\/image.jpg\" alt=\"Robinho e sua terceira Bola de Prata como um dos melhores atacantes do Brasileir\u00e3o\" \/><\/p>\n<div class=\"subtitle\">\n<p>Robinho e sua terceira Bola de Prata como um dos<br \/>\nmelhores atacantes do Brasileir\u00e3o<\/p>\n<\/div>\n<\/div>\n<\/div>\n<p><u><strong>Bolas de Prata do Atl\u00e9tico<\/strong><\/u><br \/>\n1970 (2): Humberto Ramos (lateral-direito) e Vaguinho (atacante)<br \/>\n1971 (3): Humberto Ramos (lateral-direito), Vantuir (zagueiro) e Vanderlei (volante)<br \/>\n1976 (2): Toninho Cerezo (volante) e Paulo Isidoro (meia)<br \/>\n1977 (2): Toninho Cerezo (volante) e Reinaldo (atacante)<br \/>\n1979 (2): Jo\u00e3o Leite (goleiro) e Osmar Guarnelli (zagueiro)<br \/>\n1980 (2): Luisinho (zagueiro) e Toninho Cerezo (volante)<br \/>\n1983 (3): Nelinho (lateral-direiro), \u00c9der (ponta-esquerda) e Reinaldo (atacante)<br \/>\n1986 (1): S\u00e9rgio Ara\u00fajo (ponta-direita)<br \/>\n1987 (2): Luisinho (zagueiro) e Renato P\u00e9 Murcho (atacante)<br \/>\n1989 (1): Paulo S\u00e9rgio (zagueiro)<br \/>\n1996 (1): Renaldo (atacante)<br \/>\n1997 (2): Ded\u00ea (lateral-esquerdo) e Doriva (volante)<br \/>\n1999 (5): Bruno (lateral-direito), Ca\u00e7apa (zagueiro), Belletti (meia), Marques (atacante), Guilherme (atacante)<br \/>\n2001 (1): Marques (atacante)<br \/>\n2002 (1): Mancini (lateral-direito)<br \/>\n2009 (1): Diego Tardelli (atacante)<br \/>\n2012 (4): Marcos Rocha (lateral-direito), L\u00e9o Silva (zagueiro), R\u00e9ver (zagueiro), Ronaldinho(meia)<br \/>\n2013 (1): Diego Tardelli (atacante)<br \/>\n2014 (2): Marcos Rocha (lateral-direito) e Diego Tardelli (atacante)<br \/>\n2015 (3): Douglas Santos (lateral-esquerdo), Rafael Carioca (volante) e Lucas Pratto (atacante)<br \/>\n2016 (2): F\u00e1bio Santos (lateral-esquerdo) e Robinho (atacante)<\/p>\n<p><u><strong>Bolas de Ouro do Galo<\/strong><\/u><br \/>\n1977: Toninho Cerezo<br \/>\n1980: Toninho Cerezo<br \/>\n2012: Ronaldinho Ga\u00facho<\/p>\n<p><u><strong>Bolas de Artilheiro do Galo<\/strong><\/u><br \/>\n1977: Reinaldo<br \/>\n1996: Renaldo<br \/>\n1999: Guilherme<br \/>\n2009: Diego Tardelli<br \/>\n2016: Fred<\/p>\n<p><u><strong>SALDO TOTAL:<\/strong><\/u><br \/>\nBolas de Prata: 43<br \/>\nBolas de Ouro: 3<br \/>\nArtilharia: 5<br \/>\nTotal: 51*<\/p>\n<p><u><strong>TOP 10 de Bolas<\/strong><\/u><\/p>\n<p>S\u00c3O PAULO &#8211; 63<br \/>\nGALO &#8211; 51<br \/>\nINTERNACIONAL &#8211; 48<br \/>\nCORINTHIANS &#8211; 47<br \/>\nCRUZEIRO &#8211; 44<br \/>\nPALMEIRAS &#8211; 44<br \/>\nFLAMENGO &#8211; 42<br \/>\nSANTOS &#8211; 41<br \/>\nVASCO DA GAMA &#8211; 38<br \/>\nGR\u00caMIO &#8211; 37<br \/>\nFLUMINENSE &#8211; 26<\/p>\n<p>Fonte: Itatiaia<\/p>\n","protected":false},"excerpt":{"rendered":"<p>A Revista Placar criou o trof\u00e9u mais prestigiado do Campeonato Brasileiro em 1970. J\u00e1 de cara, o Atl\u00e9tico conquistou dois trof\u00e9us na Sele\u00e7\u00e3o do torneio. Humberto Ramos e Vaguinho foram os primeiros alvinegros agraciados quando ainda se disputava a Ta\u00e7a de Prata. Nesta segunda-feira (12), a premia\u00e7\u00e3o de 2016, que agora leva o nome dos [&hellip;]<\/p>\n","protected":false},"author":2,"featured_media":4840,"comment_status":"closed","ping_status":"open","sticky":false,"template":"","format":"standard","meta":{"advgb_blocks_editor_width":"","advgb_blocks_columns_visual_guide":"","_exactmetrics_skip_tracking":false,"_exactmetrics_sitenote_active":false,"_exactmetrics_sitenote_note":"","_exactmetrics_sitenote_category":0,"footnotes":""},"categories":[3],"tags":[1064,1844,1063],"class_list":["post-4839","post","type-post","status-publish","format-standard","has-post-thumbnail","hentry","category-esportes","tag-atletico-mineiro","tag-bola-de-prata","tag-galo"],"better_featured_image":{"id":4840,"alt_text":"","caption":"","description":"","media_type":"image","media_details":{"width":653,"height":490,"file":"2016\/12\/galo-2.jpg","sizes":{"thumbnail":{"file":"galo-2-150x113.jpg","width":150,"height":113,"mime-type":"image\/jpeg","source_url":"https:\/\/lavras.tv\/site\/wp-content\/uploads\/2016\/12\/galo-2-150x113.jpg"},"medium":{"file":"galo-2-300x225.jpg","width":300,"height":225,"mime-type":"image\/jpeg","source_url":"https:\/\/lavras.tv\/site\/wp-content\/uploads\/2016\/12\/galo-2-300x225.jpg"},"featured-slider-img":{"file":"galo-2-640x480.jpg","width":640,"height":480,"mime-type":"image\/jpeg","source_url":"https:\/\/lavras.tv\/site\/wp-content\/uploads\/2016\/12\/galo-2-640x480.jpg"},"featured-post-img":{"file":"galo-2-480x320.jpg","width":480,"height":320,"mime-type":"image\/jpeg","source_url":"https:\/\/lavras.tv\/site\/wp-content\/uploads\/2016\/12\/galo-2-480x320.jpg"},"sow-carousel-default":{"file":"galo-2-272x182.jpg","width":272,"height":182,"mime-type":"image\/jpeg","source_url":"https:\/\/lavras.tv\/site\/wp-content\/uploads\/2016\/12\/galo-2-272x182.jpg"}},"image_meta":{"aperture":"0","credit":"","camera":"","caption":"","created_timestamp":"0","copyright":"","focal_length":"0","iso":"0","shutter_speed":"0","title":"","orientation":"0","keywords":[]}},"post":4839,"source_url":"https:\/\/lavras.tv\/site\/wp-content\/uploads\/2016\/12\/galo-2.jpg"},"author_meta":{"display_name":"Lavras TV","author_link":"https:\/\/lavras.tv\/site\/author\/lavrastv\/"},"featured_img":"https:\/\/lavras.tv\/site\/wp-content\/uploads\/2016\/12\/galo-2-300x225.jpg","coauthors":[],"tax_additional":{"categories":{"linked":["<a href=\"https:\/\/lavras.tv\/site\/category\/esportes\/\" class=\"advgb-post-tax-term\">Esportes<\/a>"],"unlinked":["<span class=\"advgb-post-tax-term\">Esportes<\/span>"]},"tags":{"linked":["<a href=\"https:\/\/lavras.tv\/site\/category\/esportes\/\" class=\"advgb-post-tax-term\">atl\u00e9tico mineiro<\/a>","<a href=\"https:\/\/lavras.tv\/site\/category\/esportes\/\" class=\"advgb-post-tax-term\">bola de prata<\/a>","<a href=\"https:\/\/lavras.tv\/site\/category\/esportes\/\" class=\"advgb-post-tax-term\">galo<\/a>"],"unlinked":["<span class=\"advgb-post-tax-term\">atl\u00e9tico mineiro<\/span>","<span class=\"advgb-post-tax-term\">bola de prata<\/span>","<span class=\"advgb-post-tax-term\">galo<\/span>"]}},"comment_count":"0","relative_dates":{"created":"Publicado 9 anos atr\u00e1s","modified":"Atualizado 9 anos atr\u00e1s"},"absolute_dates":{"created":"Publicado em 13 de dezembro de 2016","modified":"Atualizado em 13 de dezembro de 2016"},"absolute_dates_time":{"created":"Publicado em 13 de dezembro de 2016 10:18","modified":"Atualizado em 13 de dezembro de 2016 10:18"},"featured_img_caption":"","series_order":"","_links":{"self":[{"href":"https:\/\/lavras.tv\/site\/wp-json\/wp\/v2\/posts\/4839","targetHints":{"allow":["GET"]}}],"collection":[{"href":"https:\/\/lavras.tv\/site\/wp-json\/wp\/v2\/posts"}],"about":[{"href":"https:\/\/lavras.tv\/site\/wp-json\/wp\/v2\/types\/post"}],"author":[{"embeddable":true,"href":"https:\/\/lavras.tv\/site\/wp-json\/wp\/v2\/users\/2"}],"replies":[{"embeddable":true,"href":"https:\/\/lavras.tv\/site\/wp-json\/wp\/v2\/comments?post=4839"}],"version-history":[{"count":1,"href":"https:\/\/lavras.tv\/site\/wp-json\/wp\/v2\/posts\/4839\/revisions"}],"predecessor-version":[{"id":4841,"href":"https:\/\/lavras.tv\/site\/wp-json\/wp\/v2\/posts\/4839\/revisions\/4841"}],"wp:featuredmedia":[{"embeddable":true,"href":"https:\/\/lavras.tv\/site\/wp-json\/wp\/v2\/media\/4840"}],"wp:attachment":[{"href":"https:\/\/lavras.tv\/site\/wp-json\/wp\/v2\/media?parent=4839"}],"wp:term":[{"taxonomy":"category","embeddable":true,"href":"https:\/\/lavras.tv\/site\/wp-json\/wp\/v2\/categories?post=4839"},{"taxonomy":"post_tag","embeddable":true,"href":"https:\/\/lavras.tv\/site\/wp-json\/wp\/v2\/tags?post=4839"}],"curies":[{"name":"wp","href":"https:\/\/api.w.org\/{rel}","templated":true}]}}