{"id":48424,"date":"2020-07-06T09:14:10","date_gmt":"2020-07-06T12:14:10","guid":{"rendered":"http:\/\/lavras.tv\/site\/?p=48424"},"modified":"2020-07-06T09:14:12","modified_gmt":"2020-07-06T12:14:12","slug":"camara-dos-deputados-acelera-analise-de-projeto-de-lei-das-fake-news","status":"publish","type":"post","link":"https:\/\/lavras.tv\/site\/2020\/07\/06\/camara-dos-deputados-acelera-analise-de-projeto-de-lei-das-fake-news\/","title":{"rendered":"C\u00e2mara dos Deputados acelera an\u00e1lise de projeto de lei das Fake News"},"content":{"rendered":"<div class=\"lavra-antes-do-conteudo_2\" id=\"lavra-885443337\"><div id=\"lavra-slider-27\" class=\"custom-slider lavra-slider-2784154811 lavra-slider\"><ul><li><div style=\"margin-left: auto;margin-right: auto;text-align: center;\" id=\"lavra-2426759077\"><a href=\"https:\/\/sistemas.lavras.mg.gov.br\/portalcidadao\/#df1b1a7c7b2a290bcb31e32771e610784662739a88807c0dacac58ede5f391a7530e299dc302d611ee73cb143fc22eaf93592e53e7b5bdb01b00a0b8d28dae460c141dd2ff83412e4dc1c31b16b25f33144a9e5620ea73b13f5bc1c59411d98439ad226e8af03840603796067d87afe130812cf3de24982d0e306f9e61e764e5\" aria-label=\"Lavras-TV&#8211;720x104px (1) (1)\"><img src=\"https:\/\/lavras.tv\/site\/wp-content\/uploads\/2025\/01\/Lavras-TV-720x104px-1-1.png\" alt=\"\"  srcset=\"https:\/\/lavras.tv\/site\/wp-content\/uploads\/2025\/01\/Lavras-TV-720x104px-1-1.png 720w, https:\/\/lavras.tv\/site\/wp-content\/uploads\/2025\/01\/Lavras-TV-720x104px-1-1-470x68.png 470w, https:\/\/lavras.tv\/site\/wp-content\/uploads\/2025\/01\/Lavras-TV-720x104px-1-1-170x25.png 170w, https:\/\/lavras.tv\/site\/wp-content\/uploads\/2025\/01\/Lavras-TV-720x104px-1-1-200x29.png 200w\" sizes=\"(max-width: 720px) 100vw, 720px\" width=\"720\" height=\"104\"  style=\"display: inline-block;\" \/><\/a><\/div><\/li><li><a href=\"https:\/\/sistemas.lavras.mg.gov.br\/portalcidadao\/#df1b1a7c7b2a290bcb31e32771e610784662739a88807c0dacac58ede5f391a7530e299dc302d611ee73cb143fc22eaf93592e53e7b5bdb01b00a0b8d28dae460c141dd2ff83412e4dc1c31b16b25f33144a9e5620ea73b13f5bc1c59411d98439ad226e8af03840603796067d87afe130812cf3de24982d0e306f9e61e764e5\" aria-label=\"Banner_Emprego_PortallavrasTV\"><img src=\"https:\/\/lavras.tv\/site\/wp-content\/uploads\/2025\/03\/Banner_Emprego_PortallavrasTV.png\" alt=\"\"  srcset=\"https:\/\/lavras.tv\/site\/wp-content\/uploads\/2025\/03\/Banner_Emprego_PortallavrasTV.png 720w, https:\/\/lavras.tv\/site\/wp-content\/uploads\/2025\/03\/Banner_Emprego_PortallavrasTV-470x68.png 470w, https:\/\/lavras.tv\/site\/wp-content\/uploads\/2025\/03\/Banner_Emprego_PortallavrasTV-170x25.png 170w, https:\/\/lavras.tv\/site\/wp-content\/uploads\/2025\/03\/Banner_Emprego_PortallavrasTV-200x29.png 200w\" sizes=\"(max-width: 720px) 100vw, 720px\" width=\"720\" height=\"104\"   \/><\/a><\/li><li><a href=\"https:\/\/sistemas.lavras.mg.gov.br\/portalcidadao\/#df1b1a7c7b2a290bcb31e32771e610784662739a88807c0dacac58ede5f391a7530e299dc302d611ee73cb143fc22eaf93592e53e7b5bdb01b00a0b8d28dae460c141dd2ff83412e4dc1c31b16b25f33144a9e5620ea73b13f5bc1c59411d98439ad226e8af03840603796067d87afe130812cf3de24982d0e306f9e61e764e5\" aria-label=\"Banner_Obras_PortallavrasTV\"><img src=\"https:\/\/lavras.tv\/site\/wp-content\/uploads\/2025\/03\/Banner_Obras_PortallavrasTV.png\" alt=\"\"  srcset=\"https:\/\/lavras.tv\/site\/wp-content\/uploads\/2025\/03\/Banner_Obras_PortallavrasTV.png 720w, https:\/\/lavras.tv\/site\/wp-content\/uploads\/2025\/03\/Banner_Obras_PortallavrasTV-470x68.png 470w, https:\/\/lavras.tv\/site\/wp-content\/uploads\/2025\/03\/Banner_Obras_PortallavrasTV-170x25.png 170w, https:\/\/lavras.tv\/site\/wp-content\/uploads\/2025\/03\/Banner_Obras_PortallavrasTV-200x29.png 200w\" sizes=\"(max-width: 720px) 100vw, 720px\" width=\"720\" height=\"104\"   \/><\/a><\/li><li><div style=\"margin-left: auto;margin-right: auto;text-align: center;\" id=\"lavra-3266507160\"><a href=\"https:\/\/sistemas.lavras.mg.gov.br\/portalcidadao\/#df1b1a7c7b2a290bcb31e32771e610784662739a88807c0dacac58ede5f391a7530e299dc302d611ee73cb143fc22eaf93592e53e7b5bdb01b00a0b8d28dae460c141dd2ff83412e4dc1c31b16b25f33144a9e5620ea73b13f5bc1c59411d98439ad226e8af03840603796067d87afe130812cf3de24982d0e306f9e61e764e5\" aria-label=\"Banner_Educa\u00e7\u00e3o_PortallavrasTV\"><img src=\"https:\/\/lavras.tv\/site\/wp-content\/uploads\/2025\/01\/Banner_Educacao_PortallavrasTV.png\" alt=\"\"  srcset=\"https:\/\/lavras.tv\/site\/wp-content\/uploads\/2025\/01\/Banner_Educacao_PortallavrasTV.png 720w, https:\/\/lavras.tv\/site\/wp-content\/uploads\/2025\/01\/Banner_Educacao_PortallavrasTV-470x68.png 470w, https:\/\/lavras.tv\/site\/wp-content\/uploads\/2025\/01\/Banner_Educacao_PortallavrasTV-170x25.png 170w, https:\/\/lavras.tv\/site\/wp-content\/uploads\/2025\/01\/Banner_Educacao_PortallavrasTV-200x29.png 200w\" sizes=\"(max-width: 720px) 100vw, 720px\" width=\"720\" height=\"104\"  style=\"display: inline-block;\" \/><\/a><\/div><\/li><li><a href=\"https:\/\/sistemas.lavras.mg.gov.br\/portalcidadao\/#df1b1a7c7b2a290bcb31e32771e610784662739a88807c0dacac58ede5f391a7530e299dc302d611ee73cb143fc22eaf93592e53e7b5bdb01b00a0b8d28dae460c141dd2ff83412e4dc1c31b16b25f33144a9e5620ea73b13f5bc1c59411d98439ad226e8af03840603796067d87afe130812cf3de24982d0e306f9e61e764e5\" aria-label=\"Banner_Sa\u00fade_PortallavrasTV\"><img src=\"https:\/\/lavras.tv\/site\/wp-content\/uploads\/2025\/03\/Banner_Saude_PortallavrasTV.png\" alt=\"\"  srcset=\"https:\/\/lavras.tv\/site\/wp-content\/uploads\/2025\/03\/Banner_Saude_PortallavrasTV.png 720w, https:\/\/lavras.tv\/site\/wp-content\/uploads\/2025\/03\/Banner_Saude_PortallavrasTV-470x68.png 470w, https:\/\/lavras.tv\/site\/wp-content\/uploads\/2025\/03\/Banner_Saude_PortallavrasTV-170x25.png 170w, https:\/\/lavras.tv\/site\/wp-content\/uploads\/2025\/03\/Banner_Saude_PortallavrasTV-200x29.png 200w\" sizes=\"(max-width: 720px) 100vw, 720px\" width=\"720\" height=\"104\"   \/><\/a><\/li><li><div id=\"lavra-2256340796\" style=\"width:720px;height:104px;background-color:#ddd;overflow:scroll;\">\n\t<strong>Sa\u00edda da depura\u00e7\u00e3o de an\u00fancios<\/strong>\n\t<br><br>\n\tO an\u00fancio n\u00e3o \u00e9 exibido na p\u00e1gina<br><br>post atual: C\u00e2mara dos Deputados acelera an\u00e1lise de projeto de lei das Fake News, ID: 48424<br><br><span style=\"color: red;\">O post atual n\u00e3o \u00e9 id\u00eantico ao post principal.<\/span><br><br>An\u00fancios: ROXO - TOPO INTERNA - ROTATIVO 2 (197)<br \/>Grupo de an\u00fancios: Princ_Meio01_720x104 (27)<br><br>Condi\u00e7\u00f5es de exibi\u00e7\u00e3o<div style=\"margin-bottom: 20px; white-space: pre-wrap; font-family: monospace; width: 100%; background: #ffe9e9;\"><strong>condi\u00e7\u00f5es gerais<\/strong><table border=\"1\"><thead><tr><th><\/th><th>An\u00fancios<\/th><th>wp_the_query<\/th><\/tr><\/thead><tr><td>is_main_query<\/td><td>1<\/td><td>1<\/td><\/tr><tr><td>is_rest_api<\/td><td>0<\/td><td>1<\/td><\/tr><tr><td>page<\/td><td>0<\/td><td>1<\/td><\/tr><tr><td>numpages<\/td><td>0<\/td><td>1<\/td><\/tr><tr><td>is_archive<\/td><td>1<\/td><td><\/td><\/tr><tr><td>is_search<\/td><td>1<\/td><td><\/td><\/tr><tr><td>is_home<\/td><td>1<\/td><td><\/td><\/tr><tr><td>is_404<\/td><td>1<\/td><td><\/td><\/tr><tr><td>is_attachment<\/td><td>1<\/td><td><\/td><\/tr><tr><td>is_singular<\/td><td>1<\/td><td><\/td><\/tr><tr><td>is_front_page<\/td><td>1<\/td><td><\/td><\/tr><tr><td>is_feed<\/td><td>1<\/td><td><\/td><\/tr><\/table><\/div><br><br><span style=\"color: red;\">Seu site usa HTTPS, mas o c\u00f3digo do an\u00fancio cont\u00e9m HTTP e pode n\u00e3o funcionar.<\/span>\t<br><br>\n\t<a style=\"color: green;\" href=\"https:\/\/wpadvancedads.com\/manual\/ad-debug-mode\/?utm_source=advanced-ads&utm_medium=link&utm_campaign=ad-debug-mode\" target=\"_blank\" rel=\"nofollow\">Encontre solu\u00e7\u00f5es no manual<\/a>\n<\/div>\n<\/li><\/ul><\/div><script>( window.advanced_ads_ready || jQuery( document ).ready ).call( null, function() {var $lavraslider2784154811 = jQuery( \".lavra-slider-2784154811\" );$lavraslider2784154811.on( \"unslider.ready\", function() { jQuery( \"div.custom-slider ul li\" ).css( \"display\", \"block\" ); });$lavraslider2784154811.unslider({ delay:4000, autoplay:true, nav:false, arrows:false, infinite:true });$lavraslider2784154811.on(\"mouseover\", function() {$lavraslider2784154811.unslider(\"stop\");}).on(\"mouseout\", function() {$lavraslider2784154811.unslider(\"start\");});});<\/script><\/div>\n<p>Apesar da press\u00e3o de bolsonaristas contra o projeto de lei das fake news, a C\u00e2mara vai colocar a proposta em discuss\u00e3o. &#8220;Vamos come\u00e7ar a discutir esta semana&#8221;, afirmou o presidente da Casa, Rodrigo Maia (DEM-RJ), ao Broadcast\/Estad\u00e3o sistema de not\u00edcias em tempo real do Grupo Estado, neste domingo.<\/p>\n\n\n\n<p>Alvo de pol\u00eamica e cr\u00edticas do presidente Jair Bolsonaro, o projeto foi aprovado pelo Senado no \u00faltimo dia 30 e prop\u00f5e um marco in\u00e9dito na regulamenta\u00e7\u00e3o do uso das redes sociais, criando a chamada Lei Brasileira de Liberdade, Responsabilidade e Transpar\u00eancia na Internet. O chefe do Planalto, que faz uso frequente das redes sociais para fazer pol\u00edtica e falar a seus apoiadores, prometeu vetar a medida.<\/p>\n\n\n\n<p>A proposta obriga as plataformas digitais a adotar um n\u00edvel maior de controle na dissemina\u00e7\u00e3o de not\u00edcias falsas na internet, ao terem de aplicar, por exemplo, uma autentica\u00e7\u00e3o de todos os perfis nas redes sociais e limitar a capacidade de dissemina\u00e7\u00e3o de uma mesma mensagem. As empresas de tecnologia s\u00e3o contra o projeto.<\/p>\n\n\n\n<div class=\"wp-block-image\"><figure class=\"aligncenter size-large\"><img fetchpriority=\"high\" decoding=\"async\" width=\"700\" height=\"470\" src=\"http:\/\/lavras.tv\/site\/wp-content\/uploads\/2020\/07\/camara_dos_deputados.jpg\" alt=\"\" class=\"wp-image-48425\" srcset=\"https:\/\/lavras.tv\/site\/wp-content\/uploads\/2020\/07\/camara_dos_deputados.jpg 700w, https:\/\/lavras.tv\/site\/wp-content\/uploads\/2020\/07\/camara_dos_deputados-447x300.jpg 447w, https:\/\/lavras.tv\/site\/wp-content\/uploads\/2020\/07\/camara_dos_deputados-170x114.jpg 170w\" sizes=\"(max-width: 700px) 100vw, 700px\" \/><\/figure><\/div>\n\n\n\n<p><\/p>\n\n\n\n<p>No \u00faltimo s\u00e1bado, Maia saiu em defesa da proposta durante webconfer\u00eancia promovida pelo grupo de advogados Prerrogativas. Ele citou que o Congresso Nacional e o Supremo Tribunal Federal (STF), alvos constantes de bolsonaristas, t\u00eam sido afetados por fake news e que \u00e9 preciso partir para o enfrentamento.<\/p>\n\n\n\n<p>&#8220;Ningu\u00e9m aqui est\u00e1 querendo discutir nem abrir m\u00e3o da liberdade de express\u00e3o, mas a gente precisa de regras, de forma clara conseguir chegar no dinheiro, sem d\u00favida nenhuma, quem financia todos esses movimentos aqui e no mundo, quais s\u00e3o as inten\u00e7\u00f5es, como eles impactam&#8221;, afirmou.<\/p>\n\n\n\n<p>O presidente da C\u00e2mara avaliou que a elei\u00e7\u00e3o de Bolsonaro, em 2018, n\u00e3o foi decisiva por causa de fake news, mas sim &#8220;fruto dos erros dos que comandaram o Brasil nos \u00faltimos anos ou d\u00e9cadas&#8221;. Ele afirmou, no entanto, que o efeito da desinforma\u00e7\u00e3o no processo democr\u00e1tico \u00e9 &#8220;grav\u00edssimo&#8221;. Maia citou a exist\u00eancia de grupos articulados para atacar o Congresso e o Supremo como se o presidente da Rep\u00fablica tivesse poderes absolutos e pudesse se sobrepor \u00e0s demais institui\u00e7\u00f5es.<\/p>\n\n\n\n<p>Press\u00e3o<\/p>\n\n\n\n<p>O projeto das fake news foi aprovado pelo Senado com 44 votos favor\u00e1veis e 32 contr\u00e1rios. Os votos a favor vieram de aliados do presidente da Casa, Davi Alcolumbre (DEM-AP), e da oposi\u00e7\u00e3o. Os posicionamentos contr\u00e1rios, por sua vez, foram de governistas e da ala lavajatista.<\/p>\n\n\n\n<p>O pr\u00f3prio chefe do Planalto prometeu vetar a medida se ela tiver o aval da C\u00e2mara. Na quinta-feira passada, ele citou a possibilidade de submeter a lei a uma &#8220;consulta popular&#8221; para decidir quais pontos ser\u00e3o vetados. &#8220;Se o projeto chegar bom, a gente sanciona. Se chegar como se apresentou (no Senado), n\u00e3o tem como deixar de vetar&#8221;, afirmou.<\/p>\n\n\n\n<p>Se o presidente barrar o projeto, o veto poder\u00e1 ser derrubado pelo Congresso. O c\u00e1lculo de bolsonaristas \u00e9 que, nesse caso, h\u00e1 uma necessidade maior de votos para manter o conte\u00fado da proposta. Na vota\u00e7\u00e3o de um projeto de lei, \u00e9 necess\u00e1rio apenas o voto favor\u00e1vel da maioria dos parlamentares presentes em uma sess\u00e3o. Para derrubar um veto, por\u00e9m, o qu\u00f3rum exigido \u00e9 de 257 votos de deputados e 41 votos de senadores.<\/p>\n\n\n\n<p>Fonte: Meia Hora<\/p>\n","protected":false},"excerpt":{"rendered":"<p>Apesar da press\u00e3o de bolsonaristas contra o projeto de lei das fake news, a C\u00e2mara vai colocar a proposta em discuss\u00e3o. &#8220;Vamos come\u00e7ar a discutir esta semana&#8221;, afirmou o presidente da Casa, Rodrigo Maia (DEM-RJ), ao Broadcast\/Estad\u00e3o sistema de not\u00edcias em tempo real do Grupo Estado, neste domingo. Alvo de pol\u00eamica e cr\u00edticas do presidente [&hellip;]<\/p>\n","protected":false},"author":2,"featured_media":48425,"comment_status":"closed","ping_status":"open","sticky":false,"template":"","format":"standard","meta":{"advgb_blocks_editor_width":"","advgb_blocks_columns_visual_guide":"","_exactmetrics_skip_tracking":false,"_exactmetrics_sitenote_active":false,"_exactmetrics_sitenote_note":"","_exactmetrics_sitenote_category":0,"footnotes":""},"categories":[7,2,12],"tags":[],"class_list":["post-48424","post","type-post","status-publish","format-standard","has-post-thumbnail","hentry","category-destaques","category-noticias","category-politica"],"better_featured_image":{"id":48425,"alt_text":"","caption":"","description":"","media_type":"image","media_details":{"width":700,"height":470,"file":"2020\/07\/camara_dos_deputados.jpg","sizes":{"medium":{"file":"camara_dos_deputados-447x300.jpg","width":447,"height":300,"mime-type":"image\/jpeg","source_url":"https:\/\/lavras.tv\/site\/wp-content\/uploads\/2020\/07\/camara_dos_deputados-447x300.jpg"},"thumbnail":{"file":"camara_dos_deputados-170x114.jpg","width":170,"height":114,"mime-type":"image\/jpeg","source_url":"https:\/\/lavras.tv\/site\/wp-content\/uploads\/2020\/07\/camara_dos_deputados-170x114.jpg"},"alm-thumbnail":{"file":"camara_dos_deputados-150x150.jpg","width":150,"height":150,"mime-type":"image\/jpeg","source_url":"https:\/\/lavras.tv\/site\/wp-content\/uploads\/2020\/07\/camara_dos_deputados-150x150.jpg"}},"image_meta":{"aperture":"0","credit":"","camera":"","caption":"","created_timestamp":"0","copyright":"","focal_length":"0","iso":"0","shutter_speed":"0","title":"","orientation":"0","keywords":[]}},"post":48424,"source_url":"https:\/\/lavras.tv\/site\/wp-content\/uploads\/2020\/07\/camara_dos_deputados.jpg"},"author_meta":{"display_name":"Lavras TV","author_link":"https:\/\/lavras.tv\/site\/author\/lavrastv\/"},"featured_img":"https:\/\/lavras.tv\/site\/wp-content\/uploads\/2020\/07\/camara_dos_deputados-447x300.jpg","coauthors":[],"tax_additional":{"categories":{"linked":["<a href=\"https:\/\/lavras.tv\/site\/category\/destaques\/\" class=\"advgb-post-tax-term\">Destaques<\/a>","<a href=\"https:\/\/lavras.tv\/site\/category\/noticias\/\" class=\"advgb-post-tax-term\">Not\u00edcias<\/a>","<a href=\"https:\/\/lavras.tv\/site\/category\/politica\/\" class=\"advgb-post-tax-term\">Pol\u00edtica<\/a>"],"unlinked":["<span class=\"advgb-post-tax-term\">Destaques<\/span>","<span class=\"advgb-post-tax-term\">Not\u00edcias<\/span>","<span class=\"advgb-post-tax-term\">Pol\u00edtica<\/span>"]}},"comment_count":"0","relative_dates":{"created":"Publicado 6 anos atr\u00e1s","modified":"Atualizado 6 anos atr\u00e1s"},"absolute_dates":{"created":"Publicado em 6 de julho de 2020","modified":"Atualizado em 6 de julho de 2020"},"absolute_dates_time":{"created":"Publicado em 6 de julho de 2020 09:14","modified":"Atualizado em 6 de julho de 2020 09:14"},"featured_img_caption":"","series_order":"","_links":{"self":[{"href":"https:\/\/lavras.tv\/site\/wp-json\/wp\/v2\/posts\/48424","targetHints":{"allow":["GET"]}}],"collection":[{"href":"https:\/\/lavras.tv\/site\/wp-json\/wp\/v2\/posts"}],"about":[{"href":"https:\/\/lavras.tv\/site\/wp-json\/wp\/v2\/types\/post"}],"author":[{"embeddable":true,"href":"https:\/\/lavras.tv\/site\/wp-json\/wp\/v2\/users\/2"}],"replies":[{"embeddable":true,"href":"https:\/\/lavras.tv\/site\/wp-json\/wp\/v2\/comments?post=48424"}],"version-history":[{"count":1,"href":"https:\/\/lavras.tv\/site\/wp-json\/wp\/v2\/posts\/48424\/revisions"}],"predecessor-version":[{"id":48426,"href":"https:\/\/lavras.tv\/site\/wp-json\/wp\/v2\/posts\/48424\/revisions\/48426"}],"wp:featuredmedia":[{"embeddable":true,"href":"https:\/\/lavras.tv\/site\/wp-json\/wp\/v2\/media\/48425"}],"wp:attachment":[{"href":"https:\/\/lavras.tv\/site\/wp-json\/wp\/v2\/media?parent=48424"}],"wp:term":[{"taxonomy":"category","embeddable":true,"href":"https:\/\/lavras.tv\/site\/wp-json\/wp\/v2\/categories?post=48424"},{"taxonomy":"post_tag","embeddable":true,"href":"https:\/\/lavras.tv\/site\/wp-json\/wp\/v2\/tags?post=48424"}],"curies":[{"name":"wp","href":"https:\/\/api.w.org\/{rel}","templated":true}]}}