{"id":48941,"date":"2020-08-25T16:02:04","date_gmt":"2020-08-25T19:02:04","guid":{"rendered":"http:\/\/lavras.tv\/site\/?p=48941"},"modified":"2020-08-25T16:02:06","modified_gmt":"2020-08-25T19:02:06","slug":"governo-lanca-programa-casa-verde-e-amarela","status":"publish","type":"post","link":"https:\/\/lavras.tv\/site\/2020\/08\/25\/governo-lanca-programa-casa-verde-e-amarela\/","title":{"rendered":"Governo lan\u00e7a Programa Casa Verde e Amarela"},"content":{"rendered":"<div class=\"lavra-antes-do-conteudo_2\" id=\"lavra-3150225808\"><div id=\"lavra-slider-27\" class=\"custom-slider lavra-slider-3217164104 lavra-slider\"><ul><li><div style=\"margin-left: auto;margin-right: auto;text-align: center;\" id=\"lavra-1426377780\"><a href=\"https:\/\/sistemas.lavras.mg.gov.br\/portalcidadao\/#df1b1a7c7b2a290bcb31e32771e610784662739a88807c0dacac58ede5f391a7530e299dc302d611ee73cb143fc22eaf93592e53e7b5bdb01b00a0b8d28dae460c141dd2ff83412e4dc1c31b16b25f33144a9e5620ea73b13f5bc1c59411d98439ad226e8af03840603796067d87afe130812cf3de24982d0e306f9e61e764e5\" aria-label=\"Lavras-TV&#8211;720x104px (1) (1)\"><img src=\"https:\/\/lavras.tv\/site\/wp-content\/uploads\/2025\/01\/Lavras-TV-720x104px-1-1.png\" alt=\"\"  srcset=\"https:\/\/lavras.tv\/site\/wp-content\/uploads\/2025\/01\/Lavras-TV-720x104px-1-1.png 720w, https:\/\/lavras.tv\/site\/wp-content\/uploads\/2025\/01\/Lavras-TV-720x104px-1-1-470x68.png 470w, https:\/\/lavras.tv\/site\/wp-content\/uploads\/2025\/01\/Lavras-TV-720x104px-1-1-170x25.png 170w, https:\/\/lavras.tv\/site\/wp-content\/uploads\/2025\/01\/Lavras-TV-720x104px-1-1-200x29.png 200w\" sizes=\"(max-width: 720px) 100vw, 720px\" width=\"720\" height=\"104\"  style=\"display: inline-block;\" \/><\/a><\/div><\/li><li><a href=\"https:\/\/sistemas.lavras.mg.gov.br\/portalcidadao\/#df1b1a7c7b2a290bcb31e32771e610784662739a88807c0dacac58ede5f391a7530e299dc302d611ee73cb143fc22eaf93592e53e7b5bdb01b00a0b8d28dae460c141dd2ff83412e4dc1c31b16b25f33144a9e5620ea73b13f5bc1c59411d98439ad226e8af03840603796067d87afe130812cf3de24982d0e306f9e61e764e5\" aria-label=\"Banner_Emprego_PortallavrasTV\"><img src=\"https:\/\/lavras.tv\/site\/wp-content\/uploads\/2025\/03\/Banner_Emprego_PortallavrasTV.png\" alt=\"\"  srcset=\"https:\/\/lavras.tv\/site\/wp-content\/uploads\/2025\/03\/Banner_Emprego_PortallavrasTV.png 720w, https:\/\/lavras.tv\/site\/wp-content\/uploads\/2025\/03\/Banner_Emprego_PortallavrasTV-470x68.png 470w, https:\/\/lavras.tv\/site\/wp-content\/uploads\/2025\/03\/Banner_Emprego_PortallavrasTV-170x25.png 170w, https:\/\/lavras.tv\/site\/wp-content\/uploads\/2025\/03\/Banner_Emprego_PortallavrasTV-200x29.png 200w\" sizes=\"(max-width: 720px) 100vw, 720px\" width=\"720\" height=\"104\"   \/><\/a><\/li><li><a href=\"https:\/\/sistemas.lavras.mg.gov.br\/portalcidadao\/#df1b1a7c7b2a290bcb31e32771e610784662739a88807c0dacac58ede5f391a7530e299dc302d611ee73cb143fc22eaf93592e53e7b5bdb01b00a0b8d28dae460c141dd2ff83412e4dc1c31b16b25f33144a9e5620ea73b13f5bc1c59411d98439ad226e8af03840603796067d87afe130812cf3de24982d0e306f9e61e764e5\" aria-label=\"Banner_Obras_PortallavrasTV\"><img src=\"https:\/\/lavras.tv\/site\/wp-content\/uploads\/2025\/03\/Banner_Obras_PortallavrasTV.png\" alt=\"\"  srcset=\"https:\/\/lavras.tv\/site\/wp-content\/uploads\/2025\/03\/Banner_Obras_PortallavrasTV.png 720w, https:\/\/lavras.tv\/site\/wp-content\/uploads\/2025\/03\/Banner_Obras_PortallavrasTV-470x68.png 470w, https:\/\/lavras.tv\/site\/wp-content\/uploads\/2025\/03\/Banner_Obras_PortallavrasTV-170x25.png 170w, https:\/\/lavras.tv\/site\/wp-content\/uploads\/2025\/03\/Banner_Obras_PortallavrasTV-200x29.png 200w\" sizes=\"(max-width: 720px) 100vw, 720px\" width=\"720\" height=\"104\"   \/><\/a><\/li><li><div style=\"margin-left: auto;margin-right: auto;text-align: center;\" id=\"lavra-2509932447\"><a href=\"https:\/\/sistemas.lavras.mg.gov.br\/portalcidadao\/#df1b1a7c7b2a290bcb31e32771e610784662739a88807c0dacac58ede5f391a7530e299dc302d611ee73cb143fc22eaf93592e53e7b5bdb01b00a0b8d28dae460c141dd2ff83412e4dc1c31b16b25f33144a9e5620ea73b13f5bc1c59411d98439ad226e8af03840603796067d87afe130812cf3de24982d0e306f9e61e764e5\" aria-label=\"Banner_Educa\u00e7\u00e3o_PortallavrasTV\"><img src=\"https:\/\/lavras.tv\/site\/wp-content\/uploads\/2025\/01\/Banner_Educacao_PortallavrasTV.png\" alt=\"\"  srcset=\"https:\/\/lavras.tv\/site\/wp-content\/uploads\/2025\/01\/Banner_Educacao_PortallavrasTV.png 720w, https:\/\/lavras.tv\/site\/wp-content\/uploads\/2025\/01\/Banner_Educacao_PortallavrasTV-470x68.png 470w, https:\/\/lavras.tv\/site\/wp-content\/uploads\/2025\/01\/Banner_Educacao_PortallavrasTV-170x25.png 170w, https:\/\/lavras.tv\/site\/wp-content\/uploads\/2025\/01\/Banner_Educacao_PortallavrasTV-200x29.png 200w\" sizes=\"(max-width: 720px) 100vw, 720px\" width=\"720\" height=\"104\"  style=\"display: inline-block;\" \/><\/a><\/div><\/li><li><a href=\"https:\/\/sistemas.lavras.mg.gov.br\/portalcidadao\/#df1b1a7c7b2a290bcb31e32771e610784662739a88807c0dacac58ede5f391a7530e299dc302d611ee73cb143fc22eaf93592e53e7b5bdb01b00a0b8d28dae460c141dd2ff83412e4dc1c31b16b25f33144a9e5620ea73b13f5bc1c59411d98439ad226e8af03840603796067d87afe130812cf3de24982d0e306f9e61e764e5\" aria-label=\"Banner_Sa\u00fade_PortallavrasTV\"><img src=\"https:\/\/lavras.tv\/site\/wp-content\/uploads\/2025\/03\/Banner_Saude_PortallavrasTV.png\" alt=\"\"  srcset=\"https:\/\/lavras.tv\/site\/wp-content\/uploads\/2025\/03\/Banner_Saude_PortallavrasTV.png 720w, https:\/\/lavras.tv\/site\/wp-content\/uploads\/2025\/03\/Banner_Saude_PortallavrasTV-470x68.png 470w, https:\/\/lavras.tv\/site\/wp-content\/uploads\/2025\/03\/Banner_Saude_PortallavrasTV-170x25.png 170w, https:\/\/lavras.tv\/site\/wp-content\/uploads\/2025\/03\/Banner_Saude_PortallavrasTV-200x29.png 200w\" sizes=\"(max-width: 720px) 100vw, 720px\" width=\"720\" height=\"104\"   \/><\/a><\/li><li><div id=\"lavra-170126988\" style=\"width:720px;height:104px;background-color:#ddd;overflow:scroll;\">\n\t<strong>Sa\u00edda da depura\u00e7\u00e3o de an\u00fancios<\/strong>\n\t<br><br>\n\tO an\u00fancio n\u00e3o \u00e9 exibido na p\u00e1gina<br><br>post atual: Governo lan\u00e7a Programa Casa Verde e Amarela, ID: 48941<br><br><span style=\"color: red;\">O post atual n\u00e3o \u00e9 id\u00eantico ao post principal.<\/span><br><br>An\u00fancios: ROXO - TOPO INTERNA - ROTATIVO 2 (197)<br \/>Grupo de an\u00fancios: Princ_Meio01_720x104 (27)<br><br>Condi\u00e7\u00f5es de exibi\u00e7\u00e3o<div style=\"margin-bottom: 20px; white-space: pre-wrap; font-family: monospace; width: 100%; background: #ffe9e9;\"><strong>condi\u00e7\u00f5es gerais<\/strong><table border=\"1\"><thead><tr><th><\/th><th>An\u00fancios<\/th><th>wp_the_query<\/th><\/tr><\/thead><tr><td>is_main_query<\/td><td>1<\/td><td>1<\/td><\/tr><tr><td>is_rest_api<\/td><td>0<\/td><td>1<\/td><\/tr><tr><td>page<\/td><td>0<\/td><td>1<\/td><\/tr><tr><td>numpages<\/td><td>0<\/td><td>1<\/td><\/tr><tr><td>is_archive<\/td><td>1<\/td><td><\/td><\/tr><tr><td>is_search<\/td><td>1<\/td><td><\/td><\/tr><tr><td>is_home<\/td><td>1<\/td><td><\/td><\/tr><tr><td>is_404<\/td><td>1<\/td><td><\/td><\/tr><tr><td>is_attachment<\/td><td>1<\/td><td><\/td><\/tr><tr><td>is_singular<\/td><td>1<\/td><td><\/td><\/tr><tr><td>is_front_page<\/td><td>1<\/td><td><\/td><\/tr><tr><td>is_feed<\/td><td>1<\/td><td><\/td><\/tr><\/table><\/div><br><br><span style=\"color: red;\">Seu site usa HTTPS, mas o c\u00f3digo do an\u00fancio cont\u00e9m HTTP e pode n\u00e3o funcionar.<\/span>\t<br><br>\n\t<a style=\"color: green;\" href=\"https:\/\/wpadvancedads.com\/manual\/ad-debug-mode\/?utm_source=advanced-ads&utm_medium=link&utm_campaign=ad-debug-mode\" target=\"_blank\" rel=\"nofollow\">Encontre solu\u00e7\u00f5es no manual<\/a>\n<\/div>\n<\/li><\/ul><\/div><script>( window.advanced_ads_ready || jQuery( document ).ready ).call( null, function() {var $lavraslider3217164104 = jQuery( \".lavra-slider-3217164104\" );$lavraslider3217164104.on( \"unslider.ready\", function() { jQuery( \"div.custom-slider ul li\" ).css( \"display\", \"block\" ); });$lavraslider3217164104.unslider({ delay:4000, autoplay:true, nav:false, arrows:false, infinite:true });$lavraslider3217164104.on(\"mouseover\", function() {$lavraslider3217164104.unslider(\"stop\");}).on(\"mouseout\", function() {$lavraslider3217164104.unslider(\"start\");});});<\/script><\/div>\n<p>O presidente Jair Bolsonaro lan\u00e7ou hoje (25) o novo programa habitacional do governo federal. Chamado de Casa Verde e Amarela, o programa \u00e9 uma reformula\u00e7\u00e3o do Minha Casa&nbsp;Minha Vida, com foco na regulariza\u00e7\u00e3o fundi\u00e1ria e na redu\u00e7\u00e3o da taxa de juros, para aumentar o acesso dos cidad\u00e3os ao financiamento da casa pr\u00f3pria.<img decoding=\"async\" src=\"https:\/\/agenciabrasil.ebc.com.br\/ebc.png?id=1314739&amp;o=node\"><img decoding=\"async\" src=\"https:\/\/agenciabrasil.ebc.com.br\/ebc.gif?id=1314739&amp;o=node\"><\/p>\n\n\n\n<p>Durante cerim\u00f4nia no Pal\u00e1cio do Planalto, o presidente Jair Bolsonaro assinou a medida provis\u00f3ria (MP) que cria o programa e disse que, agora, \u201ca bola est\u00e1 com o Parlamento\u201d. \u201cN\u00e3o tenho muito a dizer, apenas cumprimentar os ministros que trabalharam incansavelmente nessa quest\u00e3o, bem como o nosso Parlamento, que agora recebe essa MP e a aprovar\u00e1, com toda certeza e, se for o caso, far\u00e1 aperfei\u00e7oamentos. Assim \u00e9 que se fazem as leis, assim que nos apresentamos para atender a nossa sociedade\u201d, disse.<\/p>\n\n\n\n<p>A meta \u00e9 atender 1,6 milh\u00e3o de fam\u00edlias de baixa renda com o financiamento habitacional at\u00e9 2024, um incremento de 350 mil resid\u00eancias em rela\u00e7\u00e3o ao que se conseguiria atender com os par\u00e2metros atuais. Isso ser\u00e1 poss\u00edvel em fun\u00e7\u00e3o de negocia\u00e7\u00f5es com o Conselho Curador do Fundo de Garantia do Tempo de Servi\u00e7o (FGTS), que subsidia o programa, e com a Caixa Econ\u00f4mica Federal, que \u00e9 o agente financeiro.<\/p>\n\n\n\n<div class=\"wp-block-image\"><figure class=\"aligncenter size-large\"><img fetchpriority=\"high\" decoding=\"async\" width=\"970\" height=\"580\" src=\"http:\/\/lavras.tv\/site\/wp-content\/uploads\/2020\/08\/casa-verde-amarela-970x580.jpg\" alt=\"\" class=\"wp-image-48942\" srcset=\"https:\/\/lavras.tv\/site\/wp-content\/uploads\/2020\/08\/casa-verde-amarela-970x580.jpg 970w, https:\/\/lavras.tv\/site\/wp-content\/uploads\/2020\/08\/casa-verde-amarela-470x281.jpg 470w, https:\/\/lavras.tv\/site\/wp-content\/uploads\/2020\/08\/casa-verde-amarela-170x102.jpg 170w, https:\/\/lavras.tv\/site\/wp-content\/uploads\/2020\/08\/casa-verde-amarela.jpg 1170w\" sizes=\"(max-width: 970px) 100vw, 970px\" \/><figcaption>O ministro da Casa Civil,  Braga Netto, o presidente da Rep\u00fablica, Jair Bolsonaro, e o  ministro do Desenvolvimento Regional, Rog\u00e9rio Marinho, durante a cerim\u00f4nia de lan\u00e7amento do Programa Casa Verde e Amarela. Foto: Marcos Corr\u00eaa &#8211; PR<\/figcaption><\/figure><\/div>\n\n\n\n<p><\/p>\n\n\n\n<p>De acordo com o Minist\u00e9rio do Desenvolvimento Regional, as Regi\u00f5es Norte e Nordeste ser\u00e3o contempladas com a redu\u00e7\u00e3o nas taxas em at\u00e9 0,5 ponto percentual para fam\u00edlias com renda de at\u00e9 R$ 2 mil mensais e 0,25 ponto para quem ganha entre R$ 2 mil e R$ 2,6 mil. Nessas localidades, os juros poder\u00e3o chegar a 4,25% ao ano e, nas demais regi\u00f5es, a 4,5% ao ano.<\/p>\n\n\n\n<p>\u201cN\u00f3s teremos um tratamento diferenciado para as regi\u00f5es que historicamente t\u00eam uma condi\u00e7\u00e3o menor em rela\u00e7\u00e3o aos seus \u00edndices de desenvolvimento humano\u201d, disse o ministro do Desenvolvimento Regional, Rog\u00e9rio Marinho. O limite do valor dos im\u00f3veis financiados no Casa Verde e Amarela tamb\u00e9m foi ampliado, com o objetivo de estimular a constru\u00e7\u00e3o civil a atuar nessas localidades.<\/p>\n\n\n\n<p>Ao longo de quatro anos, o subs\u00eddio do FGTS vai cair de R$ 9 bilh\u00f5es ao ano para R$ 7,5 bilh\u00f5es ao ano. Ainda assim, segundo o ministro, com a diminui\u00e7\u00e3o da taxa de juros e da presta\u00e7\u00e3o do financiamento, fam\u00edlias que antes n\u00e3o eram atendidas em raz\u00e3o da faixa de renda, poder\u00e3o acessar os benef\u00edcios, j\u00e1 que a legisla\u00e7\u00e3o prev\u00ea que as fam\u00edlias podem comprometer apenas 30% da sua renda com presta\u00e7\u00e3o habitacional.<\/p>\n\n\n\n<p>Ao mesmo tempo, a Caixa aceitou reduzir a taxa de remunera\u00e7\u00e3o para a presta\u00e7\u00e3o dos servi\u00e7os. \u201cIsso \u00e9 efici\u00eancia e saber gerir os recursos p\u00fablicos, e tendo zelo pelo dinheiro da popula\u00e7\u00e3o. Isso vai permitir que mais 350 mil unidades sejam constru\u00eddas com menos dinheiro\u201d, disse Marinho, destacando que o governo prev\u00ea agregar mais de 2 milh\u00f5es de novos empregos diretos e indiretos e mais de R$ 11 bilh\u00f5es de recursos \u00e0 arrecada\u00e7\u00e3o.<\/p>\n\n\n\n<h2 class=\"wp-block-heading\">Renegocia\u00e7\u00e3o e regulariza\u00e7\u00e3o<\/h2>\n\n\n\n<figure class=\"wp-block-image\"><img decoding=\"async\" src=\"https:\/\/imagens.ebc.com.br\/5LyRW62QrVNqcRdtiZpVDjvzJEk=\/463x0\/smart\/https:\/\/agenciabrasil.ebc.com.br\/sites\/default\/files\/atoms\/image\/936817-rj_condominio_moradia-19.jpg?itok=kzM1JmnK\" alt=\"Condom\u00ednio do Programa Minha Casa, Minha Vida, em Guadalupe, zona norte do Rio, invadido na noite de domingo (9) com ajuda de criminosos armados. A Justi\u00e7a determinou a reintegra\u00e7\u00e3o de posse (Tomaz Silva\/Ag\u00eancia Brasil)\" title=\"Ag\u00eancia Brasil\/Tomaz Silva\"\/><\/figure>\n\n\n\n<h6 class=\"wp-block-heading\">Programa pretende regularizar 2 milh\u00f5es de moradias at\u00e9 2024&nbsp;&#8211;&nbsp;<strong>Ag\u00eancia Brasil\/Tomaz Silva<\/strong><\/h6>\n\n\n\n<p>O ministro explicou ainda que o Casa Verde e Amarela permite a renegocia\u00e7\u00e3o de d\u00edvidas dos mutu\u00e1rios da faixa 1, de baixa renda, o que o Minha Casa&nbsp;Minha Vida n\u00e3o permitia. \u201cFalamos de inadimpl\u00eancia beirando 40% dessas fam\u00edlias. E s\u00e3o os mais pobres, os que ganham at\u00e9 R$ 1,8 mil\u201d, disse. Um mutir\u00e3o de renegocia\u00e7\u00e3o dever\u00e1 ser organizado ap\u00f3s o fim da pandemia de covid-19.<\/p>\n\n\n\n<p>Em negocia\u00e7\u00e3o com a Federa\u00e7\u00e3o Brasileira de Bancos (Febraban), o governo federal tamb\u00e9m vai destinar R$ 500 milh\u00f5es para programas de regulariza\u00e7\u00e3o fundi\u00e1ria e pequenas melhorias habitacionais em inadequa\u00e7\u00f5es. S\u00e3o recursos do Fundo de Desenvolvimento Social, fundo privado alimentado por mais de 30 bancos.<\/p>\n\n\n\n<p>Marinho estima que mais de 40% dos 70 milh\u00f5es de habita\u00e7\u00f5es do pa\u00eds n\u00e3o tenham escritura p\u00fablica. A meta \u00e9 regularizar 2 milh\u00f5es de moradias e promover melhorias em 400 mil at\u00e9 2024. Esse programa ser\u00e1 realizado por meio de editais, em parceria com os governos locais, para fam\u00edlias com renda de at\u00e9 R$ 5 mil mensais que vivam em n\u00facleos urbanos informais.<\/p>\n\n\n\n<p>At\u00e9 ent\u00e3o, as prefeituras realizavam programas pr\u00f3prios de acordo com o Estatuto das Cidades, de 2000, e o Reurb, de 2017. \u201cO que n\u00e3o havia era uma pol\u00edtica de apoio do governo federal. Vamos disponibilizar os recursos e aux\u00edlio t\u00e9cnico, levando em considera\u00e7\u00e3o o que deu errado em uma s\u00e9rie de programas por todo o pa\u00eds\u201d, explicou o ministro.<\/p>\n\n\n\n<p>Em rela\u00e7\u00e3o \u00e0 melhoria dos im\u00f3veis, o programa&nbsp;prev\u00ea reforma e amplia\u00e7\u00e3o do im\u00f3vel, como constru\u00e7\u00e3o de telhado, quarto extra, banheiro, instala\u00e7\u00f5es el\u00e9tricas ou hidr\u00e1ulicas, coloca\u00e7\u00e3o de piso e acabamentos em geral. Tamb\u00e9m poder\u00e3o ser instalados equipamentos de aquecimento solar ou efici\u00eancia energ\u00e9tica. Ser\u00e3o atendidos propriet\u00e1rios de im\u00f3veis escolhidos para regulariza\u00e7\u00e3o fundi\u00e1ria, com renda mensal de at\u00e9 R$ 2 mil.<\/p>\n\n\n\n<h2 class=\"wp-block-heading\">Novos grupos<\/h2>\n\n\n\n<p>O conceito de faixas de renda do Minha Casa Minha Vida foi alterado para grupos no Casa Verde e Amarela. S\u00e3o eles: Grupo 1, fam\u00edlias com renda de at\u00e9 R$ 2 mil; Grupo 2, fam\u00edlias com renda entre R$ 2 e R$ 4 mil; e Grupo 3, fam\u00edlias com renda entre R$ 4 mil e R$ 7 mil.<\/p>\n\n\n\n<p>De acordo com cada grupo, h\u00e1 subs\u00eddios e programas diferentes que ser\u00e3o oferecidos aos cidad\u00e3os. As diferen\u00e7as dever\u00e3o ser especificadas em regulamenta\u00e7\u00e3o do Minist\u00e9rio do Desenvolvimento Regional.<\/p>\n\n\n\n<p>Fonte: Ag\u00eancia Brasil<\/p>\n","protected":false},"excerpt":{"rendered":"<p>O presidente Jair Bolsonaro lan\u00e7ou hoje (25) o novo programa habitacional do governo federal. Chamado de Casa Verde e Amarela, o programa \u00e9 uma reformula\u00e7\u00e3o do Minha Casa&nbsp;Minha Vida, com foco na regulariza\u00e7\u00e3o fundi\u00e1ria e na redu\u00e7\u00e3o da taxa de juros, para aumentar o acesso dos cidad\u00e3os ao financiamento da casa pr\u00f3pria. Durante cerim\u00f4nia no [&hellip;]<\/p>\n","protected":false},"author":2,"featured_media":48942,"comment_status":"closed","ping_status":"open","sticky":false,"template":"","format":"standard","meta":{"advgb_blocks_editor_width":"","advgb_blocks_columns_visual_guide":"","_exactmetrics_skip_tracking":false,"_exactmetrics_sitenote_active":false,"_exactmetrics_sitenote_note":"","_exactmetrics_sitenote_category":0,"footnotes":""},"categories":[7,2,12],"tags":[],"class_list":["post-48941","post","type-post","status-publish","format-standard","has-post-thumbnail","hentry","category-destaques","category-noticias","category-politica"],"better_featured_image":{"id":48942,"alt_text":"","caption":"O ministro da Casa Civil,  Braga Netto, o presidente da Rep\u00fablica, Jair Bolsonaro, e o  ministro do Desenvolvimento Regional, Rog\u00e9rio Marinho, durante a cerim\u00f4nia de lan\u00e7amento do Programa Casa Verde e Amarela","description":"","media_type":"image","media_details":{"width":1170,"height":700,"file":"2020\/08\/casa-verde-amarela.jpg","sizes":{"medium":{"file":"casa-verde-amarela-470x281.jpg","width":470,"height":281,"mime-type":"image\/jpeg","source_url":"https:\/\/lavras.tv\/site\/wp-content\/uploads\/2020\/08\/casa-verde-amarela-470x281.jpg"},"large":{"file":"casa-verde-amarela-970x580.jpg","width":970,"height":580,"mime-type":"image\/jpeg","source_url":"https:\/\/lavras.tv\/site\/wp-content\/uploads\/2020\/08\/casa-verde-amarela-970x580.jpg"},"thumbnail":{"file":"casa-verde-amarela-170x102.jpg","width":170,"height":102,"mime-type":"image\/jpeg","source_url":"https:\/\/lavras.tv\/site\/wp-content\/uploads\/2020\/08\/casa-verde-amarela-170x102.jpg"},"alm-thumbnail":{"file":"casa-verde-amarela-150x150.jpg","width":150,"height":150,"mime-type":"image\/jpeg","source_url":"https:\/\/lavras.tv\/site\/wp-content\/uploads\/2020\/08\/casa-verde-amarela-150x150.jpg"}},"image_meta":{"aperture":"0","credit":"Marcos Corr\u00eaa\/PR","camera":"","caption":"O ministro da Casa Civil,  Braga Netto, o presidente da Rep\u00fablica, Jair Bolsonaro, e o  ministro do Desenvolvimento Regional, Rog\u00e9rio Marinho, durante a cerim\u00f4nia de lan\u00e7amento do Programa Casa Verde e Amarela","created_timestamp":"1598364537","copyright":"","focal_length":"0","iso":"0","shutter_speed":"0","title":"","orientation":"1","keywords":[]}},"post":48941,"source_url":"https:\/\/lavras.tv\/site\/wp-content\/uploads\/2020\/08\/casa-verde-amarela.jpg"},"author_meta":{"display_name":"Lavras TV","author_link":"https:\/\/lavras.tv\/site\/author\/lavrastv\/"},"featured_img":"https:\/\/lavras.tv\/site\/wp-content\/uploads\/2020\/08\/casa-verde-amarela-470x281.jpg","coauthors":[],"tax_additional":{"categories":{"linked":["<a href=\"https:\/\/lavras.tv\/site\/category\/destaques\/\" class=\"advgb-post-tax-term\">Destaques<\/a>","<a href=\"https:\/\/lavras.tv\/site\/category\/noticias\/\" class=\"advgb-post-tax-term\">Not\u00edcias<\/a>","<a href=\"https:\/\/lavras.tv\/site\/category\/politica\/\" class=\"advgb-post-tax-term\">Pol\u00edtica<\/a>"],"unlinked":["<span class=\"advgb-post-tax-term\">Destaques<\/span>","<span class=\"advgb-post-tax-term\">Not\u00edcias<\/span>","<span class=\"advgb-post-tax-term\">Pol\u00edtica<\/span>"]}},"comment_count":"0","relative_dates":{"created":"Publicado 6 anos atr\u00e1s","modified":"Atualizado 6 anos atr\u00e1s"},"absolute_dates":{"created":"Publicado em 25 de agosto de 2020","modified":"Atualizado em 25 de agosto de 2020"},"absolute_dates_time":{"created":"Publicado em 25 de agosto de 2020 16:02","modified":"Atualizado em 25 de agosto de 2020 16:02"},"featured_img_caption":"O ministro da Casa Civil,  Braga Netto, o presidente da Rep\u00fablica, Jair Bolsonaro, e o  ministro do Desenvolvimento Regional, Rog\u00e9rio Marinho, durante a cerim\u00f4nia de lan\u00e7amento do Programa Casa Verde e Amarela","series_order":"","_links":{"self":[{"href":"https:\/\/lavras.tv\/site\/wp-json\/wp\/v2\/posts\/48941","targetHints":{"allow":["GET"]}}],"collection":[{"href":"https:\/\/lavras.tv\/site\/wp-json\/wp\/v2\/posts"}],"about":[{"href":"https:\/\/lavras.tv\/site\/wp-json\/wp\/v2\/types\/post"}],"author":[{"embeddable":true,"href":"https:\/\/lavras.tv\/site\/wp-json\/wp\/v2\/users\/2"}],"replies":[{"embeddable":true,"href":"https:\/\/lavras.tv\/site\/wp-json\/wp\/v2\/comments?post=48941"}],"version-history":[{"count":1,"href":"https:\/\/lavras.tv\/site\/wp-json\/wp\/v2\/posts\/48941\/revisions"}],"predecessor-version":[{"id":48943,"href":"https:\/\/lavras.tv\/site\/wp-json\/wp\/v2\/posts\/48941\/revisions\/48943"}],"wp:featuredmedia":[{"embeddable":true,"href":"https:\/\/lavras.tv\/site\/wp-json\/wp\/v2\/media\/48942"}],"wp:attachment":[{"href":"https:\/\/lavras.tv\/site\/wp-json\/wp\/v2\/media?parent=48941"}],"wp:term":[{"taxonomy":"category","embeddable":true,"href":"https:\/\/lavras.tv\/site\/wp-json\/wp\/v2\/categories?post=48941"},{"taxonomy":"post_tag","embeddable":true,"href":"https:\/\/lavras.tv\/site\/wp-json\/wp\/v2\/tags?post=48941"}],"curies":[{"name":"wp","href":"https:\/\/api.w.org\/{rel}","templated":true}]}}