{"id":4914,"date":"2016-12-15T09:13:51","date_gmt":"2016-12-15T11:13:51","guid":{"rendered":"http:\/\/lavras.tv\/site\/?p=4914"},"modified":"2016-12-15T09:13:51","modified_gmt":"2016-12-15T11:13:51","slug":"camara-aprova-admissibilidade-de-pec-da-previdencia-por-31-votos-a-20","status":"publish","type":"post","link":"https:\/\/lavras.tv\/site\/2016\/12\/15\/camara-aprova-admissibilidade-de-pec-da-previdencia-por-31-votos-a-20\/","title":{"rendered":"C\u00e2mara aprova admissibilidade de PEC da Previd\u00eancia por 31 votos a 20"},"content":{"rendered":"<div class=\"lavra-antes-do-conteudo_2\" id=\"lavra-1954154369\"><div id=\"lavra-slider-27\" class=\"custom-slider lavra-slider-4094543280 lavra-slider\"><ul><li><div style=\"margin-left: auto;margin-right: auto;text-align: center;\" id=\"lavra-1486596764\"><a href=\"https:\/\/sistemas.lavras.mg.gov.br\/portalcidadao\/#df1b1a7c7b2a290bcb31e32771e610784662739a88807c0dacac58ede5f391a7530e299dc302d611ee73cb143fc22eaf93592e53e7b5bdb01b00a0b8d28dae460c141dd2ff83412e4dc1c31b16b25f33144a9e5620ea73b13f5bc1c59411d98439ad226e8af03840603796067d87afe130812cf3de24982d0e306f9e61e764e5\" aria-label=\"Lavras-TV&#8211;720x104px (1) (1)\"><img src=\"https:\/\/lavras.tv\/site\/wp-content\/uploads\/2025\/01\/Lavras-TV-720x104px-1-1.png\" alt=\"\"  srcset=\"https:\/\/lavras.tv\/site\/wp-content\/uploads\/2025\/01\/Lavras-TV-720x104px-1-1.png 720w, https:\/\/lavras.tv\/site\/wp-content\/uploads\/2025\/01\/Lavras-TV-720x104px-1-1-470x68.png 470w, https:\/\/lavras.tv\/site\/wp-content\/uploads\/2025\/01\/Lavras-TV-720x104px-1-1-170x25.png 170w, https:\/\/lavras.tv\/site\/wp-content\/uploads\/2025\/01\/Lavras-TV-720x104px-1-1-200x29.png 200w\" sizes=\"(max-width: 720px) 100vw, 720px\" width=\"720\" height=\"104\"  style=\"display: inline-block;\" \/><\/a><\/div><\/li><li><a href=\"https:\/\/sistemas.lavras.mg.gov.br\/portalcidadao\/#df1b1a7c7b2a290bcb31e32771e610784662739a88807c0dacac58ede5f391a7530e299dc302d611ee73cb143fc22eaf93592e53e7b5bdb01b00a0b8d28dae460c141dd2ff83412e4dc1c31b16b25f33144a9e5620ea73b13f5bc1c59411d98439ad226e8af03840603796067d87afe130812cf3de24982d0e306f9e61e764e5\" aria-label=\"Banner_Emprego_PortallavrasTV\"><img src=\"https:\/\/lavras.tv\/site\/wp-content\/uploads\/2025\/03\/Banner_Emprego_PortallavrasTV.png\" alt=\"\"  srcset=\"https:\/\/lavras.tv\/site\/wp-content\/uploads\/2025\/03\/Banner_Emprego_PortallavrasTV.png 720w, https:\/\/lavras.tv\/site\/wp-content\/uploads\/2025\/03\/Banner_Emprego_PortallavrasTV-470x68.png 470w, https:\/\/lavras.tv\/site\/wp-content\/uploads\/2025\/03\/Banner_Emprego_PortallavrasTV-170x25.png 170w, https:\/\/lavras.tv\/site\/wp-content\/uploads\/2025\/03\/Banner_Emprego_PortallavrasTV-200x29.png 200w\" sizes=\"(max-width: 720px) 100vw, 720px\" width=\"720\" height=\"104\"   \/><\/a><\/li><li><a href=\"https:\/\/sistemas.lavras.mg.gov.br\/portalcidadao\/#df1b1a7c7b2a290bcb31e32771e610784662739a88807c0dacac58ede5f391a7530e299dc302d611ee73cb143fc22eaf93592e53e7b5bdb01b00a0b8d28dae460c141dd2ff83412e4dc1c31b16b25f33144a9e5620ea73b13f5bc1c59411d98439ad226e8af03840603796067d87afe130812cf3de24982d0e306f9e61e764e5\" aria-label=\"Banner_Obras_PortallavrasTV\"><img src=\"https:\/\/lavras.tv\/site\/wp-content\/uploads\/2025\/03\/Banner_Obras_PortallavrasTV.png\" alt=\"\"  srcset=\"https:\/\/lavras.tv\/site\/wp-content\/uploads\/2025\/03\/Banner_Obras_PortallavrasTV.png 720w, https:\/\/lavras.tv\/site\/wp-content\/uploads\/2025\/03\/Banner_Obras_PortallavrasTV-470x68.png 470w, https:\/\/lavras.tv\/site\/wp-content\/uploads\/2025\/03\/Banner_Obras_PortallavrasTV-170x25.png 170w, https:\/\/lavras.tv\/site\/wp-content\/uploads\/2025\/03\/Banner_Obras_PortallavrasTV-200x29.png 200w\" sizes=\"(max-width: 720px) 100vw, 720px\" width=\"720\" height=\"104\"   \/><\/a><\/li><li><div style=\"margin-left: auto;margin-right: auto;text-align: center;\" id=\"lavra-217201378\"><a href=\"https:\/\/sistemas.lavras.mg.gov.br\/portalcidadao\/#df1b1a7c7b2a290bcb31e32771e610784662739a88807c0dacac58ede5f391a7530e299dc302d611ee73cb143fc22eaf93592e53e7b5bdb01b00a0b8d28dae460c141dd2ff83412e4dc1c31b16b25f33144a9e5620ea73b13f5bc1c59411d98439ad226e8af03840603796067d87afe130812cf3de24982d0e306f9e61e764e5\" aria-label=\"Banner_Educa\u00e7\u00e3o_PortallavrasTV\"><img src=\"https:\/\/lavras.tv\/site\/wp-content\/uploads\/2025\/01\/Banner_Educacao_PortallavrasTV.png\" alt=\"\"  srcset=\"https:\/\/lavras.tv\/site\/wp-content\/uploads\/2025\/01\/Banner_Educacao_PortallavrasTV.png 720w, https:\/\/lavras.tv\/site\/wp-content\/uploads\/2025\/01\/Banner_Educacao_PortallavrasTV-470x68.png 470w, https:\/\/lavras.tv\/site\/wp-content\/uploads\/2025\/01\/Banner_Educacao_PortallavrasTV-170x25.png 170w, https:\/\/lavras.tv\/site\/wp-content\/uploads\/2025\/01\/Banner_Educacao_PortallavrasTV-200x29.png 200w\" sizes=\"(max-width: 720px) 100vw, 720px\" width=\"720\" height=\"104\"  style=\"display: inline-block;\" \/><\/a><\/div><\/li><li><a href=\"https:\/\/sistemas.lavras.mg.gov.br\/portalcidadao\/#df1b1a7c7b2a290bcb31e32771e610784662739a88807c0dacac58ede5f391a7530e299dc302d611ee73cb143fc22eaf93592e53e7b5bdb01b00a0b8d28dae460c141dd2ff83412e4dc1c31b16b25f33144a9e5620ea73b13f5bc1c59411d98439ad226e8af03840603796067d87afe130812cf3de24982d0e306f9e61e764e5\" aria-label=\"Banner_Sa\u00fade_PortallavrasTV\"><img src=\"https:\/\/lavras.tv\/site\/wp-content\/uploads\/2025\/03\/Banner_Saude_PortallavrasTV.png\" alt=\"\"  srcset=\"https:\/\/lavras.tv\/site\/wp-content\/uploads\/2025\/03\/Banner_Saude_PortallavrasTV.png 720w, https:\/\/lavras.tv\/site\/wp-content\/uploads\/2025\/03\/Banner_Saude_PortallavrasTV-470x68.png 470w, https:\/\/lavras.tv\/site\/wp-content\/uploads\/2025\/03\/Banner_Saude_PortallavrasTV-170x25.png 170w, https:\/\/lavras.tv\/site\/wp-content\/uploads\/2025\/03\/Banner_Saude_PortallavrasTV-200x29.png 200w\" sizes=\"(max-width: 720px) 100vw, 720px\" width=\"720\" height=\"104\"   \/><\/a><\/li><li><div id=\"lavra-1764944948\" style=\"width:720px;height:104px;background-color:#ddd;overflow:scroll;\">\n\t<strong>Sa\u00edda da depura\u00e7\u00e3o de an\u00fancios<\/strong>\n\t<br><br>\n\tO an\u00fancio n\u00e3o \u00e9 exibido na p\u00e1gina<br><br>post atual: C\u00e2mara aprova admissibilidade de PEC da Previd\u00eancia por 31 votos a 20, ID: 4914<br><br><span style=\"color: red;\">O post atual n\u00e3o \u00e9 id\u00eantico ao post principal.<\/span><br><br>An\u00fancios: ROXO - TOPO INTERNA - ROTATIVO 2 (197)<br \/>Grupo de an\u00fancios: Princ_Meio01_720x104 (27)<br><br>Condi\u00e7\u00f5es de exibi\u00e7\u00e3o<div style=\"margin-bottom: 20px; white-space: pre-wrap; font-family: monospace; width: 100%; background: #ffe9e9;\"><strong>condi\u00e7\u00f5es gerais<\/strong><table border=\"1\"><thead><tr><th><\/th><th>An\u00fancios<\/th><th>wp_the_query<\/th><\/tr><\/thead><tr><td>is_main_query<\/td><td>1<\/td><td>1<\/td><\/tr><tr><td>is_rest_api<\/td><td>0<\/td><td>1<\/td><\/tr><tr><td>page<\/td><td>0<\/td><td>1<\/td><\/tr><tr><td>numpages<\/td><td>0<\/td><td>1<\/td><\/tr><tr><td>is_archive<\/td><td>1<\/td><td><\/td><\/tr><tr><td>is_search<\/td><td>1<\/td><td><\/td><\/tr><tr><td>is_home<\/td><td>1<\/td><td><\/td><\/tr><tr><td>is_404<\/td><td>1<\/td><td><\/td><\/tr><tr><td>is_attachment<\/td><td>1<\/td><td><\/td><\/tr><tr><td>is_singular<\/td><td>1<\/td><td><\/td><\/tr><tr><td>is_front_page<\/td><td>1<\/td><td><\/td><\/tr><tr><td>is_feed<\/td><td>1<\/td><td><\/td><\/tr><\/table><\/div><br><br><span style=\"color: red;\">Seu site usa HTTPS, mas o c\u00f3digo do an\u00fancio cont\u00e9m HTTP e pode n\u00e3o funcionar.<\/span>\t<br><br>\n\t<a style=\"color: green;\" href=\"https:\/\/wpadvancedads.com\/manual\/ad-debug-mode\/?utm_source=advanced-ads&utm_medium=link&utm_campaign=ad-debug-mode\" target=\"_blank\" rel=\"nofollow\">Encontre solu\u00e7\u00f5es no manual<\/a>\n<\/div>\n<\/li><\/ul><\/div><script>( window.advanced_ads_ready || jQuery( document ).ready ).call( null, function() {var $lavraslider4094543280 = jQuery( \".lavra-slider-4094543280\" );$lavraslider4094543280.on( \"unslider.ready\", function() { jQuery( \"div.custom-slider ul li\" ).css( \"display\", \"block\" ); });$lavraslider4094543280.unslider({ delay:4000, autoplay:true, nav:false, arrows:false, infinite:true });$lavraslider4094543280.on(\"mouseover\", function() {$lavraslider4094543280.unslider(\"stop\");}).on(\"mouseout\", function() {$lavraslider4094543280.unslider(\"start\");});});<\/script><\/div><p>A Comiss\u00e3o de Constitui\u00e7\u00e3o e Justi\u00e7a (CCJ) da C\u00e2mara dos Deputados aprovou, \u00e0s 2h52 desta quinta-feira, a admissibilidade da proposta de emenda \u00e0 Constitui\u00e7\u00e3o (PEC) que trata da reforma da Previd\u00eancia Social.<\/p>\n<p>O parecer do deputado Alceu Moreira (PMDB-RS), favor\u00e1vel \u00e0 admissibilidade da mat\u00e9ria, foi aprovado com placar apertado de 31 a 20, com votos contr\u00e1rios de deputados da oposi\u00e7\u00e3o (PT, PCdoB, PDT, Rede e PSOL) e tamb\u00e9m da base aliada, como J\u00falio Delgado (PSB-MG) e Marcos Rog\u00e9rio (DEM-RO).<\/p>\n<p><img fetchpriority=\"high\" decoding=\"async\" class=\"size-full wp-image-4915 aligncenter\" src=\"http:\/\/lavras.tv\/site\/wp-content\/uploads\/2016\/12\/previdencia.jpeg\" alt=\"previdencia\" width=\"664\" height=\"443\" srcset=\"https:\/\/lavras.tv\/site\/wp-content\/uploads\/2016\/12\/previdencia.jpeg 664w, https:\/\/lavras.tv\/site\/wp-content\/uploads\/2016\/12\/previdencia-150x100.jpeg 150w, https:\/\/lavras.tv\/site\/wp-content\/uploads\/2016\/12\/previdencia-300x200.jpeg 300w, https:\/\/lavras.tv\/site\/wp-content\/uploads\/2016\/12\/previdencia-480x320.jpeg 480w, https:\/\/lavras.tv\/site\/wp-content\/uploads\/2016\/12\/previdencia-272x182.jpeg 272w\" sizes=\"(max-width: 664px) 100vw, 664px\" \/><br \/>\nAlguns parlamentares reclamaram do hor\u00e1rio em que a mat\u00e9ria foi votada, em plena madrugada. &#8220;Eu n\u00e3o voto depois da meia-noite&#8221;, afirmou o deputado Esperidi\u00e3o Amim (PP-SC). Ele acabou se posicionando contra a admissibilidade. &#8220;Um absurdo o que aconteceu na noite desta quarta-feira&#8221;, criticou o l\u00edder do PSD, Rog\u00e9rio Rosso (DF).<\/p>\n<p>A sess\u00e3o da CCJ come\u00e7ou \u00e0s 15 horas da quarta-feira, mas a leitura do parecer s\u00f3 come\u00e7ou tr\u00eas horas depois. Por volta das 20 horas, os trabalhos foram interrompidos, em raz\u00e3o do in\u00edcio da vota\u00e7\u00e3o no plen\u00e1rio da C\u00e2mara, convocada pelo presidente da Casa, Rodrigo Maia (DEM-RJ).<\/p>\n<p>Uma s\u00e9rie de mat\u00e9rias ia ser apreciada pelo plen\u00e1rio. Maia, no entanto, mandou encerrar a sess\u00e3o ap\u00f3s a aprova\u00e7\u00e3o do primeiro item da pauta (a medida provis\u00f3ria que estabelece mudan\u00e7as na EBC), possibilitando a retomada dos trabalhos na CCJ, por volta das 23h10. O projeto de renegocia\u00e7\u00e3o da d\u00edvidas dos Estados, por exemplo, ficou para esta quinta-feira.<\/p>\n<p>Para garantir a vota\u00e7\u00e3o na madrugada, l\u00edderes partid\u00e1rios chegaram a substituir integrantes de suas legendas da CCJ. J\u00e1 depois de meia-noite, o PTN, por exemplo, substituiu a deputada Jozi Ara\u00fajo (AP) por Alexandre Baldy (GO) como titular do colegiado.<\/p>\n<p>&#8220;Isso \u00e9 gambiarra. Trocaram integrantes com o protocolo fechado&#8221;, reagiu Maria do Ros\u00e1rio (PT-RS). &#8220;Governo golpista troca membros da CCJ de forma ilegal para tentar aprovar admissibilidade da PEC do fim da Previd\u00eancia como direito social&#8221;, criticou o deputado Reginaldo Lopes (PT-MG).<\/p>\n<p>Essa \u00e9 a segunda vez, nos \u00faltimos meses, que a C\u00e2mara vota temas pol\u00eamicos em hor\u00e1rios avan\u00e7ados. Em 30 de novembro, deputados aprovaram o pacote de medidas de combate \u00e0 corrup\u00e7\u00e3o durante a madrugada, desfigurando o projeto original e incluindo propostas como o crime de abuso de autoridade para ju\u00edzes.<\/p>\n<p>O governo s\u00f3 conseguiu votar a admissibilidade da PEC da Previd\u00eancia ap\u00f3s fazer acordo com a oposi\u00e7\u00e3o. Pelo acerto, os opositores aceitaram n\u00e3o obstruir a sess\u00e3o na CCJ. Em troca, o governo se comprometeu a s\u00f3 instalar a comiss\u00e3o especial para discutir o m\u00e9rito da PEC em fevereiro de 2017 &#8211; ap\u00f3s a elei\u00e7\u00e3o para a presid\u00eancia da C\u00e2mara.<\/p>\n<p>Com o acordo com a oposi\u00e7\u00e3o, o governo tamb\u00e9m conseguiu neutralizar o chamado Centr\u00e3o &#8211; bloco informal de 13 partidos da base aliada liderado por PP, PSD, PTB e SD. O grupo amea\u00e7ava ontem obstruir a vota\u00e7\u00e3o da admissibilidade da mat\u00e9ria na CCJ.<\/p>\n<p>A amea\u00e7a de obstru\u00e7\u00e3o do Centr\u00e3o tinha dois objetivos: frear o movimento do Pal\u00e1cio do Planalto de dar mais espa\u00e7o ao PSDB no governo e enfraquecer a articula\u00e7\u00e3o de Maia por sua reelei\u00e7\u00e3o.<\/p>\n<p>O Centr\u00e3o acredita que, com a aprova\u00e7\u00e3o da admissibilidade da PEC e a instala\u00e7\u00e3o da comiss\u00e3o especial neste ano, Maia se cacifaria junto ao presidente Michel Temer, que deseja ver a reforma da Previd\u00eancia avan\u00e7ar o mais r\u00e1pido poss\u00edvel.<\/p>\n<p>Com o adiamento da instala\u00e7\u00e3o da comiss\u00e3o especial, o Centr\u00e3o tamb\u00e9m tirou de Maia o poder de indicar o presidente e o relator do colegiado. Ele tinha indicado os deputados Arthur Maia (PPS-BA) e S\u00e9rgio Zweiter (PMDB-RJ) para relatoria e presid\u00eancia, respectivamente.<\/p>\n<p>Caso n\u00e3o consiga viabilizar sua reelei\u00e7\u00e3o ao comando da C\u00e2mara em 2017, Maia poder\u00e1 n\u00e3o conseguir manter as indica\u00e7\u00f5es. Caber\u00e1 ao futuro presidente da Casa, que poder\u00e1 ser ou n\u00e3o Maia, indicar os parlamentares para o comando da comiss\u00e3o especial.<\/p>\n<p>Fonte: Itatiaia<\/p>\n","protected":false},"excerpt":{"rendered":"<p>A Comiss\u00e3o de Constitui\u00e7\u00e3o e Justi\u00e7a (CCJ) da C\u00e2mara dos Deputados aprovou, \u00e0s 2h52 desta quinta-feira, a admissibilidade da proposta de emenda \u00e0 Constitui\u00e7\u00e3o (PEC) que trata da reforma da Previd\u00eancia Social. O parecer do deputado Alceu Moreira (PMDB-RS), favor\u00e1vel \u00e0 admissibilidade da mat\u00e9ria, foi aprovado com placar apertado de 31 a 20, com votos [&hellip;]<\/p>\n","protected":false},"author":2,"featured_media":4915,"comment_status":"closed","ping_status":"open","sticky":false,"template":"","format":"standard","meta":{"advgb_blocks_editor_width":"","advgb_blocks_columns_visual_guide":"","_exactmetrics_skip_tracking":false,"_exactmetrics_sitenote_active":false,"_exactmetrics_sitenote_note":"","_exactmetrics_sitenote_category":0,"footnotes":""},"categories":[12],"tags":[1875],"class_list":["post-4914","post","type-post","status-publish","format-standard","has-post-thumbnail","hentry","category-politica","tag-reforma-da-previdencia"],"better_featured_image":{"id":4915,"alt_text":"","caption":"","description":"","media_type":"image","media_details":{"width":664,"height":443,"file":"2016\/12\/previdencia.jpeg","sizes":{"thumbnail":{"file":"previdencia-150x100.jpeg","width":150,"height":100,"mime-type":"image\/jpeg","source_url":"https:\/\/lavras.tv\/site\/wp-content\/uploads\/2016\/12\/previdencia-150x100.jpeg"},"medium":{"file":"previdencia-300x200.jpeg","width":300,"height":200,"mime-type":"image\/jpeg","source_url":"https:\/\/lavras.tv\/site\/wp-content\/uploads\/2016\/12\/previdencia-300x200.jpeg"},"featured-slider-img":{"file":"previdencia-640x443.jpeg","width":640,"height":443,"mime-type":"image\/jpeg","source_url":"https:\/\/lavras.tv\/site\/wp-content\/uploads\/2016\/12\/previdencia-640x443.jpeg"},"featured-post-img":{"file":"previdencia-480x320.jpeg","width":480,"height":320,"mime-type":"image\/jpeg","source_url":"https:\/\/lavras.tv\/site\/wp-content\/uploads\/2016\/12\/previdencia-480x320.jpeg"},"sow-carousel-default":{"file":"previdencia-272x182.jpeg","width":272,"height":182,"mime-type":"image\/jpeg","source_url":"https:\/\/lavras.tv\/site\/wp-content\/uploads\/2016\/12\/previdencia-272x182.jpeg"}},"image_meta":{"aperture":"0","credit":"","camera":"","caption":"","created_timestamp":"0","copyright":"","focal_length":"0","iso":"0","shutter_speed":"0","title":"","orientation":"0","keywords":[]}},"post":4914,"source_url":"https:\/\/lavras.tv\/site\/wp-content\/uploads\/2016\/12\/previdencia.jpeg"},"author_meta":{"display_name":"Lavras TV","author_link":"https:\/\/lavras.tv\/site\/author\/lavrastv\/"},"featured_img":"https:\/\/lavras.tv\/site\/wp-content\/uploads\/2016\/12\/previdencia-300x200.jpeg","coauthors":[],"tax_additional":{"categories":{"linked":["<a href=\"https:\/\/lavras.tv\/site\/category\/politica\/\" class=\"advgb-post-tax-term\">Pol\u00edtica<\/a>"],"unlinked":["<span class=\"advgb-post-tax-term\">Pol\u00edtica<\/span>"]},"tags":{"linked":["<a href=\"https:\/\/lavras.tv\/site\/category\/politica\/\" class=\"advgb-post-tax-term\">reforma da previd\u00eancia<\/a>"],"unlinked":["<span class=\"advgb-post-tax-term\">reforma da previd\u00eancia<\/span>"]}},"comment_count":"0","relative_dates":{"created":"Publicado 9 anos atr\u00e1s","modified":"Atualizado 9 anos atr\u00e1s"},"absolute_dates":{"created":"Publicado em 15 de dezembro de 2016","modified":"Atualizado em 15 de dezembro de 2016"},"absolute_dates_time":{"created":"Publicado em 15 de dezembro de 2016 09:13","modified":"Atualizado em 15 de dezembro de 2016 09:13"},"featured_img_caption":"","series_order":"","_links":{"self":[{"href":"https:\/\/lavras.tv\/site\/wp-json\/wp\/v2\/posts\/4914","targetHints":{"allow":["GET"]}}],"collection":[{"href":"https:\/\/lavras.tv\/site\/wp-json\/wp\/v2\/posts"}],"about":[{"href":"https:\/\/lavras.tv\/site\/wp-json\/wp\/v2\/types\/post"}],"author":[{"embeddable":true,"href":"https:\/\/lavras.tv\/site\/wp-json\/wp\/v2\/users\/2"}],"replies":[{"embeddable":true,"href":"https:\/\/lavras.tv\/site\/wp-json\/wp\/v2\/comments?post=4914"}],"version-history":[{"count":1,"href":"https:\/\/lavras.tv\/site\/wp-json\/wp\/v2\/posts\/4914\/revisions"}],"predecessor-version":[{"id":4916,"href":"https:\/\/lavras.tv\/site\/wp-json\/wp\/v2\/posts\/4914\/revisions\/4916"}],"wp:featuredmedia":[{"embeddable":true,"href":"https:\/\/lavras.tv\/site\/wp-json\/wp\/v2\/media\/4915"}],"wp:attachment":[{"href":"https:\/\/lavras.tv\/site\/wp-json\/wp\/v2\/media?parent=4914"}],"wp:term":[{"taxonomy":"category","embeddable":true,"href":"https:\/\/lavras.tv\/site\/wp-json\/wp\/v2\/categories?post=4914"},{"taxonomy":"post_tag","embeddable":true,"href":"https:\/\/lavras.tv\/site\/wp-json\/wp\/v2\/tags?post=4914"}],"curies":[{"name":"wp","href":"https:\/\/api.w.org\/{rel}","templated":true}]}}