{"id":49199,"date":"2020-09-15T15:35:12","date_gmt":"2020-09-15T18:35:12","guid":{"rendered":"http:\/\/lavras.tv\/site\/?p=49199"},"modified":"2020-09-15T15:37:23","modified_gmt":"2020-09-15T18:37:23","slug":"stf-declara-inconstitucional-a-impressao-do-voto-pela-urna-eletronica","status":"publish","type":"post","link":"https:\/\/lavras.tv\/site\/2020\/09\/15\/stf-declara-inconstitucional-a-impressao-do-voto-pela-urna-eletronica\/","title":{"rendered":"STF declara inconstitucional a impress\u00e3o do voto pela urna eletr\u00f4nica"},"content":{"rendered":"<div class=\"lavra-antes-do-conteudo_2\" id=\"lavra-151540333\"><div id=\"lavra-slider-27\" class=\"custom-slider lavra-slider-1946121254 lavra-slider\"><ul><li><div style=\"margin-left: auto;margin-right: auto;text-align: center;\" id=\"lavra-1905720326\"><a href=\"https:\/\/sistemas.lavras.mg.gov.br\/portalcidadao\/#df1b1a7c7b2a290bcb31e32771e610784662739a88807c0dacac58ede5f391a7530e299dc302d611ee73cb143fc22eaf93592e53e7b5bdb01b00a0b8d28dae460c141dd2ff83412e4dc1c31b16b25f33144a9e5620ea73b13f5bc1c59411d98439ad226e8af03840603796067d87afe130812cf3de24982d0e306f9e61e764e5\" aria-label=\"Lavras-TV&#8211;720x104px (1) (1)\"><img src=\"https:\/\/lavras.tv\/site\/wp-content\/uploads\/2025\/01\/Lavras-TV-720x104px-1-1.png\" alt=\"\"  srcset=\"https:\/\/lavras.tv\/site\/wp-content\/uploads\/2025\/01\/Lavras-TV-720x104px-1-1.png 720w, https:\/\/lavras.tv\/site\/wp-content\/uploads\/2025\/01\/Lavras-TV-720x104px-1-1-470x68.png 470w, https:\/\/lavras.tv\/site\/wp-content\/uploads\/2025\/01\/Lavras-TV-720x104px-1-1-170x25.png 170w, https:\/\/lavras.tv\/site\/wp-content\/uploads\/2025\/01\/Lavras-TV-720x104px-1-1-200x29.png 200w\" sizes=\"(max-width: 720px) 100vw, 720px\" width=\"720\" height=\"104\"  style=\"display: inline-block;\" \/><\/a><\/div><\/li><li><a href=\"https:\/\/sistemas.lavras.mg.gov.br\/portalcidadao\/#df1b1a7c7b2a290bcb31e32771e610784662739a88807c0dacac58ede5f391a7530e299dc302d611ee73cb143fc22eaf93592e53e7b5bdb01b00a0b8d28dae460c141dd2ff83412e4dc1c31b16b25f33144a9e5620ea73b13f5bc1c59411d98439ad226e8af03840603796067d87afe130812cf3de24982d0e306f9e61e764e5\" aria-label=\"Banner_Emprego_PortallavrasTV\"><img src=\"https:\/\/lavras.tv\/site\/wp-content\/uploads\/2025\/03\/Banner_Emprego_PortallavrasTV.png\" alt=\"\"  srcset=\"https:\/\/lavras.tv\/site\/wp-content\/uploads\/2025\/03\/Banner_Emprego_PortallavrasTV.png 720w, https:\/\/lavras.tv\/site\/wp-content\/uploads\/2025\/03\/Banner_Emprego_PortallavrasTV-470x68.png 470w, https:\/\/lavras.tv\/site\/wp-content\/uploads\/2025\/03\/Banner_Emprego_PortallavrasTV-170x25.png 170w, https:\/\/lavras.tv\/site\/wp-content\/uploads\/2025\/03\/Banner_Emprego_PortallavrasTV-200x29.png 200w\" sizes=\"(max-width: 720px) 100vw, 720px\" width=\"720\" height=\"104\"   \/><\/a><\/li><li><a href=\"https:\/\/sistemas.lavras.mg.gov.br\/portalcidadao\/#df1b1a7c7b2a290bcb31e32771e610784662739a88807c0dacac58ede5f391a7530e299dc302d611ee73cb143fc22eaf93592e53e7b5bdb01b00a0b8d28dae460c141dd2ff83412e4dc1c31b16b25f33144a9e5620ea73b13f5bc1c59411d98439ad226e8af03840603796067d87afe130812cf3de24982d0e306f9e61e764e5\" aria-label=\"Banner_Obras_PortallavrasTV\"><img src=\"https:\/\/lavras.tv\/site\/wp-content\/uploads\/2025\/03\/Banner_Obras_PortallavrasTV.png\" alt=\"\"  srcset=\"https:\/\/lavras.tv\/site\/wp-content\/uploads\/2025\/03\/Banner_Obras_PortallavrasTV.png 720w, https:\/\/lavras.tv\/site\/wp-content\/uploads\/2025\/03\/Banner_Obras_PortallavrasTV-470x68.png 470w, https:\/\/lavras.tv\/site\/wp-content\/uploads\/2025\/03\/Banner_Obras_PortallavrasTV-170x25.png 170w, https:\/\/lavras.tv\/site\/wp-content\/uploads\/2025\/03\/Banner_Obras_PortallavrasTV-200x29.png 200w\" sizes=\"(max-width: 720px) 100vw, 720px\" width=\"720\" height=\"104\"   \/><\/a><\/li><li><div style=\"margin-left: auto;margin-right: auto;text-align: center;\" id=\"lavra-102051026\"><a href=\"https:\/\/sistemas.lavras.mg.gov.br\/portalcidadao\/#df1b1a7c7b2a290bcb31e32771e610784662739a88807c0dacac58ede5f391a7530e299dc302d611ee73cb143fc22eaf93592e53e7b5bdb01b00a0b8d28dae460c141dd2ff83412e4dc1c31b16b25f33144a9e5620ea73b13f5bc1c59411d98439ad226e8af03840603796067d87afe130812cf3de24982d0e306f9e61e764e5\" aria-label=\"Banner_Educa\u00e7\u00e3o_PortallavrasTV\"><img src=\"https:\/\/lavras.tv\/site\/wp-content\/uploads\/2025\/01\/Banner_Educacao_PortallavrasTV.png\" alt=\"\"  srcset=\"https:\/\/lavras.tv\/site\/wp-content\/uploads\/2025\/01\/Banner_Educacao_PortallavrasTV.png 720w, https:\/\/lavras.tv\/site\/wp-content\/uploads\/2025\/01\/Banner_Educacao_PortallavrasTV-470x68.png 470w, https:\/\/lavras.tv\/site\/wp-content\/uploads\/2025\/01\/Banner_Educacao_PortallavrasTV-170x25.png 170w, https:\/\/lavras.tv\/site\/wp-content\/uploads\/2025\/01\/Banner_Educacao_PortallavrasTV-200x29.png 200w\" sizes=\"(max-width: 720px) 100vw, 720px\" width=\"720\" height=\"104\"  style=\"display: inline-block;\" \/><\/a><\/div><\/li><li><a href=\"https:\/\/sistemas.lavras.mg.gov.br\/portalcidadao\/#df1b1a7c7b2a290bcb31e32771e610784662739a88807c0dacac58ede5f391a7530e299dc302d611ee73cb143fc22eaf93592e53e7b5bdb01b00a0b8d28dae460c141dd2ff83412e4dc1c31b16b25f33144a9e5620ea73b13f5bc1c59411d98439ad226e8af03840603796067d87afe130812cf3de24982d0e306f9e61e764e5\" aria-label=\"Banner_Sa\u00fade_PortallavrasTV\"><img src=\"https:\/\/lavras.tv\/site\/wp-content\/uploads\/2025\/03\/Banner_Saude_PortallavrasTV.png\" alt=\"\"  srcset=\"https:\/\/lavras.tv\/site\/wp-content\/uploads\/2025\/03\/Banner_Saude_PortallavrasTV.png 720w, https:\/\/lavras.tv\/site\/wp-content\/uploads\/2025\/03\/Banner_Saude_PortallavrasTV-470x68.png 470w, https:\/\/lavras.tv\/site\/wp-content\/uploads\/2025\/03\/Banner_Saude_PortallavrasTV-170x25.png 170w, https:\/\/lavras.tv\/site\/wp-content\/uploads\/2025\/03\/Banner_Saude_PortallavrasTV-200x29.png 200w\" sizes=\"(max-width: 720px) 100vw, 720px\" width=\"720\" height=\"104\"   \/><\/a><\/li><li><div id=\"lavra-881016261\" style=\"width:720px;height:104px;background-color:#ddd;overflow:scroll;\">\n\t<strong>Sa\u00edda da depura\u00e7\u00e3o de an\u00fancios<\/strong>\n\t<br><br>\n\tO an\u00fancio n\u00e3o \u00e9 exibido na p\u00e1gina<br><br>post atual: STF declara inconstitucional a impress\u00e3o do voto pela urna eletr\u00f4nica, ID: 49199<br><br><span style=\"color: red;\">O post atual n\u00e3o \u00e9 id\u00eantico ao post principal.<\/span><br><br>An\u00fancios: ROXO - TOPO INTERNA - ROTATIVO 2 (197)<br \/>Grupo de an\u00fancios: Princ_Meio01_720x104 (27)<br><br>Condi\u00e7\u00f5es de exibi\u00e7\u00e3o<div style=\"margin-bottom: 20px; white-space: pre-wrap; font-family: monospace; width: 100%; background: #ffe9e9;\"><strong>condi\u00e7\u00f5es gerais<\/strong><table border=\"1\"><thead><tr><th><\/th><th>An\u00fancios<\/th><th>wp_the_query<\/th><\/tr><\/thead><tr><td>is_main_query<\/td><td>1<\/td><td>1<\/td><\/tr><tr><td>is_rest_api<\/td><td>0<\/td><td>1<\/td><\/tr><tr><td>page<\/td><td>0<\/td><td>1<\/td><\/tr><tr><td>numpages<\/td><td>0<\/td><td>1<\/td><\/tr><tr><td>is_archive<\/td><td>1<\/td><td><\/td><\/tr><tr><td>is_search<\/td><td>1<\/td><td><\/td><\/tr><tr><td>is_home<\/td><td>1<\/td><td><\/td><\/tr><tr><td>is_404<\/td><td>1<\/td><td><\/td><\/tr><tr><td>is_attachment<\/td><td>1<\/td><td><\/td><\/tr><tr><td>is_singular<\/td><td>1<\/td><td><\/td><\/tr><tr><td>is_front_page<\/td><td>1<\/td><td><\/td><\/tr><tr><td>is_feed<\/td><td>1<\/td><td><\/td><\/tr><\/table><\/div><br><br><span style=\"color: red;\">Seu site usa HTTPS, mas o c\u00f3digo do an\u00fancio cont\u00e9m HTTP e pode n\u00e3o funcionar.<\/span>\t<br><br>\n\t<a style=\"color: green;\" href=\"https:\/\/wpadvancedads.com\/manual\/ad-debug-mode\/?utm_source=advanced-ads&utm_medium=link&utm_campaign=ad-debug-mode\" target=\"_blank\" rel=\"nofollow\">Encontre solu\u00e7\u00f5es no manual<\/a>\n<\/div>\n<\/li><\/ul><\/div><script>( window.advanced_ads_ready || jQuery( document ).ready ).call( null, function() {var $lavraslider1946121254 = jQuery( \".lavra-slider-1946121254\" );$lavraslider1946121254.on( \"unslider.ready\", function() { jQuery( \"div.custom-slider ul li\" ).css( \"display\", \"block\" ); });$lavraslider1946121254.unslider({ delay:4000, autoplay:true, nav:false, arrows:false, infinite:true });$lavraslider1946121254.on(\"mouseover\", function() {$lavraslider1946121254.unslider(\"stop\");}).on(\"mouseout\", function() {$lavraslider1946121254.unslider(\"start\");});});<\/script><\/div>\n<p>O plen\u00e1rio do Supremo Tribunal Federal (STF) decidiu declarar, por maioria, inconstitucional a impress\u00e3o de um comprovante de vota\u00e7\u00e3o pela urna eletr\u00f4nica, conforme previa a minirreforma eleitoral de 2015.<img decoding=\"async\" src=\"https:\/\/agenciabrasil.ebc.com.br\/ebc.png?id=1387968&amp;o=node\"><img decoding=\"async\" src=\"https:\/\/agenciabrasil.ebc.com.br\/ebc.gif?id=1387968&amp;o=node\"><\/p>\n\n\n\n<p>A impress\u00e3o do voto j\u00e1 se encontrava&nbsp;suspensa por for\u00e7a de uma liminar&nbsp;(decis\u00e3o provis\u00f3ria) concedida tamb\u00e9m pelo plen\u00e1rio do Supremo, em junho de 2018, alguns meses antes da elei\u00e7\u00e3o presidencial daquele ano.<\/p>\n\n\n\n<p>A liminar havia sido pedida pela ent\u00e3o procuradora-geral da Rep\u00fablica, Raquel Dodge, que entre outros argumentos disse haver o risco de o sigilo do voto ser violado. Seria o caso, por exemplo, das pessoas com defici\u00eancia visual, que necessitariam de aux\u00edlio para verificar as informa\u00e7\u00f5es no voto impresso.<\/p>\n\n\n\n<div class=\"wp-block-image\"><figure class=\"aligncenter size-large\"><img fetchpriority=\"high\" decoding=\"async\" width=\"970\" height=\"580\" src=\"http:\/\/lavras.tv\/site\/wp-content\/uploads\/2020\/09\/urna-fim-970x580.jpg\" alt=\"\" class=\"wp-image-49200\" srcset=\"https:\/\/lavras.tv\/site\/wp-content\/uploads\/2020\/09\/urna-fim-970x580.jpg 970w, https:\/\/lavras.tv\/site\/wp-content\/uploads\/2020\/09\/urna-fim-470x281.jpg 470w, https:\/\/lavras.tv\/site\/wp-content\/uploads\/2020\/09\/urna-fim-170x102.jpg 170w, https:\/\/lavras.tv\/site\/wp-content\/uploads\/2020\/09\/urna-fim.jpg 1170w\" sizes=\"(max-width: 970px) 100vw, 970px\" \/><\/figure><\/div>\n\n\n\n<p><\/p>\n\n\n\n<p>Com a decis\u00e3o de agora, torna-se definitivo o entendimento do relator da a\u00e7\u00e3o, ministro Gilmar Mendes, que concordou ser o voto impresso inconstitucional por amea\u00e7ar a inviolabilidade do sigilo da vota\u00e7\u00e3o e ainda favorecer fraudes eleitorais.<\/p>\n\n\n\n<p>O julgamento foi realizado na sess\u00e3o encerrada \u00e0s 23h59 de&nbsp;segunda-feira (14) do plen\u00e1rio virtual, ambiente digital em que os ministros t\u00eam um prazo, em geral de uma semana, para votar remotamente por escrito.<\/p>\n\n\n\n<p>A impress\u00e3o do voto foi aprovada em 2015 no Congresso com a justificativa de garantir meios para embasar eventuais auditorias nas urnas eletr\u00f4nicas. A ent\u00e3o presidente Dilma Rousseff chegou a vetar a medida, alegando entre outros pontos o \u201calto custo\u201d de implementa\u00e7\u00e3o, de R$ 1,6 bilh\u00e3o, segundo o Tribunal Superior Eleitoral (TSE). O veto, entretanto, foi depois derrubado pelos parlamentares. &nbsp;&nbsp;&nbsp;&nbsp;&nbsp;&nbsp;&nbsp;&nbsp;&nbsp;<\/p>\n\n\n\n<h2 class=\"wp-block-heading\">Relator<\/h2>\n\n\n\n<p>Em seu voto, Mendes destacou que n\u00e3o se pode utilizar \u201cuma impressora qualquer\u201d para a emiss\u00e3o do voto, sendo necess\u00e1rio o desenvolvimento de um equipamento ao mesmo tempo &#8220;inexpugn\u00e1vel&#8221; e capaz de inserir o comprovante de vota\u00e7\u00e3o em um inv\u00f3lucro lacrado.<\/p>\n\n\n\n<p>\u201cSe assim n\u00e3o for, em vez de aumentar a seguran\u00e7a das vota\u00e7\u00f5es, a impress\u00e3o do registro ser\u00e1 fr\u00e1gil como meio de confirma\u00e7\u00e3o do resultado e, pior, poder\u00e1 servir a fraudes e a viola\u00e7\u00e3o do sigilo das vota\u00e7\u00f5es\u201d, escreveu o ministro.<\/p>\n\n\n\n<p>Mesmo que fosse poss\u00edvel a produ\u00e7\u00e3o de tal equipamento, ainda haveria o desafio de program\u00e1-lo com um&nbsp;<em>software<\/em>&nbsp;compat\u00edvel com os requisitos de seguran\u00e7a da urna eletr\u00f4nica, destacou Gilmar Mendes.<\/p>\n\n\n\n<p>\u201cDe outra forma, a impressora poderia ser uma via para\u00a0<em>hackear<\/em>\u00a0a urna, alterando os resultados da vota\u00e7\u00e3o eletr\u00f4nica e criando rastros de papel que, supostamente, os confirmassem\u201d, afirmou o ministro, que foi seguido pela maioria do plen\u00e1rio do Supremo.<\/p>\n\n\n\n<p>Fonte: Ag\u00eancia Brasil<\/p>\n","protected":false},"excerpt":{"rendered":"<p>O plen\u00e1rio do Supremo Tribunal Federal (STF) decidiu declarar, por maioria, inconstitucional a impress\u00e3o de um comprovante de vota\u00e7\u00e3o pela urna eletr\u00f4nica, conforme previa a minirreforma eleitoral de 2015. A impress\u00e3o do voto j\u00e1 se encontrava&nbsp;suspensa por for\u00e7a de uma liminar&nbsp;(decis\u00e3o provis\u00f3ria) concedida tamb\u00e9m pelo plen\u00e1rio do Supremo, em junho de 2018, alguns meses antes [&hellip;]<\/p>\n","protected":false},"author":2,"featured_media":49200,"comment_status":"closed","ping_status":"open","sticky":false,"template":"","format":"standard","meta":{"advgb_blocks_editor_width":"","advgb_blocks_columns_visual_guide":"","_exactmetrics_skip_tracking":false,"_exactmetrics_sitenote_active":false,"_exactmetrics_sitenote_note":"","_exactmetrics_sitenote_category":0,"footnotes":""},"categories":[7,2,12],"tags":[],"class_list":["post-49199","post","type-post","status-publish","format-standard","has-post-thumbnail","hentry","category-destaques","category-noticias","category-politica"],"better_featured_image":{"id":49200,"alt_text":"","caption":"","description":"","media_type":"image","media_details":{"width":1170,"height":700,"file":"2020\/09\/urna-fim.jpg","sizes":{"medium":{"file":"urna-fim-470x281.jpg","width":470,"height":281,"mime-type":"image\/jpeg","source_url":"https:\/\/lavras.tv\/site\/wp-content\/uploads\/2020\/09\/urna-fim-470x281.jpg"},"large":{"file":"urna-fim-970x580.jpg","width":970,"height":580,"mime-type":"image\/jpeg","source_url":"https:\/\/lavras.tv\/site\/wp-content\/uploads\/2020\/09\/urna-fim-970x580.jpg"},"thumbnail":{"file":"urna-fim-170x102.jpg","width":170,"height":102,"mime-type":"image\/jpeg","source_url":"https:\/\/lavras.tv\/site\/wp-content\/uploads\/2020\/09\/urna-fim-170x102.jpg"},"alm-thumbnail":{"file":"urna-fim-150x150.jpg","width":150,"height":150,"mime-type":"image\/jpeg","source_url":"https:\/\/lavras.tv\/site\/wp-content\/uploads\/2020\/09\/urna-fim-150x150.jpg"}},"image_meta":{"aperture":"0","credit":"","camera":"","caption":"","created_timestamp":"0","copyright":"","focal_length":"0","iso":"0","shutter_speed":"0","title":"","orientation":"0","keywords":[]}},"post":49199,"source_url":"https:\/\/lavras.tv\/site\/wp-content\/uploads\/2020\/09\/urna-fim.jpg"},"author_meta":{"display_name":"Lavras TV","author_link":"https:\/\/lavras.tv\/site\/author\/lavrastv\/"},"featured_img":"https:\/\/lavras.tv\/site\/wp-content\/uploads\/2020\/09\/urna-fim-470x281.jpg","coauthors":[],"tax_additional":{"categories":{"linked":["<a href=\"https:\/\/lavras.tv\/site\/category\/destaques\/\" class=\"advgb-post-tax-term\">Destaques<\/a>","<a href=\"https:\/\/lavras.tv\/site\/category\/noticias\/\" class=\"advgb-post-tax-term\">Not\u00edcias<\/a>","<a href=\"https:\/\/lavras.tv\/site\/category\/politica\/\" class=\"advgb-post-tax-term\">Pol\u00edtica<\/a>"],"unlinked":["<span class=\"advgb-post-tax-term\">Destaques<\/span>","<span class=\"advgb-post-tax-term\">Not\u00edcias<\/span>","<span class=\"advgb-post-tax-term\">Pol\u00edtica<\/span>"]}},"comment_count":"0","relative_dates":{"created":"Publicado 6 anos atr\u00e1s","modified":"Atualizado 6 anos atr\u00e1s"},"absolute_dates":{"created":"Publicado em 15 de setembro de 2020","modified":"Atualizado em 15 de setembro de 2020"},"absolute_dates_time":{"created":"Publicado em 15 de setembro de 2020 15:35","modified":"Atualizado em 15 de setembro de 2020 15:37"},"featured_img_caption":"","series_order":"","_links":{"self":[{"href":"https:\/\/lavras.tv\/site\/wp-json\/wp\/v2\/posts\/49199","targetHints":{"allow":["GET"]}}],"collection":[{"href":"https:\/\/lavras.tv\/site\/wp-json\/wp\/v2\/posts"}],"about":[{"href":"https:\/\/lavras.tv\/site\/wp-json\/wp\/v2\/types\/post"}],"author":[{"embeddable":true,"href":"https:\/\/lavras.tv\/site\/wp-json\/wp\/v2\/users\/2"}],"replies":[{"embeddable":true,"href":"https:\/\/lavras.tv\/site\/wp-json\/wp\/v2\/comments?post=49199"}],"version-history":[{"count":3,"href":"https:\/\/lavras.tv\/site\/wp-json\/wp\/v2\/posts\/49199\/revisions"}],"predecessor-version":[{"id":49203,"href":"https:\/\/lavras.tv\/site\/wp-json\/wp\/v2\/posts\/49199\/revisions\/49203"}],"wp:featuredmedia":[{"embeddable":true,"href":"https:\/\/lavras.tv\/site\/wp-json\/wp\/v2\/media\/49200"}],"wp:attachment":[{"href":"https:\/\/lavras.tv\/site\/wp-json\/wp\/v2\/media?parent=49199"}],"wp:term":[{"taxonomy":"category","embeddable":true,"href":"https:\/\/lavras.tv\/site\/wp-json\/wp\/v2\/categories?post=49199"},{"taxonomy":"post_tag","embeddable":true,"href":"https:\/\/lavras.tv\/site\/wp-json\/wp\/v2\/tags?post=49199"}],"curies":[{"name":"wp","href":"https:\/\/api.w.org\/{rel}","templated":true}]}}