{"id":49224,"date":"2020-09-17T13:24:00","date_gmt":"2020-09-17T16:24:00","guid":{"rendered":"http:\/\/lavras.tv\/site\/?p=49224"},"modified":"2020-09-17T13:24:02","modified_gmt":"2020-09-17T16:24:02","slug":"eleicoes-2020-partidos-indicam-mais-tres-candidatos-a-prefeito-em-lavras","status":"publish","type":"post","link":"https:\/\/lavras.tv\/site\/2020\/09\/17\/eleicoes-2020-partidos-indicam-mais-tres-candidatos-a-prefeito-em-lavras\/","title":{"rendered":"Elei\u00e7\u00f5es 2020: Partidos indicam mais tr\u00eas candidatos a prefeito em Lavras"},"content":{"rendered":"<div class=\"lavra-antes-do-conteudo_2\" id=\"lavra-2452187054\"><div id=\"lavra-slider-27\" class=\"custom-slider lavra-slider-2441608653 lavra-slider\"><ul><li><div style=\"margin-left: auto;margin-right: auto;text-align: center;\" id=\"lavra-2399552614\"><a href=\"https:\/\/sistemas.lavras.mg.gov.br\/portalcidadao\/#df1b1a7c7b2a290bcb31e32771e610784662739a88807c0dacac58ede5f391a7530e299dc302d611ee73cb143fc22eaf93592e53e7b5bdb01b00a0b8d28dae460c141dd2ff83412e4dc1c31b16b25f33144a9e5620ea73b13f5bc1c59411d98439ad226e8af03840603796067d87afe130812cf3de24982d0e306f9e61e764e5\" aria-label=\"Lavras-TV&#8211;720x104px (1) (1)\"><img src=\"https:\/\/lavras.tv\/site\/wp-content\/uploads\/2025\/01\/Lavras-TV-720x104px-1-1.png\" alt=\"\"  srcset=\"https:\/\/lavras.tv\/site\/wp-content\/uploads\/2025\/01\/Lavras-TV-720x104px-1-1.png 720w, https:\/\/lavras.tv\/site\/wp-content\/uploads\/2025\/01\/Lavras-TV-720x104px-1-1-470x68.png 470w, https:\/\/lavras.tv\/site\/wp-content\/uploads\/2025\/01\/Lavras-TV-720x104px-1-1-170x25.png 170w, https:\/\/lavras.tv\/site\/wp-content\/uploads\/2025\/01\/Lavras-TV-720x104px-1-1-200x29.png 200w\" sizes=\"(max-width: 720px) 100vw, 720px\" width=\"720\" height=\"104\"  style=\"display: inline-block;\" \/><\/a><\/div><\/li><li><a href=\"https:\/\/sistemas.lavras.mg.gov.br\/portalcidadao\/#df1b1a7c7b2a290bcb31e32771e610784662739a88807c0dacac58ede5f391a7530e299dc302d611ee73cb143fc22eaf93592e53e7b5bdb01b00a0b8d28dae460c141dd2ff83412e4dc1c31b16b25f33144a9e5620ea73b13f5bc1c59411d98439ad226e8af03840603796067d87afe130812cf3de24982d0e306f9e61e764e5\" aria-label=\"Banner_Emprego_PortallavrasTV\"><img src=\"https:\/\/lavras.tv\/site\/wp-content\/uploads\/2025\/03\/Banner_Emprego_PortallavrasTV.png\" alt=\"\"  srcset=\"https:\/\/lavras.tv\/site\/wp-content\/uploads\/2025\/03\/Banner_Emprego_PortallavrasTV.png 720w, https:\/\/lavras.tv\/site\/wp-content\/uploads\/2025\/03\/Banner_Emprego_PortallavrasTV-470x68.png 470w, https:\/\/lavras.tv\/site\/wp-content\/uploads\/2025\/03\/Banner_Emprego_PortallavrasTV-170x25.png 170w, https:\/\/lavras.tv\/site\/wp-content\/uploads\/2025\/03\/Banner_Emprego_PortallavrasTV-200x29.png 200w\" sizes=\"(max-width: 720px) 100vw, 720px\" width=\"720\" height=\"104\"   \/><\/a><\/li><li><a href=\"https:\/\/sistemas.lavras.mg.gov.br\/portalcidadao\/#df1b1a7c7b2a290bcb31e32771e610784662739a88807c0dacac58ede5f391a7530e299dc302d611ee73cb143fc22eaf93592e53e7b5bdb01b00a0b8d28dae460c141dd2ff83412e4dc1c31b16b25f33144a9e5620ea73b13f5bc1c59411d98439ad226e8af03840603796067d87afe130812cf3de24982d0e306f9e61e764e5\" aria-label=\"Banner_Obras_PortallavrasTV\"><img src=\"https:\/\/lavras.tv\/site\/wp-content\/uploads\/2025\/03\/Banner_Obras_PortallavrasTV.png\" alt=\"\"  srcset=\"https:\/\/lavras.tv\/site\/wp-content\/uploads\/2025\/03\/Banner_Obras_PortallavrasTV.png 720w, https:\/\/lavras.tv\/site\/wp-content\/uploads\/2025\/03\/Banner_Obras_PortallavrasTV-470x68.png 470w, https:\/\/lavras.tv\/site\/wp-content\/uploads\/2025\/03\/Banner_Obras_PortallavrasTV-170x25.png 170w, https:\/\/lavras.tv\/site\/wp-content\/uploads\/2025\/03\/Banner_Obras_PortallavrasTV-200x29.png 200w\" sizes=\"(max-width: 720px) 100vw, 720px\" width=\"720\" height=\"104\"   \/><\/a><\/li><li><div style=\"margin-left: auto;margin-right: auto;text-align: center;\" id=\"lavra-2061844016\"><a href=\"https:\/\/sistemas.lavras.mg.gov.br\/portalcidadao\/#df1b1a7c7b2a290bcb31e32771e610784662739a88807c0dacac58ede5f391a7530e299dc302d611ee73cb143fc22eaf93592e53e7b5bdb01b00a0b8d28dae460c141dd2ff83412e4dc1c31b16b25f33144a9e5620ea73b13f5bc1c59411d98439ad226e8af03840603796067d87afe130812cf3de24982d0e306f9e61e764e5\" aria-label=\"Banner_Educa\u00e7\u00e3o_PortallavrasTV\"><img src=\"https:\/\/lavras.tv\/site\/wp-content\/uploads\/2025\/01\/Banner_Educacao_PortallavrasTV.png\" alt=\"\"  srcset=\"https:\/\/lavras.tv\/site\/wp-content\/uploads\/2025\/01\/Banner_Educacao_PortallavrasTV.png 720w, https:\/\/lavras.tv\/site\/wp-content\/uploads\/2025\/01\/Banner_Educacao_PortallavrasTV-470x68.png 470w, https:\/\/lavras.tv\/site\/wp-content\/uploads\/2025\/01\/Banner_Educacao_PortallavrasTV-170x25.png 170w, https:\/\/lavras.tv\/site\/wp-content\/uploads\/2025\/01\/Banner_Educacao_PortallavrasTV-200x29.png 200w\" sizes=\"(max-width: 720px) 100vw, 720px\" width=\"720\" height=\"104\"  style=\"display: inline-block;\" \/><\/a><\/div><\/li><li><a href=\"https:\/\/sistemas.lavras.mg.gov.br\/portalcidadao\/#df1b1a7c7b2a290bcb31e32771e610784662739a88807c0dacac58ede5f391a7530e299dc302d611ee73cb143fc22eaf93592e53e7b5bdb01b00a0b8d28dae460c141dd2ff83412e4dc1c31b16b25f33144a9e5620ea73b13f5bc1c59411d98439ad226e8af03840603796067d87afe130812cf3de24982d0e306f9e61e764e5\" aria-label=\"Banner_Sa\u00fade_PortallavrasTV\"><img src=\"https:\/\/lavras.tv\/site\/wp-content\/uploads\/2025\/03\/Banner_Saude_PortallavrasTV.png\" alt=\"\"  srcset=\"https:\/\/lavras.tv\/site\/wp-content\/uploads\/2025\/03\/Banner_Saude_PortallavrasTV.png 720w, https:\/\/lavras.tv\/site\/wp-content\/uploads\/2025\/03\/Banner_Saude_PortallavrasTV-470x68.png 470w, https:\/\/lavras.tv\/site\/wp-content\/uploads\/2025\/03\/Banner_Saude_PortallavrasTV-170x25.png 170w, https:\/\/lavras.tv\/site\/wp-content\/uploads\/2025\/03\/Banner_Saude_PortallavrasTV-200x29.png 200w\" sizes=\"(max-width: 720px) 100vw, 720px\" width=\"720\" height=\"104\"   \/><\/a><\/li><li><div id=\"lavra-4238654238\" style=\"width:720px;height:104px;background-color:#ddd;overflow:scroll;\">\n\t<strong>Sa\u00edda da depura\u00e7\u00e3o de an\u00fancios<\/strong>\n\t<br><br>\n\tO an\u00fancio n\u00e3o \u00e9 exibido na p\u00e1gina<br><br>post atual: Elei\u00e7\u00f5es 2020: Partidos indicam mais tr\u00eas candidatos a prefeito em Lavras, ID: 49224<br><br><span style=\"color: red;\">O post atual n\u00e3o \u00e9 id\u00eantico ao post principal.<\/span><br><br>An\u00fancios: ROXO - TOPO INTERNA - ROTATIVO 2 (197)<br \/>Grupo de an\u00fancios: Princ_Meio01_720x104 (27)<br><br>Condi\u00e7\u00f5es de exibi\u00e7\u00e3o<div style=\"margin-bottom: 20px; white-space: pre-wrap; font-family: monospace; width: 100%; background: #ffe9e9;\"><strong>condi\u00e7\u00f5es gerais<\/strong><table border=\"1\"><thead><tr><th><\/th><th>An\u00fancios<\/th><th>wp_the_query<\/th><\/tr><\/thead><tr><td>is_main_query<\/td><td>1<\/td><td>1<\/td><\/tr><tr><td>is_rest_api<\/td><td>0<\/td><td>1<\/td><\/tr><tr><td>page<\/td><td>0<\/td><td>1<\/td><\/tr><tr><td>numpages<\/td><td>0<\/td><td>1<\/td><\/tr><tr><td>is_archive<\/td><td>1<\/td><td><\/td><\/tr><tr><td>is_search<\/td><td>1<\/td><td><\/td><\/tr><tr><td>is_home<\/td><td>1<\/td><td><\/td><\/tr><tr><td>is_404<\/td><td>1<\/td><td><\/td><\/tr><tr><td>is_attachment<\/td><td>1<\/td><td><\/td><\/tr><tr><td>is_singular<\/td><td>1<\/td><td><\/td><\/tr><tr><td>is_front_page<\/td><td>1<\/td><td><\/td><\/tr><tr><td>is_feed<\/td><td>1<\/td><td><\/td><\/tr><\/table><\/div><br><br><span style=\"color: red;\">Seu site usa HTTPS, mas o c\u00f3digo do an\u00fancio cont\u00e9m HTTP e pode n\u00e3o funcionar.<\/span>\t<br><br>\n\t<a style=\"color: green;\" href=\"https:\/\/wpadvancedads.com\/manual\/ad-debug-mode\/?utm_source=advanced-ads&utm_medium=link&utm_campaign=ad-debug-mode\" target=\"_blank\" rel=\"nofollow\">Encontre solu\u00e7\u00f5es no manual<\/a>\n<\/div>\n<\/li><\/ul><\/div><script>( window.advanced_ads_ready || jQuery( document ).ready ).call( null, function() {var $lavraslider2441608653 = jQuery( \".lavra-slider-2441608653\" );$lavraslider2441608653.on( \"unslider.ready\", function() { jQuery( \"div.custom-slider ul li\" ).css( \"display\", \"block\" ); });$lavraslider2441608653.unslider({ delay:4000, autoplay:true, nav:false, arrows:false, infinite:true });$lavraslider2441608653.on(\"mouseover\", function() {$lavraslider2441608653.unslider(\"stop\");}).on(\"mouseout\", function() {$lavraslider2441608653.unslider(\"start\");});});<\/script><\/div>\n<p>O calend\u00e1rio eleitoral de 2020 encerrou ontem, dia 16, o prazo para a realiza\u00e7\u00e3o das conven\u00e7\u00f5es partid\u00e1rias que indicam os candidatos que v\u00e3o disputar os cargos municipais nas Elei\u00e7\u00f5es 2020, marcadas para o pr\u00f3ximo dia 15 de novembro.<\/p>\n\n\n\n<p>Com o fim das conven\u00e7\u00f5es, mais tr\u00eas candidatos foram indicados para disputar o cargo de prefeito em Lavras. Confira:<\/p>\n\n\n\n<p><strong>Volpato e Carlos Luz<\/strong><\/p>\n\n\n\n<p>No dia 13 de setembro, o PT realizou a conven\u00e7\u00e3o que indicou o nome do professor universit\u00e1rio Carlos Eduardo Volpato para concorrer ao cargo de prefeito. Ele \u00e9 casado, pai de dois filhos e disputa a elei\u00e7\u00e3o pela primeira vez. O nome escolhido para ser o vice-prefeito da chapa \u00e9 o do estudante Carlos Luz, tamb\u00e9m do PT.<\/p>\n\n\n\n<div class=\"wp-block-image\"><figure class=\"aligncenter size-large\"><img fetchpriority=\"high\" decoding=\"async\" width=\"970\" height=\"813\" src=\"http:\/\/lavras.tv\/site\/wp-content\/uploads\/2020\/09\/119737739_804085170133356_1126163890028975333_n-1-970x813.png\" alt=\"\" class=\"wp-image-49226\" srcset=\"https:\/\/lavras.tv\/site\/wp-content\/uploads\/2020\/09\/119737739_804085170133356_1126163890028975333_n-1-970x813.png 970w, https:\/\/lavras.tv\/site\/wp-content\/uploads\/2020\/09\/119737739_804085170133356_1126163890028975333_n-1-358x300.png 358w, https:\/\/lavras.tv\/site\/wp-content\/uploads\/2020\/09\/119737739_804085170133356_1126163890028975333_n-1-170x143.png 170w, https:\/\/lavras.tv\/site\/wp-content\/uploads\/2020\/09\/119737739_804085170133356_1126163890028975333_n-1-1536x1288.png 1536w, https:\/\/lavras.tv\/site\/wp-content\/uploads\/2020\/09\/119737739_804085170133356_1126163890028975333_n-1.png 1880w\" sizes=\"(max-width: 970px) 100vw, 970px\" \/><figcaption>Professor Volpato e Carlos Luz<\/figcaption><\/figure><\/div>\n\n\n\n<p>A chapa &#8220;Lavras por todos e para todos&#8221; n\u00e3o ter\u00e1 coliga\u00e7\u00f5es. Segundo o professor Volpato, eles pretendem fazer uma campanha com o minimo de res\u00edduos s\u00f3lidos (lixo nas ruas). O partido vai lan\u00e7ar 10 candidatos a vereador.<\/p>\n\n\n\n<p><strong>Jussara e Crepaldi<\/strong> <\/p>\n\n\n\n<p>Na tarde de quarta-feira, dia 16, o PSD lan\u00e7ou o nome da advogada Jussara Menicucci para concorrer \u00e0 prefeitura. Jussara \u00e9 casada, m\u00e3e de tr\u00eas filhas e j\u00e1 foi prefeita de Lavras por tr\u00eas mandatos. O candidato a vice-prefeito desta chapa \u00e9 o contador e empres\u00e1rio Rodolfo Crepaldi, do PMDB. <\/p>\n\n\n\n<div class=\"wp-block-image\"><figure class=\"aligncenter size-large\"><img decoding=\"async\" width=\"512\" height=\"301\" src=\"http:\/\/lavras.tv\/site\/wp-content\/uploads\/2020\/09\/119788562_367679224621959_325305888595421538_n.jpg\" alt=\"\" class=\"wp-image-49229\" srcset=\"https:\/\/lavras.tv\/site\/wp-content\/uploads\/2020\/09\/119788562_367679224621959_325305888595421538_n.jpg 512w, https:\/\/lavras.tv\/site\/wp-content\/uploads\/2020\/09\/119788562_367679224621959_325305888595421538_n-470x276.jpg 470w, https:\/\/lavras.tv\/site\/wp-content\/uploads\/2020\/09\/119788562_367679224621959_325305888595421538_n-170x100.jpg 170w\" sizes=\"(max-width: 512px) 100vw, 512px\" \/><figcaption>Rodolfo Crepaldi e Jussara Menicucci<\/figcaption><\/figure><\/div>\n\n\n\n<p>A coliga\u00e7\u00e3o deles ainda re\u00fane os partidos CIDADANIA, PL, MDB, PSDB, REPUBLICANOS e PTB. A coliga\u00e7\u00e3o deve lan\u00e7ar 105 candidatos a vereador.<\/p>\n\n\n\n<p><strong>D\u00e2mina e Duti<\/strong><br><br>Quem tamb\u00e9m confirmou a candidatura ao cargo de prefeita de Lavras \u00e9 a ex-deputada federal Damina Pereira, do PODEMOS. Ela vai disputar a vaga na prefeitura pela primeira vez. O escolhido para compor a chapa no cargo de vice, \u00e9 o atual vice-prefeito, Duti, do PSD. <\/p>\n\n\n\n<div class=\"wp-block-image\"><figure class=\"aligncenter size-large\"><img decoding=\"async\" width=\"960\" height=\"540\" src=\"http:\/\/lavras.tv\/site\/wp-content\/uploads\/2020\/09\/119836307_1539159129609498_3305116606081365205_n.jpg\" alt=\"\" class=\"wp-image-49230\" srcset=\"https:\/\/lavras.tv\/site\/wp-content\/uploads\/2020\/09\/119836307_1539159129609498_3305116606081365205_n.jpg 960w, https:\/\/lavras.tv\/site\/wp-content\/uploads\/2020\/09\/119836307_1539159129609498_3305116606081365205_n-470x264.jpg 470w, https:\/\/lavras.tv\/site\/wp-content\/uploads\/2020\/09\/119836307_1539159129609498_3305116606081365205_n-170x96.jpg 170w\" sizes=\"(max-width: 960px) 100vw, 960px\" \/><figcaption>D\u00e2mina Pereira e Duti<\/figcaption><\/figure><\/div>\n\n\n\n<p>A coliga\u00e7\u00e3o &#8220;Juntos podemos mais&#8221; tamb\u00e9m conta com os partidos PDT, PP e PV. Damina disse que o trabalho \u00e9 grande mas que junto com os vereadores pretende fazer de Lavras uma cidade refer\u00eancia para o estado. A chapa vai lan\u00e7ar 64 candidatos a vereador.<\/p>\n\n\n\n<p><\/p>\n\n\n\n<p><\/p>\n","protected":false},"excerpt":{"rendered":"<p>O calend\u00e1rio eleitoral de 2020 encerrou ontem, dia 16, o prazo para a realiza\u00e7\u00e3o das conven\u00e7\u00f5es partid\u00e1rias que indicam os candidatos que v\u00e3o disputar os cargos municipais nas Elei\u00e7\u00f5es 2020, marcadas para o pr\u00f3ximo dia 15 de novembro. Com o fim das conven\u00e7\u00f5es, mais tr\u00eas candidatos foram indicados para disputar o cargo de prefeito em [&hellip;]<\/p>\n","protected":false},"author":2,"featured_media":49231,"comment_status":"closed","ping_status":"open","sticky":false,"template":"","format":"standard","meta":{"advgb_blocks_editor_width":"","advgb_blocks_columns_visual_guide":"","_exactmetrics_skip_tracking":false,"_exactmetrics_sitenote_active":false,"_exactmetrics_sitenote_note":"","_exactmetrics_sitenote_category":0,"footnotes":""},"categories":[7,2,12],"tags":[],"class_list":["post-49224","post","type-post","status-publish","format-standard","has-post-thumbnail","hentry","category-destaques","category-noticias","category-politica"],"better_featured_image":{"id":49231,"alt_text":"","caption":"","description":"","media_type":"image","media_details":{"width":782,"height":782,"file":"2020\/09\/119668811_345286943469396_8246678664484491986_n.jpg","sizes":{"medium":{"file":"119668811_345286943469396_8246678664484491986_n-300x300.jpg","width":300,"height":300,"mime-type":"image\/jpeg","source_url":"https:\/\/lavras.tv\/site\/wp-content\/uploads\/2020\/09\/119668811_345286943469396_8246678664484491986_n-300x300.jpg"},"thumbnail":{"file":"119668811_345286943469396_8246678664484491986_n-150x150.jpg","width":150,"height":150,"mime-type":"image\/jpeg","source_url":"https:\/\/lavras.tv\/site\/wp-content\/uploads\/2020\/09\/119668811_345286943469396_8246678664484491986_n-150x150.jpg"},"alm-thumbnail":{"file":"119668811_345286943469396_8246678664484491986_n-150x150.jpg","width":150,"height":150,"mime-type":"image\/jpeg","source_url":"https:\/\/lavras.tv\/site\/wp-content\/uploads\/2020\/09\/119668811_345286943469396_8246678664484491986_n-150x150.jpg"}},"image_meta":{"aperture":"0","credit":"","camera":"","caption":"","created_timestamp":"0","copyright":"","focal_length":"0","iso":"0","shutter_speed":"0","title":"","orientation":"0","keywords":[]}},"post":49224,"source_url":"https:\/\/lavras.tv\/site\/wp-content\/uploads\/2020\/09\/119668811_345286943469396_8246678664484491986_n.jpg"},"author_meta":{"display_name":"Lavras TV","author_link":"https:\/\/lavras.tv\/site\/author\/lavrastv\/"},"featured_img":"https:\/\/lavras.tv\/site\/wp-content\/uploads\/2020\/09\/119668811_345286943469396_8246678664484491986_n-300x300.jpg","coauthors":[],"tax_additional":{"categories":{"linked":["<a href=\"https:\/\/lavras.tv\/site\/category\/destaques\/\" class=\"advgb-post-tax-term\">Destaques<\/a>","<a href=\"https:\/\/lavras.tv\/site\/category\/noticias\/\" class=\"advgb-post-tax-term\">Not\u00edcias<\/a>","<a href=\"https:\/\/lavras.tv\/site\/category\/politica\/\" class=\"advgb-post-tax-term\">Pol\u00edtica<\/a>"],"unlinked":["<span class=\"advgb-post-tax-term\">Destaques<\/span>","<span class=\"advgb-post-tax-term\">Not\u00edcias<\/span>","<span class=\"advgb-post-tax-term\">Pol\u00edtica<\/span>"]}},"comment_count":"0","relative_dates":{"created":"Publicado 6 anos atr\u00e1s","modified":"Atualizado 6 anos atr\u00e1s"},"absolute_dates":{"created":"Publicado em 17 de setembro de 2020","modified":"Atualizado em 17 de setembro de 2020"},"absolute_dates_time":{"created":"Publicado em 17 de setembro de 2020 13:24","modified":"Atualizado em 17 de setembro de 2020 13:24"},"featured_img_caption":"","series_order":"","_links":{"self":[{"href":"https:\/\/lavras.tv\/site\/wp-json\/wp\/v2\/posts\/49224","targetHints":{"allow":["GET"]}}],"collection":[{"href":"https:\/\/lavras.tv\/site\/wp-json\/wp\/v2\/posts"}],"about":[{"href":"https:\/\/lavras.tv\/site\/wp-json\/wp\/v2\/types\/post"}],"author":[{"embeddable":true,"href":"https:\/\/lavras.tv\/site\/wp-json\/wp\/v2\/users\/2"}],"replies":[{"embeddable":true,"href":"https:\/\/lavras.tv\/site\/wp-json\/wp\/v2\/comments?post=49224"}],"version-history":[{"count":1,"href":"https:\/\/lavras.tv\/site\/wp-json\/wp\/v2\/posts\/49224\/revisions"}],"predecessor-version":[{"id":49232,"href":"https:\/\/lavras.tv\/site\/wp-json\/wp\/v2\/posts\/49224\/revisions\/49232"}],"wp:featuredmedia":[{"embeddable":true,"href":"https:\/\/lavras.tv\/site\/wp-json\/wp\/v2\/media\/49231"}],"wp:attachment":[{"href":"https:\/\/lavras.tv\/site\/wp-json\/wp\/v2\/media?parent=49224"}],"wp:term":[{"taxonomy":"category","embeddable":true,"href":"https:\/\/lavras.tv\/site\/wp-json\/wp\/v2\/categories?post=49224"},{"taxonomy":"post_tag","embeddable":true,"href":"https:\/\/lavras.tv\/site\/wp-json\/wp\/v2\/tags?post=49224"}],"curies":[{"name":"wp","href":"https:\/\/api.w.org\/{rel}","templated":true}]}}