{"id":49369,"date":"2020-09-28T10:08:55","date_gmt":"2020-09-28T13:08:55","guid":{"rendered":"http:\/\/lavras.tv\/site\/?p=49369"},"modified":"2020-09-28T10:12:58","modified_gmt":"2020-09-28T13:12:58","slug":"eleicoes-2020-lavras-tem-5-candidaturas-registradas-na-disputa-pelo-cargo-de-prefeito-e-250-para-vereador","status":"publish","type":"post","link":"https:\/\/lavras.tv\/site\/2020\/09\/28\/eleicoes-2020-lavras-tem-5-candidaturas-registradas-na-disputa-pelo-cargo-de-prefeito-e-250-para-vereador\/","title":{"rendered":"Elei\u00e7\u00f5es 2020: Lavras tem 5 candidaturas registradas na disputa pelo cargo de prefeito e 250 para vereador"},"content":{"rendered":"<div class=\"lavra-antes-do-conteudo_2\" id=\"lavra-162773498\"><div id=\"lavra-slider-27\" class=\"custom-slider lavra-slider-1553636400 lavra-slider\"><ul><li><div style=\"margin-left: auto;margin-right: auto;text-align: center;\" id=\"lavra-470331770\"><a href=\"https:\/\/sistemas.lavras.mg.gov.br\/portalcidadao\/#df1b1a7c7b2a290bcb31e32771e610784662739a88807c0dacac58ede5f391a7530e299dc302d611ee73cb143fc22eaf93592e53e7b5bdb01b00a0b8d28dae460c141dd2ff83412e4dc1c31b16b25f33144a9e5620ea73b13f5bc1c59411d98439ad226e8af03840603796067d87afe130812cf3de24982d0e306f9e61e764e5\" aria-label=\"Lavras-TV&#8211;720x104px (1) (1)\"><img src=\"https:\/\/lavras.tv\/site\/wp-content\/uploads\/2025\/01\/Lavras-TV-720x104px-1-1.png\" alt=\"\"  srcset=\"https:\/\/lavras.tv\/site\/wp-content\/uploads\/2025\/01\/Lavras-TV-720x104px-1-1.png 720w, https:\/\/lavras.tv\/site\/wp-content\/uploads\/2025\/01\/Lavras-TV-720x104px-1-1-470x68.png 470w, https:\/\/lavras.tv\/site\/wp-content\/uploads\/2025\/01\/Lavras-TV-720x104px-1-1-170x25.png 170w, https:\/\/lavras.tv\/site\/wp-content\/uploads\/2025\/01\/Lavras-TV-720x104px-1-1-200x29.png 200w\" sizes=\"(max-width: 720px) 100vw, 720px\" width=\"720\" height=\"104\"  style=\"display: inline-block;\" \/><\/a><\/div><\/li><li><a href=\"https:\/\/sistemas.lavras.mg.gov.br\/portalcidadao\/#df1b1a7c7b2a290bcb31e32771e610784662739a88807c0dacac58ede5f391a7530e299dc302d611ee73cb143fc22eaf93592e53e7b5bdb01b00a0b8d28dae460c141dd2ff83412e4dc1c31b16b25f33144a9e5620ea73b13f5bc1c59411d98439ad226e8af03840603796067d87afe130812cf3de24982d0e306f9e61e764e5\" aria-label=\"Banner_Emprego_PortallavrasTV\"><img src=\"https:\/\/lavras.tv\/site\/wp-content\/uploads\/2025\/03\/Banner_Emprego_PortallavrasTV.png\" alt=\"\"  srcset=\"https:\/\/lavras.tv\/site\/wp-content\/uploads\/2025\/03\/Banner_Emprego_PortallavrasTV.png 720w, https:\/\/lavras.tv\/site\/wp-content\/uploads\/2025\/03\/Banner_Emprego_PortallavrasTV-470x68.png 470w, https:\/\/lavras.tv\/site\/wp-content\/uploads\/2025\/03\/Banner_Emprego_PortallavrasTV-170x25.png 170w, https:\/\/lavras.tv\/site\/wp-content\/uploads\/2025\/03\/Banner_Emprego_PortallavrasTV-200x29.png 200w\" sizes=\"(max-width: 720px) 100vw, 720px\" width=\"720\" height=\"104\"   \/><\/a><\/li><li><a href=\"https:\/\/sistemas.lavras.mg.gov.br\/portalcidadao\/#df1b1a7c7b2a290bcb31e32771e610784662739a88807c0dacac58ede5f391a7530e299dc302d611ee73cb143fc22eaf93592e53e7b5bdb01b00a0b8d28dae460c141dd2ff83412e4dc1c31b16b25f33144a9e5620ea73b13f5bc1c59411d98439ad226e8af03840603796067d87afe130812cf3de24982d0e306f9e61e764e5\" aria-label=\"Banner_Obras_PortallavrasTV\"><img src=\"https:\/\/lavras.tv\/site\/wp-content\/uploads\/2025\/03\/Banner_Obras_PortallavrasTV.png\" alt=\"\"  srcset=\"https:\/\/lavras.tv\/site\/wp-content\/uploads\/2025\/03\/Banner_Obras_PortallavrasTV.png 720w, https:\/\/lavras.tv\/site\/wp-content\/uploads\/2025\/03\/Banner_Obras_PortallavrasTV-470x68.png 470w, https:\/\/lavras.tv\/site\/wp-content\/uploads\/2025\/03\/Banner_Obras_PortallavrasTV-170x25.png 170w, https:\/\/lavras.tv\/site\/wp-content\/uploads\/2025\/03\/Banner_Obras_PortallavrasTV-200x29.png 200w\" sizes=\"(max-width: 720px) 100vw, 720px\" width=\"720\" height=\"104\"   \/><\/a><\/li><li><div style=\"margin-left: auto;margin-right: auto;text-align: center;\" id=\"lavra-1244307056\"><a href=\"https:\/\/sistemas.lavras.mg.gov.br\/portalcidadao\/#df1b1a7c7b2a290bcb31e32771e610784662739a88807c0dacac58ede5f391a7530e299dc302d611ee73cb143fc22eaf93592e53e7b5bdb01b00a0b8d28dae460c141dd2ff83412e4dc1c31b16b25f33144a9e5620ea73b13f5bc1c59411d98439ad226e8af03840603796067d87afe130812cf3de24982d0e306f9e61e764e5\" aria-label=\"Banner_Educa\u00e7\u00e3o_PortallavrasTV\"><img src=\"https:\/\/lavras.tv\/site\/wp-content\/uploads\/2025\/01\/Banner_Educacao_PortallavrasTV.png\" alt=\"\"  srcset=\"https:\/\/lavras.tv\/site\/wp-content\/uploads\/2025\/01\/Banner_Educacao_PortallavrasTV.png 720w, https:\/\/lavras.tv\/site\/wp-content\/uploads\/2025\/01\/Banner_Educacao_PortallavrasTV-470x68.png 470w, https:\/\/lavras.tv\/site\/wp-content\/uploads\/2025\/01\/Banner_Educacao_PortallavrasTV-170x25.png 170w, https:\/\/lavras.tv\/site\/wp-content\/uploads\/2025\/01\/Banner_Educacao_PortallavrasTV-200x29.png 200w\" sizes=\"(max-width: 720px) 100vw, 720px\" width=\"720\" height=\"104\"  style=\"display: inline-block;\" \/><\/a><\/div><\/li><li><a href=\"https:\/\/sistemas.lavras.mg.gov.br\/portalcidadao\/#df1b1a7c7b2a290bcb31e32771e610784662739a88807c0dacac58ede5f391a7530e299dc302d611ee73cb143fc22eaf93592e53e7b5bdb01b00a0b8d28dae460c141dd2ff83412e4dc1c31b16b25f33144a9e5620ea73b13f5bc1c59411d98439ad226e8af03840603796067d87afe130812cf3de24982d0e306f9e61e764e5\" aria-label=\"Banner_Sa\u00fade_PortallavrasTV\"><img src=\"https:\/\/lavras.tv\/site\/wp-content\/uploads\/2025\/03\/Banner_Saude_PortallavrasTV.png\" alt=\"\"  srcset=\"https:\/\/lavras.tv\/site\/wp-content\/uploads\/2025\/03\/Banner_Saude_PortallavrasTV.png 720w, https:\/\/lavras.tv\/site\/wp-content\/uploads\/2025\/03\/Banner_Saude_PortallavrasTV-470x68.png 470w, https:\/\/lavras.tv\/site\/wp-content\/uploads\/2025\/03\/Banner_Saude_PortallavrasTV-170x25.png 170w, https:\/\/lavras.tv\/site\/wp-content\/uploads\/2025\/03\/Banner_Saude_PortallavrasTV-200x29.png 200w\" sizes=\"(max-width: 720px) 100vw, 720px\" width=\"720\" height=\"104\"   \/><\/a><\/li><li><div id=\"lavra-1755375338\" style=\"width:720px;height:104px;background-color:#ddd;overflow:scroll;\">\n\t<strong>Sa\u00edda da depura\u00e7\u00e3o de an\u00fancios<\/strong>\n\t<br><br>\n\tO an\u00fancio n\u00e3o \u00e9 exibido na p\u00e1gina<br><br>post atual: Elei\u00e7\u00f5es 2020: Lavras tem 5 candidaturas registradas na disputa pelo cargo de prefeito e 250 para vereador, ID: 49369<br><br><span style=\"color: red;\">O post atual n\u00e3o \u00e9 id\u00eantico ao post principal.<\/span><br><br>An\u00fancios: ROXO - TOPO INTERNA - ROTATIVO 2 (197)<br \/>Grupo de an\u00fancios: Princ_Meio01_720x104 (27)<br><br>Condi\u00e7\u00f5es de exibi\u00e7\u00e3o<div style=\"margin-bottom: 20px; white-space: pre-wrap; font-family: monospace; width: 100%; background: #ffe9e9;\"><strong>condi\u00e7\u00f5es gerais<\/strong><table border=\"1\"><thead><tr><th><\/th><th>An\u00fancios<\/th><th>wp_the_query<\/th><\/tr><\/thead><tr><td>is_main_query<\/td><td>1<\/td><td>1<\/td><\/tr><tr><td>is_rest_api<\/td><td>0<\/td><td>1<\/td><\/tr><tr><td>page<\/td><td>0<\/td><td>1<\/td><\/tr><tr><td>numpages<\/td><td>0<\/td><td>1<\/td><\/tr><tr><td>is_archive<\/td><td>1<\/td><td><\/td><\/tr><tr><td>is_search<\/td><td>1<\/td><td><\/td><\/tr><tr><td>is_home<\/td><td>1<\/td><td><\/td><\/tr><tr><td>is_404<\/td><td>1<\/td><td><\/td><\/tr><tr><td>is_attachment<\/td><td>1<\/td><td><\/td><\/tr><tr><td>is_singular<\/td><td>1<\/td><td><\/td><\/tr><tr><td>is_front_page<\/td><td>1<\/td><td><\/td><\/tr><tr><td>is_feed<\/td><td>1<\/td><td><\/td><\/tr><\/table><\/div><br><br><span style=\"color: red;\">Seu site usa HTTPS, mas o c\u00f3digo do an\u00fancio cont\u00e9m HTTP e pode n\u00e3o funcionar.<\/span>\t<br><br>\n\t<a style=\"color: green;\" href=\"https:\/\/wpadvancedads.com\/manual\/ad-debug-mode\/?utm_source=advanced-ads&utm_medium=link&utm_campaign=ad-debug-mode\" target=\"_blank\" rel=\"nofollow\">Encontre solu\u00e7\u00f5es no manual<\/a>\n<\/div>\n<\/li><\/ul><\/div><script>( window.advanced_ads_ready || jQuery( document ).ready ).call( null, function() {var $lavraslider1553636400 = jQuery( \".lavra-slider-1553636400\" );$lavraslider1553636400.on( \"unslider.ready\", function() { jQuery( \"div.custom-slider ul li\" ).css( \"display\", \"block\" ); });$lavraslider1553636400.unslider({ delay:4000, autoplay:true, nav:false, arrows:false, infinite:true });$lavraslider1553636400.on(\"mouseover\", function() {$lavraslider1553636400.unslider(\"stop\");}).on(\"mouseout\", function() {$lavraslider1553636400.unslider(\"start\");});});<\/script><\/div>\n<p>O per\u00edodo da campanha eleitoral de 2020 teve in\u00edcio neste domingo, dia 27, em todo o pa\u00eds. A partir de agora, os candidatos j\u00e1 podem pedir votos e desenvolver suas propagandas eleitorais nas ruas e nos ve\u00edculos de comunica\u00e7\u00e3o, al\u00e9m das redes sociais.<\/p>\n\n\n\n<p>Em 2020, Lavras tem cinco candidaturas registradas no Tribunal Superior Eleitoral, para disputar o cargo de chefe do executivo.<\/p>\n\n\n\n<p>Em ordem alfab\u00e9tica, os candidatos e seus vices s\u00e3o:<br><br>&#8211; Carlos Lindomar e Nanah &#8211; Coliga\u00e7\u00e3o &#8220;RENOVAR PARA PROGREDIR&#8221;<br>&#8211; Carlos Volpato e Carlos Luz &#8211; PT<br>&#8211; D\u00e2mina Pereira e Duti &#8211; Coliga\u00e7\u00e3o &#8220;JUNTOS `PODEMOS MAIS!&#8221;<br>&#8211; Dehon Tratores e David Garcia &#8211; PMN<br>&#8211; Jussara Menicucci e Rodolpho Crepaldi &#8211; Coliga\u00e7\u00e3o &#8220;TRABALHO E EXPERI\u00caNCIA PARA A RETOMADA DO DESENVOLVIMENTO&#8221;<\/p>\n\n\n\n<div class=\"wp-block-image\"><figure class=\"aligncenter size-large\"><img fetchpriority=\"high\" decoding=\"async\" width=\"782\" height=\"782\" src=\"http:\/\/lavras.tv\/site\/wp-content\/uploads\/2020\/09\/elei\u00e7\u00f5es-2020.jpg\" alt=\"\" class=\"wp-image-49370\" srcset=\"https:\/\/lavras.tv\/site\/wp-content\/uploads\/2020\/09\/elei\u00e7\u00f5es-2020.jpg 782w, https:\/\/lavras.tv\/site\/wp-content\/uploads\/2020\/09\/elei\u00e7\u00f5es-2020-300x300.jpg 300w, https:\/\/lavras.tv\/site\/wp-content\/uploads\/2020\/09\/elei\u00e7\u00f5es-2020-150x150.jpg 150w\" sizes=\"(max-width: 782px) 100vw, 782px\" \/><\/figure><\/div>\n\n\n\n<p><br>As candidaturas aguardam a aprova\u00e7\u00e3o do TSE para estarem aptas a disputar as elei\u00e7\u00f5es mas j\u00e1 podem fazer campanha junto aos eleitores.<\/p>\n\n\n\n<p>Ainda segundo o TSE, Lavras tem 250 candidaturas ao cargo de vereador aguardando a aprova\u00e7\u00e3o.<\/p>\n\n\n\n<div class=\"wp-block-image\"><figure class=\"aligncenter size-large\"><img decoding=\"async\" width=\"970\" height=\"210\" src=\"http:\/\/lavras.tv\/site\/wp-content\/uploads\/2020\/09\/lavras-candidatos-970x210.jpg\" alt=\"\" class=\"wp-image-49371\" srcset=\"https:\/\/lavras.tv\/site\/wp-content\/uploads\/2020\/09\/lavras-candidatos-970x210.jpg 970w, https:\/\/lavras.tv\/site\/wp-content\/uploads\/2020\/09\/lavras-candidatos-470x102.jpg 470w, https:\/\/lavras.tv\/site\/wp-content\/uploads\/2020\/09\/lavras-candidatos-170x37.jpg 170w, https:\/\/lavras.tv\/site\/wp-content\/uploads\/2020\/09\/lavras-candidatos.jpg 1503w\" sizes=\"(max-width: 970px) 100vw, 970px\" \/><\/figure><\/div>\n","protected":false},"excerpt":{"rendered":"<p>O per\u00edodo da campanha eleitoral de 2020 teve in\u00edcio neste domingo, dia 27, em todo o pa\u00eds. A partir de agora, os candidatos j\u00e1 podem pedir votos e desenvolver suas propagandas eleitorais nas ruas e nos ve\u00edculos de comunica\u00e7\u00e3o, al\u00e9m das redes sociais. Em 2020, Lavras tem cinco candidaturas registradas no Tribunal Superior Eleitoral, para [&hellip;]<\/p>\n","protected":false},"author":2,"featured_media":49370,"comment_status":"closed","ping_status":"open","sticky":false,"template":"","format":"standard","meta":{"advgb_blocks_editor_width":"","advgb_blocks_columns_visual_guide":"","_exactmetrics_skip_tracking":false,"_exactmetrics_sitenote_active":false,"_exactmetrics_sitenote_note":"","_exactmetrics_sitenote_category":0,"footnotes":""},"categories":[7,2,12],"tags":[],"class_list":["post-49369","post","type-post","status-publish","format-standard","has-post-thumbnail","hentry","category-destaques","category-noticias","category-politica"],"better_featured_image":{"id":49370,"alt_text":"","caption":"","description":"","media_type":"image","media_details":{"width":782,"height":782,"file":"2020\/09\/elei\u00e7\u00f5es-2020.jpg","sizes":{"medium":{"file":"elei\u00e7\u00f5es-2020-300x300.jpg","width":300,"height":300,"mime-type":"image\/jpeg","source_url":"https:\/\/lavras.tv\/site\/wp-content\/uploads\/2020\/09\/elei\u00e7\u00f5es-2020-300x300.jpg"},"thumbnail":{"file":"elei\u00e7\u00f5es-2020-150x150.jpg","width":150,"height":150,"mime-type":"image\/jpeg","source_url":"https:\/\/lavras.tv\/site\/wp-content\/uploads\/2020\/09\/elei\u00e7\u00f5es-2020-150x150.jpg"},"alm-thumbnail":{"file":"elei\u00e7\u00f5es-2020-150x150.jpg","width":150,"height":150,"mime-type":"image\/jpeg","source_url":"https:\/\/lavras.tv\/site\/wp-content\/uploads\/2020\/09\/elei\u00e7\u00f5es-2020-150x150.jpg"}},"image_meta":{"aperture":"0","credit":"","camera":"","caption":"","created_timestamp":"0","copyright":"","focal_length":"0","iso":"0","shutter_speed":"0","title":"","orientation":"0","keywords":[]}},"post":49369,"source_url":"https:\/\/lavras.tv\/site\/wp-content\/uploads\/2020\/09\/elei\u00e7\u00f5es-2020.jpg"},"author_meta":{"display_name":"Lavras TV","author_link":"https:\/\/lavras.tv\/site\/author\/lavrastv\/"},"featured_img":"https:\/\/lavras.tv\/site\/wp-content\/uploads\/2020\/09\/elei\u00e7\u00f5es-2020-300x300.jpg","coauthors":[],"tax_additional":{"categories":{"linked":["<a href=\"https:\/\/lavras.tv\/site\/category\/destaques\/\" class=\"advgb-post-tax-term\">Destaques<\/a>","<a href=\"https:\/\/lavras.tv\/site\/category\/noticias\/\" class=\"advgb-post-tax-term\">Not\u00edcias<\/a>","<a href=\"https:\/\/lavras.tv\/site\/category\/politica\/\" class=\"advgb-post-tax-term\">Pol\u00edtica<\/a>"],"unlinked":["<span class=\"advgb-post-tax-term\">Destaques<\/span>","<span class=\"advgb-post-tax-term\">Not\u00edcias<\/span>","<span class=\"advgb-post-tax-term\">Pol\u00edtica<\/span>"]}},"comment_count":"0","relative_dates":{"created":"Publicado 6 anos atr\u00e1s","modified":"Atualizado 6 anos atr\u00e1s"},"absolute_dates":{"created":"Publicado em 28 de setembro de 2020","modified":"Atualizado em 28 de setembro de 2020"},"absolute_dates_time":{"created":"Publicado em 28 de setembro de 2020 10:08","modified":"Atualizado em 28 de setembro de 2020 10:12"},"featured_img_caption":"","series_order":"","_links":{"self":[{"href":"https:\/\/lavras.tv\/site\/wp-json\/wp\/v2\/posts\/49369","targetHints":{"allow":["GET"]}}],"collection":[{"href":"https:\/\/lavras.tv\/site\/wp-json\/wp\/v2\/posts"}],"about":[{"href":"https:\/\/lavras.tv\/site\/wp-json\/wp\/v2\/types\/post"}],"author":[{"embeddable":true,"href":"https:\/\/lavras.tv\/site\/wp-json\/wp\/v2\/users\/2"}],"replies":[{"embeddable":true,"href":"https:\/\/lavras.tv\/site\/wp-json\/wp\/v2\/comments?post=49369"}],"version-history":[{"count":2,"href":"https:\/\/lavras.tv\/site\/wp-json\/wp\/v2\/posts\/49369\/revisions"}],"predecessor-version":[{"id":49373,"href":"https:\/\/lavras.tv\/site\/wp-json\/wp\/v2\/posts\/49369\/revisions\/49373"}],"wp:featuredmedia":[{"embeddable":true,"href":"https:\/\/lavras.tv\/site\/wp-json\/wp\/v2\/media\/49370"}],"wp:attachment":[{"href":"https:\/\/lavras.tv\/site\/wp-json\/wp\/v2\/media?parent=49369"}],"wp:term":[{"taxonomy":"category","embeddable":true,"href":"https:\/\/lavras.tv\/site\/wp-json\/wp\/v2\/categories?post=49369"},{"taxonomy":"post_tag","embeddable":true,"href":"https:\/\/lavras.tv\/site\/wp-json\/wp\/v2\/tags?post=49369"}],"curies":[{"name":"wp","href":"https:\/\/api.w.org\/{rel}","templated":true}]}}