{"id":49402,"date":"2020-09-30T17:10:45","date_gmt":"2020-09-30T20:10:45","guid":{"rendered":"http:\/\/lavras.tv\/site\/?p=49402"},"modified":"2020-09-30T17:10:47","modified_gmt":"2020-09-30T20:10:47","slug":"eleitor-podera-justificar-falta-nas-votacoes-por-aplicativo-de-celular-veja-como-fazer","status":"publish","type":"post","link":"https:\/\/lavras.tv\/site\/2020\/09\/30\/eleitor-podera-justificar-falta-nas-votacoes-por-aplicativo-de-celular-veja-como-fazer\/","title":{"rendered":"Eleitor poder\u00e1 justificar falta nas vota\u00e7\u00f5es por aplicativo de celular; veja como fazer"},"content":{"rendered":"<div class=\"lavra-antes-do-conteudo_2\" id=\"lavra-3146026639\"><div id=\"lavra-slider-27\" class=\"custom-slider lavra-slider-48996122 lavra-slider\"><ul><li><div style=\"margin-left: auto;margin-right: auto;text-align: center;\" id=\"lavra-1919683136\"><a href=\"https:\/\/sistemas.lavras.mg.gov.br\/portalcidadao\/#df1b1a7c7b2a290bcb31e32771e610784662739a88807c0dacac58ede5f391a7530e299dc302d611ee73cb143fc22eaf93592e53e7b5bdb01b00a0b8d28dae460c141dd2ff83412e4dc1c31b16b25f33144a9e5620ea73b13f5bc1c59411d98439ad226e8af03840603796067d87afe130812cf3de24982d0e306f9e61e764e5\" aria-label=\"Lavras-TV&#8211;720x104px (1) (1)\"><img src=\"https:\/\/lavras.tv\/site\/wp-content\/uploads\/2025\/01\/Lavras-TV-720x104px-1-1.png\" alt=\"\"  srcset=\"https:\/\/lavras.tv\/site\/wp-content\/uploads\/2025\/01\/Lavras-TV-720x104px-1-1.png 720w, https:\/\/lavras.tv\/site\/wp-content\/uploads\/2025\/01\/Lavras-TV-720x104px-1-1-470x68.png 470w, https:\/\/lavras.tv\/site\/wp-content\/uploads\/2025\/01\/Lavras-TV-720x104px-1-1-170x25.png 170w, https:\/\/lavras.tv\/site\/wp-content\/uploads\/2025\/01\/Lavras-TV-720x104px-1-1-200x29.png 200w\" sizes=\"(max-width: 720px) 100vw, 720px\" width=\"720\" height=\"104\"  style=\"display: inline-block;\" \/><\/a><\/div><\/li><li><a href=\"https:\/\/sistemas.lavras.mg.gov.br\/portalcidadao\/#df1b1a7c7b2a290bcb31e32771e610784662739a88807c0dacac58ede5f391a7530e299dc302d611ee73cb143fc22eaf93592e53e7b5bdb01b00a0b8d28dae460c141dd2ff83412e4dc1c31b16b25f33144a9e5620ea73b13f5bc1c59411d98439ad226e8af03840603796067d87afe130812cf3de24982d0e306f9e61e764e5\" aria-label=\"Banner_Emprego_PortallavrasTV\"><img src=\"https:\/\/lavras.tv\/site\/wp-content\/uploads\/2025\/03\/Banner_Emprego_PortallavrasTV.png\" alt=\"\"  srcset=\"https:\/\/lavras.tv\/site\/wp-content\/uploads\/2025\/03\/Banner_Emprego_PortallavrasTV.png 720w, https:\/\/lavras.tv\/site\/wp-content\/uploads\/2025\/03\/Banner_Emprego_PortallavrasTV-470x68.png 470w, https:\/\/lavras.tv\/site\/wp-content\/uploads\/2025\/03\/Banner_Emprego_PortallavrasTV-170x25.png 170w, https:\/\/lavras.tv\/site\/wp-content\/uploads\/2025\/03\/Banner_Emprego_PortallavrasTV-200x29.png 200w\" sizes=\"(max-width: 720px) 100vw, 720px\" width=\"720\" height=\"104\"   \/><\/a><\/li><li><a href=\"https:\/\/sistemas.lavras.mg.gov.br\/portalcidadao\/#df1b1a7c7b2a290bcb31e32771e610784662739a88807c0dacac58ede5f391a7530e299dc302d611ee73cb143fc22eaf93592e53e7b5bdb01b00a0b8d28dae460c141dd2ff83412e4dc1c31b16b25f33144a9e5620ea73b13f5bc1c59411d98439ad226e8af03840603796067d87afe130812cf3de24982d0e306f9e61e764e5\" aria-label=\"Banner_Obras_PortallavrasTV\"><img src=\"https:\/\/lavras.tv\/site\/wp-content\/uploads\/2025\/03\/Banner_Obras_PortallavrasTV.png\" alt=\"\"  srcset=\"https:\/\/lavras.tv\/site\/wp-content\/uploads\/2025\/03\/Banner_Obras_PortallavrasTV.png 720w, https:\/\/lavras.tv\/site\/wp-content\/uploads\/2025\/03\/Banner_Obras_PortallavrasTV-470x68.png 470w, https:\/\/lavras.tv\/site\/wp-content\/uploads\/2025\/03\/Banner_Obras_PortallavrasTV-170x25.png 170w, https:\/\/lavras.tv\/site\/wp-content\/uploads\/2025\/03\/Banner_Obras_PortallavrasTV-200x29.png 200w\" sizes=\"(max-width: 720px) 100vw, 720px\" width=\"720\" height=\"104\"   \/><\/a><\/li><li><div style=\"margin-left: auto;margin-right: auto;text-align: center;\" id=\"lavra-4009345928\"><a href=\"https:\/\/sistemas.lavras.mg.gov.br\/portalcidadao\/#df1b1a7c7b2a290bcb31e32771e610784662739a88807c0dacac58ede5f391a7530e299dc302d611ee73cb143fc22eaf93592e53e7b5bdb01b00a0b8d28dae460c141dd2ff83412e4dc1c31b16b25f33144a9e5620ea73b13f5bc1c59411d98439ad226e8af03840603796067d87afe130812cf3de24982d0e306f9e61e764e5\" aria-label=\"Banner_Educa\u00e7\u00e3o_PortallavrasTV\"><img src=\"https:\/\/lavras.tv\/site\/wp-content\/uploads\/2025\/01\/Banner_Educacao_PortallavrasTV.png\" alt=\"\"  srcset=\"https:\/\/lavras.tv\/site\/wp-content\/uploads\/2025\/01\/Banner_Educacao_PortallavrasTV.png 720w, https:\/\/lavras.tv\/site\/wp-content\/uploads\/2025\/01\/Banner_Educacao_PortallavrasTV-470x68.png 470w, https:\/\/lavras.tv\/site\/wp-content\/uploads\/2025\/01\/Banner_Educacao_PortallavrasTV-170x25.png 170w, https:\/\/lavras.tv\/site\/wp-content\/uploads\/2025\/01\/Banner_Educacao_PortallavrasTV-200x29.png 200w\" sizes=\"(max-width: 720px) 100vw, 720px\" width=\"720\" height=\"104\"  style=\"display: inline-block;\" \/><\/a><\/div><\/li><li><a href=\"https:\/\/sistemas.lavras.mg.gov.br\/portalcidadao\/#df1b1a7c7b2a290bcb31e32771e610784662739a88807c0dacac58ede5f391a7530e299dc302d611ee73cb143fc22eaf93592e53e7b5bdb01b00a0b8d28dae460c141dd2ff83412e4dc1c31b16b25f33144a9e5620ea73b13f5bc1c59411d98439ad226e8af03840603796067d87afe130812cf3de24982d0e306f9e61e764e5\" aria-label=\"Banner_Sa\u00fade_PortallavrasTV\"><img src=\"https:\/\/lavras.tv\/site\/wp-content\/uploads\/2025\/03\/Banner_Saude_PortallavrasTV.png\" alt=\"\"  srcset=\"https:\/\/lavras.tv\/site\/wp-content\/uploads\/2025\/03\/Banner_Saude_PortallavrasTV.png 720w, https:\/\/lavras.tv\/site\/wp-content\/uploads\/2025\/03\/Banner_Saude_PortallavrasTV-470x68.png 470w, https:\/\/lavras.tv\/site\/wp-content\/uploads\/2025\/03\/Banner_Saude_PortallavrasTV-170x25.png 170w, https:\/\/lavras.tv\/site\/wp-content\/uploads\/2025\/03\/Banner_Saude_PortallavrasTV-200x29.png 200w\" sizes=\"(max-width: 720px) 100vw, 720px\" width=\"720\" height=\"104\"   \/><\/a><\/li><li><div id=\"lavra-2551431112\" style=\"width:720px;height:104px;background-color:#ddd;overflow:scroll;\">\n\t<strong>Sa\u00edda da depura\u00e7\u00e3o de an\u00fancios<\/strong>\n\t<br><br>\n\tO an\u00fancio n\u00e3o \u00e9 exibido na p\u00e1gina<br><br>post atual: Eleitor poder\u00e1 justificar falta nas vota\u00e7\u00f5es por aplicativo de celular; veja como fazer, ID: 49402<br><br><span style=\"color: red;\">O post atual n\u00e3o \u00e9 id\u00eantico ao post principal.<\/span><br><br>An\u00fancios: ROXO - TOPO INTERNA - ROTATIVO 2 (197)<br \/>Grupo de an\u00fancios: Princ_Meio01_720x104 (27)<br><br>Condi\u00e7\u00f5es de exibi\u00e7\u00e3o<div style=\"margin-bottom: 20px; white-space: pre-wrap; font-family: monospace; width: 100%; background: #ffe9e9;\"><strong>condi\u00e7\u00f5es gerais<\/strong><table border=\"1\"><thead><tr><th><\/th><th>An\u00fancios<\/th><th>wp_the_query<\/th><\/tr><\/thead><tr><td>is_main_query<\/td><td>1<\/td><td>1<\/td><\/tr><tr><td>is_rest_api<\/td><td>0<\/td><td>1<\/td><\/tr><tr><td>page<\/td><td>0<\/td><td>1<\/td><\/tr><tr><td>numpages<\/td><td>0<\/td><td>1<\/td><\/tr><tr><td>is_archive<\/td><td>1<\/td><td><\/td><\/tr><tr><td>is_search<\/td><td>1<\/td><td><\/td><\/tr><tr><td>is_home<\/td><td>1<\/td><td><\/td><\/tr><tr><td>is_404<\/td><td>1<\/td><td><\/td><\/tr><tr><td>is_attachment<\/td><td>1<\/td><td><\/td><\/tr><tr><td>is_singular<\/td><td>1<\/td><td><\/td><\/tr><tr><td>is_front_page<\/td><td>1<\/td><td><\/td><\/tr><tr><td>is_feed<\/td><td>1<\/td><td><\/td><\/tr><\/table><\/div><br><br><span style=\"color: red;\">Seu site usa HTTPS, mas o c\u00f3digo do an\u00fancio cont\u00e9m HTTP e pode n\u00e3o funcionar.<\/span>\t<br><br>\n\t<a style=\"color: green;\" href=\"https:\/\/wpadvancedads.com\/manual\/ad-debug-mode\/?utm_source=advanced-ads&utm_medium=link&utm_campaign=ad-debug-mode\" target=\"_blank\" rel=\"nofollow\">Encontre solu\u00e7\u00f5es no manual<\/a>\n<\/div>\n<\/li><\/ul><\/div><script>( window.advanced_ads_ready || jQuery( document ).ready ).call( null, function() {var $lavraslider48996122 = jQuery( \".lavra-slider-48996122\" );$lavraslider48996122.on( \"unslider.ready\", function() { jQuery( \"div.custom-slider ul li\" ).css( \"display\", \"block\" ); });$lavraslider48996122.unslider({ delay:4000, autoplay:true, nav:false, arrows:false, infinite:true });$lavraslider48996122.on(\"mouseover\", function() {$lavraslider48996122.unslider(\"stop\");}).on(\"mouseout\", function() {$lavraslider48996122.unslider(\"start\");});});<\/script><\/div>\n<p>A partir desta quarta-feira uma nova vers\u00e3o do aplicativo e-T\u00edtulo, com mais funcionalidades, estar\u00e1 dispon\u00edvel para os eleitores. O recurso eletr\u00f4nico possibilitar\u00e1 a justificativa de aus\u00eancia nas vota\u00e7\u00f5es de 15 de novembro (1\u00ba turno) e 29 de novembro (2\u00ba turno), at\u00e9 60 dias ap\u00f3s cada pleito, por meio dos celulares e tablets.<\/p>\n\n\n\n<p>At\u00e9 as elei\u00e7\u00f5es, o e-T\u00edtulo estar\u00e1 atualizado para que as justificativas possam ser apresentadas a partir do dia da vota\u00e7\u00e3o por quem n\u00e3o compareceu &#8211; por estar fora do domic\u00edlio eleitoral ou impedido de ir \u00e0 zona eleitoral. &nbsp;<\/p>\n\n\n\n<p>O e-T\u00edtulo, desenvolvido pelo Tribunal Superior Eleitoral (TSE), tamb\u00e9m permite ao cidad\u00e3o gerar certid\u00f5es de quita\u00e7\u00e3o eleitoral e de nada consta de crimes eleitorais, al\u00e9m de fazer a autentica\u00e7\u00e3o de documentos da Justi\u00e7a Eleitoral.<\/p>\n\n\n\n<div class=\"wp-block-image\"><figure class=\"aligncenter size-large\"><img fetchpriority=\"high\" decoding=\"async\" width=\"650\" height=\"389\" src=\"http:\/\/lavras.tv\/site\/wp-content\/uploads\/2020\/09\/etitulo30-09-2020_11.jpg\" alt=\"\" class=\"wp-image-49403\" srcset=\"https:\/\/lavras.tv\/site\/wp-content\/uploads\/2020\/09\/etitulo30-09-2020_11.jpg 650w, https:\/\/lavras.tv\/site\/wp-content\/uploads\/2020\/09\/etitulo30-09-2020_11-470x281.jpg 470w, https:\/\/lavras.tv\/site\/wp-content\/uploads\/2020\/09\/etitulo30-09-2020_11-170x102.jpg 170w\" sizes=\"(max-width: 650px) 100vw, 650px\" \/><\/figure><\/div>\n\n\n\n<p>O acesso ao aplicativo \u00e9 gratuito e funciona em sistemas operacionais Android e iOs . Conforme nota da Justi\u00e7a Eleitoral, para baixar o aplicativo, basta procur\u00e1-lo na loja de aplicativos do dispositivo ou acessar o hotsite do t\u00edtulo de eleitor no Portal do TSE.<\/p>\n\n\n\n<p><strong>Justificativa obrigat\u00f3ria<\/strong><\/p>\n\n\n\n<p>Nas elei\u00e7\u00f5es de 2018, 29,9 milh\u00f5es de pessoas no primeiro turno e 31,3 milh\u00f5es de pessoas no segundo turno deixaram de votar. Quem n\u00e3o justificou at\u00e9 hoje deve emitir o boleto para quita\u00e7\u00e3o de multas nos sites do TSE ou dos tribunais regionais eleitorais. A justificativa \u00e9 obrigat\u00f3ria.<\/p>\n\n\n\n<p>O pagamento deve ser feito pela Guia de Recolhimento da Uni\u00e3o (GRU) no Banco do Brasil. Depois de fazer o pagamento, o cidad\u00e3o deve aguardar a identifica\u00e7\u00e3o do recolhimento da multa pela Justi\u00e7a Eleitoral e o registro na inscri\u00e7\u00e3o pela zona eleitoral. Essas informa\u00e7\u00f5es estar\u00e3o dispon\u00edveis pelo e-T\u00edtulo.<\/p>\n\n\n\n<p>As solu\u00e7\u00f5es e os procedimentos acess\u00edveis pelo documento tamb\u00e9m podem ser acionados pelo site ou pessoalmente nas se\u00e7\u00f5es eleitorais. O TSE orienta que em caso de urg\u00eancia para a regulariza\u00e7\u00e3o da situa\u00e7\u00e3o eleitoral, o cidad\u00e3o deve entrar em contato com a zona eleitoral onde est\u00e1 inscrito para orienta\u00e7\u00f5es sobre a baixa da multa no sistema.<\/p>\n\n\n\n<p>Conforme a Justi\u00e7a Eleitoral, o cidad\u00e3o que n\u00e3o votar por tr\u00eas pleitos, nem justificar aus\u00eancia, nem pagar as multas devidas ter\u00e1 o t\u00edtulo cancelado.<\/p>\n\n\n\n<p>Fonte: Ag\u00eancia Brasil<\/p>\n","protected":false},"excerpt":{"rendered":"<p>A partir desta quarta-feira uma nova vers\u00e3o do aplicativo e-T\u00edtulo, com mais funcionalidades, estar\u00e1 dispon\u00edvel para os eleitores. O recurso eletr\u00f4nico possibilitar\u00e1 a justificativa de aus\u00eancia nas vota\u00e7\u00f5es de 15 de novembro (1\u00ba turno) e 29 de novembro (2\u00ba turno), at\u00e9 60 dias ap\u00f3s cada pleito, por meio dos celulares e tablets. At\u00e9 as elei\u00e7\u00f5es, [&hellip;]<\/p>\n","protected":false},"author":2,"featured_media":49403,"comment_status":"closed","ping_status":"open","sticky":false,"template":"","format":"standard","meta":{"advgb_blocks_editor_width":"","advgb_blocks_columns_visual_guide":"","_exactmetrics_skip_tracking":false,"_exactmetrics_sitenote_active":false,"_exactmetrics_sitenote_note":"","_exactmetrics_sitenote_category":0,"footnotes":""},"categories":[7,2,12],"tags":[],"class_list":["post-49402","post","type-post","status-publish","format-standard","has-post-thumbnail","hentry","category-destaques","category-noticias","category-politica"],"better_featured_image":{"id":49403,"alt_text":"","caption":"","description":"","media_type":"image","media_details":{"width":650,"height":389,"file":"2020\/09\/etitulo30-09-2020_11.jpg","sizes":{"medium":{"file":"etitulo30-09-2020_11-470x281.jpg","width":470,"height":281,"mime-type":"image\/jpeg","source_url":"https:\/\/lavras.tv\/site\/wp-content\/uploads\/2020\/09\/etitulo30-09-2020_11-470x281.jpg"},"thumbnail":{"file":"etitulo30-09-2020_11-170x102.jpg","width":170,"height":102,"mime-type":"image\/jpeg","source_url":"https:\/\/lavras.tv\/site\/wp-content\/uploads\/2020\/09\/etitulo30-09-2020_11-170x102.jpg"},"alm-thumbnail":{"file":"etitulo30-09-2020_11-150x150.jpg","width":150,"height":150,"mime-type":"image\/jpeg","source_url":"https:\/\/lavras.tv\/site\/wp-content\/uploads\/2020\/09\/etitulo30-09-2020_11-150x150.jpg"}},"image_meta":{"aperture":"0","credit":"","camera":"","caption":"","created_timestamp":"0","copyright":"","focal_length":"0","iso":"0","shutter_speed":"0","title":"","orientation":"0","keywords":[]}},"post":49402,"source_url":"https:\/\/lavras.tv\/site\/wp-content\/uploads\/2020\/09\/etitulo30-09-2020_11.jpg"},"author_meta":{"display_name":"Lavras TV","author_link":"https:\/\/lavras.tv\/site\/author\/lavrastv\/"},"featured_img":"https:\/\/lavras.tv\/site\/wp-content\/uploads\/2020\/09\/etitulo30-09-2020_11-470x281.jpg","coauthors":[],"tax_additional":{"categories":{"linked":["<a href=\"https:\/\/lavras.tv\/site\/category\/destaques\/\" class=\"advgb-post-tax-term\">Destaques<\/a>","<a href=\"https:\/\/lavras.tv\/site\/category\/noticias\/\" class=\"advgb-post-tax-term\">Not\u00edcias<\/a>","<a href=\"https:\/\/lavras.tv\/site\/category\/politica\/\" class=\"advgb-post-tax-term\">Pol\u00edtica<\/a>"],"unlinked":["<span class=\"advgb-post-tax-term\">Destaques<\/span>","<span class=\"advgb-post-tax-term\">Not\u00edcias<\/span>","<span class=\"advgb-post-tax-term\">Pol\u00edtica<\/span>"]}},"comment_count":"0","relative_dates":{"created":"Publicado 6 anos atr\u00e1s","modified":"Atualizado 6 anos atr\u00e1s"},"absolute_dates":{"created":"Publicado em 30 de setembro de 2020","modified":"Atualizado em 30 de setembro de 2020"},"absolute_dates_time":{"created":"Publicado em 30 de setembro de 2020 17:10","modified":"Atualizado em 30 de setembro de 2020 17:10"},"featured_img_caption":"","series_order":"","_links":{"self":[{"href":"https:\/\/lavras.tv\/site\/wp-json\/wp\/v2\/posts\/49402","targetHints":{"allow":["GET"]}}],"collection":[{"href":"https:\/\/lavras.tv\/site\/wp-json\/wp\/v2\/posts"}],"about":[{"href":"https:\/\/lavras.tv\/site\/wp-json\/wp\/v2\/types\/post"}],"author":[{"embeddable":true,"href":"https:\/\/lavras.tv\/site\/wp-json\/wp\/v2\/users\/2"}],"replies":[{"embeddable":true,"href":"https:\/\/lavras.tv\/site\/wp-json\/wp\/v2\/comments?post=49402"}],"version-history":[{"count":1,"href":"https:\/\/lavras.tv\/site\/wp-json\/wp\/v2\/posts\/49402\/revisions"}],"predecessor-version":[{"id":49404,"href":"https:\/\/lavras.tv\/site\/wp-json\/wp\/v2\/posts\/49402\/revisions\/49404"}],"wp:featuredmedia":[{"embeddable":true,"href":"https:\/\/lavras.tv\/site\/wp-json\/wp\/v2\/media\/49403"}],"wp:attachment":[{"href":"https:\/\/lavras.tv\/site\/wp-json\/wp\/v2\/media?parent=49402"}],"wp:term":[{"taxonomy":"category","embeddable":true,"href":"https:\/\/lavras.tv\/site\/wp-json\/wp\/v2\/categories?post=49402"},{"taxonomy":"post_tag","embeddable":true,"href":"https:\/\/lavras.tv\/site\/wp-json\/wp\/v2\/tags?post=49402"}],"curies":[{"name":"wp","href":"https:\/\/api.w.org\/{rel}","templated":true}]}}