{"id":49466,"date":"2020-10-07T09:20:55","date_gmt":"2020-10-07T12:20:55","guid":{"rendered":"http:\/\/lavras.tv\/site\/?p=49466"},"modified":"2020-10-07T09:20:57","modified_gmt":"2020-10-07T12:20:57","slug":"entenda-o-papel-dos-vereadores-e-o-que-muda-nas-eleicoes-deste-ano","status":"publish","type":"post","link":"https:\/\/lavras.tv\/site\/2020\/10\/07\/entenda-o-papel-dos-vereadores-e-o-que-muda-nas-eleicoes-deste-ano\/","title":{"rendered":"Entenda o papel dos vereadores e o que muda nas elei\u00e7\u00f5es deste ano"},"content":{"rendered":"<div class=\"lavra-antes-do-conteudo_2\" id=\"lavra-1625824735\"><div id=\"lavra-slider-27\" class=\"custom-slider lavra-slider-683003786 lavra-slider\"><ul><li><div style=\"margin-left: auto;margin-right: auto;text-align: center;\" id=\"lavra-1584808716\"><a href=\"https:\/\/sistemas.lavras.mg.gov.br\/portalcidadao\/#df1b1a7c7b2a290bcb31e32771e610784662739a88807c0dacac58ede5f391a7530e299dc302d611ee73cb143fc22eaf93592e53e7b5bdb01b00a0b8d28dae460c141dd2ff83412e4dc1c31b16b25f33144a9e5620ea73b13f5bc1c59411d98439ad226e8af03840603796067d87afe130812cf3de24982d0e306f9e61e764e5\" aria-label=\"Lavras-TV&#8211;720x104px (1) (1)\"><img src=\"https:\/\/lavras.tv\/site\/wp-content\/uploads\/2025\/01\/Lavras-TV-720x104px-1-1.png\" alt=\"\"  srcset=\"https:\/\/lavras.tv\/site\/wp-content\/uploads\/2025\/01\/Lavras-TV-720x104px-1-1.png 720w, https:\/\/lavras.tv\/site\/wp-content\/uploads\/2025\/01\/Lavras-TV-720x104px-1-1-470x68.png 470w, https:\/\/lavras.tv\/site\/wp-content\/uploads\/2025\/01\/Lavras-TV-720x104px-1-1-170x25.png 170w, https:\/\/lavras.tv\/site\/wp-content\/uploads\/2025\/01\/Lavras-TV-720x104px-1-1-200x29.png 200w\" sizes=\"(max-width: 720px) 100vw, 720px\" width=\"720\" height=\"104\"  style=\"display: inline-block;\" \/><\/a><\/div><\/li><li><a href=\"https:\/\/sistemas.lavras.mg.gov.br\/portalcidadao\/#df1b1a7c7b2a290bcb31e32771e610784662739a88807c0dacac58ede5f391a7530e299dc302d611ee73cb143fc22eaf93592e53e7b5bdb01b00a0b8d28dae460c141dd2ff83412e4dc1c31b16b25f33144a9e5620ea73b13f5bc1c59411d98439ad226e8af03840603796067d87afe130812cf3de24982d0e306f9e61e764e5\" aria-label=\"Banner_Emprego_PortallavrasTV\"><img src=\"https:\/\/lavras.tv\/site\/wp-content\/uploads\/2025\/03\/Banner_Emprego_PortallavrasTV.png\" alt=\"\"  srcset=\"https:\/\/lavras.tv\/site\/wp-content\/uploads\/2025\/03\/Banner_Emprego_PortallavrasTV.png 720w, https:\/\/lavras.tv\/site\/wp-content\/uploads\/2025\/03\/Banner_Emprego_PortallavrasTV-470x68.png 470w, https:\/\/lavras.tv\/site\/wp-content\/uploads\/2025\/03\/Banner_Emprego_PortallavrasTV-170x25.png 170w, https:\/\/lavras.tv\/site\/wp-content\/uploads\/2025\/03\/Banner_Emprego_PortallavrasTV-200x29.png 200w\" sizes=\"(max-width: 720px) 100vw, 720px\" width=\"720\" height=\"104\"   \/><\/a><\/li><li><a href=\"https:\/\/sistemas.lavras.mg.gov.br\/portalcidadao\/#df1b1a7c7b2a290bcb31e32771e610784662739a88807c0dacac58ede5f391a7530e299dc302d611ee73cb143fc22eaf93592e53e7b5bdb01b00a0b8d28dae460c141dd2ff83412e4dc1c31b16b25f33144a9e5620ea73b13f5bc1c59411d98439ad226e8af03840603796067d87afe130812cf3de24982d0e306f9e61e764e5\" aria-label=\"Banner_Obras_PortallavrasTV\"><img src=\"https:\/\/lavras.tv\/site\/wp-content\/uploads\/2025\/03\/Banner_Obras_PortallavrasTV.png\" alt=\"\"  srcset=\"https:\/\/lavras.tv\/site\/wp-content\/uploads\/2025\/03\/Banner_Obras_PortallavrasTV.png 720w, https:\/\/lavras.tv\/site\/wp-content\/uploads\/2025\/03\/Banner_Obras_PortallavrasTV-470x68.png 470w, https:\/\/lavras.tv\/site\/wp-content\/uploads\/2025\/03\/Banner_Obras_PortallavrasTV-170x25.png 170w, https:\/\/lavras.tv\/site\/wp-content\/uploads\/2025\/03\/Banner_Obras_PortallavrasTV-200x29.png 200w\" sizes=\"(max-width: 720px) 100vw, 720px\" width=\"720\" height=\"104\"   \/><\/a><\/li><li><div style=\"margin-left: auto;margin-right: auto;text-align: center;\" id=\"lavra-2399934452\"><a href=\"https:\/\/sistemas.lavras.mg.gov.br\/portalcidadao\/#df1b1a7c7b2a290bcb31e32771e610784662739a88807c0dacac58ede5f391a7530e299dc302d611ee73cb143fc22eaf93592e53e7b5bdb01b00a0b8d28dae460c141dd2ff83412e4dc1c31b16b25f33144a9e5620ea73b13f5bc1c59411d98439ad226e8af03840603796067d87afe130812cf3de24982d0e306f9e61e764e5\" aria-label=\"Banner_Educa\u00e7\u00e3o_PortallavrasTV\"><img src=\"https:\/\/lavras.tv\/site\/wp-content\/uploads\/2025\/01\/Banner_Educacao_PortallavrasTV.png\" alt=\"\"  srcset=\"https:\/\/lavras.tv\/site\/wp-content\/uploads\/2025\/01\/Banner_Educacao_PortallavrasTV.png 720w, https:\/\/lavras.tv\/site\/wp-content\/uploads\/2025\/01\/Banner_Educacao_PortallavrasTV-470x68.png 470w, https:\/\/lavras.tv\/site\/wp-content\/uploads\/2025\/01\/Banner_Educacao_PortallavrasTV-170x25.png 170w, https:\/\/lavras.tv\/site\/wp-content\/uploads\/2025\/01\/Banner_Educacao_PortallavrasTV-200x29.png 200w\" sizes=\"(max-width: 720px) 100vw, 720px\" width=\"720\" height=\"104\"  style=\"display: inline-block;\" \/><\/a><\/div><\/li><li><a href=\"https:\/\/sistemas.lavras.mg.gov.br\/portalcidadao\/#df1b1a7c7b2a290bcb31e32771e610784662739a88807c0dacac58ede5f391a7530e299dc302d611ee73cb143fc22eaf93592e53e7b5bdb01b00a0b8d28dae460c141dd2ff83412e4dc1c31b16b25f33144a9e5620ea73b13f5bc1c59411d98439ad226e8af03840603796067d87afe130812cf3de24982d0e306f9e61e764e5\" aria-label=\"Banner_Sa\u00fade_PortallavrasTV\"><img src=\"https:\/\/lavras.tv\/site\/wp-content\/uploads\/2025\/03\/Banner_Saude_PortallavrasTV.png\" alt=\"\"  srcset=\"https:\/\/lavras.tv\/site\/wp-content\/uploads\/2025\/03\/Banner_Saude_PortallavrasTV.png 720w, https:\/\/lavras.tv\/site\/wp-content\/uploads\/2025\/03\/Banner_Saude_PortallavrasTV-470x68.png 470w, https:\/\/lavras.tv\/site\/wp-content\/uploads\/2025\/03\/Banner_Saude_PortallavrasTV-170x25.png 170w, https:\/\/lavras.tv\/site\/wp-content\/uploads\/2025\/03\/Banner_Saude_PortallavrasTV-200x29.png 200w\" sizes=\"(max-width: 720px) 100vw, 720px\" width=\"720\" height=\"104\"   \/><\/a><\/li><li><div id=\"lavra-1202685362\" style=\"width:720px;height:104px;background-color:#ddd;overflow:scroll;\">\n\t<strong>Sa\u00edda da depura\u00e7\u00e3o de an\u00fancios<\/strong>\n\t<br><br>\n\tO an\u00fancio n\u00e3o \u00e9 exibido na p\u00e1gina<br><br>post atual: Entenda o papel dos vereadores e o que muda nas elei\u00e7\u00f5es deste ano, ID: 49466<br><br><span style=\"color: red;\">O post atual n\u00e3o \u00e9 id\u00eantico ao post principal.<\/span><br><br>An\u00fancios: ROXO - TOPO INTERNA - ROTATIVO 2 (197)<br \/>Grupo de an\u00fancios: Princ_Meio01_720x104 (27)<br><br>Condi\u00e7\u00f5es de exibi\u00e7\u00e3o<div style=\"margin-bottom: 20px; white-space: pre-wrap; font-family: monospace; width: 100%; background: #ffe9e9;\"><strong>condi\u00e7\u00f5es gerais<\/strong><table border=\"1\"><thead><tr><th><\/th><th>An\u00fancios<\/th><th>wp_the_query<\/th><\/tr><\/thead><tr><td>is_main_query<\/td><td>1<\/td><td>1<\/td><\/tr><tr><td>is_rest_api<\/td><td>0<\/td><td>1<\/td><\/tr><tr><td>page<\/td><td>0<\/td><td>1<\/td><\/tr><tr><td>numpages<\/td><td>0<\/td><td>1<\/td><\/tr><tr><td>is_archive<\/td><td>1<\/td><td><\/td><\/tr><tr><td>is_search<\/td><td>1<\/td><td><\/td><\/tr><tr><td>is_home<\/td><td>1<\/td><td><\/td><\/tr><tr><td>is_404<\/td><td>1<\/td><td><\/td><\/tr><tr><td>is_attachment<\/td><td>1<\/td><td><\/td><\/tr><tr><td>is_singular<\/td><td>1<\/td><td><\/td><\/tr><tr><td>is_front_page<\/td><td>1<\/td><td><\/td><\/tr><tr><td>is_feed<\/td><td>1<\/td><td><\/td><\/tr><\/table><\/div><br><br><span style=\"color: red;\">Seu site usa HTTPS, mas o c\u00f3digo do an\u00fancio cont\u00e9m HTTP e pode n\u00e3o funcionar.<\/span>\t<br><br>\n\t<a style=\"color: green;\" href=\"https:\/\/wpadvancedads.com\/manual\/ad-debug-mode\/?utm_source=advanced-ads&utm_medium=link&utm_campaign=ad-debug-mode\" target=\"_blank\" rel=\"nofollow\">Encontre solu\u00e7\u00f5es no manual<\/a>\n<\/div>\n<\/li><\/ul><\/div><script>( window.advanced_ads_ready || jQuery( document ).ready ).call( null, function() {var $lavraslider683003786 = jQuery( \".lavra-slider-683003786\" );$lavraslider683003786.on( \"unslider.ready\", function() { jQuery( \"div.custom-slider ul li\" ).css( \"display\", \"block\" ); });$lavraslider683003786.unslider({ delay:4000, autoplay:true, nav:false, arrows:false, infinite:true });$lavraslider683003786.on(\"mouseover\", function() {$lavraslider683003786.unslider(\"stop\");}).on(\"mouseout\", function() {$lavraslider683003786.unslider(\"start\");});});<\/script><\/div>\n<p>Al\u00e9m da transfer\u00eancia do pleito de&nbsp;4 de outubro&nbsp;para&nbsp;15 de novembro, as elei\u00e7\u00f5es deste ano apresentam uma mudan\u00e7a no sistema de candidaturas para os vereadores. A principal mudan\u00e7a, introduzida pela&nbsp;<a href=\"http:\/\/www.planalto.gov.br\/ccivil_03\/constituicao\/emendas\/emc\/emc97.htm\" target=\"_blank\" rel=\"noreferrer noopener\">Emenda Constitucional n\u00ba 97, de 2017<\/a>, \u00e9 a proibi\u00e7\u00e3o de coliga\u00e7\u00f5es para o cargo. A Emenda 97 vetou a celebra\u00e7\u00e3o de coliga\u00e7\u00f5es &#8211; uni\u00e3o de diferentes partidos para a disputa do pleito &#8211; nas elei\u00e7\u00f5es para vereadores, deputado estadual, federal e distrital.<img decoding=\"async\" src=\"https:\/\/agenciabrasil.ebc.com.br\/ebc.png?id=1389988&amp;o=node\"><img decoding=\"async\" src=\"https:\/\/agenciabrasil.ebc.com.br\/ebc.gif?id=1389988&amp;o=node\"><\/p>\n\n\n\n<p>Apesar da proibi\u00e7\u00e3o de coliga\u00e7\u00f5es para esses cargos, a emenda diz que os partidos ainda podem se unir em chapas para disputar os cargos majorit\u00e1rios &#8211; prefeito, senador, governador e presidente da Rep\u00fablica.<\/p>\n\n\n\n<p>Na elei\u00e7\u00e3o proporcional, \u00e9 o partido que recebe as vagas e n\u00e3o o candidato. Com a mudan\u00e7a, a forma de contar a quantidade de vagas no Legislativo municipal a que cada partido pode&nbsp;ter&nbsp;direito tamb\u00e9m sofreu altera\u00e7\u00f5es. Agora, quem pleiteia uma vaga nas c\u00e2maras municiais&nbsp;ter\u00e1 de disputar a elei\u00e7\u00e3o em chapa \u00fanica dentro do partido.<\/p>\n\n\n\n<p>Antes, os partidos podiam concorrer em uma mesma chapa, o que acabava aumentando o chamado Quociente Partid\u00e1rio (QP) &#8211; que determina quantas cadeiras um partido pode\u00a0ter\u00a0no Legislativo &#8211; e, portanto, a chance de conseguir mais vagas. Isso tamb\u00e9m aumentava, entre outras possibilidades, a de um eleitor votar no candidato A, mas acabar por eleger o B, de outro partido. Isso explica, em parte, o fato de alguns candidatos com muitos votos n\u00e3o se elegerem e outros, com poucos votos, serem eleitos.<\/p>\n\n\n\n<div class=\"wp-block-image\"><figure class=\"aligncenter size-large\"><img fetchpriority=\"high\" decoding=\"async\" width=\"970\" height=\"580\" src=\"http:\/\/lavras.tv\/site\/wp-content\/uploads\/2020\/10\/eleicoes_2020-banner-970x580.jpg\" alt=\"\" class=\"wp-image-49467\" srcset=\"https:\/\/lavras.tv\/site\/wp-content\/uploads\/2020\/10\/eleicoes_2020-banner-970x580.jpg 970w, https:\/\/lavras.tv\/site\/wp-content\/uploads\/2020\/10\/eleicoes_2020-banner-470x281.jpg 470w, https:\/\/lavras.tv\/site\/wp-content\/uploads\/2020\/10\/eleicoes_2020-banner-170x102.jpg 170w, https:\/\/lavras.tv\/site\/wp-content\/uploads\/2020\/10\/eleicoes_2020-banner.jpg 1170w\" sizes=\"(max-width: 970px) 100vw, 970px\" \/><\/figure><\/div>\n\n\n\n<h2 class=\"wp-block-heading\">C\u00e1lculo das vagas&nbsp;<\/h2>\n\n\n\n<p>O sistema proporcional garante um equil\u00edbrio&nbsp;de vagas entre os partidos. A primeira etapa para determinar esse n\u00famero \u00e9 fazer o c\u00e1lculo para descobrir o Quociente Eleitoral (QE) &#8211; n\u00famero de vagas que cada partido precisa&nbsp;ter&nbsp;para conseguir uma cadeira na C\u00e2mara Municipal.<\/p>\n\n\n\n<p>O QE \u00e9 obtido pela divis\u00e3o do n\u00famero de votos v\u00e1lidos apurados (excluindo votos brancos e nulos) pelo n\u00famero de vagas a preencher no Legislativo. Isso significa que o partido precisa&nbsp;ter&nbsp;essa quantidade m\u00ednima de votos para ocupar uma vaga na C\u00e2mara.<\/p>\n\n\n\n<p>J\u00e1 para assumir uma cadeira, o candidato precisa&nbsp;ter&nbsp;pelo menos 10% do quociente eleitoral. Se o partido n\u00e3o tiver um candidato com a quantidade de votos necess\u00e1ria, a vaga \u00e9 passada para outro partido ap\u00f3s novos c\u00e1lculos.<\/p>\n\n\n\n<p>Depois \u00e9 a vez de calcular o Quociente Partid\u00e1rio. Esse n\u00famero \u00e9 obtido por meio da divis\u00e3o do n\u00famero de votos v\u00e1lidos conseguidos pelo partido pelo Quociente eleitoral, excluindo-se as fra\u00e7\u00f5es. Isso significa, por exemplo, que se o resultado der 4,5, o partido&nbsp;ter\u00e1 direito a quatro vagas.<\/p>\n\n\n\n<p>De acordo com o Tribunal Superior Eleitoral (TSE),&nbsp;as vagas n\u00e3o preenchidas com a aplica\u00e7\u00e3o do QP e a exig\u00eancia de vota\u00e7\u00e3o nominal m\u00ednima ser\u00e3o distribu\u00eddas entre todos os partidos que participam do pleito, independentemente de terem ou n\u00e3o atingido o QE, mediante observ\u00e2ncia do c\u00e1lculo de m\u00e9dias.<\/p>\n\n\n\n<p>A m\u00e9dia de cada legenda \u00e9 determinada pela quantidade de votos v\u00e1lidos a ela atribu\u00edda, dividida pelo respectivo QP acrescido de 1. Nesses casos, \u00e0 agremia\u00e7\u00e3o que apresentar a maior m\u00e9dia cabe uma das vagas a preencher, desde que tenha candidato que atenda \u00e0 exig\u00eancia de vota\u00e7\u00e3o nominal m\u00ednima.<\/p>\n\n\n\n<p>Por fim, depois de repetida a opera\u00e7\u00e3o, quando n\u00e3o houver mais partidos com candidatos que atendam \u00e0 exig\u00eancia de vota\u00e7\u00e3o nominal m\u00ednima, as cadeiras dever\u00e3o ser distribu\u00eddas \u00e0s legendas que apresentem as maiores m\u00e9dias.<\/p>\n\n\n\n<h2 class=\"wp-block-heading\">Candidaturas<\/h2>\n\n\n\n<p>Os vereadores s\u00e3o respons\u00e1veis,&nbsp;entre outras fun\u00e7\u00f5es,&nbsp;por&nbsp;legislar, realizar a fiscaliza\u00e7\u00e3o financeira e da execu\u00e7\u00e3o or\u00e7ament\u00e1ria do Executivo Municipal, al\u00e9m de julgar as contas apresentadas pelo prefeito. Os vereadores tamb\u00e9m s\u00e3o respons\u00e1veis por&nbsp;discutir, propor, votar sobre os impostos da cidade, a cria\u00e7\u00e3o e manuten\u00e7\u00e3o de bairros, distritos ou ruas, e iniciar processo de&nbsp;<em>impeachment<\/em>.<\/p>\n\n\n\n<p>A Constitui\u00e7\u00e3o diz que o n\u00famero m\u00ednimo de vagas nas c\u00e2maras legislativas \u00e9 de 9 para munic\u00edpios com at\u00e9 15 mil habitantes e at\u00e9 55 cadeiras nas cidades com mais de 8 milh\u00f5es de moradores.<\/p>\n\n\n\n<p>Ainda de acordo com o texto constitucional, entre os requisitos para pleitear a vaga, os candidatos t\u00eam que&nbsp;ter&nbsp;18 anos de idade na data-limite do registro de candidatura;&nbsp;ter&nbsp;nacionalidade brasileira (ser brasileiro nato ou naturalizado); ser alfabetizado (saber ler e escrever);&nbsp;ter&nbsp;domic\u00edlio eleitoral no munic\u00edpio em que pretende concorrer no m\u00ednimo um ano antes da elei\u00e7\u00e3o;&nbsp;estar quite com a Justi\u00e7a Eleitoral e&nbsp;estar filiado a um partido pol\u00edtico por no m\u00ednimo um ano antes da elei\u00e7\u00e3o.<\/p>\n\n\n\n<p>Os partido ainda t\u00eam que cumprir a norma de\u00a0preencher o m\u00ednimo de 30% e o m\u00e1ximo de 70%\u00a0\u201cpara candidaturas de cada g\u00eanero\u201d. Como historicamente os homens constituem a maioria dos candidatos, essa cota acaba sendo destinada para as candidaturas de mulheres.<\/p>\n\n\n\n<p>Fonte: Ag\u00eancia Brasil<\/p>\n","protected":false},"excerpt":{"rendered":"<p>Al\u00e9m da transfer\u00eancia do pleito de&nbsp;4 de outubro&nbsp;para&nbsp;15 de novembro, as elei\u00e7\u00f5es deste ano apresentam uma mudan\u00e7a no sistema de candidaturas para os vereadores. A principal mudan\u00e7a, introduzida pela&nbsp;Emenda Constitucional n\u00ba 97, de 2017, \u00e9 a proibi\u00e7\u00e3o de coliga\u00e7\u00f5es para o cargo. A Emenda 97 vetou a celebra\u00e7\u00e3o de coliga\u00e7\u00f5es &#8211; uni\u00e3o de diferentes partidos [&hellip;]<\/p>\n","protected":false},"author":2,"featured_media":49467,"comment_status":"closed","ping_status":"open","sticky":false,"template":"","format":"standard","meta":{"advgb_blocks_editor_width":"","advgb_blocks_columns_visual_guide":"","_exactmetrics_skip_tracking":false,"_exactmetrics_sitenote_active":false,"_exactmetrics_sitenote_note":"","_exactmetrics_sitenote_category":0,"footnotes":""},"categories":[7,2,12],"tags":[],"class_list":["post-49466","post","type-post","status-publish","format-standard","has-post-thumbnail","hentry","category-destaques","category-noticias","category-politica"],"better_featured_image":{"id":49467,"alt_text":"","caption":"","description":"","media_type":"image","media_details":{"width":1170,"height":700,"file":"2020\/10\/eleicoes_2020-banner.jpg","sizes":{"medium":{"file":"eleicoes_2020-banner-470x281.jpg","width":470,"height":281,"mime-type":"image\/jpeg","source_url":"https:\/\/lavras.tv\/site\/wp-content\/uploads\/2020\/10\/eleicoes_2020-banner-470x281.jpg"},"large":{"file":"eleicoes_2020-banner-970x580.jpg","width":970,"height":580,"mime-type":"image\/jpeg","source_url":"https:\/\/lavras.tv\/site\/wp-content\/uploads\/2020\/10\/eleicoes_2020-banner-970x580.jpg"},"thumbnail":{"file":"eleicoes_2020-banner-170x102.jpg","width":170,"height":102,"mime-type":"image\/jpeg","source_url":"https:\/\/lavras.tv\/site\/wp-content\/uploads\/2020\/10\/eleicoes_2020-banner-170x102.jpg"},"alm-thumbnail":{"file":"eleicoes_2020-banner-150x150.jpg","width":150,"height":150,"mime-type":"image\/jpeg","source_url":"https:\/\/lavras.tv\/site\/wp-content\/uploads\/2020\/10\/eleicoes_2020-banner-150x150.jpg"}},"image_meta":{"aperture":"0","credit":"","camera":"","caption":"","created_timestamp":"0","copyright":"","focal_length":"0","iso":"0","shutter_speed":"0","title":"","orientation":"0","keywords":[]}},"post":49466,"source_url":"https:\/\/lavras.tv\/site\/wp-content\/uploads\/2020\/10\/eleicoes_2020-banner.jpg"},"author_meta":{"display_name":"Lavras TV","author_link":"https:\/\/lavras.tv\/site\/author\/lavrastv\/"},"featured_img":"https:\/\/lavras.tv\/site\/wp-content\/uploads\/2020\/10\/eleicoes_2020-banner-470x281.jpg","coauthors":[],"tax_additional":{"categories":{"linked":["<a href=\"https:\/\/lavras.tv\/site\/category\/destaques\/\" class=\"advgb-post-tax-term\">Destaques<\/a>","<a href=\"https:\/\/lavras.tv\/site\/category\/noticias\/\" class=\"advgb-post-tax-term\">Not\u00edcias<\/a>","<a href=\"https:\/\/lavras.tv\/site\/category\/politica\/\" class=\"advgb-post-tax-term\">Pol\u00edtica<\/a>"],"unlinked":["<span class=\"advgb-post-tax-term\">Destaques<\/span>","<span class=\"advgb-post-tax-term\">Not\u00edcias<\/span>","<span class=\"advgb-post-tax-term\">Pol\u00edtica<\/span>"]}},"comment_count":"0","relative_dates":{"created":"Publicado 6 anos atr\u00e1s","modified":"Atualizado 6 anos atr\u00e1s"},"absolute_dates":{"created":"Publicado em 7 de outubro de 2020","modified":"Atualizado em 7 de outubro de 2020"},"absolute_dates_time":{"created":"Publicado em 7 de outubro de 2020 09:20","modified":"Atualizado em 7 de outubro de 2020 09:20"},"featured_img_caption":"","series_order":"","_links":{"self":[{"href":"https:\/\/lavras.tv\/site\/wp-json\/wp\/v2\/posts\/49466","targetHints":{"allow":["GET"]}}],"collection":[{"href":"https:\/\/lavras.tv\/site\/wp-json\/wp\/v2\/posts"}],"about":[{"href":"https:\/\/lavras.tv\/site\/wp-json\/wp\/v2\/types\/post"}],"author":[{"embeddable":true,"href":"https:\/\/lavras.tv\/site\/wp-json\/wp\/v2\/users\/2"}],"replies":[{"embeddable":true,"href":"https:\/\/lavras.tv\/site\/wp-json\/wp\/v2\/comments?post=49466"}],"version-history":[{"count":1,"href":"https:\/\/lavras.tv\/site\/wp-json\/wp\/v2\/posts\/49466\/revisions"}],"predecessor-version":[{"id":49468,"href":"https:\/\/lavras.tv\/site\/wp-json\/wp\/v2\/posts\/49466\/revisions\/49468"}],"wp:featuredmedia":[{"embeddable":true,"href":"https:\/\/lavras.tv\/site\/wp-json\/wp\/v2\/media\/49467"}],"wp:attachment":[{"href":"https:\/\/lavras.tv\/site\/wp-json\/wp\/v2\/media?parent=49466"}],"wp:term":[{"taxonomy":"category","embeddable":true,"href":"https:\/\/lavras.tv\/site\/wp-json\/wp\/v2\/categories?post=49466"},{"taxonomy":"post_tag","embeddable":true,"href":"https:\/\/lavras.tv\/site\/wp-json\/wp\/v2\/tags?post=49466"}],"curies":[{"name":"wp","href":"https:\/\/api.w.org\/{rel}","templated":true}]}}