{"id":49488,"date":"2020-10-08T18:40:19","date_gmt":"2020-10-08T21:40:19","guid":{"rendered":"http:\/\/lavras.tv\/site\/?p=49488"},"modified":"2020-10-08T18:40:21","modified_gmt":"2020-10-08T21:40:21","slug":"horario-eleitoral-gratuito-comeca-nesta-sexta-feira","status":"publish","type":"post","link":"https:\/\/lavras.tv\/site\/2020\/10\/08\/horario-eleitoral-gratuito-comeca-nesta-sexta-feira\/","title":{"rendered":"Hor\u00e1rio eleitoral gratuito come\u00e7a nesta sexta-feira"},"content":{"rendered":"<div class=\"lavra-antes-do-conteudo_2\" id=\"lavra-4012545104\"><div id=\"lavra-slider-27\" class=\"custom-slider lavra-slider-1604884196 lavra-slider\"><ul><li><div style=\"margin-left: auto;margin-right: auto;text-align: center;\" id=\"lavra-2879921822\"><a href=\"https:\/\/sistemas.lavras.mg.gov.br\/portalcidadao\/#df1b1a7c7b2a290bcb31e32771e610784662739a88807c0dacac58ede5f391a7530e299dc302d611ee73cb143fc22eaf93592e53e7b5bdb01b00a0b8d28dae460c141dd2ff83412e4dc1c31b16b25f33144a9e5620ea73b13f5bc1c59411d98439ad226e8af03840603796067d87afe130812cf3de24982d0e306f9e61e764e5\" aria-label=\"Lavras-TV&#8211;720x104px (1) (1)\"><img src=\"https:\/\/lavras.tv\/site\/wp-content\/uploads\/2025\/01\/Lavras-TV-720x104px-1-1.png\" alt=\"\"  srcset=\"https:\/\/lavras.tv\/site\/wp-content\/uploads\/2025\/01\/Lavras-TV-720x104px-1-1.png 720w, https:\/\/lavras.tv\/site\/wp-content\/uploads\/2025\/01\/Lavras-TV-720x104px-1-1-470x68.png 470w, https:\/\/lavras.tv\/site\/wp-content\/uploads\/2025\/01\/Lavras-TV-720x104px-1-1-170x25.png 170w, https:\/\/lavras.tv\/site\/wp-content\/uploads\/2025\/01\/Lavras-TV-720x104px-1-1-200x29.png 200w\" sizes=\"(max-width: 720px) 100vw, 720px\" width=\"720\" height=\"104\"  style=\"display: inline-block;\" \/><\/a><\/div><\/li><li><a href=\"https:\/\/sistemas.lavras.mg.gov.br\/portalcidadao\/#df1b1a7c7b2a290bcb31e32771e610784662739a88807c0dacac58ede5f391a7530e299dc302d611ee73cb143fc22eaf93592e53e7b5bdb01b00a0b8d28dae460c141dd2ff83412e4dc1c31b16b25f33144a9e5620ea73b13f5bc1c59411d98439ad226e8af03840603796067d87afe130812cf3de24982d0e306f9e61e764e5\" aria-label=\"Banner_Emprego_PortallavrasTV\"><img src=\"https:\/\/lavras.tv\/site\/wp-content\/uploads\/2025\/03\/Banner_Emprego_PortallavrasTV.png\" alt=\"\"  srcset=\"https:\/\/lavras.tv\/site\/wp-content\/uploads\/2025\/03\/Banner_Emprego_PortallavrasTV.png 720w, https:\/\/lavras.tv\/site\/wp-content\/uploads\/2025\/03\/Banner_Emprego_PortallavrasTV-470x68.png 470w, https:\/\/lavras.tv\/site\/wp-content\/uploads\/2025\/03\/Banner_Emprego_PortallavrasTV-170x25.png 170w, https:\/\/lavras.tv\/site\/wp-content\/uploads\/2025\/03\/Banner_Emprego_PortallavrasTV-200x29.png 200w\" sizes=\"(max-width: 720px) 100vw, 720px\" width=\"720\" height=\"104\"   \/><\/a><\/li><li><a href=\"https:\/\/sistemas.lavras.mg.gov.br\/portalcidadao\/#df1b1a7c7b2a290bcb31e32771e610784662739a88807c0dacac58ede5f391a7530e299dc302d611ee73cb143fc22eaf93592e53e7b5bdb01b00a0b8d28dae460c141dd2ff83412e4dc1c31b16b25f33144a9e5620ea73b13f5bc1c59411d98439ad226e8af03840603796067d87afe130812cf3de24982d0e306f9e61e764e5\" aria-label=\"Banner_Obras_PortallavrasTV\"><img src=\"https:\/\/lavras.tv\/site\/wp-content\/uploads\/2025\/03\/Banner_Obras_PortallavrasTV.png\" alt=\"\"  srcset=\"https:\/\/lavras.tv\/site\/wp-content\/uploads\/2025\/03\/Banner_Obras_PortallavrasTV.png 720w, https:\/\/lavras.tv\/site\/wp-content\/uploads\/2025\/03\/Banner_Obras_PortallavrasTV-470x68.png 470w, https:\/\/lavras.tv\/site\/wp-content\/uploads\/2025\/03\/Banner_Obras_PortallavrasTV-170x25.png 170w, https:\/\/lavras.tv\/site\/wp-content\/uploads\/2025\/03\/Banner_Obras_PortallavrasTV-200x29.png 200w\" sizes=\"(max-width: 720px) 100vw, 720px\" width=\"720\" height=\"104\"   \/><\/a><\/li><li><div style=\"margin-left: auto;margin-right: auto;text-align: center;\" id=\"lavra-1170080426\"><a href=\"https:\/\/sistemas.lavras.mg.gov.br\/portalcidadao\/#df1b1a7c7b2a290bcb31e32771e610784662739a88807c0dacac58ede5f391a7530e299dc302d611ee73cb143fc22eaf93592e53e7b5bdb01b00a0b8d28dae460c141dd2ff83412e4dc1c31b16b25f33144a9e5620ea73b13f5bc1c59411d98439ad226e8af03840603796067d87afe130812cf3de24982d0e306f9e61e764e5\" aria-label=\"Banner_Educa\u00e7\u00e3o_PortallavrasTV\"><img src=\"https:\/\/lavras.tv\/site\/wp-content\/uploads\/2025\/01\/Banner_Educacao_PortallavrasTV.png\" alt=\"\"  srcset=\"https:\/\/lavras.tv\/site\/wp-content\/uploads\/2025\/01\/Banner_Educacao_PortallavrasTV.png 720w, https:\/\/lavras.tv\/site\/wp-content\/uploads\/2025\/01\/Banner_Educacao_PortallavrasTV-470x68.png 470w, https:\/\/lavras.tv\/site\/wp-content\/uploads\/2025\/01\/Banner_Educacao_PortallavrasTV-170x25.png 170w, https:\/\/lavras.tv\/site\/wp-content\/uploads\/2025\/01\/Banner_Educacao_PortallavrasTV-200x29.png 200w\" sizes=\"(max-width: 720px) 100vw, 720px\" width=\"720\" height=\"104\"  style=\"display: inline-block;\" \/><\/a><\/div><\/li><li><a href=\"https:\/\/sistemas.lavras.mg.gov.br\/portalcidadao\/#df1b1a7c7b2a290bcb31e32771e610784662739a88807c0dacac58ede5f391a7530e299dc302d611ee73cb143fc22eaf93592e53e7b5bdb01b00a0b8d28dae460c141dd2ff83412e4dc1c31b16b25f33144a9e5620ea73b13f5bc1c59411d98439ad226e8af03840603796067d87afe130812cf3de24982d0e306f9e61e764e5\" aria-label=\"Banner_Sa\u00fade_PortallavrasTV\"><img src=\"https:\/\/lavras.tv\/site\/wp-content\/uploads\/2025\/03\/Banner_Saude_PortallavrasTV.png\" alt=\"\"  srcset=\"https:\/\/lavras.tv\/site\/wp-content\/uploads\/2025\/03\/Banner_Saude_PortallavrasTV.png 720w, https:\/\/lavras.tv\/site\/wp-content\/uploads\/2025\/03\/Banner_Saude_PortallavrasTV-470x68.png 470w, https:\/\/lavras.tv\/site\/wp-content\/uploads\/2025\/03\/Banner_Saude_PortallavrasTV-170x25.png 170w, https:\/\/lavras.tv\/site\/wp-content\/uploads\/2025\/03\/Banner_Saude_PortallavrasTV-200x29.png 200w\" sizes=\"(max-width: 720px) 100vw, 720px\" width=\"720\" height=\"104\"   \/><\/a><\/li><li><div id=\"lavra-1177616313\" style=\"width:720px;height:104px;background-color:#ddd;overflow:scroll;\">\n\t<strong>Sa\u00edda da depura\u00e7\u00e3o de an\u00fancios<\/strong>\n\t<br><br>\n\tO an\u00fancio n\u00e3o \u00e9 exibido na p\u00e1gina<br><br>post atual: Hor\u00e1rio eleitoral gratuito come\u00e7a nesta sexta-feira, ID: 49488<br><br><span style=\"color: red;\">O post atual n\u00e3o \u00e9 id\u00eantico ao post principal.<\/span><br><br>An\u00fancios: ROXO - TOPO INTERNA - ROTATIVO 2 (197)<br \/>Grupo de an\u00fancios: Princ_Meio01_720x104 (27)<br><br>Condi\u00e7\u00f5es de exibi\u00e7\u00e3o<div style=\"margin-bottom: 20px; white-space: pre-wrap; font-family: monospace; width: 100%; background: #ffe9e9;\"><strong>condi\u00e7\u00f5es gerais<\/strong><table border=\"1\"><thead><tr><th><\/th><th>An\u00fancios<\/th><th>wp_the_query<\/th><\/tr><\/thead><tr><td>is_main_query<\/td><td>1<\/td><td>1<\/td><\/tr><tr><td>is_rest_api<\/td><td>0<\/td><td>1<\/td><\/tr><tr><td>page<\/td><td>0<\/td><td>1<\/td><\/tr><tr><td>numpages<\/td><td>0<\/td><td>1<\/td><\/tr><tr><td>is_archive<\/td><td>1<\/td><td><\/td><\/tr><tr><td>is_search<\/td><td>1<\/td><td><\/td><\/tr><tr><td>is_home<\/td><td>1<\/td><td><\/td><\/tr><tr><td>is_404<\/td><td>1<\/td><td><\/td><\/tr><tr><td>is_attachment<\/td><td>1<\/td><td><\/td><\/tr><tr><td>is_singular<\/td><td>1<\/td><td><\/td><\/tr><tr><td>is_front_page<\/td><td>1<\/td><td><\/td><\/tr><tr><td>is_feed<\/td><td>1<\/td><td><\/td><\/tr><\/table><\/div><br><br><span style=\"color: red;\">Seu site usa HTTPS, mas o c\u00f3digo do an\u00fancio cont\u00e9m HTTP e pode n\u00e3o funcionar.<\/span>\t<br><br>\n\t<a style=\"color: green;\" href=\"https:\/\/wpadvancedads.com\/manual\/ad-debug-mode\/?utm_source=advanced-ads&utm_medium=link&utm_campaign=ad-debug-mode\" target=\"_blank\" rel=\"nofollow\">Encontre solu\u00e7\u00f5es no manual<\/a>\n<\/div>\n<\/li><\/ul><\/div><script>( window.advanced_ads_ready || jQuery( document ).ready ).call( null, function() {var $lavraslider1604884196 = jQuery( \".lavra-slider-1604884196\" );$lavraslider1604884196.on( \"unslider.ready\", function() { jQuery( \"div.custom-slider ul li\" ).css( \"display\", \"block\" ); });$lavraslider1604884196.unslider({ delay:4000, autoplay:true, nav:false, arrows:false, infinite:true });$lavraslider1604884196.on(\"mouseover\", function() {$lavraslider1604884196.unslider(\"stop\");}).on(\"mouseout\", function() {$lavraslider1604884196.unslider(\"start\");});});<\/script><\/div>\n<p>Nesta sexta-feira (9), ter\u00e1 in\u00edcio a veicula\u00e7\u00e3o da propaganda eleitoral gratuita no r\u00e1dio e na televis\u00e3o. A exibi\u00e7\u00e3o ser\u00e1 feita at\u00e9 o dia 12 de novembro.<\/p>\n\n\n\n<p>Apenas os candidatos a prefeito ter\u00e3o direito aos programas em blocos, que ser\u00e3o veiculados em dois per\u00edodos de 10 minutos cada. A regra existe desde 2016. No r\u00e1dio, a transmiss\u00e3o acontecer\u00e1 das 7h \u00e0s 7h10 e das 12h \u00e0s 12h10. Na televis\u00e3o, a exibi\u00e7\u00e3o ser\u00e1 das 13h \u00e0s 13h10 e das 20h30 \u00e0s 20h40.<\/p>\n\n\n\n<p>J\u00e1 as inser\u00e7\u00f5es ao longo da programa\u00e7\u00e3o das emissoras somar\u00e3o 70 minutos di\u00e1rios, sendo 42 para os candidatos a prefeito e 28 para os candidatos a vereador. Elas ser\u00e3o transmitidas entre 5h e 24h.<\/p>\n\n\n\n<p>Em Belo Horizonte, o tempo de cada coliga\u00e7\u00e3o ou partido e a ordem de veicula\u00e7\u00e3o das propagandas foram definidos em uma audi\u00eancia feita pela Comiss\u00e3o de Fiscaliza\u00e7\u00e3o da Propaganda Eleitoral no dia 1\u00ba de outubro. Em raz\u00e3o da regra criada pela Emenda Constitucional n\u00ba 97\/2017 (cl\u00e1usula de desempenho), nestas elei\u00e7\u00f5es dez partidos n\u00e3o t\u00eam tempo algum no hor\u00e1rio eleitoral gratuito, por isso, quatro candidatos a prefeito n\u00e3o ter\u00e3o espa\u00e7o na propaganda em r\u00e1dio e TV. Para informa\u00e7\u00f5es sobre o hor\u00e1rio eleitoral nos demais munic\u00edpios, a consulta deve ser feita diretamente ao cart\u00f3rio eleitoral respons\u00e1vel (<a href=\"http:\/\/www.tre-mg.jus.br\/eleitor\/zonas-eleitorais\/consulta-enderecos-de-zonas-eleitorais\">veja os telefones<\/a>).<\/p>\n\n\n\n<figure class=\"wp-block-image size-large\"><img fetchpriority=\"high\" decoding=\"async\" width=\"600\" height=\"380\" src=\"http:\/\/lavras.tv\/site\/wp-content\/uploads\/2016\/08\/horario-eleitoral-gratuito.jpg\" alt=\"\" class=\"wp-image-1619\" srcset=\"https:\/\/lavras.tv\/site\/wp-content\/uploads\/2016\/08\/horario-eleitoral-gratuito.jpg 600w, https:\/\/lavras.tv\/site\/wp-content\/uploads\/2016\/08\/horario-eleitoral-gratuito-150x95.jpg 150w, https:\/\/lavras.tv\/site\/wp-content\/uploads\/2016\/08\/horario-eleitoral-gratuito-300x190.jpg 300w\" sizes=\"(max-width: 600px) 100vw, 600px\" \/><\/figure>\n\n\n\n<p><strong>Transmiss\u00e3o em cidades sem geradora de TV<\/strong><\/p>\n\n\n\n<p>A lei eleitoral permite que cidades acima de 200 mil eleitores e que n\u00e3o tenham emissora geradora de televis\u00e3o possam pedir a transmiss\u00e3o do hor\u00e1rio eleitoral em bloco dos seus candidatos a prefeito, desde que operacionalmente vi\u00e1vel (Art. 48 da Lei das Elei\u00e7\u00f5es). S\u00e3o nove munic\u00edpios em Minas Gerais com eleitorado acima desse limite: Belo Horizonte, Betim, Contagem, Ribeir\u00e3o das Neves, Juiz de Fora, Governador Valadares, Montes Claros, Uberaba e Uberl\u00e2ndia.<\/p>\n\n\n\n<p>Tr\u00eas deles &#8211; Betim, Contagem e Ribeir\u00e3o das Neves, todas na Grande BH &#8211; n\u00e3o tem geradora de TV e poderiam requerer esse direito, pois recebem o sinal das geradoras de Belo Horizonte. Nestas elei\u00e7\u00f5es, somente o munic\u00edpio de Contagem fez o pedido (processo PJe 0601336-23.2020.6.13.0000), deferido pela Corte Eleitoral. A emissora TV Record ir\u00e1 transmitir a propaganda eleitoral em bloco dos candidatos a prefeito do munic\u00edpio.<\/p>\n\n\n\n<p>As demais cinco cidades \u2013 Juiz de Fora, Montes Claros, Governador Valadares, Uberaba e Uberl\u00e2ndia \u2013 t\u00eam geradoras locais de TV.<\/p>\n\n\n\n<p><strong>Situa\u00e7\u00e3o em Lavras <\/strong><\/p>\n\n\n\n<p>Em Lavras a propaganda eleitoral gratuita ser\u00e1 veiculada apenas nas emissoras de r\u00e1dio AM e FM. O \u00fanico canal de TV da cidade, a TV C\u00e2mara, apresentou um pedido \u00e0 ju\u00edza eleitoral, Zilda Youssef Murad, solicitando a retirada da obrigatoriedade de exibi\u00e7\u00e3o dos programas por falta de pessoal para operar as atividades do canal. <\/p>\n\n\n\n<p>Fonte: TRE-MG<\/p>\n","protected":false},"excerpt":{"rendered":"<p>Nesta sexta-feira (9), ter\u00e1 in\u00edcio a veicula\u00e7\u00e3o da propaganda eleitoral gratuita no r\u00e1dio e na televis\u00e3o. A exibi\u00e7\u00e3o ser\u00e1 feita at\u00e9 o dia 12 de novembro. Apenas os candidatos a prefeito ter\u00e3o direito aos programas em blocos, que ser\u00e3o veiculados em dois per\u00edodos de 10 minutos cada. A regra existe desde 2016. No r\u00e1dio, a [&hellip;]<\/p>\n","protected":false},"author":2,"featured_media":1619,"comment_status":"closed","ping_status":"open","sticky":false,"template":"","format":"standard","meta":{"advgb_blocks_editor_width":"","advgb_blocks_columns_visual_guide":"","_exactmetrics_skip_tracking":false,"_exactmetrics_sitenote_active":false,"_exactmetrics_sitenote_note":"","_exactmetrics_sitenote_category":0,"footnotes":""},"categories":[7,2,12],"tags":[],"class_list":["post-49488","post","type-post","status-publish","format-standard","has-post-thumbnail","hentry","category-destaques","category-noticias","category-politica"],"better_featured_image":{"id":1619,"alt_text":"","caption":"","description":"","media_type":"image","media_details":{"width":600,"height":380,"file":"2016\/08\/horario-eleitoral-gratuito.jpg","sizes":{"thumbnail":{"file":"horario-eleitoral-gratuito-150x95.jpg","width":150,"height":95,"mime-type":"image\/jpeg","source_url":"https:\/\/lavras.tv\/site\/wp-content\/uploads\/2016\/08\/horario-eleitoral-gratuito-150x95.jpg"},"medium":{"file":"horario-eleitoral-gratuito-300x190.jpg","width":300,"height":190,"mime-type":"image\/jpeg","source_url":"https:\/\/lavras.tv\/site\/wp-content\/uploads\/2016\/08\/horario-eleitoral-gratuito-300x190.jpg"},"featured-post-img":{"file":"horario-eleitoral-gratuito-480x320.jpg","width":480,"height":320,"mime-type":"image\/jpeg","source_url":"https:\/\/lavras.tv\/site\/wp-content\/uploads\/2016\/08\/horario-eleitoral-gratuito-480x320.jpg"},"sow-carousel-default":{"file":"horario-eleitoral-gratuito-272x182.jpg","width":272,"height":182,"mime-type":"image\/jpeg","source_url":"https:\/\/lavras.tv\/site\/wp-content\/uploads\/2016\/08\/horario-eleitoral-gratuito-272x182.jpg"}},"image_meta":{"aperture":"0","credit":"","camera":"","caption":"","created_timestamp":"0","copyright":"","focal_length":"0","iso":"0","shutter_speed":"0","title":"","orientation":"0","keywords":[]}},"post":1618,"source_url":"https:\/\/lavras.tv\/site\/wp-content\/uploads\/2016\/08\/horario-eleitoral-gratuito.jpg"},"author_meta":{"display_name":"Lavras TV","author_link":"https:\/\/lavras.tv\/site\/author\/lavrastv\/"},"featured_img":"https:\/\/lavras.tv\/site\/wp-content\/uploads\/2016\/08\/horario-eleitoral-gratuito-300x190.jpg","coauthors":[],"tax_additional":{"categories":{"linked":["<a href=\"https:\/\/lavras.tv\/site\/category\/destaques\/\" class=\"advgb-post-tax-term\">Destaques<\/a>","<a href=\"https:\/\/lavras.tv\/site\/category\/noticias\/\" class=\"advgb-post-tax-term\">Not\u00edcias<\/a>","<a href=\"https:\/\/lavras.tv\/site\/category\/politica\/\" class=\"advgb-post-tax-term\">Pol\u00edtica<\/a>"],"unlinked":["<span class=\"advgb-post-tax-term\">Destaques<\/span>","<span class=\"advgb-post-tax-term\">Not\u00edcias<\/span>","<span class=\"advgb-post-tax-term\">Pol\u00edtica<\/span>"]}},"comment_count":"0","relative_dates":{"created":"Publicado 6 anos atr\u00e1s","modified":"Atualizado 6 anos atr\u00e1s"},"absolute_dates":{"created":"Publicado em 8 de outubro de 2020","modified":"Atualizado em 8 de outubro de 2020"},"absolute_dates_time":{"created":"Publicado em 8 de outubro de 2020 18:40","modified":"Atualizado em 8 de outubro de 2020 18:40"},"featured_img_caption":"","series_order":"","_links":{"self":[{"href":"https:\/\/lavras.tv\/site\/wp-json\/wp\/v2\/posts\/49488","targetHints":{"allow":["GET"]}}],"collection":[{"href":"https:\/\/lavras.tv\/site\/wp-json\/wp\/v2\/posts"}],"about":[{"href":"https:\/\/lavras.tv\/site\/wp-json\/wp\/v2\/types\/post"}],"author":[{"embeddable":true,"href":"https:\/\/lavras.tv\/site\/wp-json\/wp\/v2\/users\/2"}],"replies":[{"embeddable":true,"href":"https:\/\/lavras.tv\/site\/wp-json\/wp\/v2\/comments?post=49488"}],"version-history":[{"count":1,"href":"https:\/\/lavras.tv\/site\/wp-json\/wp\/v2\/posts\/49488\/revisions"}],"predecessor-version":[{"id":49489,"href":"https:\/\/lavras.tv\/site\/wp-json\/wp\/v2\/posts\/49488\/revisions\/49489"}],"wp:featuredmedia":[{"embeddable":true,"href":"https:\/\/lavras.tv\/site\/wp-json\/wp\/v2\/media\/1619"}],"wp:attachment":[{"href":"https:\/\/lavras.tv\/site\/wp-json\/wp\/v2\/media?parent=49488"}],"wp:term":[{"taxonomy":"category","embeddable":true,"href":"https:\/\/lavras.tv\/site\/wp-json\/wp\/v2\/categories?post=49488"},{"taxonomy":"post_tag","embeddable":true,"href":"https:\/\/lavras.tv\/site\/wp-json\/wp\/v2\/tags?post=49488"}],"curies":[{"name":"wp","href":"https:\/\/api.w.org\/{rel}","templated":true}]}}