{"id":49636,"date":"2020-10-21T11:24:28","date_gmt":"2020-10-21T14:24:28","guid":{"rendered":"http:\/\/lavras.tv\/site\/?p=49636"},"modified":"2020-10-21T11:24:30","modified_gmt":"2020-10-21T14:24:30","slug":"bolsonaro-desautoriza-acordo-de-pazuello-e-diz-que-nao-comprara-coronavac","status":"publish","type":"post","link":"https:\/\/lavras.tv\/site\/2020\/10\/21\/bolsonaro-desautoriza-acordo-de-pazuello-e-diz-que-nao-comprara-coronavac\/","title":{"rendered":"Bolsonaro desautoriza acordo de Pazuello e diz que n\u00e3o comprar\u00e1 CoronaVac"},"content":{"rendered":"<div class=\"lavra-antes-do-conteudo_2\" id=\"lavra-3081413815\"><div id=\"lavra-slider-27\" class=\"custom-slider lavra-slider-864157608 lavra-slider\"><ul><li><div style=\"margin-left: auto;margin-right: auto;text-align: center;\" id=\"lavra-3367621723\"><a href=\"https:\/\/sistemas.lavras.mg.gov.br\/portalcidadao\/#df1b1a7c7b2a290bcb31e32771e610784662739a88807c0dacac58ede5f391a7530e299dc302d611ee73cb143fc22eaf93592e53e7b5bdb01b00a0b8d28dae460c141dd2ff83412e4dc1c31b16b25f33144a9e5620ea73b13f5bc1c59411d98439ad226e8af03840603796067d87afe130812cf3de24982d0e306f9e61e764e5\" aria-label=\"Lavras-TV&#8211;720x104px (1) (1)\"><img src=\"https:\/\/lavras.tv\/site\/wp-content\/uploads\/2025\/01\/Lavras-TV-720x104px-1-1.png\" alt=\"\"  srcset=\"https:\/\/lavras.tv\/site\/wp-content\/uploads\/2025\/01\/Lavras-TV-720x104px-1-1.png 720w, https:\/\/lavras.tv\/site\/wp-content\/uploads\/2025\/01\/Lavras-TV-720x104px-1-1-470x68.png 470w, https:\/\/lavras.tv\/site\/wp-content\/uploads\/2025\/01\/Lavras-TV-720x104px-1-1-170x25.png 170w, https:\/\/lavras.tv\/site\/wp-content\/uploads\/2025\/01\/Lavras-TV-720x104px-1-1-200x29.png 200w\" sizes=\"(max-width: 720px) 100vw, 720px\" width=\"720\" height=\"104\"  style=\"display: inline-block;\" \/><\/a><\/div><\/li><li><a href=\"https:\/\/sistemas.lavras.mg.gov.br\/portalcidadao\/#df1b1a7c7b2a290bcb31e32771e610784662739a88807c0dacac58ede5f391a7530e299dc302d611ee73cb143fc22eaf93592e53e7b5bdb01b00a0b8d28dae460c141dd2ff83412e4dc1c31b16b25f33144a9e5620ea73b13f5bc1c59411d98439ad226e8af03840603796067d87afe130812cf3de24982d0e306f9e61e764e5\" aria-label=\"Banner_Emprego_PortallavrasTV\"><img src=\"https:\/\/lavras.tv\/site\/wp-content\/uploads\/2025\/03\/Banner_Emprego_PortallavrasTV.png\" alt=\"\"  srcset=\"https:\/\/lavras.tv\/site\/wp-content\/uploads\/2025\/03\/Banner_Emprego_PortallavrasTV.png 720w, https:\/\/lavras.tv\/site\/wp-content\/uploads\/2025\/03\/Banner_Emprego_PortallavrasTV-470x68.png 470w, https:\/\/lavras.tv\/site\/wp-content\/uploads\/2025\/03\/Banner_Emprego_PortallavrasTV-170x25.png 170w, https:\/\/lavras.tv\/site\/wp-content\/uploads\/2025\/03\/Banner_Emprego_PortallavrasTV-200x29.png 200w\" sizes=\"(max-width: 720px) 100vw, 720px\" width=\"720\" height=\"104\"   \/><\/a><\/li><li><a href=\"https:\/\/sistemas.lavras.mg.gov.br\/portalcidadao\/#df1b1a7c7b2a290bcb31e32771e610784662739a88807c0dacac58ede5f391a7530e299dc302d611ee73cb143fc22eaf93592e53e7b5bdb01b00a0b8d28dae460c141dd2ff83412e4dc1c31b16b25f33144a9e5620ea73b13f5bc1c59411d98439ad226e8af03840603796067d87afe130812cf3de24982d0e306f9e61e764e5\" aria-label=\"Banner_Obras_PortallavrasTV\"><img src=\"https:\/\/lavras.tv\/site\/wp-content\/uploads\/2025\/03\/Banner_Obras_PortallavrasTV.png\" alt=\"\"  srcset=\"https:\/\/lavras.tv\/site\/wp-content\/uploads\/2025\/03\/Banner_Obras_PortallavrasTV.png 720w, https:\/\/lavras.tv\/site\/wp-content\/uploads\/2025\/03\/Banner_Obras_PortallavrasTV-470x68.png 470w, https:\/\/lavras.tv\/site\/wp-content\/uploads\/2025\/03\/Banner_Obras_PortallavrasTV-170x25.png 170w, https:\/\/lavras.tv\/site\/wp-content\/uploads\/2025\/03\/Banner_Obras_PortallavrasTV-200x29.png 200w\" sizes=\"(max-width: 720px) 100vw, 720px\" width=\"720\" height=\"104\"   \/><\/a><\/li><li><div style=\"margin-left: auto;margin-right: auto;text-align: center;\" id=\"lavra-513292676\"><a href=\"https:\/\/sistemas.lavras.mg.gov.br\/portalcidadao\/#df1b1a7c7b2a290bcb31e32771e610784662739a88807c0dacac58ede5f391a7530e299dc302d611ee73cb143fc22eaf93592e53e7b5bdb01b00a0b8d28dae460c141dd2ff83412e4dc1c31b16b25f33144a9e5620ea73b13f5bc1c59411d98439ad226e8af03840603796067d87afe130812cf3de24982d0e306f9e61e764e5\" aria-label=\"Banner_Educa\u00e7\u00e3o_PortallavrasTV\"><img src=\"https:\/\/lavras.tv\/site\/wp-content\/uploads\/2025\/01\/Banner_Educacao_PortallavrasTV.png\" alt=\"\"  srcset=\"https:\/\/lavras.tv\/site\/wp-content\/uploads\/2025\/01\/Banner_Educacao_PortallavrasTV.png 720w, https:\/\/lavras.tv\/site\/wp-content\/uploads\/2025\/01\/Banner_Educacao_PortallavrasTV-470x68.png 470w, https:\/\/lavras.tv\/site\/wp-content\/uploads\/2025\/01\/Banner_Educacao_PortallavrasTV-170x25.png 170w, https:\/\/lavras.tv\/site\/wp-content\/uploads\/2025\/01\/Banner_Educacao_PortallavrasTV-200x29.png 200w\" sizes=\"(max-width: 720px) 100vw, 720px\" width=\"720\" height=\"104\"  style=\"display: inline-block;\" \/><\/a><\/div><\/li><li><a href=\"https:\/\/sistemas.lavras.mg.gov.br\/portalcidadao\/#df1b1a7c7b2a290bcb31e32771e610784662739a88807c0dacac58ede5f391a7530e299dc302d611ee73cb143fc22eaf93592e53e7b5bdb01b00a0b8d28dae460c141dd2ff83412e4dc1c31b16b25f33144a9e5620ea73b13f5bc1c59411d98439ad226e8af03840603796067d87afe130812cf3de24982d0e306f9e61e764e5\" aria-label=\"Banner_Sa\u00fade_PortallavrasTV\"><img src=\"https:\/\/lavras.tv\/site\/wp-content\/uploads\/2025\/03\/Banner_Saude_PortallavrasTV.png\" alt=\"\"  srcset=\"https:\/\/lavras.tv\/site\/wp-content\/uploads\/2025\/03\/Banner_Saude_PortallavrasTV.png 720w, https:\/\/lavras.tv\/site\/wp-content\/uploads\/2025\/03\/Banner_Saude_PortallavrasTV-470x68.png 470w, https:\/\/lavras.tv\/site\/wp-content\/uploads\/2025\/03\/Banner_Saude_PortallavrasTV-170x25.png 170w, https:\/\/lavras.tv\/site\/wp-content\/uploads\/2025\/03\/Banner_Saude_PortallavrasTV-200x29.png 200w\" sizes=\"(max-width: 720px) 100vw, 720px\" width=\"720\" height=\"104\"   \/><\/a><\/li><li><div id=\"lavra-1342055246\" style=\"width:720px;height:104px;background-color:#ddd;overflow:scroll;\">\n\t<strong>Sa\u00edda da depura\u00e7\u00e3o de an\u00fancios<\/strong>\n\t<br><br>\n\tO an\u00fancio n\u00e3o \u00e9 exibido na p\u00e1gina<br><br>post atual: Bolsonaro desautoriza acordo de Pazuello e diz que n\u00e3o comprar\u00e1 CoronaVac, ID: 49636<br><br><span style=\"color: red;\">O post atual n\u00e3o \u00e9 id\u00eantico ao post principal.<\/span><br><br>An\u00fancios: ROXO - TOPO INTERNA - ROTATIVO 2 (197)<br \/>Grupo de an\u00fancios: Princ_Meio01_720x104 (27)<br><br>Condi\u00e7\u00f5es de exibi\u00e7\u00e3o<div style=\"margin-bottom: 20px; white-space: pre-wrap; font-family: monospace; width: 100%; background: #ffe9e9;\"><strong>condi\u00e7\u00f5es gerais<\/strong><table border=\"1\"><thead><tr><th><\/th><th>An\u00fancios<\/th><th>wp_the_query<\/th><\/tr><\/thead><tr><td>is_main_query<\/td><td>1<\/td><td>1<\/td><\/tr><tr><td>is_rest_api<\/td><td>0<\/td><td>1<\/td><\/tr><tr><td>page<\/td><td>0<\/td><td>1<\/td><\/tr><tr><td>numpages<\/td><td>0<\/td><td>1<\/td><\/tr><tr><td>is_archive<\/td><td>1<\/td><td><\/td><\/tr><tr><td>is_search<\/td><td>1<\/td><td><\/td><\/tr><tr><td>is_home<\/td><td>1<\/td><td><\/td><\/tr><tr><td>is_404<\/td><td>1<\/td><td><\/td><\/tr><tr><td>is_attachment<\/td><td>1<\/td><td><\/td><\/tr><tr><td>is_singular<\/td><td>1<\/td><td><\/td><\/tr><tr><td>is_front_page<\/td><td>1<\/td><td><\/td><\/tr><tr><td>is_feed<\/td><td>1<\/td><td><\/td><\/tr><\/table><\/div><br><br><span style=\"color: red;\">Seu site usa HTTPS, mas o c\u00f3digo do an\u00fancio cont\u00e9m HTTP e pode n\u00e3o funcionar.<\/span>\t<br><br>\n\t<a style=\"color: green;\" href=\"https:\/\/wpadvancedads.com\/manual\/ad-debug-mode\/?utm_source=advanced-ads&utm_medium=link&utm_campaign=ad-debug-mode\" target=\"_blank\" rel=\"nofollow\">Encontre solu\u00e7\u00f5es no manual<\/a>\n<\/div>\n<\/li><\/ul><\/div><script>( window.advanced_ads_ready || jQuery( document ).ready ).call( null, function() {var $lavraslider864157608 = jQuery( \".lavra-slider-864157608\" );$lavraslider864157608.on( \"unslider.ready\", function() { jQuery( \"div.custom-slider ul li\" ).css( \"display\", \"block\" ); });$lavraslider864157608.unslider({ delay:4000, autoplay:true, nav:false, arrows:false, infinite:true });$lavraslider864157608.on(\"mouseover\", function() {$lavraslider864157608.unslider(\"stop\");}).on(\"mouseout\", function() {$lavraslider864157608.unslider(\"start\");});});<\/script><\/div>\n<p>O presidente\u00a0Jair Bolsonaro\u00a0(sem partido) afirmou hoje que o\u00a0governo brasileiro n\u00e3o comprar\u00e1 doses da CoronaVac, vacina desenvolvida pelo laborat\u00f3rio chin\u00eas Sinovac em parceria com o Instituto Butatan e que tem o governo de S\u00e3o Paulo, comandado pelo rival pol\u00edtico Jo\u00e3o Doria (PSDB), como principal fiador no Brasil.<\/p>\n\n\n\n<p>A declara\u00e7\u00e3o desautoriza an\u00fancio de ontem do ministro da Sa\u00fade,\u00a0Eduardo Pazuello, que em reuni\u00e3o com governadores informou que o governo compraria 46 milh\u00f5es de doses do imunizante.<\/p>\n\n\n\n<p>Em declara\u00e7\u00e3o postada nas redes sociais, o presidente afirmou que n\u00e3o vai firmar acordo por nenhuma vacina n\u00e3o autorizada pela Anvisa e que o povo brasileiro n\u00e3o ser\u00e1 &#8220;cobaia&#8221;. Ainda chamou a CoronaVac de &#8220;vacina chinesa de Jo\u00e3o Doria&#8221;.<\/p>\n\n\n\n<div class=\"wp-block-image\"><figure class=\"aligncenter size-large\"><img fetchpriority=\"high\" decoding=\"async\" width=\"450\" height=\"337\" src=\"http:\/\/lavras.tv\/site\/wp-content\/uploads\/2020\/10\/28set2020-o-presidente-jair-bolsonaro-ministros-e-lideres-do-governo-e-partidarios-anunciam-renda-cidada-substituto-do-bolsa-familia-1601320261544_v2_450x337.jpg\" alt=\"\" class=\"wp-image-49637\" srcset=\"https:\/\/lavras.tv\/site\/wp-content\/uploads\/2020\/10\/28set2020-o-presidente-jair-bolsonaro-ministros-e-lideres-do-governo-e-partidarios-anunciam-renda-cidada-substituto-do-bolsa-familia-1601320261544_v2_450x337.jpg 450w, https:\/\/lavras.tv\/site\/wp-content\/uploads\/2020\/10\/28set2020-o-presidente-jair-bolsonaro-ministros-e-lideres-do-governo-e-partidarios-anunciam-renda-cidada-substituto-do-bolsa-familia-1601320261544_v2_450x337-401x300.jpg 401w, https:\/\/lavras.tv\/site\/wp-content\/uploads\/2020\/10\/28set2020-o-presidente-jair-bolsonaro-ministros-e-lideres-do-governo-e-partidarios-anunciam-renda-cidada-substituto-do-bolsa-familia-1601320261544_v2_450x337-170x127.jpg 170w\" sizes=\"(max-width: 450px) 100vw, 450px\" \/><figcaption>Foto: Pedro Ladeira \/ FolhaPress<\/figcaption><\/figure><\/div>\n\n\n\n<p>A declara\u00e7\u00e3o, no entanto, contradiz os esfor\u00e7os do governo Bolsonaro em divulgar, incentivar e produzir cloroquina, medicamento cuja efic\u00e1cia nunca foi comprovada contra o coronav\u00edrus. O Ex\u00e9rcito brasileiro havia produzido at\u00e9 julho 3 milh\u00f5es de comprimidos do medicamento. Os custos da produ\u00e7\u00e3o, de mais de R$ 1,5 milh\u00e3o, s\u00e3o alvo de investiga\u00e7\u00e3o do Minist\u00e9rio P\u00fablico de Contas e do TCU.<\/p>\n\n\n\n<p><strong>Brasil assinou compra da vacina de Oxford sem autoriza\u00e7\u00e3o da Anvisa<\/strong><br>Apesar de dizer que n\u00e3o comprar\u00e1 vacina n\u00e3o autorizada pela Anvisa, em 6 de agosto, Jair Bolsonaro assinou MP (Medida Provis\u00f3ria) que libera R$ 1,9 bilh\u00e3o para produ\u00e7\u00e3o, compra e distribui\u00e7\u00e3o de 100 milh\u00f5es de doses da vacina desenvolvida pela Universidade de Oxford em parceria com o laborat\u00f3rio Astrazeneca. No Brasil, a pesquisa sobre esse imunizante \u00e9 liderada pela Fiocruz.<\/p>\n\n\n\n<p>As vacinas da Sinovac e da Astrazeneca est\u00e3o na mesma fase 3, o est\u00e1gio em que s\u00e3o feitos testes massivos do imunizante. Nenhuma delas ainda tem efic\u00e1cia comprovada nem autoriza\u00e7\u00e3o de uso pela Anvisa.<\/p>\n\n\n\n<p>Questionado hoje por um seguidor sobre por que exigia efic\u00e1cia comprovada de uma vacina se recomenda o uso da cloroquina e da hidroxicloroquina, cuja efic\u00e1cia contra a covid-19 j\u00e1 foi negada pela OMS (Organiza\u00e7\u00e3o Mundial de Sa\u00fade), Bolsonaro respondeu: &#8220;tomava a hidroxicloroquina depois de contaminado ou n\u00e3o tomava nada. Simples, ningu\u00e9m obrigava tomar a HCQ&#8221;.<\/p>\n\n\n\n<p><strong>Resposta a seguidores j\u00e1 indicava contradi\u00e7\u00e3o<\/strong><br>Mais cedo, em mensagens a seguidores no Facebook que criticavam o an\u00fancio do Minist\u00e9rio, Bolsonaro j\u00e1 afirmava que a compra n\u00e3o seria realizada.<\/p>\n\n\n\n<p>&#8220;Presidente, a China \u00e9 uma ditadura, n\u00e3o compre essa vacina, por favor. Eu s\u00f3 tenho 17 anos e quero ter um futuro, mas sem interfer\u00eancia da Ditadura chinesa&#8221;, comentou um seguidor. Na sequ\u00eancia, Bolsonaro respondeu: &#8220;N\u00e3o ser\u00e1 comprada&#8221;.<\/p>\n\n\n\n<p>Bolsonaro tamb\u00e9m se manifestou em outra publica\u00e7\u00e3o, na qual o seguidor disse que o presidente traiu os eleitores ao comprar a vacina.<\/p>\n\n\n\n<p>&#8220;Qualquer coisa publicada, sem qualquer comprova\u00e7\u00e3o, vira trai\u00e7\u00e3o&#8221;, respondeu Bolsonaro, afirmando que as not\u00edcias publicadas sobre a inten\u00e7\u00e3o de compra eram mentirosas.<\/p>\n\n\n\n<p>A informa\u00e7\u00e3o da inten\u00e7\u00e3o de compra foi anunciada ontem pelo Minist\u00e9rio da Sa\u00fade, que destacou que a compra s\u00f3 seria feita ap\u00f3s um registro da Anvisa (Ag\u00eancia Nacional de Vigil\u00e2ncia Sanit\u00e1ria), j\u00e1 que a vacina ainda est\u00e1 em fase de testes.<\/p>\n\n\n\n<p>&#8220;Temos a expertise de todos os processos que envolvem esta log\u00edstica, conquistada ao longo de 47 anos de PNI. As vacinas v\u00e3o chegar aos brasileiros de todos os estados&#8221;, disse ontem o general que comanda a Sa\u00fade.<\/p>\n\n\n\n<p>Quando uma seguidora criticou o ministro da Sa\u00fade, dizendo haver &#8220;um Mandetta milico no Minist\u00e9rio da Sa\u00fade&#8221;, Bolsonaro respondeu novamente:<\/p>\n\n\n\n<p>Tudo ser\u00e1 esclarecido hoje. Tenha certeza, n\u00e3o compraremos vacina chinesa. Bom dia<br><strong>presidente Jair Bolsonaro<\/strong><\/p>\n\n\n\n<p>Muitos apoiadores de Bolsonaro criticam o acordo porque a China \u00e9 um governo de esquerda. Outros reclamam porque a CoronaVac est\u00e1 sendo desenvolvida em parceria com o governo de S\u00e3o Paulo, gerido por Jo\u00e3o Doria (PSDB), advers\u00e1rio pol\u00edtico de Bolsonaro.<\/p>\n\n\n\n<p>Procurado pelo&nbsp;<strong>UOL<\/strong>, o Minist\u00e9rio da Sa\u00fade ainda n\u00e3o comentou as declara\u00e7\u00f5es do presidente.<\/p>\n\n\n\n<h2 class=\"wp-block-heading\">Acordo<\/h2>\n\n\n\n<p>Segundo informa\u00e7\u00f5es divulgadas ontem, os 46 milh\u00f5es de doses devem ser entregues at\u00e9 dezembro de 2020. Destas, 6 milh\u00f5es ser\u00e3o produzidas na China e entregues em frascos unidose; os 40 milh\u00f5es restantes, em frascos multidoses, ficar\u00e3o a cargo do Instituto Butantan.<\/p>\n\n\n\n<p>O cronograma indica ainda que mais 15 milh\u00f5es de frascos multidoses ser\u00e3o distribu\u00eddos at\u00e9 fevereiro de 2021. J\u00e1 em junho de 2021, a previs\u00e3o \u00e9 que sejam entregues outros 40 milh\u00f5es de frascos multidoses, todos produzidos pelo Butantan.<\/p>\n\n\n\n<p>Al\u00e9m da CoronaVac, a Fiocruz (Funda\u00e7\u00e3o Oswaldo Cruz) deve come\u00e7ar, a partir de abril, a produ\u00e7\u00e3o pr\u00f3pria da vacina da AstraZeneca e disponibilizar ao pa\u00eds at\u00e9 165 milh\u00f5es de doses ao longo do segundo semestre de 2021.<\/p>\n\n\n\n<p>Como a Butantan-Sinovac e a AstraZeneca-Oxford est\u00e3o em etapas avan\u00e7adas de produ\u00e7\u00e3o, a previs\u00e3o \u00e9 que a vacina\u00e7\u00e3o comece em janeiro de 2021. Mas elas ainda devem ser liberadas pela Anvisa e ter efic\u00e1cia e seguran\u00e7a garantidas, como determina o Minist\u00e9rio da Sa\u00fade.<\/p>\n\n\n\n<p>Fonte: UOL<\/p>\n","protected":false},"excerpt":{"rendered":"<p>O presidente\u00a0Jair Bolsonaro\u00a0(sem partido) afirmou hoje que o\u00a0governo brasileiro n\u00e3o comprar\u00e1 doses da CoronaVac, vacina desenvolvida pelo laborat\u00f3rio chin\u00eas Sinovac em parceria com o Instituto Butatan e que tem o governo de S\u00e3o Paulo, comandado pelo rival pol\u00edtico Jo\u00e3o Doria (PSDB), como principal fiador no Brasil. A declara\u00e7\u00e3o desautoriza an\u00fancio de ontem do ministro da [&hellip;]<\/p>\n","protected":false},"author":2,"featured_media":49637,"comment_status":"closed","ping_status":"open","sticky":false,"template":"","format":"standard","meta":{"advgb_blocks_editor_width":"","advgb_blocks_columns_visual_guide":"","_exactmetrics_skip_tracking":false,"_exactmetrics_sitenote_active":false,"_exactmetrics_sitenote_note":"","_exactmetrics_sitenote_category":0,"footnotes":""},"categories":[7,2,12],"tags":[],"class_list":["post-49636","post","type-post","status-publish","format-standard","has-post-thumbnail","hentry","category-destaques","category-noticias","category-politica"],"better_featured_image":{"id":49637,"alt_text":"","caption":"","description":"","media_type":"image","media_details":{"width":450,"height":337,"file":"2020\/10\/28set2020-o-presidente-jair-bolsonaro-ministros-e-lideres-do-governo-e-partidarios-anunciam-renda-cidada-substituto-do-bolsa-familia-1601320261544_v2_450x337.jpg","sizes":{"medium":{"file":"28set2020-o-presidente-jair-bolsonaro-ministros-e-lideres-do-governo-e-partidarios-anunciam-renda-cidada-substituto-do-bolsa-familia-1601320261544_v2_450x337-401x300.jpg","width":401,"height":300,"mime-type":"image\/jpeg","source_url":"https:\/\/lavras.tv\/site\/wp-content\/uploads\/2020\/10\/28set2020-o-presidente-jair-bolsonaro-ministros-e-lideres-do-governo-e-partidarios-anunciam-renda-cidada-substituto-do-bolsa-familia-1601320261544_v2_450x337-401x300.jpg"},"thumbnail":{"file":"28set2020-o-presidente-jair-bolsonaro-ministros-e-lideres-do-governo-e-partidarios-anunciam-renda-cidada-substituto-do-bolsa-familia-1601320261544_v2_450x337-170x127.jpg","width":170,"height":127,"mime-type":"image\/jpeg","source_url":"https:\/\/lavras.tv\/site\/wp-content\/uploads\/2020\/10\/28set2020-o-presidente-jair-bolsonaro-ministros-e-lideres-do-governo-e-partidarios-anunciam-renda-cidada-substituto-do-bolsa-familia-1601320261544_v2_450x337-170x127.jpg"},"alm-thumbnail":{"file":"28set2020-o-presidente-jair-bolsonaro-ministros-e-lideres-do-governo-e-partidarios-anunciam-renda-cidada-substituto-do-bolsa-familia-1601320261544_v2_450x337-150x150.jpg","width":150,"height":150,"mime-type":"image\/jpeg","source_url":"https:\/\/lavras.tv\/site\/wp-content\/uploads\/2020\/10\/28set2020-o-presidente-jair-bolsonaro-ministros-e-lideres-do-governo-e-partidarios-anunciam-renda-cidada-substituto-do-bolsa-familia-1601320261544_v2_450x337-150x150.jpg"}},"image_meta":{"aperture":"0","credit":"","camera":"","caption":"","created_timestamp":"0","copyright":"","focal_length":"0","iso":"0","shutter_speed":"0","title":"","orientation":"0","keywords":[]}},"post":49636,"source_url":"https:\/\/lavras.tv\/site\/wp-content\/uploads\/2020\/10\/28set2020-o-presidente-jair-bolsonaro-ministros-e-lideres-do-governo-e-partidarios-anunciam-renda-cidada-substituto-do-bolsa-familia-1601320261544_v2_450x337.jpg"},"author_meta":{"display_name":"Lavras TV","author_link":"https:\/\/lavras.tv\/site\/author\/lavrastv\/"},"featured_img":"https:\/\/lavras.tv\/site\/wp-content\/uploads\/2020\/10\/28set2020-o-presidente-jair-bolsonaro-ministros-e-lideres-do-governo-e-partidarios-anunciam-renda-cidada-substituto-do-bolsa-familia-1601320261544_v2_450x337-401x300.jpg","coauthors":[],"tax_additional":{"categories":{"linked":["<a href=\"https:\/\/lavras.tv\/site\/category\/destaques\/\" class=\"advgb-post-tax-term\">Destaques<\/a>","<a href=\"https:\/\/lavras.tv\/site\/category\/noticias\/\" class=\"advgb-post-tax-term\">Not\u00edcias<\/a>","<a href=\"https:\/\/lavras.tv\/site\/category\/politica\/\" class=\"advgb-post-tax-term\">Pol\u00edtica<\/a>"],"unlinked":["<span class=\"advgb-post-tax-term\">Destaques<\/span>","<span class=\"advgb-post-tax-term\">Not\u00edcias<\/span>","<span class=\"advgb-post-tax-term\">Pol\u00edtica<\/span>"]}},"comment_count":"0","relative_dates":{"created":"Publicado 6 anos atr\u00e1s","modified":"Atualizado 6 anos atr\u00e1s"},"absolute_dates":{"created":"Publicado em 21 de outubro de 2020","modified":"Atualizado em 21 de outubro de 2020"},"absolute_dates_time":{"created":"Publicado em 21 de outubro de 2020 11:24","modified":"Atualizado em 21 de outubro de 2020 11:24"},"featured_img_caption":"","series_order":"","_links":{"self":[{"href":"https:\/\/lavras.tv\/site\/wp-json\/wp\/v2\/posts\/49636","targetHints":{"allow":["GET"]}}],"collection":[{"href":"https:\/\/lavras.tv\/site\/wp-json\/wp\/v2\/posts"}],"about":[{"href":"https:\/\/lavras.tv\/site\/wp-json\/wp\/v2\/types\/post"}],"author":[{"embeddable":true,"href":"https:\/\/lavras.tv\/site\/wp-json\/wp\/v2\/users\/2"}],"replies":[{"embeddable":true,"href":"https:\/\/lavras.tv\/site\/wp-json\/wp\/v2\/comments?post=49636"}],"version-history":[{"count":1,"href":"https:\/\/lavras.tv\/site\/wp-json\/wp\/v2\/posts\/49636\/revisions"}],"predecessor-version":[{"id":49638,"href":"https:\/\/lavras.tv\/site\/wp-json\/wp\/v2\/posts\/49636\/revisions\/49638"}],"wp:featuredmedia":[{"embeddable":true,"href":"https:\/\/lavras.tv\/site\/wp-json\/wp\/v2\/media\/49637"}],"wp:attachment":[{"href":"https:\/\/lavras.tv\/site\/wp-json\/wp\/v2\/media?parent=49636"}],"wp:term":[{"taxonomy":"category","embeddable":true,"href":"https:\/\/lavras.tv\/site\/wp-json\/wp\/v2\/categories?post=49636"},{"taxonomy":"post_tag","embeddable":true,"href":"https:\/\/lavras.tv\/site\/wp-json\/wp\/v2\/tags?post=49636"}],"curies":[{"name":"wp","href":"https:\/\/api.w.org\/{rel}","templated":true}]}}