{"id":4968,"date":"2016-12-19T08:43:27","date_gmt":"2016-12-19T10:43:27","guid":{"rendered":"http:\/\/lavras.tv\/site\/?p=4968"},"modified":"2016-12-19T08:43:28","modified_gmt":"2016-12-19T10:43:28","slug":"eleito-o-melhor-do-mundial-cristiano-ronaldo-comemora-ano-dos-sonhos","status":"publish","type":"post","link":"https:\/\/lavras.tv\/site\/2016\/12\/19\/eleito-o-melhor-do-mundial-cristiano-ronaldo-comemora-ano-dos-sonhos\/","title":{"rendered":"Eleito o melhor do Mundial, Cristiano Ronaldo comemora &#8216;ano dos sonhos&#8217;"},"content":{"rendered":"<div class=\"lavra-antes-do-conteudo_2\" id=\"lavra-1077832433\"><div id=\"lavra-slider-27\" class=\"custom-slider lavra-slider-4141381042 lavra-slider\"><ul><li><div style=\"margin-left: auto;margin-right: auto;text-align: center;\" id=\"lavra-694194714\"><a href=\"https:\/\/sistemas.lavras.mg.gov.br\/portalcidadao\/#df1b1a7c7b2a290bcb31e32771e610784662739a88807c0dacac58ede5f391a7530e299dc302d611ee73cb143fc22eaf93592e53e7b5bdb01b00a0b8d28dae460c141dd2ff83412e4dc1c31b16b25f33144a9e5620ea73b13f5bc1c59411d98439ad226e8af03840603796067d87afe130812cf3de24982d0e306f9e61e764e5\" aria-label=\"Lavras-TV&#8211;720x104px (1) (1)\"><img src=\"https:\/\/lavras.tv\/site\/wp-content\/uploads\/2025\/01\/Lavras-TV-720x104px-1-1.png\" alt=\"\"  srcset=\"https:\/\/lavras.tv\/site\/wp-content\/uploads\/2025\/01\/Lavras-TV-720x104px-1-1.png 720w, https:\/\/lavras.tv\/site\/wp-content\/uploads\/2025\/01\/Lavras-TV-720x104px-1-1-470x68.png 470w, https:\/\/lavras.tv\/site\/wp-content\/uploads\/2025\/01\/Lavras-TV-720x104px-1-1-170x25.png 170w, https:\/\/lavras.tv\/site\/wp-content\/uploads\/2025\/01\/Lavras-TV-720x104px-1-1-200x29.png 200w\" sizes=\"(max-width: 720px) 100vw, 720px\" width=\"720\" height=\"104\"  style=\"display: inline-block;\" \/><\/a><\/div><\/li><li><a href=\"https:\/\/sistemas.lavras.mg.gov.br\/portalcidadao\/#df1b1a7c7b2a290bcb31e32771e610784662739a88807c0dacac58ede5f391a7530e299dc302d611ee73cb143fc22eaf93592e53e7b5bdb01b00a0b8d28dae460c141dd2ff83412e4dc1c31b16b25f33144a9e5620ea73b13f5bc1c59411d98439ad226e8af03840603796067d87afe130812cf3de24982d0e306f9e61e764e5\" aria-label=\"Banner_Emprego_PortallavrasTV\"><img src=\"https:\/\/lavras.tv\/site\/wp-content\/uploads\/2025\/03\/Banner_Emprego_PortallavrasTV.png\" alt=\"\"  srcset=\"https:\/\/lavras.tv\/site\/wp-content\/uploads\/2025\/03\/Banner_Emprego_PortallavrasTV.png 720w, https:\/\/lavras.tv\/site\/wp-content\/uploads\/2025\/03\/Banner_Emprego_PortallavrasTV-470x68.png 470w, https:\/\/lavras.tv\/site\/wp-content\/uploads\/2025\/03\/Banner_Emprego_PortallavrasTV-170x25.png 170w, https:\/\/lavras.tv\/site\/wp-content\/uploads\/2025\/03\/Banner_Emprego_PortallavrasTV-200x29.png 200w\" sizes=\"(max-width: 720px) 100vw, 720px\" width=\"720\" height=\"104\"   \/><\/a><\/li><li><a href=\"https:\/\/sistemas.lavras.mg.gov.br\/portalcidadao\/#df1b1a7c7b2a290bcb31e32771e610784662739a88807c0dacac58ede5f391a7530e299dc302d611ee73cb143fc22eaf93592e53e7b5bdb01b00a0b8d28dae460c141dd2ff83412e4dc1c31b16b25f33144a9e5620ea73b13f5bc1c59411d98439ad226e8af03840603796067d87afe130812cf3de24982d0e306f9e61e764e5\" aria-label=\"Banner_Obras_PortallavrasTV\"><img src=\"https:\/\/lavras.tv\/site\/wp-content\/uploads\/2025\/03\/Banner_Obras_PortallavrasTV.png\" alt=\"\"  srcset=\"https:\/\/lavras.tv\/site\/wp-content\/uploads\/2025\/03\/Banner_Obras_PortallavrasTV.png 720w, https:\/\/lavras.tv\/site\/wp-content\/uploads\/2025\/03\/Banner_Obras_PortallavrasTV-470x68.png 470w, https:\/\/lavras.tv\/site\/wp-content\/uploads\/2025\/03\/Banner_Obras_PortallavrasTV-170x25.png 170w, https:\/\/lavras.tv\/site\/wp-content\/uploads\/2025\/03\/Banner_Obras_PortallavrasTV-200x29.png 200w\" sizes=\"(max-width: 720px) 100vw, 720px\" width=\"720\" height=\"104\"   \/><\/a><\/li><li><div style=\"margin-left: auto;margin-right: auto;text-align: center;\" id=\"lavra-3948094944\"><a href=\"https:\/\/sistemas.lavras.mg.gov.br\/portalcidadao\/#df1b1a7c7b2a290bcb31e32771e610784662739a88807c0dacac58ede5f391a7530e299dc302d611ee73cb143fc22eaf93592e53e7b5bdb01b00a0b8d28dae460c141dd2ff83412e4dc1c31b16b25f33144a9e5620ea73b13f5bc1c59411d98439ad226e8af03840603796067d87afe130812cf3de24982d0e306f9e61e764e5\" aria-label=\"Banner_Educa\u00e7\u00e3o_PortallavrasTV\"><img src=\"https:\/\/lavras.tv\/site\/wp-content\/uploads\/2025\/01\/Banner_Educacao_PortallavrasTV.png\" alt=\"\"  srcset=\"https:\/\/lavras.tv\/site\/wp-content\/uploads\/2025\/01\/Banner_Educacao_PortallavrasTV.png 720w, https:\/\/lavras.tv\/site\/wp-content\/uploads\/2025\/01\/Banner_Educacao_PortallavrasTV-470x68.png 470w, https:\/\/lavras.tv\/site\/wp-content\/uploads\/2025\/01\/Banner_Educacao_PortallavrasTV-170x25.png 170w, https:\/\/lavras.tv\/site\/wp-content\/uploads\/2025\/01\/Banner_Educacao_PortallavrasTV-200x29.png 200w\" sizes=\"(max-width: 720px) 100vw, 720px\" width=\"720\" height=\"104\"  style=\"display: inline-block;\" \/><\/a><\/div><\/li><li><a href=\"https:\/\/sistemas.lavras.mg.gov.br\/portalcidadao\/#df1b1a7c7b2a290bcb31e32771e610784662739a88807c0dacac58ede5f391a7530e299dc302d611ee73cb143fc22eaf93592e53e7b5bdb01b00a0b8d28dae460c141dd2ff83412e4dc1c31b16b25f33144a9e5620ea73b13f5bc1c59411d98439ad226e8af03840603796067d87afe130812cf3de24982d0e306f9e61e764e5\" aria-label=\"Banner_Sa\u00fade_PortallavrasTV\"><img src=\"https:\/\/lavras.tv\/site\/wp-content\/uploads\/2025\/03\/Banner_Saude_PortallavrasTV.png\" alt=\"\"  srcset=\"https:\/\/lavras.tv\/site\/wp-content\/uploads\/2025\/03\/Banner_Saude_PortallavrasTV.png 720w, https:\/\/lavras.tv\/site\/wp-content\/uploads\/2025\/03\/Banner_Saude_PortallavrasTV-470x68.png 470w, https:\/\/lavras.tv\/site\/wp-content\/uploads\/2025\/03\/Banner_Saude_PortallavrasTV-170x25.png 170w, https:\/\/lavras.tv\/site\/wp-content\/uploads\/2025\/03\/Banner_Saude_PortallavrasTV-200x29.png 200w\" sizes=\"(max-width: 720px) 100vw, 720px\" width=\"720\" height=\"104\"   \/><\/a><\/li><li><div id=\"lavra-2802848297\" style=\"width:720px;height:104px;background-color:#ddd;overflow:scroll;\">\n\t<strong>Sa\u00edda da depura\u00e7\u00e3o de an\u00fancios<\/strong>\n\t<br><br>\n\tO an\u00fancio n\u00e3o \u00e9 exibido na p\u00e1gina<br><br>post atual: Eleito o melhor do Mundial, Cristiano Ronaldo comemora 'ano dos sonhos', ID: 4968<br><br><span style=\"color: red;\">O post atual n\u00e3o \u00e9 id\u00eantico ao post principal.<\/span><br><br>An\u00fancios: ROXO - TOPO INTERNA - ROTATIVO 2 (197)<br \/>Grupo de an\u00fancios: Princ_Meio01_720x104 (27)<br><br>Condi\u00e7\u00f5es de exibi\u00e7\u00e3o<div style=\"margin-bottom: 20px; white-space: pre-wrap; font-family: monospace; width: 100%; background: #ffe9e9;\"><strong>condi\u00e7\u00f5es gerais<\/strong><table border=\"1\"><thead><tr><th><\/th><th>An\u00fancios<\/th><th>wp_the_query<\/th><\/tr><\/thead><tr><td>is_main_query<\/td><td>1<\/td><td>1<\/td><\/tr><tr><td>is_rest_api<\/td><td>0<\/td><td>1<\/td><\/tr><tr><td>page<\/td><td>0<\/td><td>1<\/td><\/tr><tr><td>numpages<\/td><td>0<\/td><td>1<\/td><\/tr><tr><td>is_archive<\/td><td>1<\/td><td><\/td><\/tr><tr><td>is_search<\/td><td>1<\/td><td><\/td><\/tr><tr><td>is_home<\/td><td>1<\/td><td><\/td><\/tr><tr><td>is_404<\/td><td>1<\/td><td><\/td><\/tr><tr><td>is_attachment<\/td><td>1<\/td><td><\/td><\/tr><tr><td>is_singular<\/td><td>1<\/td><td><\/td><\/tr><tr><td>is_front_page<\/td><td>1<\/td><td><\/td><\/tr><tr><td>is_feed<\/td><td>1<\/td><td><\/td><\/tr><\/table><\/div><br><br><span style=\"color: red;\">Seu site usa HTTPS, mas o c\u00f3digo do an\u00fancio cont\u00e9m HTTP e pode n\u00e3o funcionar.<\/span>\t<br><br>\n\t<a style=\"color: green;\" href=\"https:\/\/wpadvancedads.com\/manual\/ad-debug-mode\/?utm_source=advanced-ads&utm_medium=link&utm_campaign=ad-debug-mode\" target=\"_blank\" rel=\"nofollow\">Encontre solu\u00e7\u00f5es no manual<\/a>\n<\/div>\n<\/li><\/ul><\/div><script>( window.advanced_ads_ready || jQuery( document ).ready ).call( null, function() {var $lavraslider4141381042 = jQuery( \".lavra-slider-4141381042\" );$lavraslider4141381042.on( \"unslider.ready\", function() { jQuery( \"div.custom-slider ul li\" ).css( \"display\", \"block\" ); });$lavraslider4141381042.unslider({ delay:4000, autoplay:true, nav:false, arrows:false, infinite:true });$lavraslider4141381042.on(\"mouseover\", function() {$lavraslider4141381042.unslider(\"stop\");}).on(\"mouseout\", function() {$lavraslider4141381042.unslider(\"start\");});});<\/script><\/div><p>Cristiano Ronaldo teve um ano dos sonhos, como ele pr\u00f3prio definiu neste domingo. Foi campe\u00e3o da Eurocopa com a sele\u00e7\u00e3o de Portugal, faturou a Liga dos Campe\u00f5es com o Real Madrid, recebeu o trof\u00e9u Bola de Ouro, entregue pela revista France Football, e fechou 2016 com o t\u00edtulo do Mundial de Clubes da Fifa, com direito a pr\u00eamio de melhor jogador da competi\u00e7\u00e3o.<\/p>\n<p><img fetchpriority=\"high\" decoding=\"async\" class=\"size-full wp-image-4969 aligncenter\" src=\"http:\/\/lavras.tv\/site\/wp-content\/uploads\/2016\/12\/cr7.jpg\" alt=\"cr7\" width=\"600\" height=\"437\" srcset=\"https:\/\/lavras.tv\/site\/wp-content\/uploads\/2016\/12\/cr7.jpg 600w, https:\/\/lavras.tv\/site\/wp-content\/uploads\/2016\/12\/cr7-150x109.jpg 150w, https:\/\/lavras.tv\/site\/wp-content\/uploads\/2016\/12\/cr7-300x219.jpg 300w\" sizes=\"(max-width: 600px) 100vw, 600px\" \/><\/p>\n<p>A escolha foi incontest\u00e1vel, especialmente pelos tr\u00eas gols anotados na decis\u00e3o do torneio, na vit\u00f3ria na prorroga\u00e7\u00e3o por 4 a 2 sobre o Kashima Antlers. &#8220;Impressionante, foi um ano dos meus sonhos. N\u00e3o esperava terminar assim, ganhando a final e ajudando o Real Madrid. Estou muito contente&#8221;, comemorou o portugu\u00eas, em entrevista \u00e0 TVE, da Espanha.<\/p>\n<p>O camisa 7 do Real Madrid terminou a competi\u00e7\u00e3o como artilheiro, com quatro gols. Na semifinal, ele marcou uma vez no triunfo de 2 a 0 do Real Madrid sobre o Am\u00e9rica, do M\u00e9xico. O segundo melhor jogador eleito do Mundial foi o croata Luka Modric, tamb\u00e9m do Real Madrid. Em terceiro lugar ficou Gaku Shibasaki, que marcou os dois gols do Kashima na decis\u00e3o.<\/p>\n<p>&#8220;Se espera sempre mais de Cristiano e eu sempre dou o melhor que tenho, quando n\u00e3o acontece \u00e9 porque n\u00e3o d\u00e1 mesmo, mas estou muito contente. Foi uma semana de alegria depois de ganhar a Bola de Ouro e agora o Mundial de Clubes. Um final de ano perfeito, agrade\u00e7o aos meus companheiros, porque sem d\u00favida n\u00e3o poderia ganhar esses pr\u00eamios sem eles. Agrade\u00e7o muito a eles&#8221;, disse Cristiano Ronaldo.<\/p>\n<p>Sobre a final, o craque portugu\u00eas destacou o n\u00edvel t\u00e9cnico do Kashima e as dificuldades que os japoneses conseguiram impor ao Real no duelo disputado no Est\u00e1dio Internacional de Yokohama. &#8220;Foi uma partida de muito sofrimento. N\u00e3o esper\u00e1vamos que eles jogassem t\u00e3o bem, mas jogamos bem tamb\u00e9m. Sofremos um pouquinho, mas as finais s\u00e3o assim, h\u00e1 que sofrer. \u00c9 um torneio que quer\u00edamos muito. Quer\u00edamos terminar o ano da melhor maneira e estou muito contente&#8221;, finalizou.<\/p>\n<p>O Real fecha o ano na lideran\u00e7a do Campeonato Espanhol, classificado para as oitavas de final da Liga dos Campe\u00f5es e com uma invencibilidade de 37 partidas. Al\u00e9m disso, com a ta\u00e7a conquistada neste domingo, o time espanhol se tornou o maior vencedor da hist\u00f3ria do Mundial, com cinco t\u00edtulos, superando o Milan, dono de quatro trof\u00e9us.<\/p>\n<p>Fonte: Itatiaia<\/p>\n","protected":false},"excerpt":{"rendered":"<p>Cristiano Ronaldo teve um ano dos sonhos, como ele pr\u00f3prio definiu neste domingo. Foi campe\u00e3o da Eurocopa com a sele\u00e7\u00e3o de Portugal, faturou a Liga dos Campe\u00f5es com o Real Madrid, recebeu o trof\u00e9u Bola de Ouro, entregue pela revista France Football, e fechou 2016 com o t\u00edtulo do Mundial de Clubes da Fifa, com [&hellip;]<\/p>\n","protected":false},"author":2,"featured_media":4969,"comment_status":"closed","ping_status":"open","sticky":false,"template":"","format":"standard","meta":{"advgb_blocks_editor_width":"","advgb_blocks_columns_visual_guide":"","_exactmetrics_skip_tracking":false,"_exactmetrics_sitenote_active":false,"_exactmetrics_sitenote_note":"","_exactmetrics_sitenote_category":0,"footnotes":""},"categories":[3],"tags":[1493,1900,1901],"class_list":["post-4968","post","type-post","status-publish","format-standard","has-post-thumbnail","hentry","category-esportes","tag-cr7","tag-cristiano-ronaldo","tag-melhor-do-mundo"],"better_featured_image":{"id":4969,"alt_text":"","caption":"","description":"","media_type":"image","media_details":{"width":600,"height":437,"file":"2016\/12\/cr7.jpg","sizes":{"thumbnail":{"file":"cr7-150x109.jpg","width":150,"height":109,"mime-type":"image\/jpeg","source_url":"https:\/\/lavras.tv\/site\/wp-content\/uploads\/2016\/12\/cr7-150x109.jpg"},"medium":{"file":"cr7-300x219.jpg","width":300,"height":219,"mime-type":"image\/jpeg","source_url":"https:\/\/lavras.tv\/site\/wp-content\/uploads\/2016\/12\/cr7-300x219.jpg"},"featured-post-img":{"file":"cr7-480x320.jpg","width":480,"height":320,"mime-type":"image\/jpeg","source_url":"https:\/\/lavras.tv\/site\/wp-content\/uploads\/2016\/12\/cr7-480x320.jpg"},"sow-carousel-default":{"file":"cr7-272x182.jpg","width":272,"height":182,"mime-type":"image\/jpeg","source_url":"https:\/\/lavras.tv\/site\/wp-content\/uploads\/2016\/12\/cr7-272x182.jpg"}},"image_meta":{"aperture":"0","credit":"","camera":"","caption":"","created_timestamp":"0","copyright":"","focal_length":"0","iso":"0","shutter_speed":"0","title":"","orientation":"0","keywords":[]}},"post":4968,"source_url":"https:\/\/lavras.tv\/site\/wp-content\/uploads\/2016\/12\/cr7.jpg"},"author_meta":{"display_name":"Lavras TV","author_link":"https:\/\/lavras.tv\/site\/author\/lavrastv\/"},"featured_img":"https:\/\/lavras.tv\/site\/wp-content\/uploads\/2016\/12\/cr7-300x219.jpg","coauthors":[],"tax_additional":{"categories":{"linked":["<a href=\"https:\/\/lavras.tv\/site\/category\/esportes\/\" class=\"advgb-post-tax-term\">Esportes<\/a>"],"unlinked":["<span class=\"advgb-post-tax-term\">Esportes<\/span>"]},"tags":{"linked":["<a href=\"https:\/\/lavras.tv\/site\/category\/esportes\/\" class=\"advgb-post-tax-term\">CR7<\/a>","<a href=\"https:\/\/lavras.tv\/site\/category\/esportes\/\" class=\"advgb-post-tax-term\">cristiano ronaldo<\/a>","<a href=\"https:\/\/lavras.tv\/site\/category\/esportes\/\" class=\"advgb-post-tax-term\">melhor do mundo<\/a>"],"unlinked":["<span class=\"advgb-post-tax-term\">CR7<\/span>","<span class=\"advgb-post-tax-term\">cristiano ronaldo<\/span>","<span class=\"advgb-post-tax-term\">melhor do mundo<\/span>"]}},"comment_count":"0","relative_dates":{"created":"Publicado 9 anos atr\u00e1s","modified":"Atualizado 9 anos atr\u00e1s"},"absolute_dates":{"created":"Publicado em 19 de dezembro de 2016","modified":"Atualizado em 19 de dezembro de 2016"},"absolute_dates_time":{"created":"Publicado em 19 de dezembro de 2016 08:43","modified":"Atualizado em 19 de dezembro de 2016 08:43"},"featured_img_caption":"","series_order":"","_links":{"self":[{"href":"https:\/\/lavras.tv\/site\/wp-json\/wp\/v2\/posts\/4968","targetHints":{"allow":["GET"]}}],"collection":[{"href":"https:\/\/lavras.tv\/site\/wp-json\/wp\/v2\/posts"}],"about":[{"href":"https:\/\/lavras.tv\/site\/wp-json\/wp\/v2\/types\/post"}],"author":[{"embeddable":true,"href":"https:\/\/lavras.tv\/site\/wp-json\/wp\/v2\/users\/2"}],"replies":[{"embeddable":true,"href":"https:\/\/lavras.tv\/site\/wp-json\/wp\/v2\/comments?post=4968"}],"version-history":[{"count":1,"href":"https:\/\/lavras.tv\/site\/wp-json\/wp\/v2\/posts\/4968\/revisions"}],"predecessor-version":[{"id":4970,"href":"https:\/\/lavras.tv\/site\/wp-json\/wp\/v2\/posts\/4968\/revisions\/4970"}],"wp:featuredmedia":[{"embeddable":true,"href":"https:\/\/lavras.tv\/site\/wp-json\/wp\/v2\/media\/4969"}],"wp:attachment":[{"href":"https:\/\/lavras.tv\/site\/wp-json\/wp\/v2\/media?parent=4968"}],"wp:term":[{"taxonomy":"category","embeddable":true,"href":"https:\/\/lavras.tv\/site\/wp-json\/wp\/v2\/categories?post=4968"},{"taxonomy":"post_tag","embeddable":true,"href":"https:\/\/lavras.tv\/site\/wp-json\/wp\/v2\/tags?post=4968"}],"curies":[{"name":"wp","href":"https:\/\/api.w.org\/{rel}","templated":true}]}}