{"id":49763,"date":"2020-10-30T21:28:39","date_gmt":"2020-10-31T00:28:39","guid":{"rendered":"http:\/\/lavras.tv\/site\/?p=49763"},"modified":"2020-10-30T21:28:42","modified_gmt":"2020-10-31T00:28:42","slug":"sabado-acompanhe-as-agendas-das-candidatas-e-candidatos-a-prefeitura-de-lavras","status":"publish","type":"post","link":"https:\/\/lavras.tv\/site\/2020\/10\/30\/sabado-acompanhe-as-agendas-das-candidatas-e-candidatos-a-prefeitura-de-lavras\/","title":{"rendered":"S\u00e1bado: acompanhe as agendas das candidatas e candidatos \u00e0 Prefeitura de Lavras"},"content":{"rendered":"<div class=\"lavra-antes-do-conteudo_2\" id=\"lavra-3275714687\"><div id=\"lavra-slider-27\" class=\"custom-slider lavra-slider-2404856701 lavra-slider\"><ul><li><div style=\"margin-left: auto;margin-right: auto;text-align: center;\" id=\"lavra-1835142345\"><a href=\"https:\/\/sistemas.lavras.mg.gov.br\/portalcidadao\/#df1b1a7c7b2a290bcb31e32771e610784662739a88807c0dacac58ede5f391a7530e299dc302d611ee73cb143fc22eaf93592e53e7b5bdb01b00a0b8d28dae460c141dd2ff83412e4dc1c31b16b25f33144a9e5620ea73b13f5bc1c59411d98439ad226e8af03840603796067d87afe130812cf3de24982d0e306f9e61e764e5\" aria-label=\"Lavras-TV&#8211;720x104px (1) (1)\"><img src=\"https:\/\/lavras.tv\/site\/wp-content\/uploads\/2025\/01\/Lavras-TV-720x104px-1-1.png\" alt=\"\"  srcset=\"https:\/\/lavras.tv\/site\/wp-content\/uploads\/2025\/01\/Lavras-TV-720x104px-1-1.png 720w, https:\/\/lavras.tv\/site\/wp-content\/uploads\/2025\/01\/Lavras-TV-720x104px-1-1-470x68.png 470w, https:\/\/lavras.tv\/site\/wp-content\/uploads\/2025\/01\/Lavras-TV-720x104px-1-1-170x25.png 170w, https:\/\/lavras.tv\/site\/wp-content\/uploads\/2025\/01\/Lavras-TV-720x104px-1-1-200x29.png 200w\" sizes=\"(max-width: 720px) 100vw, 720px\" width=\"720\" height=\"104\"  style=\"display: inline-block;\" \/><\/a><\/div><\/li><li><a href=\"https:\/\/sistemas.lavras.mg.gov.br\/portalcidadao\/#df1b1a7c7b2a290bcb31e32771e610784662739a88807c0dacac58ede5f391a7530e299dc302d611ee73cb143fc22eaf93592e53e7b5bdb01b00a0b8d28dae460c141dd2ff83412e4dc1c31b16b25f33144a9e5620ea73b13f5bc1c59411d98439ad226e8af03840603796067d87afe130812cf3de24982d0e306f9e61e764e5\" aria-label=\"Banner_Emprego_PortallavrasTV\"><img src=\"https:\/\/lavras.tv\/site\/wp-content\/uploads\/2025\/03\/Banner_Emprego_PortallavrasTV.png\" alt=\"\"  srcset=\"https:\/\/lavras.tv\/site\/wp-content\/uploads\/2025\/03\/Banner_Emprego_PortallavrasTV.png 720w, https:\/\/lavras.tv\/site\/wp-content\/uploads\/2025\/03\/Banner_Emprego_PortallavrasTV-470x68.png 470w, https:\/\/lavras.tv\/site\/wp-content\/uploads\/2025\/03\/Banner_Emprego_PortallavrasTV-170x25.png 170w, https:\/\/lavras.tv\/site\/wp-content\/uploads\/2025\/03\/Banner_Emprego_PortallavrasTV-200x29.png 200w\" sizes=\"(max-width: 720px) 100vw, 720px\" width=\"720\" height=\"104\"   \/><\/a><\/li><li><a href=\"https:\/\/sistemas.lavras.mg.gov.br\/portalcidadao\/#df1b1a7c7b2a290bcb31e32771e610784662739a88807c0dacac58ede5f391a7530e299dc302d611ee73cb143fc22eaf93592e53e7b5bdb01b00a0b8d28dae460c141dd2ff83412e4dc1c31b16b25f33144a9e5620ea73b13f5bc1c59411d98439ad226e8af03840603796067d87afe130812cf3de24982d0e306f9e61e764e5\" aria-label=\"Banner_Obras_PortallavrasTV\"><img src=\"https:\/\/lavras.tv\/site\/wp-content\/uploads\/2025\/03\/Banner_Obras_PortallavrasTV.png\" alt=\"\"  srcset=\"https:\/\/lavras.tv\/site\/wp-content\/uploads\/2025\/03\/Banner_Obras_PortallavrasTV.png 720w, https:\/\/lavras.tv\/site\/wp-content\/uploads\/2025\/03\/Banner_Obras_PortallavrasTV-470x68.png 470w, https:\/\/lavras.tv\/site\/wp-content\/uploads\/2025\/03\/Banner_Obras_PortallavrasTV-170x25.png 170w, https:\/\/lavras.tv\/site\/wp-content\/uploads\/2025\/03\/Banner_Obras_PortallavrasTV-200x29.png 200w\" sizes=\"(max-width: 720px) 100vw, 720px\" width=\"720\" height=\"104\"   \/><\/a><\/li><li><div style=\"margin-left: auto;margin-right: auto;text-align: center;\" id=\"lavra-3051710956\"><a href=\"https:\/\/sistemas.lavras.mg.gov.br\/portalcidadao\/#df1b1a7c7b2a290bcb31e32771e610784662739a88807c0dacac58ede5f391a7530e299dc302d611ee73cb143fc22eaf93592e53e7b5bdb01b00a0b8d28dae460c141dd2ff83412e4dc1c31b16b25f33144a9e5620ea73b13f5bc1c59411d98439ad226e8af03840603796067d87afe130812cf3de24982d0e306f9e61e764e5\" aria-label=\"Banner_Educa\u00e7\u00e3o_PortallavrasTV\"><img src=\"https:\/\/lavras.tv\/site\/wp-content\/uploads\/2025\/01\/Banner_Educacao_PortallavrasTV.png\" alt=\"\"  srcset=\"https:\/\/lavras.tv\/site\/wp-content\/uploads\/2025\/01\/Banner_Educacao_PortallavrasTV.png 720w, https:\/\/lavras.tv\/site\/wp-content\/uploads\/2025\/01\/Banner_Educacao_PortallavrasTV-470x68.png 470w, https:\/\/lavras.tv\/site\/wp-content\/uploads\/2025\/01\/Banner_Educacao_PortallavrasTV-170x25.png 170w, https:\/\/lavras.tv\/site\/wp-content\/uploads\/2025\/01\/Banner_Educacao_PortallavrasTV-200x29.png 200w\" sizes=\"(max-width: 720px) 100vw, 720px\" width=\"720\" height=\"104\"  style=\"display: inline-block;\" \/><\/a><\/div><\/li><li><a href=\"https:\/\/sistemas.lavras.mg.gov.br\/portalcidadao\/#df1b1a7c7b2a290bcb31e32771e610784662739a88807c0dacac58ede5f391a7530e299dc302d611ee73cb143fc22eaf93592e53e7b5bdb01b00a0b8d28dae460c141dd2ff83412e4dc1c31b16b25f33144a9e5620ea73b13f5bc1c59411d98439ad226e8af03840603796067d87afe130812cf3de24982d0e306f9e61e764e5\" aria-label=\"Banner_Sa\u00fade_PortallavrasTV\"><img src=\"https:\/\/lavras.tv\/site\/wp-content\/uploads\/2025\/03\/Banner_Saude_PortallavrasTV.png\" alt=\"\"  srcset=\"https:\/\/lavras.tv\/site\/wp-content\/uploads\/2025\/03\/Banner_Saude_PortallavrasTV.png 720w, https:\/\/lavras.tv\/site\/wp-content\/uploads\/2025\/03\/Banner_Saude_PortallavrasTV-470x68.png 470w, https:\/\/lavras.tv\/site\/wp-content\/uploads\/2025\/03\/Banner_Saude_PortallavrasTV-170x25.png 170w, https:\/\/lavras.tv\/site\/wp-content\/uploads\/2025\/03\/Banner_Saude_PortallavrasTV-200x29.png 200w\" sizes=\"(max-width: 720px) 100vw, 720px\" width=\"720\" height=\"104\"   \/><\/a><\/li><li><div id=\"lavra-1086593660\" style=\"width:720px;height:104px;background-color:#ddd;overflow:scroll;\">\n\t<strong>Sa\u00edda da depura\u00e7\u00e3o de an\u00fancios<\/strong>\n\t<br><br>\n\tO an\u00fancio n\u00e3o \u00e9 exibido na p\u00e1gina<br><br>post atual: S\u00e1bado: acompanhe as agendas das candidatas e candidatos \u00e0 Prefeitura de Lavras, ID: 49763<br><br><span style=\"color: red;\">O post atual n\u00e3o \u00e9 id\u00eantico ao post principal.<\/span><br><br>An\u00fancios: ROXO - TOPO INTERNA - ROTATIVO 2 (197)<br \/>Grupo de an\u00fancios: Princ_Meio01_720x104 (27)<br><br>Condi\u00e7\u00f5es de exibi\u00e7\u00e3o<div style=\"margin-bottom: 20px; white-space: pre-wrap; font-family: monospace; width: 100%; background: #ffe9e9;\"><strong>condi\u00e7\u00f5es gerais<\/strong><table border=\"1\"><thead><tr><th><\/th><th>An\u00fancios<\/th><th>wp_the_query<\/th><\/tr><\/thead><tr><td>is_main_query<\/td><td>1<\/td><td>1<\/td><\/tr><tr><td>is_rest_api<\/td><td>0<\/td><td>1<\/td><\/tr><tr><td>page<\/td><td>0<\/td><td>1<\/td><\/tr><tr><td>numpages<\/td><td>0<\/td><td>1<\/td><\/tr><tr><td>is_archive<\/td><td>1<\/td><td><\/td><\/tr><tr><td>is_search<\/td><td>1<\/td><td><\/td><\/tr><tr><td>is_home<\/td><td>1<\/td><td><\/td><\/tr><tr><td>is_404<\/td><td>1<\/td><td><\/td><\/tr><tr><td>is_attachment<\/td><td>1<\/td><td><\/td><\/tr><tr><td>is_singular<\/td><td>1<\/td><td><\/td><\/tr><tr><td>is_front_page<\/td><td>1<\/td><td><\/td><\/tr><tr><td>is_feed<\/td><td>1<\/td><td><\/td><\/tr><\/table><\/div><br><br><span style=\"color: red;\">Seu site usa HTTPS, mas o c\u00f3digo do an\u00fancio cont\u00e9m HTTP e pode n\u00e3o funcionar.<\/span>\t<br><br>\n\t<a style=\"color: green;\" href=\"https:\/\/wpadvancedads.com\/manual\/ad-debug-mode\/?utm_source=advanced-ads&utm_medium=link&utm_campaign=ad-debug-mode\" target=\"_blank\" rel=\"nofollow\">Encontre solu\u00e7\u00f5es no manual<\/a>\n<\/div>\n<\/li><\/ul><\/div><script>( window.advanced_ads_ready || jQuery( document ).ready ).call( null, function() {var $lavraslider2404856701 = jQuery( \".lavra-slider-2404856701\" );$lavraslider2404856701.on( \"unslider.ready\", function() { jQuery( \"div.custom-slider ul li\" ).css( \"display\", \"block\" ); });$lavraslider2404856701.unslider({ delay:4000, autoplay:true, nav:false, arrows:false, infinite:true });$lavraslider2404856701.on(\"mouseover\", function() {$lavraslider2404856701.unslider(\"stop\");}).on(\"mouseout\", function() {$lavraslider2404856701.unslider(\"start\");});});<\/script><\/div>\n<p>Acompanhe a agenda de compromissos dos candidatos a prefeita e prefeito de Lavras neste s\u00e1bado, dia 31.<\/p>\n\n\n\n<p>As informa\u00e7\u00f5es s\u00e3o fornecidas pelas assessorias de cada um deles e os nomes est\u00e3o em ordem alfab\u00e9tica.<\/p>\n\n\n\n<div class=\"wp-block-image\"><figure class=\"aligncenter size-large is-resized\"><img fetchpriority=\"high\" decoding=\"async\" src=\"http:\/\/lavras.tv\/site\/wp-content\/uploads\/2020\/09\/elei\u00e7\u00f5es-2020.jpg\" alt=\"\" class=\"wp-image-49370\" width=\"364\" height=\"364\" srcset=\"https:\/\/lavras.tv\/site\/wp-content\/uploads\/2020\/09\/elei\u00e7\u00f5es-2020.jpg 782w, https:\/\/lavras.tv\/site\/wp-content\/uploads\/2020\/09\/elei\u00e7\u00f5es-2020-300x300.jpg 300w, https:\/\/lavras.tv\/site\/wp-content\/uploads\/2020\/09\/elei\u00e7\u00f5es-2020-150x150.jpg 150w\" sizes=\"(max-width: 364px) 100vw, 364px\" \/><\/figure><\/div>\n\n\n\n<p><strong>Carlos Lindomar<\/strong><\/p>\n\n\n\n<div class=\"wp-block-image\"><figure class=\"aligncenter\"><img decoding=\"async\" width=\"161\" height=\"225\" src=\"http:\/\/lavras.tv\/site\/wp-content\/uploads\/2020\/10\/lindomar.jpg\" alt=\"\" class=\"wp-image-49494\" srcset=\"https:\/\/lavras.tv\/site\/wp-content\/uploads\/2020\/10\/lindomar.jpg 161w, https:\/\/lavras.tv\/site\/wp-content\/uploads\/2020\/10\/lindomar-107x150.jpg 107w\" sizes=\"(max-width: 161px) 100vw, 161px\" \/><\/figure><\/div>\n\n\n\n<p>7h \u2013 Reuni\u00e3o em comunidade rural com lideran\u00e7as<br>10h &#8211; Reuni\u00e3o com empres\u00e1rios <\/p>\n\n\n\n<p><strong>Carlos Volpato<\/strong><\/p>\n\n\n\n<div class=\"wp-block-image\"><figure class=\"aligncenter\"><img decoding=\"async\" width=\"161\" height=\"225\" src=\"http:\/\/lavras.tv\/site\/wp-content\/uploads\/2020\/10\/volpato.jpg\" alt=\"\" class=\"wp-image-49495\" srcset=\"https:\/\/lavras.tv\/site\/wp-content\/uploads\/2020\/10\/volpato.jpg 161w, https:\/\/lavras.tv\/site\/wp-content\/uploads\/2020\/10\/volpato-107x150.jpg 107w\" sizes=\"(max-width: 161px) 100vw, 161px\" \/><\/figure><\/div>\n\n\n\n<p>Caminhada pelo centro em comemora\u00e7\u00e3o ao dia do comerci\u00e1rio<\/p>\n\n\n\n<p><strong>D\u00e2mina Pereira<\/strong><\/p>\n\n\n\n<div class=\"wp-block-image\"><figure class=\"aligncenter\"><img loading=\"lazy\" decoding=\"async\" width=\"161\" height=\"225\" src=\"http:\/\/lavras.tv\/site\/wp-content\/uploads\/2020\/10\/damina.jpg\" alt=\"\" class=\"wp-image-49496\" srcset=\"https:\/\/lavras.tv\/site\/wp-content\/uploads\/2020\/10\/damina.jpg 161w, https:\/\/lavras.tv\/site\/wp-content\/uploads\/2020\/10\/damina-107x150.jpg 107w\" sizes=\"(max-width: 161px) 100vw, 161px\" \/><\/figure><\/div>\n\n\n\n<p>Caminhada pelo Centro de Lavras<br>Visitas a lideran\u00e7as da Zona Rural<\/p>\n\n\n\n<p><strong>Dehon Morais<\/strong><\/p>\n\n\n\n<div class=\"wp-block-image\"><figure class=\"aligncenter\"><img loading=\"lazy\" decoding=\"async\" width=\"161\" height=\"225\" src=\"http:\/\/lavras.tv\/site\/wp-content\/uploads\/2020\/10\/dehon.jpeg\" alt=\"\" class=\"wp-image-49497\" srcset=\"https:\/\/lavras.tv\/site\/wp-content\/uploads\/2020\/10\/dehon.jpeg 161w, https:\/\/lavras.tv\/site\/wp-content\/uploads\/2020\/10\/dehon-107x150.jpeg 107w\" sizes=\"(max-width: 161px) 100vw, 161px\" \/><\/figure><\/div>\n\n\n\n<p>N\u00e3o divulgou<\/p>\n\n\n\n<p><strong>Jussara Menicucci<\/strong><\/p>\n\n\n\n<div class=\"wp-block-image\"><figure class=\"aligncenter\"><img loading=\"lazy\" decoding=\"async\" width=\"161\" height=\"225\" src=\"http:\/\/lavras.tv\/site\/wp-content\/uploads\/2020\/10\/jussara.jpg\" alt=\"\" class=\"wp-image-49498\" srcset=\"https:\/\/lavras.tv\/site\/wp-content\/uploads\/2020\/10\/jussara.jpg 161w, https:\/\/lavras.tv\/site\/wp-content\/uploads\/2020\/10\/jussara-107x150.jpg 107w\" sizes=\"(max-width: 161px) 100vw, 161px\" \/><\/figure><\/div>\n\n\n\n<p>Visita nas lojas<br>Grava\u00e7\u00e3o<br>Encontro com m\u00e3es sobre problema de deficientes<br>Participa\u00e7\u00e3o em culto<\/p>\n","protected":false},"excerpt":{"rendered":"<p>Acompanhe a agenda de compromissos dos candidatos a prefeita e prefeito de Lavras neste s\u00e1bado, dia 31. As informa\u00e7\u00f5es s\u00e3o fornecidas pelas assessorias de cada um deles e os nomes est\u00e3o em ordem alfab\u00e9tica. Carlos Lindomar 7h \u2013 Reuni\u00e3o em comunidade rural com lideran\u00e7as10h &#8211; Reuni\u00e3o com empres\u00e1rios Carlos Volpato Caminhada pelo centro em comemora\u00e7\u00e3o [&hellip;]<\/p>\n","protected":false},"author":2,"featured_media":49458,"comment_status":"closed","ping_status":"open","sticky":false,"template":"","format":"standard","meta":{"advgb_blocks_editor_width":"","advgb_blocks_columns_visual_guide":"","_exactmetrics_skip_tracking":false,"_exactmetrics_sitenote_active":false,"_exactmetrics_sitenote_note":"","_exactmetrics_sitenote_category":0,"footnotes":""},"categories":[7,2,12],"tags":[],"class_list":["post-49763","post","type-post","status-publish","format-standard","has-post-thumbnail","hentry","category-destaques","category-noticias","category-politica"],"better_featured_image":{"id":49458,"alt_text":"","caption":"","description":"","media_type":"image","media_details":{"width":1880,"height":1576,"file":"2020\/10\/capa-site-eleicoes.png","sizes":{"medium":{"file":"capa-site-eleicoes-358x300.png","width":358,"height":300,"mime-type":"image\/png","source_url":"https:\/\/lavras.tv\/site\/wp-content\/uploads\/2020\/10\/capa-site-eleicoes-358x300.png"},"large":{"file":"capa-site-eleicoes-970x813.png","width":970,"height":813,"mime-type":"image\/png","source_url":"https:\/\/lavras.tv\/site\/wp-content\/uploads\/2020\/10\/capa-site-eleicoes-970x813.png"},"thumbnail":{"file":"capa-site-eleicoes-170x143.png","width":170,"height":143,"mime-type":"image\/png","source_url":"https:\/\/lavras.tv\/site\/wp-content\/uploads\/2020\/10\/capa-site-eleicoes-170x143.png"},"1536x1536":{"file":"capa-site-eleicoes-1536x1288.png","width":1536,"height":1288,"mime-type":"image\/png","source_url":"https:\/\/lavras.tv\/site\/wp-content\/uploads\/2020\/10\/capa-site-eleicoes-1536x1288.png"},"alm-thumbnail":{"file":"capa-site-eleicoes-150x150.png","width":150,"height":150,"mime-type":"image\/png","source_url":"https:\/\/lavras.tv\/site\/wp-content\/uploads\/2020\/10\/capa-site-eleicoes-150x150.png"}},"image_meta":{"aperture":"0","credit":"","camera":"","caption":"","created_timestamp":"0","copyright":"","focal_length":"0","iso":"0","shutter_speed":"0","title":"","orientation":"0","keywords":[]}},"post":49453,"source_url":"https:\/\/lavras.tv\/site\/wp-content\/uploads\/2020\/10\/capa-site-eleicoes.png"},"author_meta":{"display_name":"Lavras TV","author_link":"https:\/\/lavras.tv\/site\/author\/lavrastv\/"},"featured_img":"https:\/\/lavras.tv\/site\/wp-content\/uploads\/2020\/10\/capa-site-eleicoes-358x300.png","coauthors":[],"tax_additional":{"categories":{"linked":["<a href=\"https:\/\/lavras.tv\/site\/category\/destaques\/\" class=\"advgb-post-tax-term\">Destaques<\/a>","<a href=\"https:\/\/lavras.tv\/site\/category\/noticias\/\" class=\"advgb-post-tax-term\">Not\u00edcias<\/a>","<a href=\"https:\/\/lavras.tv\/site\/category\/politica\/\" class=\"advgb-post-tax-term\">Pol\u00edtica<\/a>"],"unlinked":["<span class=\"advgb-post-tax-term\">Destaques<\/span>","<span class=\"advgb-post-tax-term\">Not\u00edcias<\/span>","<span class=\"advgb-post-tax-term\">Pol\u00edtica<\/span>"]}},"comment_count":"0","relative_dates":{"created":"Publicado 5 anos atr\u00e1s","modified":"Atualizado 5 anos atr\u00e1s"},"absolute_dates":{"created":"Publicado em 30 de outubro de 2020","modified":"Atualizado em 30 de outubro de 2020"},"absolute_dates_time":{"created":"Publicado em 30 de outubro de 2020 21:28","modified":"Atualizado em 30 de outubro de 2020 21:28"},"featured_img_caption":"","series_order":"","_links":{"self":[{"href":"https:\/\/lavras.tv\/site\/wp-json\/wp\/v2\/posts\/49763","targetHints":{"allow":["GET"]}}],"collection":[{"href":"https:\/\/lavras.tv\/site\/wp-json\/wp\/v2\/posts"}],"about":[{"href":"https:\/\/lavras.tv\/site\/wp-json\/wp\/v2\/types\/post"}],"author":[{"embeddable":true,"href":"https:\/\/lavras.tv\/site\/wp-json\/wp\/v2\/users\/2"}],"replies":[{"embeddable":true,"href":"https:\/\/lavras.tv\/site\/wp-json\/wp\/v2\/comments?post=49763"}],"version-history":[{"count":1,"href":"https:\/\/lavras.tv\/site\/wp-json\/wp\/v2\/posts\/49763\/revisions"}],"predecessor-version":[{"id":49764,"href":"https:\/\/lavras.tv\/site\/wp-json\/wp\/v2\/posts\/49763\/revisions\/49764"}],"wp:featuredmedia":[{"embeddable":true,"href":"https:\/\/lavras.tv\/site\/wp-json\/wp\/v2\/media\/49458"}],"wp:attachment":[{"href":"https:\/\/lavras.tv\/site\/wp-json\/wp\/v2\/media?parent=49763"}],"wp:term":[{"taxonomy":"category","embeddable":true,"href":"https:\/\/lavras.tv\/site\/wp-json\/wp\/v2\/categories?post=49763"},{"taxonomy":"post_tag","embeddable":true,"href":"https:\/\/lavras.tv\/site\/wp-json\/wp\/v2\/tags?post=49763"}],"curies":[{"name":"wp","href":"https:\/\/api.w.org\/{rel}","templated":true}]}}