{"id":49793,"date":"2020-11-03T15:28:10","date_gmt":"2020-11-03T18:28:10","guid":{"rendered":"http:\/\/lavras.tv\/site\/?p=49793"},"modified":"2020-11-03T15:28:12","modified_gmt":"2020-11-03T18:28:12","slug":"eleicoes-2020-em-38-das-cidades-brasileiras-so-ha-candidato-branco-a-prefeito","status":"publish","type":"post","link":"https:\/\/lavras.tv\/site\/2020\/11\/03\/eleicoes-2020-em-38-das-cidades-brasileiras-so-ha-candidato-branco-a-prefeito\/","title":{"rendered":"Elei\u00e7\u00f5es 2020: em 38% das cidades brasileiras s\u00f3 h\u00e1 candidato branco a prefeito"},"content":{"rendered":"<div class=\"lavra-antes-do-conteudo_2\" id=\"lavra-2602264999\"><div id=\"lavra-slider-27\" class=\"custom-slider lavra-slider-3479279925 lavra-slider\"><ul><li><div style=\"margin-left: auto;margin-right: auto;text-align: center;\" id=\"lavra-3356232546\"><a href=\"https:\/\/sistemas.lavras.mg.gov.br\/portalcidadao\/#df1b1a7c7b2a290bcb31e32771e610784662739a88807c0dacac58ede5f391a7530e299dc302d611ee73cb143fc22eaf93592e53e7b5bdb01b00a0b8d28dae460c141dd2ff83412e4dc1c31b16b25f33144a9e5620ea73b13f5bc1c59411d98439ad226e8af03840603796067d87afe130812cf3de24982d0e306f9e61e764e5\" aria-label=\"Lavras-TV&#8211;720x104px (1) (1)\"><img src=\"https:\/\/lavras.tv\/site\/wp-content\/uploads\/2025\/01\/Lavras-TV-720x104px-1-1.png\" alt=\"\"  srcset=\"https:\/\/lavras.tv\/site\/wp-content\/uploads\/2025\/01\/Lavras-TV-720x104px-1-1.png 720w, https:\/\/lavras.tv\/site\/wp-content\/uploads\/2025\/01\/Lavras-TV-720x104px-1-1-470x68.png 470w, https:\/\/lavras.tv\/site\/wp-content\/uploads\/2025\/01\/Lavras-TV-720x104px-1-1-170x25.png 170w, https:\/\/lavras.tv\/site\/wp-content\/uploads\/2025\/01\/Lavras-TV-720x104px-1-1-200x29.png 200w\" sizes=\"(max-width: 720px) 100vw, 720px\" width=\"720\" height=\"104\"  style=\"display: inline-block;\" \/><\/a><\/div><\/li><li><a href=\"https:\/\/sistemas.lavras.mg.gov.br\/portalcidadao\/#df1b1a7c7b2a290bcb31e32771e610784662739a88807c0dacac58ede5f391a7530e299dc302d611ee73cb143fc22eaf93592e53e7b5bdb01b00a0b8d28dae460c141dd2ff83412e4dc1c31b16b25f33144a9e5620ea73b13f5bc1c59411d98439ad226e8af03840603796067d87afe130812cf3de24982d0e306f9e61e764e5\" aria-label=\"Banner_Emprego_PortallavrasTV\"><img src=\"https:\/\/lavras.tv\/site\/wp-content\/uploads\/2025\/03\/Banner_Emprego_PortallavrasTV.png\" alt=\"\"  srcset=\"https:\/\/lavras.tv\/site\/wp-content\/uploads\/2025\/03\/Banner_Emprego_PortallavrasTV.png 720w, https:\/\/lavras.tv\/site\/wp-content\/uploads\/2025\/03\/Banner_Emprego_PortallavrasTV-470x68.png 470w, https:\/\/lavras.tv\/site\/wp-content\/uploads\/2025\/03\/Banner_Emprego_PortallavrasTV-170x25.png 170w, https:\/\/lavras.tv\/site\/wp-content\/uploads\/2025\/03\/Banner_Emprego_PortallavrasTV-200x29.png 200w\" sizes=\"(max-width: 720px) 100vw, 720px\" width=\"720\" height=\"104\"   \/><\/a><\/li><li><a href=\"https:\/\/sistemas.lavras.mg.gov.br\/portalcidadao\/#df1b1a7c7b2a290bcb31e32771e610784662739a88807c0dacac58ede5f391a7530e299dc302d611ee73cb143fc22eaf93592e53e7b5bdb01b00a0b8d28dae460c141dd2ff83412e4dc1c31b16b25f33144a9e5620ea73b13f5bc1c59411d98439ad226e8af03840603796067d87afe130812cf3de24982d0e306f9e61e764e5\" aria-label=\"Banner_Obras_PortallavrasTV\"><img src=\"https:\/\/lavras.tv\/site\/wp-content\/uploads\/2025\/03\/Banner_Obras_PortallavrasTV.png\" alt=\"\"  srcset=\"https:\/\/lavras.tv\/site\/wp-content\/uploads\/2025\/03\/Banner_Obras_PortallavrasTV.png 720w, https:\/\/lavras.tv\/site\/wp-content\/uploads\/2025\/03\/Banner_Obras_PortallavrasTV-470x68.png 470w, https:\/\/lavras.tv\/site\/wp-content\/uploads\/2025\/03\/Banner_Obras_PortallavrasTV-170x25.png 170w, https:\/\/lavras.tv\/site\/wp-content\/uploads\/2025\/03\/Banner_Obras_PortallavrasTV-200x29.png 200w\" sizes=\"(max-width: 720px) 100vw, 720px\" width=\"720\" height=\"104\"   \/><\/a><\/li><li><div style=\"margin-left: auto;margin-right: auto;text-align: center;\" id=\"lavra-3169666273\"><a href=\"https:\/\/sistemas.lavras.mg.gov.br\/portalcidadao\/#df1b1a7c7b2a290bcb31e32771e610784662739a88807c0dacac58ede5f391a7530e299dc302d611ee73cb143fc22eaf93592e53e7b5bdb01b00a0b8d28dae460c141dd2ff83412e4dc1c31b16b25f33144a9e5620ea73b13f5bc1c59411d98439ad226e8af03840603796067d87afe130812cf3de24982d0e306f9e61e764e5\" aria-label=\"Banner_Educa\u00e7\u00e3o_PortallavrasTV\"><img src=\"https:\/\/lavras.tv\/site\/wp-content\/uploads\/2025\/01\/Banner_Educacao_PortallavrasTV.png\" alt=\"\"  srcset=\"https:\/\/lavras.tv\/site\/wp-content\/uploads\/2025\/01\/Banner_Educacao_PortallavrasTV.png 720w, https:\/\/lavras.tv\/site\/wp-content\/uploads\/2025\/01\/Banner_Educacao_PortallavrasTV-470x68.png 470w, https:\/\/lavras.tv\/site\/wp-content\/uploads\/2025\/01\/Banner_Educacao_PortallavrasTV-170x25.png 170w, https:\/\/lavras.tv\/site\/wp-content\/uploads\/2025\/01\/Banner_Educacao_PortallavrasTV-200x29.png 200w\" sizes=\"(max-width: 720px) 100vw, 720px\" width=\"720\" height=\"104\"  style=\"display: inline-block;\" \/><\/a><\/div><\/li><li><a href=\"https:\/\/sistemas.lavras.mg.gov.br\/portalcidadao\/#df1b1a7c7b2a290bcb31e32771e610784662739a88807c0dacac58ede5f391a7530e299dc302d611ee73cb143fc22eaf93592e53e7b5bdb01b00a0b8d28dae460c141dd2ff83412e4dc1c31b16b25f33144a9e5620ea73b13f5bc1c59411d98439ad226e8af03840603796067d87afe130812cf3de24982d0e306f9e61e764e5\" aria-label=\"Banner_Sa\u00fade_PortallavrasTV\"><img src=\"https:\/\/lavras.tv\/site\/wp-content\/uploads\/2025\/03\/Banner_Saude_PortallavrasTV.png\" alt=\"\"  srcset=\"https:\/\/lavras.tv\/site\/wp-content\/uploads\/2025\/03\/Banner_Saude_PortallavrasTV.png 720w, https:\/\/lavras.tv\/site\/wp-content\/uploads\/2025\/03\/Banner_Saude_PortallavrasTV-470x68.png 470w, https:\/\/lavras.tv\/site\/wp-content\/uploads\/2025\/03\/Banner_Saude_PortallavrasTV-170x25.png 170w, https:\/\/lavras.tv\/site\/wp-content\/uploads\/2025\/03\/Banner_Saude_PortallavrasTV-200x29.png 200w\" sizes=\"(max-width: 720px) 100vw, 720px\" width=\"720\" height=\"104\"   \/><\/a><\/li><li><div id=\"lavra-2766577904\" style=\"width:720px;height:104px;background-color:#ddd;overflow:scroll;\">\n\t<strong>Sa\u00edda da depura\u00e7\u00e3o de an\u00fancios<\/strong>\n\t<br><br>\n\tO an\u00fancio n\u00e3o \u00e9 exibido na p\u00e1gina<br><br>post atual: Elei\u00e7\u00f5es 2020: em 38% das cidades brasileiras s\u00f3 h\u00e1 candidato branco a prefeito, ID: 49793<br><br><span style=\"color: red;\">O post atual n\u00e3o \u00e9 id\u00eantico ao post principal.<\/span><br><br>An\u00fancios: ROXO - TOPO INTERNA - ROTATIVO 2 (197)<br \/>Grupo de an\u00fancios: Princ_Meio01_720x104 (27)<br><br>Condi\u00e7\u00f5es de exibi\u00e7\u00e3o<div style=\"margin-bottom: 20px; white-space: pre-wrap; font-family: monospace; width: 100%; background: #ffe9e9;\"><strong>condi\u00e7\u00f5es gerais<\/strong><table border=\"1\"><thead><tr><th><\/th><th>An\u00fancios<\/th><th>wp_the_query<\/th><\/tr><\/thead><tr><td>is_main_query<\/td><td>1<\/td><td>1<\/td><\/tr><tr><td>is_rest_api<\/td><td>0<\/td><td>1<\/td><\/tr><tr><td>page<\/td><td>0<\/td><td>1<\/td><\/tr><tr><td>numpages<\/td><td>0<\/td><td>1<\/td><\/tr><tr><td>is_archive<\/td><td>1<\/td><td><\/td><\/tr><tr><td>is_search<\/td><td>1<\/td><td><\/td><\/tr><tr><td>is_home<\/td><td>1<\/td><td><\/td><\/tr><tr><td>is_404<\/td><td>1<\/td><td><\/td><\/tr><tr><td>is_attachment<\/td><td>1<\/td><td><\/td><\/tr><tr><td>is_singular<\/td><td>1<\/td><td><\/td><\/tr><tr><td>is_front_page<\/td><td>1<\/td><td><\/td><\/tr><tr><td>is_feed<\/td><td>1<\/td><td><\/td><\/tr><\/table><\/div><br><br><span style=\"color: red;\">Seu site usa HTTPS, mas o c\u00f3digo do an\u00fancio cont\u00e9m HTTP e pode n\u00e3o funcionar.<\/span>\t<br><br>\n\t<a style=\"color: green;\" href=\"https:\/\/wpadvancedads.com\/manual\/ad-debug-mode\/?utm_source=advanced-ads&utm_medium=link&utm_campaign=ad-debug-mode\" target=\"_blank\" rel=\"nofollow\">Encontre solu\u00e7\u00f5es no manual<\/a>\n<\/div>\n<\/li><\/ul><\/div><script>( window.advanced_ads_ready || jQuery( document ).ready ).call( null, function() {var $lavraslider3479279925 = jQuery( \".lavra-slider-3479279925\" );$lavraslider3479279925.on( \"unslider.ready\", function() { jQuery( \"div.custom-slider ul li\" ).css( \"display\", \"block\" ); });$lavraslider3479279925.unslider({ delay:4000, autoplay:true, nav:false, arrows:false, infinite:true });$lavraslider3479279925.on(\"mouseover\", function() {$lavraslider3479279925.unslider(\"stop\");}).on(\"mouseout\", function() {$lavraslider3479279925.unslider(\"start\");});});<\/script><\/div>\n<p>A Bahia \u00e9 o Estado brasileiro com o maior porcentual de cidad\u00e3os que se declaram pretos, 17%, e conta ainda com 60% da popula\u00e7\u00e3o se identificando como parda. Mas, nas elei\u00e7\u00f5es deste ano, em 33 das 417 cidades baianas, apenas candidatos brancos disputam cargos de prefeito. Essa exclusividade nas elei\u00e7\u00f5es para o Executivo \u00e9 uma realidade ainda bastante significativa no conjunto de munic\u00edpios do Pa\u00eds &#8211; neste ano, ocorre em 2.134 cidades. Ou seja, 38% s\u00f3 t\u00eam candidatos brancos, segundo dados do Tribunal Superior Eleitoral (TSE).<\/p>\n\n\n\n<p>Esta \u00e9 a terceira elei\u00e7\u00e3o (a segunda municipal) em que o tribunal divulga dados sobre a ra\u00e7a dos candidatos. Em 2016, o n\u00famero de cidades sem candidatos negros era ainda maior: 2.512 munic\u00edpios, ou 45%. Mesmo onde n\u00e3o h\u00e1 exclusividade, os brancos ainda s\u00e3o em maior n\u00famero, uma vez que, ao todo, 63% dos candidatos a prefeito se declaram assim. \u00c9 um contraste em rela\u00e7\u00e3o ao total da popula\u00e7\u00e3o do Brasil. Segundo dados da Pesquisa Nacional por Amostra Domiciliar (Pnad) 2019, do Instituto Brasileiro de Geografia e Estat\u00edstica (IBGE), 42% dos 209 milh\u00f5es de brasileiros s\u00e3o brancos, 46,8% s\u00e3o pardos e 9,4%, pretos.<\/p>\n\n\n\n<p>Uma das explica\u00e7\u00f5es para o cen\u00e1rio \u00e9 uma dificuldade maior entre os candidatos negros em viabilizar financeiramente suas candidaturas, segundo especialistas. Outra \u00e9 o fato de as c\u00fapulas dos partidos pol\u00edticos serem dominadas por homens brancos.<\/p>\n\n\n\n<div class=\"wp-block-image\"><figure class=\"aligncenter size-large\"><img fetchpriority=\"high\" decoding=\"async\" width=\"970\" height=\"580\" src=\"http:\/\/lavras.tv\/site\/wp-content\/uploads\/2020\/09\/urna-fim-970x580.jpg\" alt=\"\" class=\"wp-image-49200\" srcset=\"https:\/\/lavras.tv\/site\/wp-content\/uploads\/2020\/09\/urna-fim-970x580.jpg 970w, https:\/\/lavras.tv\/site\/wp-content\/uploads\/2020\/09\/urna-fim-470x281.jpg 470w, https:\/\/lavras.tv\/site\/wp-content\/uploads\/2020\/09\/urna-fim-170x102.jpg 170w, https:\/\/lavras.tv\/site\/wp-content\/uploads\/2020\/09\/urna-fim.jpg 1170w\" sizes=\"(max-width: 970px) 100vw, 970px\" \/><\/figure><\/div>\n\n\n\n<p>Neste ano, h\u00e1 previs\u00e3o legal de que os partidos t\u00eam de distribuir proporcionalmente suas partes do fundo eleitoral por ra\u00e7a, de forma que, se a legenda tem 10% dos candidatos negros, eles receber\u00e3o 10% da verba do fundo. Essa regra, no entanto, n\u00e3o vale para candidatos a prefeito, s\u00f3 para vereadores.<\/p>\n\n\n\n<p>Embora as receitas das candidaturas ainda estejam sendo contabilizadas e os valores possam mudar at\u00e9 o dia 15, os dados preliminares do TSE mostram que, na m\u00e9dia, um candidato branco tem R$ 69 mil para sua campanha, enquanto o negro, ou a soma de pretos e pardos, tem R$ 63 mil.<\/p>\n\n\n\n<p>Progresso<\/p>\n\n\n\n<p>Apesar da desproporcionalidade, o soci\u00f3logo Jos\u00e9 Vicente, reitor da Faculdade Zumbi dos Palmares, v\u00ea avan\u00e7os na presen\u00e7a dos negros no processo eleitoral. &#8220;Voc\u00ea ainda n\u00e3o est\u00e1 na estrutura dos partidos, mas os negros est\u00e3o na base, na milit\u00e2ncia e tamb\u00e9m entre os candidatos a vereador e a deputado estadual, principalmente. Mas o que ficou aqu\u00e9m e al\u00e9m \u00e9 o acesso a esses espa\u00e7os privilegiados de poder mais herm\u00e9tico e efetivo, que s\u00e3o os cargos majorit\u00e1rios&#8221;, afirma.<\/p>\n\n\n\n<p>Ele destaca, por outro lado, que o fato de o candidato ser negro n\u00e3o tem rela\u00e7\u00e3o com obter uma vota\u00e7\u00e3o mais ampla entre o eleitorado que tamb\u00e9m se v\u00ea assim. &#8220;Tem mais quest\u00f5es ligadas \u00e0 decis\u00e3o do voto.&#8221;<\/p>\n\n\n\n<p>O professor de Sociologia e Ci\u00eancia Pol\u00edtica do Instituto de Estudos Sociais e Pol\u00edticos da Universidade do Estado do Rio de Janeiro (IESP-UERJ) Luiz Augusto Campos acha &#8220;precipitado imputar ao eleitor o fato de n\u00e3o termos candidatos negros&#8221; e destaca que a regra de proporcionalidade racial nas elei\u00e7\u00f5es deste ano, definida pelo TSE, s\u00f3 vale para a disputa no Legislativo. &#8220;N\u00e3o tem cota, at\u00e9 porque \u00e9 um candidato de cada partido por cidade&#8221;, observou.<\/p>\n\n\n\n<p>Em S\u00e3o Paulo, h\u00e1 dois candidatos negros: Orlando Silva (PCdoB) e Vera L\u00facia (PSTU) entre um total de 14 nomes que se lan\u00e7aram na disputa. Silva tamb\u00e9m cita a falta de recursos como principal barreira. &#8220;Para voc\u00ea disputar um cargo majorit\u00e1rio, quase sempre voc\u00ea passa por alguma experi\u00eancia pol\u00edtica anterior. Se n\u00f3s nem disputamos os cargos proporcionais, vereador e deputado estadual e federal, mais dif\u00edcil ainda \u00e9 voc\u00ea disputar cargos majorit\u00e1rios.&#8221;<\/p>\n\n\n\n<p>Uma das cidades s\u00f3 com candidatos brancos \u00e9 a vizinha S\u00e3o Caetano do Sul, no ABC. Candidato \u00e0 reelei\u00e7\u00e3o, o prefeito Jos\u00e9 Auricchio (PSDB) afirma que nunca disputou elei\u00e7\u00f5es contra candidatos negros (j\u00e1 foi prefeito tr\u00eas vezes). &#8220;S\u00f3 posso atribuir isso ao racismo estrutural que temos no Pa\u00eds&#8221;, disse. &#8220;A democracia vive da representatividade. Quanto maior ela for, melhor.&#8221; As informa\u00e7\u00f5es s\u00e3o do jornal O Estado de S. Paulo.<\/p>\n","protected":false},"excerpt":{"rendered":"<p>A Bahia \u00e9 o Estado brasileiro com o maior porcentual de cidad\u00e3os que se declaram pretos, 17%, e conta ainda com 60% da popula\u00e7\u00e3o se identificando como parda. Mas, nas elei\u00e7\u00f5es deste ano, em 33 das 417 cidades baianas, apenas candidatos brancos disputam cargos de prefeito. Essa exclusividade nas elei\u00e7\u00f5es para o Executivo \u00e9 uma [&hellip;]<\/p>\n","protected":false},"author":2,"featured_media":49200,"comment_status":"closed","ping_status":"open","sticky":false,"template":"","format":"standard","meta":{"advgb_blocks_editor_width":"","advgb_blocks_columns_visual_guide":"","_exactmetrics_skip_tracking":false,"_exactmetrics_sitenote_active":false,"_exactmetrics_sitenote_note":"","_exactmetrics_sitenote_category":0,"footnotes":""},"categories":[7,2,12],"tags":[],"class_list":["post-49793","post","type-post","status-publish","format-standard","has-post-thumbnail","hentry","category-destaques","category-noticias","category-politica"],"better_featured_image":{"id":49200,"alt_text":"","caption":"","description":"","media_type":"image","media_details":{"width":1170,"height":700,"file":"2020\/09\/urna-fim.jpg","sizes":{"medium":{"file":"urna-fim-470x281.jpg","width":470,"height":281,"mime-type":"image\/jpeg","source_url":"https:\/\/lavras.tv\/site\/wp-content\/uploads\/2020\/09\/urna-fim-470x281.jpg"},"large":{"file":"urna-fim-970x580.jpg","width":970,"height":580,"mime-type":"image\/jpeg","source_url":"https:\/\/lavras.tv\/site\/wp-content\/uploads\/2020\/09\/urna-fim-970x580.jpg"},"thumbnail":{"file":"urna-fim-170x102.jpg","width":170,"height":102,"mime-type":"image\/jpeg","source_url":"https:\/\/lavras.tv\/site\/wp-content\/uploads\/2020\/09\/urna-fim-170x102.jpg"},"alm-thumbnail":{"file":"urna-fim-150x150.jpg","width":150,"height":150,"mime-type":"image\/jpeg","source_url":"https:\/\/lavras.tv\/site\/wp-content\/uploads\/2020\/09\/urna-fim-150x150.jpg"}},"image_meta":{"aperture":"0","credit":"","camera":"","caption":"","created_timestamp":"0","copyright":"","focal_length":"0","iso":"0","shutter_speed":"0","title":"","orientation":"0","keywords":[]}},"post":49199,"source_url":"https:\/\/lavras.tv\/site\/wp-content\/uploads\/2020\/09\/urna-fim.jpg"},"author_meta":{"display_name":"Lavras TV","author_link":"https:\/\/lavras.tv\/site\/author\/lavrastv\/"},"featured_img":"https:\/\/lavras.tv\/site\/wp-content\/uploads\/2020\/09\/urna-fim-470x281.jpg","coauthors":[],"tax_additional":{"categories":{"linked":["<a href=\"https:\/\/lavras.tv\/site\/category\/destaques\/\" class=\"advgb-post-tax-term\">Destaques<\/a>","<a href=\"https:\/\/lavras.tv\/site\/category\/noticias\/\" class=\"advgb-post-tax-term\">Not\u00edcias<\/a>","<a href=\"https:\/\/lavras.tv\/site\/category\/politica\/\" class=\"advgb-post-tax-term\">Pol\u00edtica<\/a>"],"unlinked":["<span class=\"advgb-post-tax-term\">Destaques<\/span>","<span class=\"advgb-post-tax-term\">Not\u00edcias<\/span>","<span class=\"advgb-post-tax-term\">Pol\u00edtica<\/span>"]}},"comment_count":"0","relative_dates":{"created":"Publicado 5 anos atr\u00e1s","modified":"Atualizado 5 anos atr\u00e1s"},"absolute_dates":{"created":"Publicado em 3 de novembro de 2020","modified":"Atualizado em 3 de novembro de 2020"},"absolute_dates_time":{"created":"Publicado em 3 de novembro de 2020 15:28","modified":"Atualizado em 3 de novembro de 2020 15:28"},"featured_img_caption":"","series_order":"","_links":{"self":[{"href":"https:\/\/lavras.tv\/site\/wp-json\/wp\/v2\/posts\/49793","targetHints":{"allow":["GET"]}}],"collection":[{"href":"https:\/\/lavras.tv\/site\/wp-json\/wp\/v2\/posts"}],"about":[{"href":"https:\/\/lavras.tv\/site\/wp-json\/wp\/v2\/types\/post"}],"author":[{"embeddable":true,"href":"https:\/\/lavras.tv\/site\/wp-json\/wp\/v2\/users\/2"}],"replies":[{"embeddable":true,"href":"https:\/\/lavras.tv\/site\/wp-json\/wp\/v2\/comments?post=49793"}],"version-history":[{"count":2,"href":"https:\/\/lavras.tv\/site\/wp-json\/wp\/v2\/posts\/49793\/revisions"}],"predecessor-version":[{"id":49796,"href":"https:\/\/lavras.tv\/site\/wp-json\/wp\/v2\/posts\/49793\/revisions\/49796"}],"wp:featuredmedia":[{"embeddable":true,"href":"https:\/\/lavras.tv\/site\/wp-json\/wp\/v2\/media\/49200"}],"wp:attachment":[{"href":"https:\/\/lavras.tv\/site\/wp-json\/wp\/v2\/media?parent=49793"}],"wp:term":[{"taxonomy":"category","embeddable":true,"href":"https:\/\/lavras.tv\/site\/wp-json\/wp\/v2\/categories?post=49793"},{"taxonomy":"post_tag","embeddable":true,"href":"https:\/\/lavras.tv\/site\/wp-json\/wp\/v2\/tags?post=49793"}],"curies":[{"name":"wp","href":"https:\/\/api.w.org\/{rel}","templated":true}]}}