{"id":49913,"date":"2020-11-14T13:38:51","date_gmt":"2020-11-14T16:38:51","guid":{"rendered":"http:\/\/lavras.tv\/site\/?p=49913"},"modified":"2020-11-14T13:38:52","modified_gmt":"2020-11-14T16:38:52","slug":"votacao-neste-domingo-para-prefeitos-e-vereadores-deve-ser-rapida-e-facil","status":"publish","type":"post","link":"https:\/\/lavras.tv\/site\/2020\/11\/14\/votacao-neste-domingo-para-prefeitos-e-vereadores-deve-ser-rapida-e-facil\/","title":{"rendered":"Vota\u00e7\u00e3o neste domingo para prefeitos e vereadores deve ser r\u00e1pida e f\u00e1cil"},"content":{"rendered":"<div class=\"lavra-antes-do-conteudo_2\" id=\"lavra-3061627876\"><div id=\"lavra-slider-27\" class=\"custom-slider lavra-slider-92468007 lavra-slider\"><ul><li><div style=\"margin-left: auto;margin-right: auto;text-align: center;\" id=\"lavra-3774568429\"><a href=\"https:\/\/sistemas.lavras.mg.gov.br\/portalcidadao\/#df1b1a7c7b2a290bcb31e32771e610784662739a88807c0dacac58ede5f391a7530e299dc302d611ee73cb143fc22eaf93592e53e7b5bdb01b00a0b8d28dae460c141dd2ff83412e4dc1c31b16b25f33144a9e5620ea73b13f5bc1c59411d98439ad226e8af03840603796067d87afe130812cf3de24982d0e306f9e61e764e5\" aria-label=\"Lavras-TV&#8211;720x104px (1) (1)\"><img src=\"https:\/\/lavras.tv\/site\/wp-content\/uploads\/2025\/01\/Lavras-TV-720x104px-1-1.png\" alt=\"\"  srcset=\"https:\/\/lavras.tv\/site\/wp-content\/uploads\/2025\/01\/Lavras-TV-720x104px-1-1.png 720w, https:\/\/lavras.tv\/site\/wp-content\/uploads\/2025\/01\/Lavras-TV-720x104px-1-1-470x68.png 470w, https:\/\/lavras.tv\/site\/wp-content\/uploads\/2025\/01\/Lavras-TV-720x104px-1-1-170x25.png 170w, https:\/\/lavras.tv\/site\/wp-content\/uploads\/2025\/01\/Lavras-TV-720x104px-1-1-200x29.png 200w\" sizes=\"(max-width: 720px) 100vw, 720px\" width=\"720\" height=\"104\"  style=\"display: inline-block;\" \/><\/a><\/div><\/li><li><a href=\"https:\/\/sistemas.lavras.mg.gov.br\/portalcidadao\/#df1b1a7c7b2a290bcb31e32771e610784662739a88807c0dacac58ede5f391a7530e299dc302d611ee73cb143fc22eaf93592e53e7b5bdb01b00a0b8d28dae460c141dd2ff83412e4dc1c31b16b25f33144a9e5620ea73b13f5bc1c59411d98439ad226e8af03840603796067d87afe130812cf3de24982d0e306f9e61e764e5\" aria-label=\"Banner_Emprego_PortallavrasTV\"><img src=\"https:\/\/lavras.tv\/site\/wp-content\/uploads\/2025\/03\/Banner_Emprego_PortallavrasTV.png\" alt=\"\"  srcset=\"https:\/\/lavras.tv\/site\/wp-content\/uploads\/2025\/03\/Banner_Emprego_PortallavrasTV.png 720w, https:\/\/lavras.tv\/site\/wp-content\/uploads\/2025\/03\/Banner_Emprego_PortallavrasTV-470x68.png 470w, https:\/\/lavras.tv\/site\/wp-content\/uploads\/2025\/03\/Banner_Emprego_PortallavrasTV-170x25.png 170w, https:\/\/lavras.tv\/site\/wp-content\/uploads\/2025\/03\/Banner_Emprego_PortallavrasTV-200x29.png 200w\" sizes=\"(max-width: 720px) 100vw, 720px\" width=\"720\" height=\"104\"   \/><\/a><\/li><li><a href=\"https:\/\/sistemas.lavras.mg.gov.br\/portalcidadao\/#df1b1a7c7b2a290bcb31e32771e610784662739a88807c0dacac58ede5f391a7530e299dc302d611ee73cb143fc22eaf93592e53e7b5bdb01b00a0b8d28dae460c141dd2ff83412e4dc1c31b16b25f33144a9e5620ea73b13f5bc1c59411d98439ad226e8af03840603796067d87afe130812cf3de24982d0e306f9e61e764e5\" aria-label=\"Banner_Obras_PortallavrasTV\"><img src=\"https:\/\/lavras.tv\/site\/wp-content\/uploads\/2025\/03\/Banner_Obras_PortallavrasTV.png\" alt=\"\"  srcset=\"https:\/\/lavras.tv\/site\/wp-content\/uploads\/2025\/03\/Banner_Obras_PortallavrasTV.png 720w, https:\/\/lavras.tv\/site\/wp-content\/uploads\/2025\/03\/Banner_Obras_PortallavrasTV-470x68.png 470w, https:\/\/lavras.tv\/site\/wp-content\/uploads\/2025\/03\/Banner_Obras_PortallavrasTV-170x25.png 170w, https:\/\/lavras.tv\/site\/wp-content\/uploads\/2025\/03\/Banner_Obras_PortallavrasTV-200x29.png 200w\" sizes=\"(max-width: 720px) 100vw, 720px\" width=\"720\" height=\"104\"   \/><\/a><\/li><li><div style=\"margin-left: auto;margin-right: auto;text-align: center;\" id=\"lavra-1992598145\"><a href=\"https:\/\/sistemas.lavras.mg.gov.br\/portalcidadao\/#df1b1a7c7b2a290bcb31e32771e610784662739a88807c0dacac58ede5f391a7530e299dc302d611ee73cb143fc22eaf93592e53e7b5bdb01b00a0b8d28dae460c141dd2ff83412e4dc1c31b16b25f33144a9e5620ea73b13f5bc1c59411d98439ad226e8af03840603796067d87afe130812cf3de24982d0e306f9e61e764e5\" aria-label=\"Banner_Educa\u00e7\u00e3o_PortallavrasTV\"><img src=\"https:\/\/lavras.tv\/site\/wp-content\/uploads\/2025\/01\/Banner_Educacao_PortallavrasTV.png\" alt=\"\"  srcset=\"https:\/\/lavras.tv\/site\/wp-content\/uploads\/2025\/01\/Banner_Educacao_PortallavrasTV.png 720w, https:\/\/lavras.tv\/site\/wp-content\/uploads\/2025\/01\/Banner_Educacao_PortallavrasTV-470x68.png 470w, https:\/\/lavras.tv\/site\/wp-content\/uploads\/2025\/01\/Banner_Educacao_PortallavrasTV-170x25.png 170w, https:\/\/lavras.tv\/site\/wp-content\/uploads\/2025\/01\/Banner_Educacao_PortallavrasTV-200x29.png 200w\" sizes=\"(max-width: 720px) 100vw, 720px\" width=\"720\" height=\"104\"  style=\"display: inline-block;\" \/><\/a><\/div><\/li><li><a href=\"https:\/\/sistemas.lavras.mg.gov.br\/portalcidadao\/#df1b1a7c7b2a290bcb31e32771e610784662739a88807c0dacac58ede5f391a7530e299dc302d611ee73cb143fc22eaf93592e53e7b5bdb01b00a0b8d28dae460c141dd2ff83412e4dc1c31b16b25f33144a9e5620ea73b13f5bc1c59411d98439ad226e8af03840603796067d87afe130812cf3de24982d0e306f9e61e764e5\" aria-label=\"Banner_Sa\u00fade_PortallavrasTV\"><img src=\"https:\/\/lavras.tv\/site\/wp-content\/uploads\/2025\/03\/Banner_Saude_PortallavrasTV.png\" alt=\"\"  srcset=\"https:\/\/lavras.tv\/site\/wp-content\/uploads\/2025\/03\/Banner_Saude_PortallavrasTV.png 720w, https:\/\/lavras.tv\/site\/wp-content\/uploads\/2025\/03\/Banner_Saude_PortallavrasTV-470x68.png 470w, https:\/\/lavras.tv\/site\/wp-content\/uploads\/2025\/03\/Banner_Saude_PortallavrasTV-170x25.png 170w, https:\/\/lavras.tv\/site\/wp-content\/uploads\/2025\/03\/Banner_Saude_PortallavrasTV-200x29.png 200w\" sizes=\"(max-width: 720px) 100vw, 720px\" width=\"720\" height=\"104\"   \/><\/a><\/li><li><div id=\"lavra-2464720626\" style=\"width:720px;height:104px;background-color:#ddd;overflow:scroll;\">\n\t<strong>Sa\u00edda da depura\u00e7\u00e3o de an\u00fancios<\/strong>\n\t<br><br>\n\tO an\u00fancio n\u00e3o \u00e9 exibido na p\u00e1gina<br><br>post atual: Vota\u00e7\u00e3o neste domingo para prefeitos e vereadores deve ser r\u00e1pida e f\u00e1cil, ID: 49913<br><br><span style=\"color: red;\">O post atual n\u00e3o \u00e9 id\u00eantico ao post principal.<\/span><br><br>An\u00fancios: ROXO - TOPO INTERNA - ROTATIVO 2 (197)<br \/>Grupo de an\u00fancios: Princ_Meio01_720x104 (27)<br><br>Condi\u00e7\u00f5es de exibi\u00e7\u00e3o<div style=\"margin-bottom: 20px; white-space: pre-wrap; font-family: monospace; width: 100%; background: #ffe9e9;\"><strong>condi\u00e7\u00f5es gerais<\/strong><table border=\"1\"><thead><tr><th><\/th><th>An\u00fancios<\/th><th>wp_the_query<\/th><\/tr><\/thead><tr><td>is_main_query<\/td><td>1<\/td><td>1<\/td><\/tr><tr><td>is_rest_api<\/td><td>0<\/td><td>1<\/td><\/tr><tr><td>page<\/td><td>0<\/td><td>1<\/td><\/tr><tr><td>numpages<\/td><td>0<\/td><td>1<\/td><\/tr><tr><td>is_archive<\/td><td>1<\/td><td><\/td><\/tr><tr><td>is_search<\/td><td>1<\/td><td><\/td><\/tr><tr><td>is_home<\/td><td>1<\/td><td><\/td><\/tr><tr><td>is_404<\/td><td>1<\/td><td><\/td><\/tr><tr><td>is_attachment<\/td><td>1<\/td><td><\/td><\/tr><tr><td>is_singular<\/td><td>1<\/td><td><\/td><\/tr><tr><td>is_front_page<\/td><td>1<\/td><td><\/td><\/tr><tr><td>is_feed<\/td><td>1<\/td><td><\/td><\/tr><\/table><\/div><br><br><span style=\"color: red;\">Seu site usa HTTPS, mas o c\u00f3digo do an\u00fancio cont\u00e9m HTTP e pode n\u00e3o funcionar.<\/span>\t<br><br>\n\t<a style=\"color: green;\" href=\"https:\/\/wpadvancedads.com\/manual\/ad-debug-mode\/?utm_source=advanced-ads&utm_medium=link&utm_campaign=ad-debug-mode\" target=\"_blank\" rel=\"nofollow\">Encontre solu\u00e7\u00f5es no manual<\/a>\n<\/div>\n<\/li><\/ul><\/div><script>( window.advanced_ads_ready || jQuery( document ).ready ).call( null, function() {var $lavraslider92468007 = jQuery( \".lavra-slider-92468007\" );$lavraslider92468007.on( \"unslider.ready\", function() { jQuery( \"div.custom-slider ul li\" ).css( \"display\", \"block\" ); });$lavraslider92468007.unslider({ delay:4000, autoplay:true, nav:false, arrows:false, infinite:true });$lavraslider92468007.on(\"mouseover\", function() {$lavraslider92468007.unslider(\"stop\");}).on(\"mouseout\", function() {$lavraslider92468007.unslider(\"start\");});});<\/script><\/div>\n<p>Neste domingo (15) ser\u00e1 dia dos eleitores brasileiros voltarem \u00e0s urnas para escolher vereador e prefeito. Essa ser\u00e1 uma vota\u00e7\u00e3o curta, com escolha de apenas dois candidatos, por isso a tend\u00eancia \u00e9 que seja uma vota\u00e7\u00e3o mais r\u00e1pida e f\u00e1cil. Mas o Tribunal Superior Eleitoral (TSE) recomenda que o eleitor leve a tradicional \u201ccolinha\u201d, com os n\u00fameros dos seus candidatos em um papel.<img decoding=\"async\" src=\"https:\/\/agenciabrasil.ebc.com.br\/ebc.png?id=1393137&amp;o=node\"><img decoding=\"async\" src=\"https:\/\/agenciabrasil.ebc.com.br\/ebc.gif?id=1393137&amp;o=node\"><\/p>\n\n\n\n<p>O candidato a vereador ser\u00e1 a primeira escolha a aparecer na urna eletr\u00f4nica. Ap\u00f3s confirmar esse voto, o eleitor dever\u00e1 escolher o prefeito. N\u00fameros de vereadores s\u00e3o compostos de cinco d\u00edgitos e n\u00fameros de prefeitos s\u00e3o dois d\u00edgitos.<\/p>\n\n\n\n<p>O TSE oferece em seu&nbsp;<a href=\"https:\/\/www.tse.jus.br\/eleicoes\/eleicoes-2020\/simulador-de-votacao\" target=\"_blank\" rel=\"noreferrer noopener\"><em>site<\/em><\/a>&nbsp;um simulador de vota\u00e7\u00e3o. Nele \u00e9 poss\u00edvel operar uma urna eletr\u00f4nica id\u00eantica a real e, para que quem vota pela primeira vez possa&nbsp;ter um contato pr\u00e9vio com o equipamento. Para quem j\u00e1 votou antes, \u00e9 poss\u00edvel relembrar a ferramenta. Caso o eleitor cometa erros na digita\u00e7\u00e3o do voto, o simulador aponta&nbsp;o erro e ensina como proceder corretamente.<\/p>\n\n\n\n<figure class=\"wp-block-image\"><img decoding=\"async\" src=\"https:\/\/imagens.ebc.com.br\/q7CKR9JKMk_W7E1_sivjh9ywvfE=\/754x0\/smart\/https:\/\/agenciabrasil.ebc.com.br\/sites\/default\/files\/atoms\/image\/urna_jose_cruz_2350.jpg?itok=mFa4HF7a\" alt=\"Urna eletr\u00f4nica \" title=\"Jos\u00e9 Cruz\/Arquivo\/Ag\u00eancia Brasil\"\/><\/figure>\n\n\n\n<h6 class=\"wp-block-heading\">Urna eletr\u00f4nica &#8211;&nbsp;<strong>Jos\u00e9 Cruz\/Arquivo\/Ag\u00eancia Brasil<\/strong><\/h6>\n\n\n\n<p>No simulador tamb\u00e9m h\u00e1 a possibilidade de votar em branco ou anular o voto. Saiba a&nbsp;<a href=\"https:\/\/agenciabrasil.ebc.com.br\/politica\/noticia\/2020-10\/eleicoes-2020-saiba-diferenca-e-os-efeitos-de-votos-brancos-e-nulos\" target=\"_blank\" rel=\"noreferrer noopener\">diferen\u00e7a entre essas duas modalidades de voto<\/a>&nbsp;na&nbsp;<strong>Ag\u00eancia Brasil<\/strong>.<\/p>\n\n\n\n<p>No domingo, o eleitor dever\u00e1 comparecer \u00e0 se\u00e7\u00e3o eleitoral com um documento oficial com foto e o t\u00edtulo eleitoral. A posse do t\u00edtulo eleitoral n\u00e3o \u00e9 obrigat\u00f3ria, mas \u00e9 importante porque \u00e9 nele que constam os n\u00fameros da zona e da se\u00e7\u00e3o eleitoral, o que facilita o eleitor a encontrar o local certo. Assim, \u00e9 poss\u00edvel votar portando apenas com um documento pessoal e oficial com foto.<\/p>\n\n\n\n<p>Fonte: Ag\u00eancia Brasil<\/p>\n","protected":false},"excerpt":{"rendered":"<p>Neste domingo (15) ser\u00e1 dia dos eleitores brasileiros voltarem \u00e0s urnas para escolher vereador e prefeito. Essa ser\u00e1 uma vota\u00e7\u00e3o curta, com escolha de apenas dois candidatos, por isso a tend\u00eancia \u00e9 que seja uma vota\u00e7\u00e3o mais r\u00e1pida e f\u00e1cil. Mas o Tribunal Superior Eleitoral (TSE) recomenda que o eleitor leve a tradicional \u201ccolinha\u201d, com [&hellip;]<\/p>\n","protected":false},"author":2,"featured_media":49914,"comment_status":"closed","ping_status":"open","sticky":false,"template":"","format":"standard","meta":{"advgb_blocks_editor_width":"","advgb_blocks_columns_visual_guide":"","_exactmetrics_skip_tracking":false,"_exactmetrics_sitenote_active":false,"_exactmetrics_sitenote_note":"","_exactmetrics_sitenote_category":0,"footnotes":""},"categories":[7,2,12],"tags":[],"class_list":["post-49913","post","type-post","status-publish","format-standard","has-post-thumbnail","hentry","category-destaques","category-noticias","category-politica"],"better_featured_image":{"id":49914,"alt_text":"","caption":"Em Bel\u00e9m, no Par\u00e1,  urna eletr\u00f4nica apresenta problema e \u00e9 preciso ser trocada (T\u00e2nia R\u00eago\/Ag\u00eancia Brasil)","description":"","media_type":"image","media_details":{"width":1170,"height":700,"file":"2020\/11\/votacao.jpg","sizes":{"medium":{"file":"votacao-470x281.jpg","width":470,"height":281,"mime-type":"image\/jpeg","source_url":"https:\/\/lavras.tv\/site\/wp-content\/uploads\/2020\/11\/votacao-470x281.jpg"},"large":{"file":"votacao-970x580.jpg","width":970,"height":580,"mime-type":"image\/jpeg","source_url":"https:\/\/lavras.tv\/site\/wp-content\/uploads\/2020\/11\/votacao-970x580.jpg"},"thumbnail":{"file":"votacao-170x102.jpg","width":170,"height":102,"mime-type":"image\/jpeg","source_url":"https:\/\/lavras.tv\/site\/wp-content\/uploads\/2020\/11\/votacao-170x102.jpg"},"alm-thumbnail":{"file":"votacao-150x150.jpg","width":150,"height":150,"mime-type":"image\/jpeg","source_url":"https:\/\/lavras.tv\/site\/wp-content\/uploads\/2020\/11\/votacao-150x150.jpg"}},"image_meta":{"aperture":"3,2","credit":"T\u00e2nia R\u00eago\/Ag\u00eancia Brasil","camera":"NIKON D3","caption":"Em Bel\u00e9m, no Par\u00e1,  urna eletr\u00f4nica apresenta problema e \u00e9 preciso ser trocada (T\u00e2nia R\u00eago\/Ag\u00eancia Brasil)","created_timestamp":"1414323216","copyright":"ABR","focal_length":"26","iso":"400","shutter_speed":"0,02","title":"","orientation":"1","keywords":[]}},"post":49913,"source_url":"https:\/\/lavras.tv\/site\/wp-content\/uploads\/2020\/11\/votacao.jpg"},"author_meta":{"display_name":"Lavras TV","author_link":"https:\/\/lavras.tv\/site\/author\/lavrastv\/"},"featured_img":"https:\/\/lavras.tv\/site\/wp-content\/uploads\/2020\/11\/votacao-470x281.jpg","coauthors":[],"tax_additional":{"categories":{"linked":["<a href=\"https:\/\/lavras.tv\/site\/category\/destaques\/\" class=\"advgb-post-tax-term\">Destaques<\/a>","<a href=\"https:\/\/lavras.tv\/site\/category\/noticias\/\" class=\"advgb-post-tax-term\">Not\u00edcias<\/a>","<a href=\"https:\/\/lavras.tv\/site\/category\/politica\/\" class=\"advgb-post-tax-term\">Pol\u00edtica<\/a>"],"unlinked":["<span class=\"advgb-post-tax-term\">Destaques<\/span>","<span class=\"advgb-post-tax-term\">Not\u00edcias<\/span>","<span class=\"advgb-post-tax-term\">Pol\u00edtica<\/span>"]}},"comment_count":"0","relative_dates":{"created":"Publicado 5 anos atr\u00e1s","modified":"Atualizado 5 anos atr\u00e1s"},"absolute_dates":{"created":"Publicado em 14 de novembro de 2020","modified":"Atualizado em 14 de novembro de 2020"},"absolute_dates_time":{"created":"Publicado em 14 de novembro de 2020 13:38","modified":"Atualizado em 14 de novembro de 2020 13:38"},"featured_img_caption":"Em Bel\u00e9m, no Par\u00e1,  urna eletr\u00f4nica apresenta problema e \u00e9 preciso ser trocada (T\u00e2nia R\u00eago\/Ag\u00eancia Brasil)","series_order":"","_links":{"self":[{"href":"https:\/\/lavras.tv\/site\/wp-json\/wp\/v2\/posts\/49913","targetHints":{"allow":["GET"]}}],"collection":[{"href":"https:\/\/lavras.tv\/site\/wp-json\/wp\/v2\/posts"}],"about":[{"href":"https:\/\/lavras.tv\/site\/wp-json\/wp\/v2\/types\/post"}],"author":[{"embeddable":true,"href":"https:\/\/lavras.tv\/site\/wp-json\/wp\/v2\/users\/2"}],"replies":[{"embeddable":true,"href":"https:\/\/lavras.tv\/site\/wp-json\/wp\/v2\/comments?post=49913"}],"version-history":[{"count":1,"href":"https:\/\/lavras.tv\/site\/wp-json\/wp\/v2\/posts\/49913\/revisions"}],"predecessor-version":[{"id":49915,"href":"https:\/\/lavras.tv\/site\/wp-json\/wp\/v2\/posts\/49913\/revisions\/49915"}],"wp:featuredmedia":[{"embeddable":true,"href":"https:\/\/lavras.tv\/site\/wp-json\/wp\/v2\/media\/49914"}],"wp:attachment":[{"href":"https:\/\/lavras.tv\/site\/wp-json\/wp\/v2\/media?parent=49913"}],"wp:term":[{"taxonomy":"category","embeddable":true,"href":"https:\/\/lavras.tv\/site\/wp-json\/wp\/v2\/categories?post=49913"},{"taxonomy":"post_tag","embeddable":true,"href":"https:\/\/lavras.tv\/site\/wp-json\/wp\/v2\/tags?post=49913"}],"curies":[{"name":"wp","href":"https:\/\/api.w.org\/{rel}","templated":true}]}}