{"id":49916,"date":"2020-11-14T13:45:26","date_gmt":"2020-11-14T16:45:26","guid":{"rendered":"http:\/\/lavras.tv\/site\/?p=49916"},"modified":"2020-11-14T13:45:28","modified_gmt":"2020-11-14T16:45:28","slug":"eleicoes-2020-saiba-como-acessar-informacoes-sobre-os-candidatos","status":"publish","type":"post","link":"https:\/\/lavras.tv\/site\/2020\/11\/14\/eleicoes-2020-saiba-como-acessar-informacoes-sobre-os-candidatos\/","title":{"rendered":"Elei\u00e7\u00f5es 2020: saiba como acessar informa\u00e7\u00f5es sobre os candidatos"},"content":{"rendered":"<div class=\"lavra-antes-do-conteudo_2\" id=\"lavra-508227453\"><div id=\"lavra-slider-27\" class=\"custom-slider lavra-slider-2637440250 lavra-slider\"><ul><li><div style=\"margin-left: auto;margin-right: auto;text-align: center;\" id=\"lavra-3267839134\"><a href=\"https:\/\/sistemas.lavras.mg.gov.br\/portalcidadao\/#df1b1a7c7b2a290bcb31e32771e610784662739a88807c0dacac58ede5f391a7530e299dc302d611ee73cb143fc22eaf93592e53e7b5bdb01b00a0b8d28dae460c141dd2ff83412e4dc1c31b16b25f33144a9e5620ea73b13f5bc1c59411d98439ad226e8af03840603796067d87afe130812cf3de24982d0e306f9e61e764e5\" aria-label=\"Lavras-TV&#8211;720x104px (1) (1)\"><img src=\"https:\/\/lavras.tv\/site\/wp-content\/uploads\/2025\/01\/Lavras-TV-720x104px-1-1.png\" alt=\"\"  srcset=\"https:\/\/lavras.tv\/site\/wp-content\/uploads\/2025\/01\/Lavras-TV-720x104px-1-1.png 720w, https:\/\/lavras.tv\/site\/wp-content\/uploads\/2025\/01\/Lavras-TV-720x104px-1-1-470x68.png 470w, https:\/\/lavras.tv\/site\/wp-content\/uploads\/2025\/01\/Lavras-TV-720x104px-1-1-170x25.png 170w, https:\/\/lavras.tv\/site\/wp-content\/uploads\/2025\/01\/Lavras-TV-720x104px-1-1-200x29.png 200w\" sizes=\"(max-width: 720px) 100vw, 720px\" width=\"720\" height=\"104\"  style=\"display: inline-block;\" \/><\/a><\/div><\/li><li><a href=\"https:\/\/sistemas.lavras.mg.gov.br\/portalcidadao\/#df1b1a7c7b2a290bcb31e32771e610784662739a88807c0dacac58ede5f391a7530e299dc302d611ee73cb143fc22eaf93592e53e7b5bdb01b00a0b8d28dae460c141dd2ff83412e4dc1c31b16b25f33144a9e5620ea73b13f5bc1c59411d98439ad226e8af03840603796067d87afe130812cf3de24982d0e306f9e61e764e5\" aria-label=\"Banner_Emprego_PortallavrasTV\"><img src=\"https:\/\/lavras.tv\/site\/wp-content\/uploads\/2025\/03\/Banner_Emprego_PortallavrasTV.png\" alt=\"\"  srcset=\"https:\/\/lavras.tv\/site\/wp-content\/uploads\/2025\/03\/Banner_Emprego_PortallavrasTV.png 720w, https:\/\/lavras.tv\/site\/wp-content\/uploads\/2025\/03\/Banner_Emprego_PortallavrasTV-470x68.png 470w, https:\/\/lavras.tv\/site\/wp-content\/uploads\/2025\/03\/Banner_Emprego_PortallavrasTV-170x25.png 170w, https:\/\/lavras.tv\/site\/wp-content\/uploads\/2025\/03\/Banner_Emprego_PortallavrasTV-200x29.png 200w\" sizes=\"(max-width: 720px) 100vw, 720px\" width=\"720\" height=\"104\"   \/><\/a><\/li><li><a href=\"https:\/\/sistemas.lavras.mg.gov.br\/portalcidadao\/#df1b1a7c7b2a290bcb31e32771e610784662739a88807c0dacac58ede5f391a7530e299dc302d611ee73cb143fc22eaf93592e53e7b5bdb01b00a0b8d28dae460c141dd2ff83412e4dc1c31b16b25f33144a9e5620ea73b13f5bc1c59411d98439ad226e8af03840603796067d87afe130812cf3de24982d0e306f9e61e764e5\" aria-label=\"Banner_Obras_PortallavrasTV\"><img src=\"https:\/\/lavras.tv\/site\/wp-content\/uploads\/2025\/03\/Banner_Obras_PortallavrasTV.png\" alt=\"\"  srcset=\"https:\/\/lavras.tv\/site\/wp-content\/uploads\/2025\/03\/Banner_Obras_PortallavrasTV.png 720w, https:\/\/lavras.tv\/site\/wp-content\/uploads\/2025\/03\/Banner_Obras_PortallavrasTV-470x68.png 470w, https:\/\/lavras.tv\/site\/wp-content\/uploads\/2025\/03\/Banner_Obras_PortallavrasTV-170x25.png 170w, https:\/\/lavras.tv\/site\/wp-content\/uploads\/2025\/03\/Banner_Obras_PortallavrasTV-200x29.png 200w\" sizes=\"(max-width: 720px) 100vw, 720px\" width=\"720\" height=\"104\"   \/><\/a><\/li><li><div style=\"margin-left: auto;margin-right: auto;text-align: center;\" id=\"lavra-63925217\"><a href=\"https:\/\/sistemas.lavras.mg.gov.br\/portalcidadao\/#df1b1a7c7b2a290bcb31e32771e610784662739a88807c0dacac58ede5f391a7530e299dc302d611ee73cb143fc22eaf93592e53e7b5bdb01b00a0b8d28dae460c141dd2ff83412e4dc1c31b16b25f33144a9e5620ea73b13f5bc1c59411d98439ad226e8af03840603796067d87afe130812cf3de24982d0e306f9e61e764e5\" aria-label=\"Banner_Educa\u00e7\u00e3o_PortallavrasTV\"><img src=\"https:\/\/lavras.tv\/site\/wp-content\/uploads\/2025\/01\/Banner_Educacao_PortallavrasTV.png\" alt=\"\"  srcset=\"https:\/\/lavras.tv\/site\/wp-content\/uploads\/2025\/01\/Banner_Educacao_PortallavrasTV.png 720w, https:\/\/lavras.tv\/site\/wp-content\/uploads\/2025\/01\/Banner_Educacao_PortallavrasTV-470x68.png 470w, https:\/\/lavras.tv\/site\/wp-content\/uploads\/2025\/01\/Banner_Educacao_PortallavrasTV-170x25.png 170w, https:\/\/lavras.tv\/site\/wp-content\/uploads\/2025\/01\/Banner_Educacao_PortallavrasTV-200x29.png 200w\" sizes=\"(max-width: 720px) 100vw, 720px\" width=\"720\" height=\"104\"  style=\"display: inline-block;\" \/><\/a><\/div><\/li><li><a href=\"https:\/\/sistemas.lavras.mg.gov.br\/portalcidadao\/#df1b1a7c7b2a290bcb31e32771e610784662739a88807c0dacac58ede5f391a7530e299dc302d611ee73cb143fc22eaf93592e53e7b5bdb01b00a0b8d28dae460c141dd2ff83412e4dc1c31b16b25f33144a9e5620ea73b13f5bc1c59411d98439ad226e8af03840603796067d87afe130812cf3de24982d0e306f9e61e764e5\" aria-label=\"Banner_Sa\u00fade_PortallavrasTV\"><img src=\"https:\/\/lavras.tv\/site\/wp-content\/uploads\/2025\/03\/Banner_Saude_PortallavrasTV.png\" alt=\"\"  srcset=\"https:\/\/lavras.tv\/site\/wp-content\/uploads\/2025\/03\/Banner_Saude_PortallavrasTV.png 720w, https:\/\/lavras.tv\/site\/wp-content\/uploads\/2025\/03\/Banner_Saude_PortallavrasTV-470x68.png 470w, https:\/\/lavras.tv\/site\/wp-content\/uploads\/2025\/03\/Banner_Saude_PortallavrasTV-170x25.png 170w, https:\/\/lavras.tv\/site\/wp-content\/uploads\/2025\/03\/Banner_Saude_PortallavrasTV-200x29.png 200w\" sizes=\"(max-width: 720px) 100vw, 720px\" width=\"720\" height=\"104\"   \/><\/a><\/li><li><div id=\"lavra-1970966025\" style=\"width:720px;height:104px;background-color:#ddd;overflow:scroll;\">\n\t<strong>Sa\u00edda da depura\u00e7\u00e3o de an\u00fancios<\/strong>\n\t<br><br>\n\tO an\u00fancio n\u00e3o \u00e9 exibido na p\u00e1gina<br><br>post atual: Elei\u00e7\u00f5es 2020: saiba como acessar informa\u00e7\u00f5es sobre os candidatos, ID: 49916<br><br><span style=\"color: red;\">O post atual n\u00e3o \u00e9 id\u00eantico ao post principal.<\/span><br><br>An\u00fancios: ROXO - TOPO INTERNA - ROTATIVO 2 (197)<br \/>Grupo de an\u00fancios: Princ_Meio01_720x104 (27)<br><br>Condi\u00e7\u00f5es de exibi\u00e7\u00e3o<div style=\"margin-bottom: 20px; white-space: pre-wrap; font-family: monospace; width: 100%; background: #ffe9e9;\"><strong>condi\u00e7\u00f5es gerais<\/strong><table border=\"1\"><thead><tr><th><\/th><th>An\u00fancios<\/th><th>wp_the_query<\/th><\/tr><\/thead><tr><td>is_main_query<\/td><td>1<\/td><td>1<\/td><\/tr><tr><td>is_rest_api<\/td><td>0<\/td><td>1<\/td><\/tr><tr><td>page<\/td><td>0<\/td><td>1<\/td><\/tr><tr><td>numpages<\/td><td>0<\/td><td>1<\/td><\/tr><tr><td>is_archive<\/td><td>1<\/td><td><\/td><\/tr><tr><td>is_search<\/td><td>1<\/td><td><\/td><\/tr><tr><td>is_home<\/td><td>1<\/td><td><\/td><\/tr><tr><td>is_404<\/td><td>1<\/td><td><\/td><\/tr><tr><td>is_attachment<\/td><td>1<\/td><td><\/td><\/tr><tr><td>is_singular<\/td><td>1<\/td><td><\/td><\/tr><tr><td>is_front_page<\/td><td>1<\/td><td><\/td><\/tr><tr><td>is_feed<\/td><td>1<\/td><td><\/td><\/tr><\/table><\/div><br><br><span style=\"color: red;\">Seu site usa HTTPS, mas o c\u00f3digo do an\u00fancio cont\u00e9m HTTP e pode n\u00e3o funcionar.<\/span>\t<br><br>\n\t<a style=\"color: green;\" href=\"https:\/\/wpadvancedads.com\/manual\/ad-debug-mode\/?utm_source=advanced-ads&utm_medium=link&utm_campaign=ad-debug-mode\" target=\"_blank\" rel=\"nofollow\">Encontre solu\u00e7\u00f5es no manual<\/a>\n<\/div>\n<\/li><\/ul><\/div><script>( window.advanced_ads_ready || jQuery( document ).ready ).call( null, function() {var $lavraslider2637440250 = jQuery( \".lavra-slider-2637440250\" );$lavraslider2637440250.on( \"unslider.ready\", function() { jQuery( \"div.custom-slider ul li\" ).css( \"display\", \"block\" ); });$lavraslider2637440250.unslider({ delay:4000, autoplay:true, nav:false, arrows:false, infinite:true });$lavraslider2637440250.on(\"mouseover\", function() {$lavraslider2637440250.unslider(\"stop\");}).on(\"mouseout\", function() {$lavraslider2637440250.unslider(\"start\");});});<\/script><\/div>\n<p>A poucas horas do primeiro turno das elei\u00e7\u00f5es, marcado para este domingo (15), das 7h \u00e0s 17h, aqueles que ainda n\u00e3o escolheram seus candidatos a prefeito e a vereador podem pesquisar sobre os nomes que est\u00e3o na disputa no&nbsp;<em>site<\/em>&nbsp;do Tribunal Superior Eleitoral (TSE).&nbsp;Por meio da plataforma&nbsp;<a href=\"https:\/\/divulgacandcontas.tse.jus.br\/divulga\/#\/\" target=\"_blank\" rel=\"noreferrer noopener\">divulgacandcontas<\/a>, os eleitores t\u00eam acesso a todas as informa\u00e7\u00f5es, a partir de consultas por munic\u00edpio, cargo e situa\u00e7\u00e3o de cada candidato.<img decoding=\"async\" src=\"https:\/\/agenciabrasil.ebc.com.br\/ebc.png?id=1393061&amp;o=node\"><img decoding=\"async\" src=\"https:\/\/agenciabrasil.ebc.com.br\/ebc.gif?id=1393061&amp;o=node\"><\/p>\n\n\n\n<p>Al\u00e9m disso, \u00e9 poss\u00edvel ter acesso a dados como n\u00famero, partido, composi\u00e7\u00e3o da coliga\u00e7\u00e3o que o apoia \u2013 se for o caso \u2013, nome que usar\u00e1 na urna, grau de instru\u00e7\u00e3o, ocupa\u00e7\u00e3o,&nbsp;<em>site<\/em>&nbsp;do candidato, limite de gasto de campanha, proposta de governo, descri\u00e7\u00e3o e valores dos bens que possui, al\u00e9m de eventuais registros criminais.<\/p>\n\n\n\n<p>De acordo com o TSE, cada candidato tem sua pr\u00f3pria p\u00e1gina dentro do sistema, com informa\u00e7\u00f5es gerais como nome completo, partido pelo qual est\u00e1 concorrendo, ocupa\u00e7\u00e3o, nacionalidade e outros dados pessoais. Al\u00e9m disso, h\u00e1 informa\u00e7\u00f5es de interesse p\u00fablico como o plano de governo, a declara\u00e7\u00e3o de bens do candidato e os valores que pretende gastar com a candidatura, bem como a presta\u00e7\u00e3o de contas com a arrecada\u00e7\u00e3o e os gastos durante a campanha.<\/p>\n\n\n\n<p>Para acessar, basta escolher a regi\u00e3o, em seguida, a Unidade da Federa\u00e7\u00e3o e, ent\u00e3o, a busca por munic\u00edpio. Ap\u00f3s visualizar a bandeira do munic\u00edpio, \u00e9 poss\u00edvel preencher no canto esquerdo o cargo que pretende consultar.<\/p>\n\n\n\n<div class=\"wp-block-image\"><figure class=\"aligncenter size-large\"><img fetchpriority=\"high\" decoding=\"async\" width=\"970\" height=\"602\" src=\"http:\/\/lavras.tv\/site\/wp-content\/uploads\/2020\/11\/digita-970x602.jpg\" alt=\"\" class=\"wp-image-49917\" srcset=\"https:\/\/lavras.tv\/site\/wp-content\/uploads\/2020\/11\/digita-970x602.jpg 970w, https:\/\/lavras.tv\/site\/wp-content\/uploads\/2020\/11\/digita-470x292.jpg 470w, https:\/\/lavras.tv\/site\/wp-content\/uploads\/2020\/11\/digita-170x106.jpg 170w, https:\/\/lavras.tv\/site\/wp-content\/uploads\/2020\/11\/digita.jpg 984w\" sizes=\"(max-width: 970px) 100vw, 970px\" \/><\/figure><\/div>\n\n\n\n<p><strong>Situa\u00e7\u00e3o<\/strong><\/p>\n\n\n\n<p>O acesso aos dados \u00e9 livre para qualquer pessoa. A situa\u00e7\u00e3o do registro do candidato tamb\u00e9m pode ser consultada, pois aparece ao lado da foto.<\/p>\n\n\n\n<p>Segundo TSE, mesmo nos registros julgados aptos, podem aparecer situa\u00e7\u00f5es como as de \u201ccassado com recurso\u201d e de \u201ccancelado com recurso\u201d. Isso ocorre quando o candidato teve o registro cassado ou cancelado pelo partido, ou por decis\u00e3o judicial, por\u00e9m apresentou recurso e aguarda nova decis\u00e3o.<\/p>\n\n\n\n<p>J\u00e1 no caso dos considerados \u201cinaptos\u201d, aparecem os complementos: \u201ccancelado\u201d, quando o candidato teve o registro cancelado pelo partido; \u201ccassado\u201d; \u201cfalecido\u201d; \u201cindeferido\u201d, quando o candidato n\u00e3o reuniu as condi\u00e7\u00f5es necess\u00e1rias ao registro; \u201cn\u00e3o conhecimento do pedido\u201d, para aquele cujo pedido de registro n\u00e3o foi apreciado pelo juiz eleitoral; e \u201cren\u00fancia\u201d.<\/p>\n\n\n\n<h2 class=\"wp-block-heading\">Presta\u00e7\u00e3o de contas<\/h2>\n\n\n\n<p>Em meio a muitos casos de den\u00fancias de corrup\u00e7\u00e3o, a presta\u00e7\u00e3o de contas dos candidatos passou a ser uma das grandes preocupa\u00e7\u00f5es dos eleitores. Pelo DivulgaCand \u00e9 poss\u00edvel acessar tamb\u00e9m esse tipo de informa\u00e7\u00e3o e saber de onde v\u00eam as receitas dos concorrentes aos cargos eletivos.<\/p>\n\n\n\n<p>Fonte: Ag\u00eancia Brasil<\/p>\n","protected":false},"excerpt":{"rendered":"<p>A poucas horas do primeiro turno das elei\u00e7\u00f5es, marcado para este domingo (15), das 7h \u00e0s 17h, aqueles que ainda n\u00e3o escolheram seus candidatos a prefeito e a vereador podem pesquisar sobre os nomes que est\u00e3o na disputa no&nbsp;site&nbsp;do Tribunal Superior Eleitoral (TSE).&nbsp;Por meio da plataforma&nbsp;divulgacandcontas, os eleitores t\u00eam acesso a todas as informa\u00e7\u00f5es, a [&hellip;]<\/p>\n","protected":false},"author":2,"featured_media":49917,"comment_status":"closed","ping_status":"open","sticky":false,"template":"","format":"standard","meta":{"advgb_blocks_editor_width":"","advgb_blocks_columns_visual_guide":"","_exactmetrics_skip_tracking":false,"_exactmetrics_sitenote_active":false,"_exactmetrics_sitenote_note":"","_exactmetrics_sitenote_category":0,"footnotes":""},"categories":[7,2,12],"tags":[],"class_list":["post-49916","post","type-post","status-publish","format-standard","has-post-thumbnail","hentry","category-destaques","category-noticias","category-politica"],"better_featured_image":{"id":49917,"alt_text":"","caption":"","description":"","media_type":"image","media_details":{"width":984,"height":611,"file":"2020\/11\/digita.jpg","sizes":{"medium":{"file":"digita-470x292.jpg","width":470,"height":292,"mime-type":"image\/jpeg","source_url":"https:\/\/lavras.tv\/site\/wp-content\/uploads\/2020\/11\/digita-470x292.jpg"},"large":{"file":"digita-970x602.jpg","width":970,"height":602,"mime-type":"image\/jpeg","source_url":"https:\/\/lavras.tv\/site\/wp-content\/uploads\/2020\/11\/digita-970x602.jpg"},"thumbnail":{"file":"digita-170x106.jpg","width":170,"height":106,"mime-type":"image\/jpeg","source_url":"https:\/\/lavras.tv\/site\/wp-content\/uploads\/2020\/11\/digita-170x106.jpg"},"alm-thumbnail":{"file":"digita-150x150.jpg","width":150,"height":150,"mime-type":"image\/jpeg","source_url":"https:\/\/lavras.tv\/site\/wp-content\/uploads\/2020\/11\/digita-150x150.jpg"}},"image_meta":{"aperture":"0","credit":"","camera":"","caption":"","created_timestamp":"0","copyright":"","focal_length":"0","iso":"0","shutter_speed":"0","title":"","orientation":"0","keywords":[]}},"post":49916,"source_url":"https:\/\/lavras.tv\/site\/wp-content\/uploads\/2020\/11\/digita.jpg"},"author_meta":{"display_name":"Lavras TV","author_link":"https:\/\/lavras.tv\/site\/author\/lavrastv\/"},"featured_img":"https:\/\/lavras.tv\/site\/wp-content\/uploads\/2020\/11\/digita-470x292.jpg","coauthors":[],"tax_additional":{"categories":{"linked":["<a href=\"https:\/\/lavras.tv\/site\/category\/destaques\/\" class=\"advgb-post-tax-term\">Destaques<\/a>","<a href=\"https:\/\/lavras.tv\/site\/category\/noticias\/\" class=\"advgb-post-tax-term\">Not\u00edcias<\/a>","<a href=\"https:\/\/lavras.tv\/site\/category\/politica\/\" class=\"advgb-post-tax-term\">Pol\u00edtica<\/a>"],"unlinked":["<span class=\"advgb-post-tax-term\">Destaques<\/span>","<span class=\"advgb-post-tax-term\">Not\u00edcias<\/span>","<span class=\"advgb-post-tax-term\">Pol\u00edtica<\/span>"]}},"comment_count":"0","relative_dates":{"created":"Publicado 5 anos atr\u00e1s","modified":"Atualizado 5 anos atr\u00e1s"},"absolute_dates":{"created":"Publicado em 14 de novembro de 2020","modified":"Atualizado em 14 de novembro de 2020"},"absolute_dates_time":{"created":"Publicado em 14 de novembro de 2020 13:45","modified":"Atualizado em 14 de novembro de 2020 13:45"},"featured_img_caption":"","series_order":"","_links":{"self":[{"href":"https:\/\/lavras.tv\/site\/wp-json\/wp\/v2\/posts\/49916","targetHints":{"allow":["GET"]}}],"collection":[{"href":"https:\/\/lavras.tv\/site\/wp-json\/wp\/v2\/posts"}],"about":[{"href":"https:\/\/lavras.tv\/site\/wp-json\/wp\/v2\/types\/post"}],"author":[{"embeddable":true,"href":"https:\/\/lavras.tv\/site\/wp-json\/wp\/v2\/users\/2"}],"replies":[{"embeddable":true,"href":"https:\/\/lavras.tv\/site\/wp-json\/wp\/v2\/comments?post=49916"}],"version-history":[{"count":1,"href":"https:\/\/lavras.tv\/site\/wp-json\/wp\/v2\/posts\/49916\/revisions"}],"predecessor-version":[{"id":49918,"href":"https:\/\/lavras.tv\/site\/wp-json\/wp\/v2\/posts\/49916\/revisions\/49918"}],"wp:featuredmedia":[{"embeddable":true,"href":"https:\/\/lavras.tv\/site\/wp-json\/wp\/v2\/media\/49917"}],"wp:attachment":[{"href":"https:\/\/lavras.tv\/site\/wp-json\/wp\/v2\/media?parent=49916"}],"wp:term":[{"taxonomy":"category","embeddable":true,"href":"https:\/\/lavras.tv\/site\/wp-json\/wp\/v2\/categories?post=49916"},{"taxonomy":"post_tag","embeddable":true,"href":"https:\/\/lavras.tv\/site\/wp-json\/wp\/v2\/tags?post=49916"}],"curies":[{"name":"wp","href":"https:\/\/api.w.org\/{rel}","templated":true}]}}