{"id":49967,"date":"2020-11-17T11:29:14","date_gmt":"2020-11-17T14:29:14","guid":{"rendered":"http:\/\/lavras.tv\/site\/?p=49967"},"modified":"2020-11-17T11:29:16","modified_gmt":"2020-11-17T14:29:16","slug":"e-titulo-nao-funciona-veja-como-justificar-a-ausencia-nas-eleicoes","status":"publish","type":"post","link":"https:\/\/lavras.tv\/site\/2020\/11\/17\/e-titulo-nao-funciona-veja-como-justificar-a-ausencia-nas-eleicoes\/","title":{"rendered":"E-t\u00edtulo n\u00e3o funciona? Veja como justificar a aus\u00eancia nas elei\u00e7\u00f5es"},"content":{"rendered":"<div class=\"lavra-antes-do-conteudo_2\" id=\"lavra-3341713149\"><div id=\"lavra-slider-27\" class=\"custom-slider lavra-slider-2777170746 lavra-slider\"><ul><li><div style=\"margin-left: auto;margin-right: auto;text-align: center;\" id=\"lavra-2033433198\"><a href=\"https:\/\/sistemas.lavras.mg.gov.br\/portalcidadao\/#df1b1a7c7b2a290bcb31e32771e610784662739a88807c0dacac58ede5f391a7530e299dc302d611ee73cb143fc22eaf93592e53e7b5bdb01b00a0b8d28dae460c141dd2ff83412e4dc1c31b16b25f33144a9e5620ea73b13f5bc1c59411d98439ad226e8af03840603796067d87afe130812cf3de24982d0e306f9e61e764e5\" aria-label=\"Lavras-TV&#8211;720x104px (1) (1)\"><img src=\"https:\/\/lavras.tv\/site\/wp-content\/uploads\/2025\/01\/Lavras-TV-720x104px-1-1.png\" alt=\"\"  srcset=\"https:\/\/lavras.tv\/site\/wp-content\/uploads\/2025\/01\/Lavras-TV-720x104px-1-1.png 720w, https:\/\/lavras.tv\/site\/wp-content\/uploads\/2025\/01\/Lavras-TV-720x104px-1-1-470x68.png 470w, https:\/\/lavras.tv\/site\/wp-content\/uploads\/2025\/01\/Lavras-TV-720x104px-1-1-170x25.png 170w, https:\/\/lavras.tv\/site\/wp-content\/uploads\/2025\/01\/Lavras-TV-720x104px-1-1-200x29.png 200w\" sizes=\"(max-width: 720px) 100vw, 720px\" width=\"720\" height=\"104\"  style=\"display: inline-block;\" \/><\/a><\/div><\/li><li><a href=\"https:\/\/sistemas.lavras.mg.gov.br\/portalcidadao\/#df1b1a7c7b2a290bcb31e32771e610784662739a88807c0dacac58ede5f391a7530e299dc302d611ee73cb143fc22eaf93592e53e7b5bdb01b00a0b8d28dae460c141dd2ff83412e4dc1c31b16b25f33144a9e5620ea73b13f5bc1c59411d98439ad226e8af03840603796067d87afe130812cf3de24982d0e306f9e61e764e5\" aria-label=\"Banner_Emprego_PortallavrasTV\"><img src=\"https:\/\/lavras.tv\/site\/wp-content\/uploads\/2025\/03\/Banner_Emprego_PortallavrasTV.png\" alt=\"\"  srcset=\"https:\/\/lavras.tv\/site\/wp-content\/uploads\/2025\/03\/Banner_Emprego_PortallavrasTV.png 720w, https:\/\/lavras.tv\/site\/wp-content\/uploads\/2025\/03\/Banner_Emprego_PortallavrasTV-470x68.png 470w, https:\/\/lavras.tv\/site\/wp-content\/uploads\/2025\/03\/Banner_Emprego_PortallavrasTV-170x25.png 170w, https:\/\/lavras.tv\/site\/wp-content\/uploads\/2025\/03\/Banner_Emprego_PortallavrasTV-200x29.png 200w\" sizes=\"(max-width: 720px) 100vw, 720px\" width=\"720\" height=\"104\"   \/><\/a><\/li><li><a href=\"https:\/\/sistemas.lavras.mg.gov.br\/portalcidadao\/#df1b1a7c7b2a290bcb31e32771e610784662739a88807c0dacac58ede5f391a7530e299dc302d611ee73cb143fc22eaf93592e53e7b5bdb01b00a0b8d28dae460c141dd2ff83412e4dc1c31b16b25f33144a9e5620ea73b13f5bc1c59411d98439ad226e8af03840603796067d87afe130812cf3de24982d0e306f9e61e764e5\" aria-label=\"Banner_Obras_PortallavrasTV\"><img src=\"https:\/\/lavras.tv\/site\/wp-content\/uploads\/2025\/03\/Banner_Obras_PortallavrasTV.png\" alt=\"\"  srcset=\"https:\/\/lavras.tv\/site\/wp-content\/uploads\/2025\/03\/Banner_Obras_PortallavrasTV.png 720w, https:\/\/lavras.tv\/site\/wp-content\/uploads\/2025\/03\/Banner_Obras_PortallavrasTV-470x68.png 470w, https:\/\/lavras.tv\/site\/wp-content\/uploads\/2025\/03\/Banner_Obras_PortallavrasTV-170x25.png 170w, https:\/\/lavras.tv\/site\/wp-content\/uploads\/2025\/03\/Banner_Obras_PortallavrasTV-200x29.png 200w\" sizes=\"(max-width: 720px) 100vw, 720px\" width=\"720\" height=\"104\"   \/><\/a><\/li><li><div style=\"margin-left: auto;margin-right: auto;text-align: center;\" id=\"lavra-3197180479\"><a href=\"https:\/\/sistemas.lavras.mg.gov.br\/portalcidadao\/#df1b1a7c7b2a290bcb31e32771e610784662739a88807c0dacac58ede5f391a7530e299dc302d611ee73cb143fc22eaf93592e53e7b5bdb01b00a0b8d28dae460c141dd2ff83412e4dc1c31b16b25f33144a9e5620ea73b13f5bc1c59411d98439ad226e8af03840603796067d87afe130812cf3de24982d0e306f9e61e764e5\" aria-label=\"Banner_Educa\u00e7\u00e3o_PortallavrasTV\"><img src=\"https:\/\/lavras.tv\/site\/wp-content\/uploads\/2025\/01\/Banner_Educacao_PortallavrasTV.png\" alt=\"\"  srcset=\"https:\/\/lavras.tv\/site\/wp-content\/uploads\/2025\/01\/Banner_Educacao_PortallavrasTV.png 720w, https:\/\/lavras.tv\/site\/wp-content\/uploads\/2025\/01\/Banner_Educacao_PortallavrasTV-470x68.png 470w, https:\/\/lavras.tv\/site\/wp-content\/uploads\/2025\/01\/Banner_Educacao_PortallavrasTV-170x25.png 170w, https:\/\/lavras.tv\/site\/wp-content\/uploads\/2025\/01\/Banner_Educacao_PortallavrasTV-200x29.png 200w\" sizes=\"(max-width: 720px) 100vw, 720px\" width=\"720\" height=\"104\"  style=\"display: inline-block;\" \/><\/a><\/div><\/li><li><a href=\"https:\/\/sistemas.lavras.mg.gov.br\/portalcidadao\/#df1b1a7c7b2a290bcb31e32771e610784662739a88807c0dacac58ede5f391a7530e299dc302d611ee73cb143fc22eaf93592e53e7b5bdb01b00a0b8d28dae460c141dd2ff83412e4dc1c31b16b25f33144a9e5620ea73b13f5bc1c59411d98439ad226e8af03840603796067d87afe130812cf3de24982d0e306f9e61e764e5\" aria-label=\"Banner_Sa\u00fade_PortallavrasTV\"><img src=\"https:\/\/lavras.tv\/site\/wp-content\/uploads\/2025\/03\/Banner_Saude_PortallavrasTV.png\" alt=\"\"  srcset=\"https:\/\/lavras.tv\/site\/wp-content\/uploads\/2025\/03\/Banner_Saude_PortallavrasTV.png 720w, https:\/\/lavras.tv\/site\/wp-content\/uploads\/2025\/03\/Banner_Saude_PortallavrasTV-470x68.png 470w, https:\/\/lavras.tv\/site\/wp-content\/uploads\/2025\/03\/Banner_Saude_PortallavrasTV-170x25.png 170w, https:\/\/lavras.tv\/site\/wp-content\/uploads\/2025\/03\/Banner_Saude_PortallavrasTV-200x29.png 200w\" sizes=\"(max-width: 720px) 100vw, 720px\" width=\"720\" height=\"104\"   \/><\/a><\/li><li><div id=\"lavra-770044747\" style=\"width:720px;height:104px;background-color:#ddd;overflow:scroll;\">\n\t<strong>Sa\u00edda da depura\u00e7\u00e3o de an\u00fancios<\/strong>\n\t<br><br>\n\tO an\u00fancio n\u00e3o \u00e9 exibido na p\u00e1gina<br><br>post atual: E-t\u00edtulo n\u00e3o funciona? Veja como justificar a aus\u00eancia nas elei\u00e7\u00f5es, ID: 49967<br><br><span style=\"color: red;\">O post atual n\u00e3o \u00e9 id\u00eantico ao post principal.<\/span><br><br>An\u00fancios: ROXO - TOPO INTERNA - ROTATIVO 2 (197)<br \/>Grupo de an\u00fancios: Princ_Meio01_720x104 (27)<br><br>Condi\u00e7\u00f5es de exibi\u00e7\u00e3o<div style=\"margin-bottom: 20px; white-space: pre-wrap; font-family: monospace; width: 100%; background: #ffe9e9;\"><strong>condi\u00e7\u00f5es gerais<\/strong><table border=\"1\"><thead><tr><th><\/th><th>An\u00fancios<\/th><th>wp_the_query<\/th><\/tr><\/thead><tr><td>is_main_query<\/td><td>1<\/td><td>1<\/td><\/tr><tr><td>is_rest_api<\/td><td>0<\/td><td>1<\/td><\/tr><tr><td>page<\/td><td>0<\/td><td>1<\/td><\/tr><tr><td>numpages<\/td><td>0<\/td><td>1<\/td><\/tr><tr><td>is_archive<\/td><td>1<\/td><td><\/td><\/tr><tr><td>is_search<\/td><td>1<\/td><td><\/td><\/tr><tr><td>is_home<\/td><td>1<\/td><td><\/td><\/tr><tr><td>is_404<\/td><td>1<\/td><td><\/td><\/tr><tr><td>is_attachment<\/td><td>1<\/td><td><\/td><\/tr><tr><td>is_singular<\/td><td>1<\/td><td><\/td><\/tr><tr><td>is_front_page<\/td><td>1<\/td><td><\/td><\/tr><tr><td>is_feed<\/td><td>1<\/td><td><\/td><\/tr><\/table><\/div><br><br><span style=\"color: red;\">Seu site usa HTTPS, mas o c\u00f3digo do an\u00fancio cont\u00e9m HTTP e pode n\u00e3o funcionar.<\/span>\t<br><br>\n\t<a style=\"color: green;\" href=\"https:\/\/wpadvancedads.com\/manual\/ad-debug-mode\/?utm_source=advanced-ads&utm_medium=link&utm_campaign=ad-debug-mode\" target=\"_blank\" rel=\"nofollow\">Encontre solu\u00e7\u00f5es no manual<\/a>\n<\/div>\n<\/li><\/ul><\/div><script>( window.advanced_ads_ready || jQuery( document ).ready ).call( null, function() {var $lavraslider2777170746 = jQuery( \".lavra-slider-2777170746\" );$lavraslider2777170746.on( \"unslider.ready\", function() { jQuery( \"div.custom-slider ul li\" ).css( \"display\", \"block\" ); });$lavraslider2777170746.unslider({ delay:4000, autoplay:true, nav:false, arrows:false, infinite:true });$lavraslider2777170746.on(\"mouseover\", function() {$lavraslider2777170746.unslider(\"stop\");}).on(\"mouseout\", function() {$lavraslider2777170746.unslider(\"start\");});});<\/script><\/div>\n<p>A dica aqui vai para os eleitores que n\u00e3o conseguiram votar nas elei\u00e7\u00f5es municipais deste domingo (15): voc\u00ea ter\u00e1 60 dias para justificar a sua aus\u00eancia na vota\u00e7\u00e3o e n\u00f3s vamos te mostrar como evitar o pagamento de multa de R$ 3,51 por turno perdido e, eventualmente, ter o t\u00edtulo de eleitor cancelado \u2013 isso acontece ap\u00f3s tr\u00eas turnos consecutivos sem justificativa.<\/p>\n\n\n\n<p>O primeiro caminho \u00e9 pelo aplicativo\u00a0<strong><a rel=\"noreferrer noopener\" href=\"https:\/\/play.google.com\/store\/apps\/details?id=br.jus.tse.eleitoral.etitulo&amp;hl=pt_BR&amp;gl=US\" target=\"_blank\">e-T\u00edtulo<\/a><\/strong>, que se mostrou uma inova\u00e7\u00e3o muito positiva pela Justi\u00e7a Eleitoral, mas ficou inst\u00e1vel durante todo o dia de vota\u00e7\u00e3o. Nele, voc\u00ea consegue justificar a sua aus\u00eancia sem sair de casa. Tamb\u00e9m \u00e9 poss\u00edvel fazer um requerimento de justificativa eleitoral no site do Tribunal Superior Eleitoral (TSE)\u00a0<strong><a rel=\"noreferrer noopener\" href=\"https:\/\/justifica.tse.jus.br\/\" target=\"_blank\">clicando aqui<\/a><\/strong>.<\/p>\n\n\n\n<p>A orienta\u00e7\u00e3o da Justi\u00e7a Eleitoral \u00e9 apresentar essas justificativas diretamente nos canais online, mas tamb\u00e9m \u00e9 poss\u00edvel apresentar o seu pedido em qualquer cart\u00f3rio eleitoral do Pa\u00eds.<\/p>\n\n\n\n<div class=\"wp-block-image\"><figure class=\"aligncenter size-large\"><img fetchpriority=\"high\" decoding=\"async\" width=\"970\" height=\"682\" src=\"http:\/\/lavras.tv\/site\/wp-content\/uploads\/2020\/11\/eleicao-ausencia-eleitoral-1024x720-1-970x682.jpg\" alt=\"\" class=\"wp-image-49968\" srcset=\"https:\/\/lavras.tv\/site\/wp-content\/uploads\/2020\/11\/eleicao-ausencia-eleitoral-1024x720-1-970x682.jpg 970w, https:\/\/lavras.tv\/site\/wp-content\/uploads\/2020\/11\/eleicao-ausencia-eleitoral-1024x720-1-427x300.jpg 427w, https:\/\/lavras.tv\/site\/wp-content\/uploads\/2020\/11\/eleicao-ausencia-eleitoral-1024x720-1-170x120.jpg 170w, https:\/\/lavras.tv\/site\/wp-content\/uploads\/2020\/11\/eleicao-ausencia-eleitoral-1024x720-1.jpg 1024w\" sizes=\"(max-width: 970px) 100vw, 970px\" \/><figcaption>Foto: Rovena Rosa\/Ag\u00eancia Brasil<\/figcaption><\/figure><\/div>\n\n\n\n<p>Vale lembrar que a aus\u00eancia em tr\u00eas turnos consecutivos sem justificativa ou pagamento da multa, levar\u00e1 ao cancelamento do seu t\u00edtulo de eleitor. Sem ele voc\u00ea n\u00e3o consegue obter passaporte, fazer matr\u00edcula em institui\u00e7\u00f5es de ensino ou ser nomeado em cargos p\u00fablicos.<\/p>\n\n\n\n<p>Fonte: Isto \u00c9 Dinheiro<\/p>\n","protected":false},"excerpt":{"rendered":"<p>A dica aqui vai para os eleitores que n\u00e3o conseguiram votar nas elei\u00e7\u00f5es municipais deste domingo (15): voc\u00ea ter\u00e1 60 dias para justificar a sua aus\u00eancia na vota\u00e7\u00e3o e n\u00f3s vamos te mostrar como evitar o pagamento de multa de R$ 3,51 por turno perdido e, eventualmente, ter o t\u00edtulo de eleitor cancelado \u2013 isso [&hellip;]<\/p>\n","protected":false},"author":2,"featured_media":49968,"comment_status":"closed","ping_status":"open","sticky":false,"template":"","format":"standard","meta":{"advgb_blocks_editor_width":"","advgb_blocks_columns_visual_guide":"","_exactmetrics_skip_tracking":false,"_exactmetrics_sitenote_active":false,"_exactmetrics_sitenote_note":"","_exactmetrics_sitenote_category":0,"footnotes":""},"categories":[7,2,12],"tags":[],"class_list":["post-49967","post","type-post","status-publish","format-standard","has-post-thumbnail","hentry","category-destaques","category-noticias","category-politica"],"better_featured_image":{"id":49968,"alt_text":"","caption":"S\u00e3o Paulo - Movimenta\u00e7\u00e3o dos eleitores na 250\u00aa Zona Eleitoral da Lapa, na Escola Estadual Doutor Edmundo de Carvalho, durante elei\u00e7\u00f5es municipais.","description":"","media_type":"image","media_details":{"width":1024,"height":720,"file":"2020\/11\/eleicao-ausencia-eleitoral-1024x720-1.jpg","sizes":{"medium":{"file":"eleicao-ausencia-eleitoral-1024x720-1-427x300.jpg","width":427,"height":300,"mime-type":"image\/jpeg","source_url":"https:\/\/lavras.tv\/site\/wp-content\/uploads\/2020\/11\/eleicao-ausencia-eleitoral-1024x720-1-427x300.jpg"},"large":{"file":"eleicao-ausencia-eleitoral-1024x720-1-970x682.jpg","width":970,"height":682,"mime-type":"image\/jpeg","source_url":"https:\/\/lavras.tv\/site\/wp-content\/uploads\/2020\/11\/eleicao-ausencia-eleitoral-1024x720-1-970x682.jpg"},"thumbnail":{"file":"eleicao-ausencia-eleitoral-1024x720-1-170x120.jpg","width":170,"height":120,"mime-type":"image\/jpeg","source_url":"https:\/\/lavras.tv\/site\/wp-content\/uploads\/2020\/11\/eleicao-ausencia-eleitoral-1024x720-1-170x120.jpg"},"alm-thumbnail":{"file":"eleicao-ausencia-eleitoral-1024x720-1-150x150.jpg","width":150,"height":150,"mime-type":"image\/jpeg","source_url":"https:\/\/lavras.tv\/site\/wp-content\/uploads\/2020\/11\/eleicao-ausencia-eleitoral-1024x720-1-150x150.jpg"}},"image_meta":{"aperture":"5,6","credit":"Rovena Rosa\/Ag\u00eancia Brasil","camera":"Canon EOS Rebel T6i","caption":"S\u00e3o Paulo - Movimenta\u00e7\u00e3o dos eleitores na 250\u00aa Zona Eleitoral da Lapa, na Escola Estadual Doutor Edmundo de Carvalho, durante elei\u00e7\u00f5es municipais.","created_timestamp":"1605455771","copyright":"Ag\u00eancia Brasil_EBC","focal_length":"24","iso":"1600","shutter_speed":"0,01","title":"","orientation":"1","keywords":[]}},"post":49967,"source_url":"https:\/\/lavras.tv\/site\/wp-content\/uploads\/2020\/11\/eleicao-ausencia-eleitoral-1024x720-1.jpg"},"author_meta":{"display_name":"Lavras TV","author_link":"https:\/\/lavras.tv\/site\/author\/lavrastv\/"},"featured_img":"https:\/\/lavras.tv\/site\/wp-content\/uploads\/2020\/11\/eleicao-ausencia-eleitoral-1024x720-1-427x300.jpg","coauthors":[],"tax_additional":{"categories":{"linked":["<a href=\"https:\/\/lavras.tv\/site\/category\/destaques\/\" class=\"advgb-post-tax-term\">Destaques<\/a>","<a href=\"https:\/\/lavras.tv\/site\/category\/noticias\/\" class=\"advgb-post-tax-term\">Not\u00edcias<\/a>","<a href=\"https:\/\/lavras.tv\/site\/category\/politica\/\" class=\"advgb-post-tax-term\">Pol\u00edtica<\/a>"],"unlinked":["<span class=\"advgb-post-tax-term\">Destaques<\/span>","<span class=\"advgb-post-tax-term\">Not\u00edcias<\/span>","<span class=\"advgb-post-tax-term\">Pol\u00edtica<\/span>"]}},"comment_count":"0","relative_dates":{"created":"Publicado 5 anos atr\u00e1s","modified":"Atualizado 5 anos atr\u00e1s"},"absolute_dates":{"created":"Publicado em 17 de novembro de 2020","modified":"Atualizado em 17 de novembro de 2020"},"absolute_dates_time":{"created":"Publicado em 17 de novembro de 2020 11:29","modified":"Atualizado em 17 de novembro de 2020 11:29"},"featured_img_caption":"S\u00e3o Paulo - Movimenta\u00e7\u00e3o dos eleitores na 250\u00aa Zona Eleitoral da Lapa, na Escola Estadual Doutor Edmundo de Carvalho, durante elei\u00e7\u00f5es municipais.","series_order":"","_links":{"self":[{"href":"https:\/\/lavras.tv\/site\/wp-json\/wp\/v2\/posts\/49967","targetHints":{"allow":["GET"]}}],"collection":[{"href":"https:\/\/lavras.tv\/site\/wp-json\/wp\/v2\/posts"}],"about":[{"href":"https:\/\/lavras.tv\/site\/wp-json\/wp\/v2\/types\/post"}],"author":[{"embeddable":true,"href":"https:\/\/lavras.tv\/site\/wp-json\/wp\/v2\/users\/2"}],"replies":[{"embeddable":true,"href":"https:\/\/lavras.tv\/site\/wp-json\/wp\/v2\/comments?post=49967"}],"version-history":[{"count":1,"href":"https:\/\/lavras.tv\/site\/wp-json\/wp\/v2\/posts\/49967\/revisions"}],"predecessor-version":[{"id":49969,"href":"https:\/\/lavras.tv\/site\/wp-json\/wp\/v2\/posts\/49967\/revisions\/49969"}],"wp:featuredmedia":[{"embeddable":true,"href":"https:\/\/lavras.tv\/site\/wp-json\/wp\/v2\/media\/49968"}],"wp:attachment":[{"href":"https:\/\/lavras.tv\/site\/wp-json\/wp\/v2\/media?parent=49967"}],"wp:term":[{"taxonomy":"category","embeddable":true,"href":"https:\/\/lavras.tv\/site\/wp-json\/wp\/v2\/categories?post=49967"},{"taxonomy":"post_tag","embeddable":true,"href":"https:\/\/lavras.tv\/site\/wp-json\/wp\/v2\/tags?post=49967"}],"curies":[{"name":"wp","href":"https:\/\/api.w.org\/{rel}","templated":true}]}}