{"id":5010,"date":"2016-12-20T09:07:47","date_gmt":"2016-12-20T11:07:47","guid":{"rendered":"http:\/\/lavras.tv\/site\/?p=5010"},"modified":"2016-12-20T09:07:47","modified_gmt":"2016-12-20T11:07:47","slug":"com-renda-as-vitimas-da-chape-amistoso-brasil-e-colombia-sera-no-engenhao","status":"publish","type":"post","link":"https:\/\/lavras.tv\/site\/2016\/12\/20\/com-renda-as-vitimas-da-chape-amistoso-brasil-e-colombia-sera-no-engenhao\/","title":{"rendered":"Com renda \u00e0s v\u00edtimas da Chape, amistoso Brasil e Col\u00f4mbia ser\u00e1 no Engenh\u00e3o"},"content":{"rendered":"<div class=\"lavra-antes-do-conteudo_2\" id=\"lavra-235858725\"><div id=\"lavra-slider-27\" class=\"custom-slider lavra-slider-3310923111 lavra-slider\"><ul><li><div style=\"margin-left: auto;margin-right: auto;text-align: center;\" id=\"lavra-4002488899\"><a href=\"https:\/\/sistemas.lavras.mg.gov.br\/portalcidadao\/#df1b1a7c7b2a290bcb31e32771e610784662739a88807c0dacac58ede5f391a7530e299dc302d611ee73cb143fc22eaf93592e53e7b5bdb01b00a0b8d28dae460c141dd2ff83412e4dc1c31b16b25f33144a9e5620ea73b13f5bc1c59411d98439ad226e8af03840603796067d87afe130812cf3de24982d0e306f9e61e764e5\" aria-label=\"Lavras-TV&#8211;720x104px (1) (1)\"><img src=\"https:\/\/lavras.tv\/site\/wp-content\/uploads\/2025\/01\/Lavras-TV-720x104px-1-1.png\" alt=\"\"  srcset=\"https:\/\/lavras.tv\/site\/wp-content\/uploads\/2025\/01\/Lavras-TV-720x104px-1-1.png 720w, https:\/\/lavras.tv\/site\/wp-content\/uploads\/2025\/01\/Lavras-TV-720x104px-1-1-470x68.png 470w, https:\/\/lavras.tv\/site\/wp-content\/uploads\/2025\/01\/Lavras-TV-720x104px-1-1-170x25.png 170w, https:\/\/lavras.tv\/site\/wp-content\/uploads\/2025\/01\/Lavras-TV-720x104px-1-1-200x29.png 200w\" sizes=\"(max-width: 720px) 100vw, 720px\" width=\"720\" height=\"104\"  style=\"display: inline-block;\" \/><\/a><\/div><\/li><li><a href=\"https:\/\/sistemas.lavras.mg.gov.br\/portalcidadao\/#df1b1a7c7b2a290bcb31e32771e610784662739a88807c0dacac58ede5f391a7530e299dc302d611ee73cb143fc22eaf93592e53e7b5bdb01b00a0b8d28dae460c141dd2ff83412e4dc1c31b16b25f33144a9e5620ea73b13f5bc1c59411d98439ad226e8af03840603796067d87afe130812cf3de24982d0e306f9e61e764e5\" aria-label=\"Banner_Emprego_PortallavrasTV\"><img src=\"https:\/\/lavras.tv\/site\/wp-content\/uploads\/2025\/03\/Banner_Emprego_PortallavrasTV.png\" alt=\"\"  srcset=\"https:\/\/lavras.tv\/site\/wp-content\/uploads\/2025\/03\/Banner_Emprego_PortallavrasTV.png 720w, https:\/\/lavras.tv\/site\/wp-content\/uploads\/2025\/03\/Banner_Emprego_PortallavrasTV-470x68.png 470w, https:\/\/lavras.tv\/site\/wp-content\/uploads\/2025\/03\/Banner_Emprego_PortallavrasTV-170x25.png 170w, https:\/\/lavras.tv\/site\/wp-content\/uploads\/2025\/03\/Banner_Emprego_PortallavrasTV-200x29.png 200w\" sizes=\"(max-width: 720px) 100vw, 720px\" width=\"720\" height=\"104\"   \/><\/a><\/li><li><a href=\"https:\/\/sistemas.lavras.mg.gov.br\/portalcidadao\/#df1b1a7c7b2a290bcb31e32771e610784662739a88807c0dacac58ede5f391a7530e299dc302d611ee73cb143fc22eaf93592e53e7b5bdb01b00a0b8d28dae460c141dd2ff83412e4dc1c31b16b25f33144a9e5620ea73b13f5bc1c59411d98439ad226e8af03840603796067d87afe130812cf3de24982d0e306f9e61e764e5\" aria-label=\"Banner_Obras_PortallavrasTV\"><img src=\"https:\/\/lavras.tv\/site\/wp-content\/uploads\/2025\/03\/Banner_Obras_PortallavrasTV.png\" alt=\"\"  srcset=\"https:\/\/lavras.tv\/site\/wp-content\/uploads\/2025\/03\/Banner_Obras_PortallavrasTV.png 720w, https:\/\/lavras.tv\/site\/wp-content\/uploads\/2025\/03\/Banner_Obras_PortallavrasTV-470x68.png 470w, https:\/\/lavras.tv\/site\/wp-content\/uploads\/2025\/03\/Banner_Obras_PortallavrasTV-170x25.png 170w, https:\/\/lavras.tv\/site\/wp-content\/uploads\/2025\/03\/Banner_Obras_PortallavrasTV-200x29.png 200w\" sizes=\"(max-width: 720px) 100vw, 720px\" width=\"720\" height=\"104\"   \/><\/a><\/li><li><div style=\"margin-left: auto;margin-right: auto;text-align: center;\" id=\"lavra-908475052\"><a href=\"https:\/\/sistemas.lavras.mg.gov.br\/portalcidadao\/#df1b1a7c7b2a290bcb31e32771e610784662739a88807c0dacac58ede5f391a7530e299dc302d611ee73cb143fc22eaf93592e53e7b5bdb01b00a0b8d28dae460c141dd2ff83412e4dc1c31b16b25f33144a9e5620ea73b13f5bc1c59411d98439ad226e8af03840603796067d87afe130812cf3de24982d0e306f9e61e764e5\" aria-label=\"Banner_Educa\u00e7\u00e3o_PortallavrasTV\"><img src=\"https:\/\/lavras.tv\/site\/wp-content\/uploads\/2025\/01\/Banner_Educacao_PortallavrasTV.png\" alt=\"\"  srcset=\"https:\/\/lavras.tv\/site\/wp-content\/uploads\/2025\/01\/Banner_Educacao_PortallavrasTV.png 720w, https:\/\/lavras.tv\/site\/wp-content\/uploads\/2025\/01\/Banner_Educacao_PortallavrasTV-470x68.png 470w, https:\/\/lavras.tv\/site\/wp-content\/uploads\/2025\/01\/Banner_Educacao_PortallavrasTV-170x25.png 170w, https:\/\/lavras.tv\/site\/wp-content\/uploads\/2025\/01\/Banner_Educacao_PortallavrasTV-200x29.png 200w\" sizes=\"(max-width: 720px) 100vw, 720px\" width=\"720\" height=\"104\"  style=\"display: inline-block;\" \/><\/a><\/div><\/li><li><a href=\"https:\/\/sistemas.lavras.mg.gov.br\/portalcidadao\/#df1b1a7c7b2a290bcb31e32771e610784662739a88807c0dacac58ede5f391a7530e299dc302d611ee73cb143fc22eaf93592e53e7b5bdb01b00a0b8d28dae460c141dd2ff83412e4dc1c31b16b25f33144a9e5620ea73b13f5bc1c59411d98439ad226e8af03840603796067d87afe130812cf3de24982d0e306f9e61e764e5\" aria-label=\"Banner_Sa\u00fade_PortallavrasTV\"><img src=\"https:\/\/lavras.tv\/site\/wp-content\/uploads\/2025\/03\/Banner_Saude_PortallavrasTV.png\" alt=\"\"  srcset=\"https:\/\/lavras.tv\/site\/wp-content\/uploads\/2025\/03\/Banner_Saude_PortallavrasTV.png 720w, https:\/\/lavras.tv\/site\/wp-content\/uploads\/2025\/03\/Banner_Saude_PortallavrasTV-470x68.png 470w, https:\/\/lavras.tv\/site\/wp-content\/uploads\/2025\/03\/Banner_Saude_PortallavrasTV-170x25.png 170w, https:\/\/lavras.tv\/site\/wp-content\/uploads\/2025\/03\/Banner_Saude_PortallavrasTV-200x29.png 200w\" sizes=\"(max-width: 720px) 100vw, 720px\" width=\"720\" height=\"104\"   \/><\/a><\/li><li><div id=\"lavra-1737514840\" style=\"width:720px;height:104px;background-color:#ddd;overflow:scroll;\">\n\t<strong>Sa\u00edda da depura\u00e7\u00e3o de an\u00fancios<\/strong>\n\t<br><br>\n\tO an\u00fancio n\u00e3o \u00e9 exibido na p\u00e1gina<br><br>post atual: Com renda \u00e0s v\u00edtimas da Chape, amistoso Brasil e Col\u00f4mbia ser\u00e1 no Engenh\u00e3o, ID: 5010<br><br><span style=\"color: red;\">O post atual n\u00e3o \u00e9 id\u00eantico ao post principal.<\/span><br><br>An\u00fancios: ROXO - TOPO INTERNA - ROTATIVO 2 (197)<br \/>Grupo de an\u00fancios: Princ_Meio01_720x104 (27)<br><br>Condi\u00e7\u00f5es de exibi\u00e7\u00e3o<div style=\"margin-bottom: 20px; white-space: pre-wrap; font-family: monospace; width: 100%; background: #ffe9e9;\"><strong>condi\u00e7\u00f5es gerais<\/strong><table border=\"1\"><thead><tr><th><\/th><th>An\u00fancios<\/th><th>wp_the_query<\/th><\/tr><\/thead><tr><td>is_main_query<\/td><td>1<\/td><td>1<\/td><\/tr><tr><td>is_rest_api<\/td><td>0<\/td><td>1<\/td><\/tr><tr><td>page<\/td><td>0<\/td><td>1<\/td><\/tr><tr><td>numpages<\/td><td>0<\/td><td>1<\/td><\/tr><tr><td>is_archive<\/td><td>1<\/td><td><\/td><\/tr><tr><td>is_search<\/td><td>1<\/td><td><\/td><\/tr><tr><td>is_home<\/td><td>1<\/td><td><\/td><\/tr><tr><td>is_404<\/td><td>1<\/td><td><\/td><\/tr><tr><td>is_attachment<\/td><td>1<\/td><td><\/td><\/tr><tr><td>is_singular<\/td><td>1<\/td><td><\/td><\/tr><tr><td>is_front_page<\/td><td>1<\/td><td><\/td><\/tr><tr><td>is_feed<\/td><td>1<\/td><td><\/td><\/tr><\/table><\/div><br><br><span style=\"color: red;\">Seu site usa HTTPS, mas o c\u00f3digo do an\u00fancio cont\u00e9m HTTP e pode n\u00e3o funcionar.<\/span>\t<br><br>\n\t<a style=\"color: green;\" href=\"https:\/\/wpadvancedads.com\/manual\/ad-debug-mode\/?utm_source=advanced-ads&utm_medium=link&utm_campaign=ad-debug-mode\" target=\"_blank\" rel=\"nofollow\">Encontre solu\u00e7\u00f5es no manual<\/a>\n<\/div>\n<\/li><\/ul><\/div><script>( window.advanced_ads_ready || jQuery( document ).ready ).call( null, function() {var $lavraslider3310923111 = jQuery( \".lavra-slider-3310923111\" );$lavraslider3310923111.on( \"unslider.ready\", function() { jQuery( \"div.custom-slider ul li\" ).css( \"display\", \"block\" ); });$lavraslider3310923111.unslider({ delay:4000, autoplay:true, nav:false, arrows:false, infinite:true });$lavraslider3310923111.on(\"mouseover\", function() {$lavraslider3310923111.unslider(\"stop\");}).on(\"mouseout\", function() {$lavraslider3310923111.unslider(\"start\");});});<\/script><\/div><p>A CBF revelou nesta segunda-feira que o amistoso entre Brasil e Col\u00f4mbia, marcado para o dia 25 de janeiro, acontecer\u00e1 no Est\u00e1dio Engenh\u00e3o. O duelo havia sido confirmado no in\u00edcio do m\u00eas e acontecer\u00e1 em prol das v\u00edtimas do acidente a\u00e9reo da Chapecoense, uma vez que a renda da partida ser\u00e1 destinada para suas fam\u00edlias.<\/p>\n<p><img fetchpriority=\"high\" decoding=\"async\" class=\"size-full wp-image-5011 aligncenter\" src=\"http:\/\/lavras.tv\/site\/wp-content\/uploads\/2016\/12\/torcida.jpg\" alt=\"torcida\" width=\"712\" height=\"408\" srcset=\"https:\/\/lavras.tv\/site\/wp-content\/uploads\/2016\/12\/torcida.jpg 712w, https:\/\/lavras.tv\/site\/wp-content\/uploads\/2016\/12\/torcida-150x86.jpg 150w, https:\/\/lavras.tv\/site\/wp-content\/uploads\/2016\/12\/torcida-300x172.jpg 300w\" sizes=\"(max-width: 712px) 100vw, 712px\" \/><\/p>\n<p>&#8220;Devido \u00e0 proximidade do jogo e ap\u00f3s vistoria t\u00e9cnica nos est\u00e1dios, chegamos \u00e0 conclus\u00e3o que o Est\u00e1dio Nilton Santos oferece melhores condi\u00e7\u00f5es e exigir\u00e1 uma estrutura de opera\u00e7\u00e3o menor e mais eficiente&#8221;, explicou o diretor de competi\u00e7\u00f5es da CBF, Manoel Flores.<\/p>\n<p>Atrav\u00e9s de seu site oficial, a CBF tamb\u00e9m anunciou que a venda de ingressos come\u00e7ar\u00e1 no pr\u00f3ximo dia 9. Outra novidade \u00e9 que a sele\u00e7\u00e3o brasileira contar\u00e1 somente com jogadores que atuam no Brasil. Como o amistoso acontecer\u00e1 fora de uma data Fifa, a entidade achou melhor n\u00e3o tentar a libera\u00e7\u00e3o dos atletas que defendem clubes do exterior.<\/p>\n<p>&#8220;Por n\u00e3o se tratar de uma data Fifa, vamos trabalhar com jogadores de times brasileiros, at\u00e9 para n\u00e3o constranger um clube ou jogador que tenha de negar a convoca\u00e7\u00e3o por conta de campeonatos em andamento. \u00c9 uma partida organizada por um motivo muito espec\u00edfico, e espero que possamos ajudar essas fam\u00edlias que tiveram um perda t\u00e3o grande&#8221;, comentou o coordenador de sele\u00e7\u00f5es, Edu Gaspar.<\/p>\n<p>Apesar das circunst\u00e2ncias, o t\u00e9cnico Tite exaltou a possibilidade de testar novas op\u00e7\u00f5es na partida. &#8220;Claro que \u00e9 uma partida com um car\u00e1ter especial, mas vamos aproveitar para observar mais de perto alguns jogadores que n\u00e3o tiveram oportunidade em outras convoca\u00e7\u00f5es. Ser\u00e1 um bom laborat\u00f3rio para tirarmos algumas d\u00favidas.&#8221;<\/p>\n<p>O confronto do dia 25 foi marcado para estreitar ainda mais os la\u00e7os entre Brasil e Col\u00f4mbia, t\u00e3o fortalecidos ap\u00f3s as homenagens dos colombianos \u00e0 Chapecoense. No dia 29 de novembro, o avi\u00e3o que levava para Medell\u00edn os jogadores do clube catarinense, al\u00e9m de profissionais de imprensa, caiu e matou 71 pessoas. Ser\u00e3o as fam\u00edlias destas v\u00edtimas que receber\u00e3o a renda do amistoso de janeiro.<\/p>\n<p>Fonte: Itatiaia<\/p>\n","protected":false},"excerpt":{"rendered":"<p>A CBF revelou nesta segunda-feira que o amistoso entre Brasil e Col\u00f4mbia, marcado para o dia 25 de janeiro, acontecer\u00e1 no Est\u00e1dio Engenh\u00e3o. O duelo havia sido confirmado no in\u00edcio do m\u00eas e acontecer\u00e1 em prol das v\u00edtimas do acidente a\u00e9reo da Chapecoense, uma vez que a renda da partida ser\u00e1 destinada para suas fam\u00edlias. [&hellip;]<\/p>\n","protected":false},"author":2,"featured_media":5011,"comment_status":"closed","ping_status":"open","sticky":false,"template":"","format":"standard","meta":{"advgb_blocks_editor_width":"","advgb_blocks_columns_visual_guide":"","_exactmetrics_skip_tracking":false,"_exactmetrics_sitenote_active":false,"_exactmetrics_sitenote_note":"","_exactmetrics_sitenote_category":0,"footnotes":""},"categories":[3],"tags":[1928,1686,1685,1929],"class_list":["post-5010","post","type-post","status-publish","format-standard","has-post-thumbnail","hentry","category-esportes","tag-amistoso","tag-chape","tag-chapeconense","tag-selecao-brasileira"],"better_featured_image":{"id":5011,"alt_text":"","caption":"","description":"","media_type":"image","media_details":{"width":712,"height":408,"file":"2016\/12\/torcida.jpg","sizes":{"thumbnail":{"file":"torcida-150x86.jpg","width":150,"height":86,"mime-type":"image\/jpeg","source_url":"https:\/\/lavras.tv\/site\/wp-content\/uploads\/2016\/12\/torcida-150x86.jpg"},"medium":{"file":"torcida-300x172.jpg","width":300,"height":172,"mime-type":"image\/jpeg","source_url":"https:\/\/lavras.tv\/site\/wp-content\/uploads\/2016\/12\/torcida-300x172.jpg"},"featured-slider-img":{"file":"torcida-640x408.jpg","width":640,"height":408,"mime-type":"image\/jpeg","source_url":"https:\/\/lavras.tv\/site\/wp-content\/uploads\/2016\/12\/torcida-640x408.jpg"},"featured-post-img":{"file":"torcida-480x320.jpg","width":480,"height":320,"mime-type":"image\/jpeg","source_url":"https:\/\/lavras.tv\/site\/wp-content\/uploads\/2016\/12\/torcida-480x320.jpg"},"sow-carousel-default":{"file":"torcida-272x182.jpg","width":272,"height":182,"mime-type":"image\/jpeg","source_url":"https:\/\/lavras.tv\/site\/wp-content\/uploads\/2016\/12\/torcida-272x182.jpg"}},"image_meta":{"aperture":"0","credit":"","camera":"","caption":"","created_timestamp":"0","copyright":"","focal_length":"0","iso":"0","shutter_speed":"0","title":"","orientation":"0","keywords":[]}},"post":5010,"source_url":"https:\/\/lavras.tv\/site\/wp-content\/uploads\/2016\/12\/torcida.jpg"},"author_meta":{"display_name":"Lavras TV","author_link":"https:\/\/lavras.tv\/site\/author\/lavrastv\/"},"featured_img":"https:\/\/lavras.tv\/site\/wp-content\/uploads\/2016\/12\/torcida-300x172.jpg","coauthors":[],"tax_additional":{"categories":{"linked":["<a href=\"https:\/\/lavras.tv\/site\/category\/esportes\/\" class=\"advgb-post-tax-term\">Esportes<\/a>"],"unlinked":["<span class=\"advgb-post-tax-term\">Esportes<\/span>"]},"tags":{"linked":["<a href=\"https:\/\/lavras.tv\/site\/category\/esportes\/\" class=\"advgb-post-tax-term\">amistoso<\/a>","<a href=\"https:\/\/lavras.tv\/site\/category\/esportes\/\" class=\"advgb-post-tax-term\">chape<\/a>","<a href=\"https:\/\/lavras.tv\/site\/category\/esportes\/\" class=\"advgb-post-tax-term\">chapeconense<\/a>","<a href=\"https:\/\/lavras.tv\/site\/category\/esportes\/\" class=\"advgb-post-tax-term\">sele\u00e7\u00e3o brasileira<\/a>"],"unlinked":["<span class=\"advgb-post-tax-term\">amistoso<\/span>","<span class=\"advgb-post-tax-term\">chape<\/span>","<span class=\"advgb-post-tax-term\">chapeconense<\/span>","<span class=\"advgb-post-tax-term\">sele\u00e7\u00e3o brasileira<\/span>"]}},"comment_count":"0","relative_dates":{"created":"Publicado 9 anos atr\u00e1s","modified":"Atualizado 9 anos atr\u00e1s"},"absolute_dates":{"created":"Publicado em 20 de dezembro de 2016","modified":"Atualizado em 20 de dezembro de 2016"},"absolute_dates_time":{"created":"Publicado em 20 de dezembro de 2016 09:07","modified":"Atualizado em 20 de dezembro de 2016 09:07"},"featured_img_caption":"","series_order":"","_links":{"self":[{"href":"https:\/\/lavras.tv\/site\/wp-json\/wp\/v2\/posts\/5010","targetHints":{"allow":["GET"]}}],"collection":[{"href":"https:\/\/lavras.tv\/site\/wp-json\/wp\/v2\/posts"}],"about":[{"href":"https:\/\/lavras.tv\/site\/wp-json\/wp\/v2\/types\/post"}],"author":[{"embeddable":true,"href":"https:\/\/lavras.tv\/site\/wp-json\/wp\/v2\/users\/2"}],"replies":[{"embeddable":true,"href":"https:\/\/lavras.tv\/site\/wp-json\/wp\/v2\/comments?post=5010"}],"version-history":[{"count":1,"href":"https:\/\/lavras.tv\/site\/wp-json\/wp\/v2\/posts\/5010\/revisions"}],"predecessor-version":[{"id":5012,"href":"https:\/\/lavras.tv\/site\/wp-json\/wp\/v2\/posts\/5010\/revisions\/5012"}],"wp:featuredmedia":[{"embeddable":true,"href":"https:\/\/lavras.tv\/site\/wp-json\/wp\/v2\/media\/5011"}],"wp:attachment":[{"href":"https:\/\/lavras.tv\/site\/wp-json\/wp\/v2\/media?parent=5010"}],"wp:term":[{"taxonomy":"category","embeddable":true,"href":"https:\/\/lavras.tv\/site\/wp-json\/wp\/v2\/categories?post=5010"},{"taxonomy":"post_tag","embeddable":true,"href":"https:\/\/lavras.tv\/site\/wp-json\/wp\/v2\/tags?post=5010"}],"curies":[{"name":"wp","href":"https:\/\/api.w.org\/{rel}","templated":true}]}}