{"id":5017,"date":"2016-12-20T09:15:12","date_gmt":"2016-12-20T11:15:12","guid":{"rendered":"http:\/\/lavras.tv\/site\/?p=5017"},"modified":"2016-12-20T09:15:12","modified_gmt":"2016-12-20T11:15:12","slug":"odebrecht-delata-caixa-2-para-a-chapa-dilma-temer-na-campanha-presidencial-de-2014","status":"publish","type":"post","link":"https:\/\/lavras.tv\/site\/2016\/12\/20\/odebrecht-delata-caixa-2-para-a-chapa-dilma-temer-na-campanha-presidencial-de-2014\/","title":{"rendered":"Odebrecht delata caixa 2 para a chapa Dilma-Temer na campanha presidencial de 2014"},"content":{"rendered":"<div class=\"lavra-antes-do-conteudo_2\" id=\"lavra-2955934335\"><div id=\"lavra-slider-27\" class=\"custom-slider lavra-slider-3338371464 lavra-slider\"><ul><li><div style=\"margin-left: auto;margin-right: auto;text-align: center;\" id=\"lavra-3439234674\"><a href=\"https:\/\/sistemas.lavras.mg.gov.br\/portalcidadao\/#df1b1a7c7b2a290bcb31e32771e610784662739a88807c0dacac58ede5f391a7530e299dc302d611ee73cb143fc22eaf93592e53e7b5bdb01b00a0b8d28dae460c141dd2ff83412e4dc1c31b16b25f33144a9e5620ea73b13f5bc1c59411d98439ad226e8af03840603796067d87afe130812cf3de24982d0e306f9e61e764e5\" aria-label=\"Lavras-TV&#8211;720x104px (1) (1)\"><img src=\"https:\/\/lavras.tv\/site\/wp-content\/uploads\/2025\/01\/Lavras-TV-720x104px-1-1.png\" alt=\"\"  srcset=\"https:\/\/lavras.tv\/site\/wp-content\/uploads\/2025\/01\/Lavras-TV-720x104px-1-1.png 720w, https:\/\/lavras.tv\/site\/wp-content\/uploads\/2025\/01\/Lavras-TV-720x104px-1-1-470x68.png 470w, https:\/\/lavras.tv\/site\/wp-content\/uploads\/2025\/01\/Lavras-TV-720x104px-1-1-170x25.png 170w, https:\/\/lavras.tv\/site\/wp-content\/uploads\/2025\/01\/Lavras-TV-720x104px-1-1-200x29.png 200w\" sizes=\"(max-width: 720px) 100vw, 720px\" width=\"720\" height=\"104\"  style=\"display: inline-block;\" \/><\/a><\/div><\/li><li><a href=\"https:\/\/sistemas.lavras.mg.gov.br\/portalcidadao\/#df1b1a7c7b2a290bcb31e32771e610784662739a88807c0dacac58ede5f391a7530e299dc302d611ee73cb143fc22eaf93592e53e7b5bdb01b00a0b8d28dae460c141dd2ff83412e4dc1c31b16b25f33144a9e5620ea73b13f5bc1c59411d98439ad226e8af03840603796067d87afe130812cf3de24982d0e306f9e61e764e5\" aria-label=\"Banner_Emprego_PortallavrasTV\"><img src=\"https:\/\/lavras.tv\/site\/wp-content\/uploads\/2025\/03\/Banner_Emprego_PortallavrasTV.png\" alt=\"\"  srcset=\"https:\/\/lavras.tv\/site\/wp-content\/uploads\/2025\/03\/Banner_Emprego_PortallavrasTV.png 720w, https:\/\/lavras.tv\/site\/wp-content\/uploads\/2025\/03\/Banner_Emprego_PortallavrasTV-470x68.png 470w, https:\/\/lavras.tv\/site\/wp-content\/uploads\/2025\/03\/Banner_Emprego_PortallavrasTV-170x25.png 170w, https:\/\/lavras.tv\/site\/wp-content\/uploads\/2025\/03\/Banner_Emprego_PortallavrasTV-200x29.png 200w\" sizes=\"(max-width: 720px) 100vw, 720px\" width=\"720\" height=\"104\"   \/><\/a><\/li><li><a href=\"https:\/\/sistemas.lavras.mg.gov.br\/portalcidadao\/#df1b1a7c7b2a290bcb31e32771e610784662739a88807c0dacac58ede5f391a7530e299dc302d611ee73cb143fc22eaf93592e53e7b5bdb01b00a0b8d28dae460c141dd2ff83412e4dc1c31b16b25f33144a9e5620ea73b13f5bc1c59411d98439ad226e8af03840603796067d87afe130812cf3de24982d0e306f9e61e764e5\" aria-label=\"Banner_Obras_PortallavrasTV\"><img src=\"https:\/\/lavras.tv\/site\/wp-content\/uploads\/2025\/03\/Banner_Obras_PortallavrasTV.png\" alt=\"\"  srcset=\"https:\/\/lavras.tv\/site\/wp-content\/uploads\/2025\/03\/Banner_Obras_PortallavrasTV.png 720w, https:\/\/lavras.tv\/site\/wp-content\/uploads\/2025\/03\/Banner_Obras_PortallavrasTV-470x68.png 470w, https:\/\/lavras.tv\/site\/wp-content\/uploads\/2025\/03\/Banner_Obras_PortallavrasTV-170x25.png 170w, https:\/\/lavras.tv\/site\/wp-content\/uploads\/2025\/03\/Banner_Obras_PortallavrasTV-200x29.png 200w\" sizes=\"(max-width: 720px) 100vw, 720px\" width=\"720\" height=\"104\"   \/><\/a><\/li><li><div style=\"margin-left: auto;margin-right: auto;text-align: center;\" id=\"lavra-2863220341\"><a href=\"https:\/\/sistemas.lavras.mg.gov.br\/portalcidadao\/#df1b1a7c7b2a290bcb31e32771e610784662739a88807c0dacac58ede5f391a7530e299dc302d611ee73cb143fc22eaf93592e53e7b5bdb01b00a0b8d28dae460c141dd2ff83412e4dc1c31b16b25f33144a9e5620ea73b13f5bc1c59411d98439ad226e8af03840603796067d87afe130812cf3de24982d0e306f9e61e764e5\" aria-label=\"Banner_Educa\u00e7\u00e3o_PortallavrasTV\"><img src=\"https:\/\/lavras.tv\/site\/wp-content\/uploads\/2025\/01\/Banner_Educacao_PortallavrasTV.png\" alt=\"\"  srcset=\"https:\/\/lavras.tv\/site\/wp-content\/uploads\/2025\/01\/Banner_Educacao_PortallavrasTV.png 720w, https:\/\/lavras.tv\/site\/wp-content\/uploads\/2025\/01\/Banner_Educacao_PortallavrasTV-470x68.png 470w, https:\/\/lavras.tv\/site\/wp-content\/uploads\/2025\/01\/Banner_Educacao_PortallavrasTV-170x25.png 170w, https:\/\/lavras.tv\/site\/wp-content\/uploads\/2025\/01\/Banner_Educacao_PortallavrasTV-200x29.png 200w\" sizes=\"(max-width: 720px) 100vw, 720px\" width=\"720\" height=\"104\"  style=\"display: inline-block;\" \/><\/a><\/div><\/li><li><a href=\"https:\/\/sistemas.lavras.mg.gov.br\/portalcidadao\/#df1b1a7c7b2a290bcb31e32771e610784662739a88807c0dacac58ede5f391a7530e299dc302d611ee73cb143fc22eaf93592e53e7b5bdb01b00a0b8d28dae460c141dd2ff83412e4dc1c31b16b25f33144a9e5620ea73b13f5bc1c59411d98439ad226e8af03840603796067d87afe130812cf3de24982d0e306f9e61e764e5\" aria-label=\"Banner_Sa\u00fade_PortallavrasTV\"><img src=\"https:\/\/lavras.tv\/site\/wp-content\/uploads\/2025\/03\/Banner_Saude_PortallavrasTV.png\" alt=\"\"  srcset=\"https:\/\/lavras.tv\/site\/wp-content\/uploads\/2025\/03\/Banner_Saude_PortallavrasTV.png 720w, https:\/\/lavras.tv\/site\/wp-content\/uploads\/2025\/03\/Banner_Saude_PortallavrasTV-470x68.png 470w, https:\/\/lavras.tv\/site\/wp-content\/uploads\/2025\/03\/Banner_Saude_PortallavrasTV-170x25.png 170w, https:\/\/lavras.tv\/site\/wp-content\/uploads\/2025\/03\/Banner_Saude_PortallavrasTV-200x29.png 200w\" sizes=\"(max-width: 720px) 100vw, 720px\" width=\"720\" height=\"104\"   \/><\/a><\/li><li><div id=\"lavra-3504112189\" style=\"width:720px;height:104px;background-color:#ddd;overflow:scroll;\">\n\t<strong>Sa\u00edda da depura\u00e7\u00e3o de an\u00fancios<\/strong>\n\t<br><br>\n\tO an\u00fancio n\u00e3o \u00e9 exibido na p\u00e1gina<br><br>post atual: Odebrecht delata caixa 2 para a chapa Dilma-Temer na campanha presidencial de 2014, ID: 5017<br><br><span style=\"color: red;\">O post atual n\u00e3o \u00e9 id\u00eantico ao post principal.<\/span><br><br>An\u00fancios: ROXO - TOPO INTERNA - ROTATIVO 2 (197)<br \/>Grupo de an\u00fancios: Princ_Meio01_720x104 (27)<br><br>Condi\u00e7\u00f5es de exibi\u00e7\u00e3o<div style=\"margin-bottom: 20px; white-space: pre-wrap; font-family: monospace; width: 100%; background: #ffe9e9;\"><strong>condi\u00e7\u00f5es gerais<\/strong><table border=\"1\"><thead><tr><th><\/th><th>An\u00fancios<\/th><th>wp_the_query<\/th><\/tr><\/thead><tr><td>is_main_query<\/td><td>1<\/td><td>1<\/td><\/tr><tr><td>is_rest_api<\/td><td>0<\/td><td>1<\/td><\/tr><tr><td>page<\/td><td>0<\/td><td>1<\/td><\/tr><tr><td>numpages<\/td><td>0<\/td><td>1<\/td><\/tr><tr><td>is_archive<\/td><td>1<\/td><td><\/td><\/tr><tr><td>is_search<\/td><td>1<\/td><td><\/td><\/tr><tr><td>is_home<\/td><td>1<\/td><td><\/td><\/tr><tr><td>is_404<\/td><td>1<\/td><td><\/td><\/tr><tr><td>is_attachment<\/td><td>1<\/td><td><\/td><\/tr><tr><td>is_singular<\/td><td>1<\/td><td><\/td><\/tr><tr><td>is_front_page<\/td><td>1<\/td><td><\/td><\/tr><tr><td>is_feed<\/td><td>1<\/td><td><\/td><\/tr><\/table><\/div><br><br><span style=\"color: red;\">Seu site usa HTTPS, mas o c\u00f3digo do an\u00fancio cont\u00e9m HTTP e pode n\u00e3o funcionar.<\/span>\t<br><br>\n\t<a style=\"color: green;\" href=\"https:\/\/wpadvancedads.com\/manual\/ad-debug-mode\/?utm_source=advanced-ads&utm_medium=link&utm_campaign=ad-debug-mode\" target=\"_blank\" rel=\"nofollow\">Encontre solu\u00e7\u00f5es no manual<\/a>\n<\/div>\n<\/li><\/ul><\/div><script>( window.advanced_ads_ready || jQuery( document ).ready ).call( null, function() {var $lavraslider3338371464 = jQuery( \".lavra-slider-3338371464\" );$lavraslider3338371464.on( \"unslider.ready\", function() { jQuery( \"div.custom-slider ul li\" ).css( \"display\", \"block\" ); });$lavraslider3338371464.unslider({ delay:4000, autoplay:true, nav:false, arrows:false, infinite:true });$lavraslider3338371464.on(\"mouseover\", function() {$lavraslider3338371464.unslider(\"stop\");}).on(\"mouseout\", function() {$lavraslider3338371464.unslider(\"start\");});});<\/script><\/div><p>A chapa da presidente cassada Dilma Rousseff e do presidente Michel Temer recebeu dinheiro de caixa 2 da Odebrecht na campanha de 2014, segundo dela\u00e7\u00e3o da empreiteira \u00e0 for\u00e7a-tarefa da Lava Jato. Os relatos, j\u00e1 documentados por escrito e gravados em v\u00eddeo, foram feitos na semana passada durante os depoimentos de executivos ao Minist\u00e9rio P\u00fablico Federal.<\/p>\n<p><img fetchpriority=\"high\" decoding=\"async\" class=\"size-full wp-image-5018 aligncenter\" src=\"http:\/\/lavras.tv\/site\/wp-content\/uploads\/2016\/12\/dilma.png\" alt=\"dilma\" width=\"390\" height=\"300\" srcset=\"https:\/\/lavras.tv\/site\/wp-content\/uploads\/2016\/12\/dilma.png 390w, https:\/\/lavras.tv\/site\/wp-content\/uploads\/2016\/12\/dilma-150x115.png 150w, https:\/\/lavras.tv\/site\/wp-content\/uploads\/2016\/12\/dilma-300x231.png 300w\" sizes=\"(max-width: 390px) 100vw, 390px\" \/><\/p>\n<p>Em pelo menos um depoimento, a Odebrecht descreve uma doa\u00e7\u00e3o ilegal de cerca de R$ 30 milh\u00f5es paga no Brasil\u00a0\u2013\u00a0para a coliga\u00e7\u00e3o &#8220;Com a For\u00e7a do Povo&#8221;, que reelegeu Dilma e Temer em outubro de 2014. O valor representa cerca de 10% do total arrecadado oficialmente pela campanha.<\/p>\n<p><strong>Justi\u00e7a eleitoral<\/strong><\/p>\n<p>O relato da Odebrecht deve ter repercuss\u00e3o no Tribunal Superior Eleitoral (TSE), que apura abuso de poder pol\u00edtico e econ\u00f4mico na campanha. A fase de instru\u00e7\u00e3o na Corte ainda n\u00e3o foi conclu\u00edda, o que permite que uma das partes ou o Minist\u00e9rio P\u00fablico pe\u00e7am o compartilhamento do material da Lava Jato ao ministro do Supremo Tribunal Federal (STF), Teori Zavascki, ap\u00f3s a homologa\u00e7\u00e3o das dela\u00e7\u00f5es.<\/p>\n<p>Ao TSE, at\u00e9 agora, nenhum das 37 pessoas que prestaram depoimento na a\u00e7\u00e3o que investiga a chapa relatou pagamento de caixa 2 diretamente para a campanha Dilma-Temer. Por essa raz\u00e3o, a import\u00e2ncia dos depoimentos da Odebrecht. Uma poss\u00edvel explica\u00e7\u00e3o \u00e9 que, na disputa presidencial de 2014, v\u00e1rias empreiteiras j\u00e1 tinham sido alvo da Lava Jato. A 7\u00aa fase, deflagrada em novembro daquele ano, prendeu 17 executivos. N\u00e3o era o caso da Odebrecht. Marcelo, ent\u00e3o presidente do grupo, s\u00f3 foi preso em junho de 2015.<\/p>\n<p>Neste per\u00edodo, a Odebrecht ainda desafiava os investigadores, primeira explica\u00e7\u00e3o encontrada na Lava Jato para o fato de a empresa supostamente ter recorrido ao caixa 2 em meio \u00e0s investiga\u00e7\u00f5es. A segunda \u00e9 a de que o dinheiro para a chapa Dilma-Temer seria uma forma de tentar se blindar das investiga\u00e7\u00f5es, comprando ainda mais apoio pol\u00edtico. &#8220;Era a \u00fanica empreiteira que \u2018estava em condi\u00e7\u00f5es\u2019 de fazer contribui\u00e7\u00f5es il\u00edcitas&#8221;, afirma um dos envolvidos.<\/p>\n<p><strong>Mais um caso<\/strong><\/p>\n<p>Outra dela\u00e7\u00e3o premiada em negocia\u00e7\u00e3o tamb\u00e9m deve citar caixa 2 para a chapa Dilma-Temer. O casal de marqueteiros Jo\u00e3o Santana e M\u00f4nica Moura j\u00e1 sinalizou que vai relatar pagamento de recursos n\u00e3o contabilizados em 2014, envolvendo a Odebrecht. Um documento da Pol\u00edcia Federal, revelado pela revista \u00c9poca, em mar\u00e7o, mostrou que Santana recebeu R$ 21,5 milh\u00f5es da Odebrecht ap\u00f3s o pleito de 2014, no Brasil.<\/p>\n<p>A reportagem apurou que a proposta de dela\u00e7\u00e3o da publicit\u00e1ria, que cuidava ao lado do marido das campanhas do PT, ainda estaria em negocia\u00e7\u00e3o.<\/p>\n<p><strong>Defesas<\/strong><\/p>\n<p>O advogado Gustavo Guedes, que defende Temer no processo do TSE, disse que &#8220;desconhece absolutamente o assunto&#8221; e s\u00f3 vai se manifestar quando as dela\u00e7\u00f5es forem homologadas. &#8220;\u00c9 dif\u00edcil comentar dela\u00e7\u00e3o em tese&#8221;, afirmou.<\/p>\n<p>Sobre depoimentos de delatores da Odebrecht serem compartilhados no processo que tramita no TSE, ele afirma que tem d\u00favidas sobre a possibilidade jur\u00eddica de isso ocorrer, uma vez que seria agregar novos fatos ao inqu\u00e9rito.<\/p>\n<p>Defensor da presidente cassada Dilma Rousseff no caso, Fl\u00e1vio Caetano disse que quem responde pelas doa\u00e7\u00f5es para a campanha de 2014 \u00e9 o ex-tesoureiro Edinho Silva. A reportagem tentou contato com Edinho, mas ele n\u00e3o ligou de volta. Em depoimento ao TSE, em novembro, ele disse que a Odebrecht foi a \u00fanica empreiteira que repassou dinheiro via diret\u00f3rio do PT. As demais n\u00e3o utilizaram a triangula\u00e7\u00e3o e depositaram diretamente na conta da chapa.<\/p>\n<p>A Odebrecht diz, em nota, que n\u00e3o comenta as dela\u00e7\u00f5es, mas reafirma seu compromisso de colaborar com a Justi\u00e7a.<\/p>\n<p>Fonte: Itatiaia<\/p>\n","protected":false},"excerpt":{"rendered":"<p>A chapa da presidente cassada Dilma Rousseff e do presidente Michel Temer recebeu dinheiro de caixa 2 da Odebrecht na campanha de 2014, segundo dela\u00e7\u00e3o da empreiteira \u00e0 for\u00e7a-tarefa da Lava Jato. Os relatos, j\u00e1 documentados por escrito e gravados em v\u00eddeo, foram feitos na semana passada durante os depoimentos de executivos ao Minist\u00e9rio P\u00fablico [&hellip;]<\/p>\n","protected":false},"author":2,"featured_media":5018,"comment_status":"closed","ping_status":"open","sticky":false,"template":"","format":"standard","meta":{"advgb_blocks_editor_width":"","advgb_blocks_columns_visual_guide":"","_exactmetrics_skip_tracking":false,"_exactmetrics_sitenote_active":false,"_exactmetrics_sitenote_note":"","_exactmetrics_sitenote_category":0,"footnotes":""},"categories":[12],"tags":[1935,1934,1932,1933],"class_list":["post-5017","post","type-post","status-publish","format-standard","has-post-thumbnail","hentry","category-politica","tag-delacao","tag-dilma","tag-odebretch","tag-temer"],"better_featured_image":{"id":5018,"alt_text":"","caption":"","description":"","media_type":"image","media_details":{"width":390,"height":300,"file":"2016\/12\/dilma.png","sizes":{"thumbnail":{"file":"dilma-150x115.png","width":150,"height":115,"mime-type":"image\/png","source_url":"https:\/\/lavras.tv\/site\/wp-content\/uploads\/2016\/12\/dilma-150x115.png"},"medium":{"file":"dilma-300x231.png","width":300,"height":231,"mime-type":"image\/png","source_url":"https:\/\/lavras.tv\/site\/wp-content\/uploads\/2016\/12\/dilma-300x231.png"},"sow-carousel-default":{"file":"dilma-272x182.png","width":272,"height":182,"mime-type":"image\/png","source_url":"https:\/\/lavras.tv\/site\/wp-content\/uploads\/2016\/12\/dilma-272x182.png"}},"image_meta":{"aperture":"0","credit":"","camera":"","caption":"","created_timestamp":"0","copyright":"","focal_length":"0","iso":"0","shutter_speed":"0","title":"","orientation":"0","keywords":[]}},"post":5017,"source_url":"https:\/\/lavras.tv\/site\/wp-content\/uploads\/2016\/12\/dilma.png"},"author_meta":{"display_name":"Lavras TV","author_link":"https:\/\/lavras.tv\/site\/author\/lavrastv\/"},"featured_img":"https:\/\/lavras.tv\/site\/wp-content\/uploads\/2016\/12\/dilma-300x231.png","coauthors":[],"tax_additional":{"categories":{"linked":["<a href=\"https:\/\/lavras.tv\/site\/category\/politica\/\" class=\"advgb-post-tax-term\">Pol\u00edtica<\/a>"],"unlinked":["<span class=\"advgb-post-tax-term\">Pol\u00edtica<\/span>"]},"tags":{"linked":["<a href=\"https:\/\/lavras.tv\/site\/category\/politica\/\" class=\"advgb-post-tax-term\">dela\u00e7\u00e3o<\/a>","<a href=\"https:\/\/lavras.tv\/site\/category\/politica\/\" class=\"advgb-post-tax-term\">Dilma<\/a>","<a href=\"https:\/\/lavras.tv\/site\/category\/politica\/\" class=\"advgb-post-tax-term\">Odebretch<\/a>","<a href=\"https:\/\/lavras.tv\/site\/category\/politica\/\" class=\"advgb-post-tax-term\">Temer<\/a>"],"unlinked":["<span class=\"advgb-post-tax-term\">dela\u00e7\u00e3o<\/span>","<span class=\"advgb-post-tax-term\">Dilma<\/span>","<span class=\"advgb-post-tax-term\">Odebretch<\/span>","<span class=\"advgb-post-tax-term\">Temer<\/span>"]}},"comment_count":"0","relative_dates":{"created":"Publicado 9 anos atr\u00e1s","modified":"Atualizado 9 anos atr\u00e1s"},"absolute_dates":{"created":"Publicado em 20 de dezembro de 2016","modified":"Atualizado em 20 de dezembro de 2016"},"absolute_dates_time":{"created":"Publicado em 20 de dezembro de 2016 09:15","modified":"Atualizado em 20 de dezembro de 2016 09:15"},"featured_img_caption":"","series_order":"","_links":{"self":[{"href":"https:\/\/lavras.tv\/site\/wp-json\/wp\/v2\/posts\/5017","targetHints":{"allow":["GET"]}}],"collection":[{"href":"https:\/\/lavras.tv\/site\/wp-json\/wp\/v2\/posts"}],"about":[{"href":"https:\/\/lavras.tv\/site\/wp-json\/wp\/v2\/types\/post"}],"author":[{"embeddable":true,"href":"https:\/\/lavras.tv\/site\/wp-json\/wp\/v2\/users\/2"}],"replies":[{"embeddable":true,"href":"https:\/\/lavras.tv\/site\/wp-json\/wp\/v2\/comments?post=5017"}],"version-history":[{"count":1,"href":"https:\/\/lavras.tv\/site\/wp-json\/wp\/v2\/posts\/5017\/revisions"}],"predecessor-version":[{"id":5019,"href":"https:\/\/lavras.tv\/site\/wp-json\/wp\/v2\/posts\/5017\/revisions\/5019"}],"wp:featuredmedia":[{"embeddable":true,"href":"https:\/\/lavras.tv\/site\/wp-json\/wp\/v2\/media\/5018"}],"wp:attachment":[{"href":"https:\/\/lavras.tv\/site\/wp-json\/wp\/v2\/media?parent=5017"}],"wp:term":[{"taxonomy":"category","embeddable":true,"href":"https:\/\/lavras.tv\/site\/wp-json\/wp\/v2\/categories?post=5017"},{"taxonomy":"post_tag","embeddable":true,"href":"https:\/\/lavras.tv\/site\/wp-json\/wp\/v2\/tags?post=5017"}],"curies":[{"name":"wp","href":"https:\/\/api.w.org\/{rel}","templated":true}]}}