{"id":5020,"date":"2016-12-20T09:20:23","date_gmt":"2016-12-20T11:20:23","guid":{"rendered":"http:\/\/lavras.tv\/site\/?p=5020"},"modified":"2016-12-20T09:20:23","modified_gmt":"2016-12-20T11:20:23","slug":"quatro-atletas-do-cria-lavras-receberam-homenagem-melhores-do-ano","status":"publish","type":"post","link":"https:\/\/lavras.tv\/site\/2016\/12\/20\/quatro-atletas-do-cria-lavras-receberam-homenagem-melhores-do-ano\/","title":{"rendered":"Quatro atletas do Cria Lavras receberam homenagem \u201cMelhores do Ano\u201d"},"content":{"rendered":"<div class=\"lavra-antes-do-conteudo_2\" id=\"lavra-2683892645\"><div id=\"lavra-slider-27\" class=\"custom-slider lavra-slider-1222687817 lavra-slider\"><ul><li><div style=\"margin-left: auto;margin-right: auto;text-align: center;\" id=\"lavra-803401189\"><a href=\"https:\/\/sistemas.lavras.mg.gov.br\/portalcidadao\/#df1b1a7c7b2a290bcb31e32771e610784662739a88807c0dacac58ede5f391a7530e299dc302d611ee73cb143fc22eaf93592e53e7b5bdb01b00a0b8d28dae460c141dd2ff83412e4dc1c31b16b25f33144a9e5620ea73b13f5bc1c59411d98439ad226e8af03840603796067d87afe130812cf3de24982d0e306f9e61e764e5\" aria-label=\"Lavras-TV&#8211;720x104px (1) (1)\"><img src=\"https:\/\/lavras.tv\/site\/wp-content\/uploads\/2025\/01\/Lavras-TV-720x104px-1-1.png\" alt=\"\"  srcset=\"https:\/\/lavras.tv\/site\/wp-content\/uploads\/2025\/01\/Lavras-TV-720x104px-1-1.png 720w, https:\/\/lavras.tv\/site\/wp-content\/uploads\/2025\/01\/Lavras-TV-720x104px-1-1-470x68.png 470w, https:\/\/lavras.tv\/site\/wp-content\/uploads\/2025\/01\/Lavras-TV-720x104px-1-1-170x25.png 170w, https:\/\/lavras.tv\/site\/wp-content\/uploads\/2025\/01\/Lavras-TV-720x104px-1-1-200x29.png 200w\" sizes=\"(max-width: 720px) 100vw, 720px\" width=\"720\" height=\"104\"  style=\"display: inline-block;\" \/><\/a><\/div><\/li><li><a href=\"https:\/\/sistemas.lavras.mg.gov.br\/portalcidadao\/#df1b1a7c7b2a290bcb31e32771e610784662739a88807c0dacac58ede5f391a7530e299dc302d611ee73cb143fc22eaf93592e53e7b5bdb01b00a0b8d28dae460c141dd2ff83412e4dc1c31b16b25f33144a9e5620ea73b13f5bc1c59411d98439ad226e8af03840603796067d87afe130812cf3de24982d0e306f9e61e764e5\" aria-label=\"Banner_Emprego_PortallavrasTV\"><img src=\"https:\/\/lavras.tv\/site\/wp-content\/uploads\/2025\/03\/Banner_Emprego_PortallavrasTV.png\" alt=\"\"  srcset=\"https:\/\/lavras.tv\/site\/wp-content\/uploads\/2025\/03\/Banner_Emprego_PortallavrasTV.png 720w, https:\/\/lavras.tv\/site\/wp-content\/uploads\/2025\/03\/Banner_Emprego_PortallavrasTV-470x68.png 470w, https:\/\/lavras.tv\/site\/wp-content\/uploads\/2025\/03\/Banner_Emprego_PortallavrasTV-170x25.png 170w, https:\/\/lavras.tv\/site\/wp-content\/uploads\/2025\/03\/Banner_Emprego_PortallavrasTV-200x29.png 200w\" sizes=\"(max-width: 720px) 100vw, 720px\" width=\"720\" height=\"104\"   \/><\/a><\/li><li><a href=\"https:\/\/sistemas.lavras.mg.gov.br\/portalcidadao\/#df1b1a7c7b2a290bcb31e32771e610784662739a88807c0dacac58ede5f391a7530e299dc302d611ee73cb143fc22eaf93592e53e7b5bdb01b00a0b8d28dae460c141dd2ff83412e4dc1c31b16b25f33144a9e5620ea73b13f5bc1c59411d98439ad226e8af03840603796067d87afe130812cf3de24982d0e306f9e61e764e5\" aria-label=\"Banner_Obras_PortallavrasTV\"><img src=\"https:\/\/lavras.tv\/site\/wp-content\/uploads\/2025\/03\/Banner_Obras_PortallavrasTV.png\" alt=\"\"  srcset=\"https:\/\/lavras.tv\/site\/wp-content\/uploads\/2025\/03\/Banner_Obras_PortallavrasTV.png 720w, https:\/\/lavras.tv\/site\/wp-content\/uploads\/2025\/03\/Banner_Obras_PortallavrasTV-470x68.png 470w, https:\/\/lavras.tv\/site\/wp-content\/uploads\/2025\/03\/Banner_Obras_PortallavrasTV-170x25.png 170w, https:\/\/lavras.tv\/site\/wp-content\/uploads\/2025\/03\/Banner_Obras_PortallavrasTV-200x29.png 200w\" sizes=\"(max-width: 720px) 100vw, 720px\" width=\"720\" height=\"104\"   \/><\/a><\/li><li><div style=\"margin-left: auto;margin-right: auto;text-align: center;\" id=\"lavra-408901567\"><a href=\"https:\/\/sistemas.lavras.mg.gov.br\/portalcidadao\/#df1b1a7c7b2a290bcb31e32771e610784662739a88807c0dacac58ede5f391a7530e299dc302d611ee73cb143fc22eaf93592e53e7b5bdb01b00a0b8d28dae460c141dd2ff83412e4dc1c31b16b25f33144a9e5620ea73b13f5bc1c59411d98439ad226e8af03840603796067d87afe130812cf3de24982d0e306f9e61e764e5\" aria-label=\"Banner_Educa\u00e7\u00e3o_PortallavrasTV\"><img src=\"https:\/\/lavras.tv\/site\/wp-content\/uploads\/2025\/01\/Banner_Educacao_PortallavrasTV.png\" alt=\"\"  srcset=\"https:\/\/lavras.tv\/site\/wp-content\/uploads\/2025\/01\/Banner_Educacao_PortallavrasTV.png 720w, https:\/\/lavras.tv\/site\/wp-content\/uploads\/2025\/01\/Banner_Educacao_PortallavrasTV-470x68.png 470w, https:\/\/lavras.tv\/site\/wp-content\/uploads\/2025\/01\/Banner_Educacao_PortallavrasTV-170x25.png 170w, https:\/\/lavras.tv\/site\/wp-content\/uploads\/2025\/01\/Banner_Educacao_PortallavrasTV-200x29.png 200w\" sizes=\"(max-width: 720px) 100vw, 720px\" width=\"720\" height=\"104\"  style=\"display: inline-block;\" \/><\/a><\/div><\/li><li><a href=\"https:\/\/sistemas.lavras.mg.gov.br\/portalcidadao\/#df1b1a7c7b2a290bcb31e32771e610784662739a88807c0dacac58ede5f391a7530e299dc302d611ee73cb143fc22eaf93592e53e7b5bdb01b00a0b8d28dae460c141dd2ff83412e4dc1c31b16b25f33144a9e5620ea73b13f5bc1c59411d98439ad226e8af03840603796067d87afe130812cf3de24982d0e306f9e61e764e5\" aria-label=\"Banner_Sa\u00fade_PortallavrasTV\"><img src=\"https:\/\/lavras.tv\/site\/wp-content\/uploads\/2025\/03\/Banner_Saude_PortallavrasTV.png\" alt=\"\"  srcset=\"https:\/\/lavras.tv\/site\/wp-content\/uploads\/2025\/03\/Banner_Saude_PortallavrasTV.png 720w, https:\/\/lavras.tv\/site\/wp-content\/uploads\/2025\/03\/Banner_Saude_PortallavrasTV-470x68.png 470w, https:\/\/lavras.tv\/site\/wp-content\/uploads\/2025\/03\/Banner_Saude_PortallavrasTV-170x25.png 170w, https:\/\/lavras.tv\/site\/wp-content\/uploads\/2025\/03\/Banner_Saude_PortallavrasTV-200x29.png 200w\" sizes=\"(max-width: 720px) 100vw, 720px\" width=\"720\" height=\"104\"   \/><\/a><\/li><li><div id=\"lavra-1388014528\" style=\"width:720px;height:104px;background-color:#ddd;overflow:scroll;\">\n\t<strong>Sa\u00edda da depura\u00e7\u00e3o de an\u00fancios<\/strong>\n\t<br><br>\n\tO an\u00fancio n\u00e3o \u00e9 exibido na p\u00e1gina<br><br>post atual: Quatro atletas do Cria Lavras receberam homenagem \u201cMelhores do Ano\u201d, ID: 5020<br><br><span style=\"color: red;\">O post atual n\u00e3o \u00e9 id\u00eantico ao post principal.<\/span><br><br>An\u00fancios: ROXO - TOPO INTERNA - ROTATIVO 2 (197)<br \/>Grupo de an\u00fancios: Princ_Meio01_720x104 (27)<br><br>Condi\u00e7\u00f5es de exibi\u00e7\u00e3o<div style=\"margin-bottom: 20px; white-space: pre-wrap; font-family: monospace; width: 100%; background: #ffe9e9;\"><strong>condi\u00e7\u00f5es gerais<\/strong><table border=\"1\"><thead><tr><th><\/th><th>An\u00fancios<\/th><th>wp_the_query<\/th><\/tr><\/thead><tr><td>is_main_query<\/td><td>1<\/td><td>1<\/td><\/tr><tr><td>is_rest_api<\/td><td>0<\/td><td>1<\/td><\/tr><tr><td>page<\/td><td>0<\/td><td>1<\/td><\/tr><tr><td>numpages<\/td><td>0<\/td><td>1<\/td><\/tr><tr><td>is_archive<\/td><td>1<\/td><td><\/td><\/tr><tr><td>is_search<\/td><td>1<\/td><td><\/td><\/tr><tr><td>is_home<\/td><td>1<\/td><td><\/td><\/tr><tr><td>is_404<\/td><td>1<\/td><td><\/td><\/tr><tr><td>is_attachment<\/td><td>1<\/td><td><\/td><\/tr><tr><td>is_singular<\/td><td>1<\/td><td><\/td><\/tr><tr><td>is_front_page<\/td><td>1<\/td><td><\/td><\/tr><tr><td>is_feed<\/td><td>1<\/td><td><\/td><\/tr><\/table><\/div><br><br><span style=\"color: red;\">Seu site usa HTTPS, mas o c\u00f3digo do an\u00fancio cont\u00e9m HTTP e pode n\u00e3o funcionar.<\/span>\t<br><br>\n\t<a style=\"color: green;\" href=\"https:\/\/wpadvancedads.com\/manual\/ad-debug-mode\/?utm_source=advanced-ads&utm_medium=link&utm_campaign=ad-debug-mode\" target=\"_blank\" rel=\"nofollow\">Encontre solu\u00e7\u00f5es no manual<\/a>\n<\/div>\n<\/li><\/ul><\/div><script>( window.advanced_ads_ready || jQuery( document ).ready ).call( null, function() {var $lavraslider1222687817 = jQuery( \".lavra-slider-1222687817\" );$lavraslider1222687817.on( \"unslider.ready\", function() { jQuery( \"div.custom-slider ul li\" ).css( \"display\", \"block\" ); });$lavraslider1222687817.unslider({ delay:4000, autoplay:true, nav:false, arrows:false, infinite:true });$lavraslider1222687817.on(\"mouseover\", function() {$lavraslider1222687817.unslider(\"stop\");}).on(\"mouseout\", function() {$lavraslider1222687817.unslider(\"start\");});});<\/script><\/div><p>Na ter\u00e7a-feira (13\/12), a Secretaria de Estado de Esportes de Minas Gerais, com apoio da Secretaria de Estado de Educa\u00e7\u00e3o (SEE) e da Federa\u00e7\u00e3o de Esportes Estudantis de Minas Gerais (Feemg), rendeu homenagens a atletas, t\u00e9cnicos, entidades, munic\u00edpios e personalidades diversas no evento \u2018Melhores do Ano\u2019. Entre os homenageados quatro atletas do projeto Cria Lavras \u2013 da Universidade Federal de Lavras (UFLA), sob a coordena\u00e7\u00e3o do professor Fernando Oliveira. Os atletas destaques foram: Sabrina Moreira Ribeiro, Adrene Apost\u00f3lico Pereira, Kathelyn Naiara Vieira Norberto e Vittor Matheus.<\/p>\n<p><img decoding=\"async\" class=\"aligncenter\" src=\"http:\/\/www.ufla.br\/ascom\/wp-content\/uploads\/2016\/12\/atletas-ano-trio.jpg\" \/><\/p>\n<p><em>Sabrina Moreira Ribeiro, Adrene Apost\u00f3lico Pereira, Kathelyn Naiara Vieira Norberto: destaques do ano!<\/em><\/p>\n<p>Na oportunidade, foram homenageados representantes de \u00f3rg\u00e3os que compuseram o N\u00facleo de Articula\u00e7\u00e3o Minas 2016 e estiveram presente nas a\u00e7\u00f5es relacionadas aos Jogos Ol\u00edmpicos que aconteceram no Estado. Atletas que destacaram nos Jogos de Minas Gerais, atletas e t\u00e9cnicos do JEMG, al\u00e9m de superintend\u00eancias regionais de ensino tamb\u00e9m receberam a homenagem, assim como benefici\u00e1rios do programa Bolsa Atleta e Bolsa T\u00e9cnico. Confira as fotos dos homenageados\u00a0<a href=\"http:\/\/bit.ly\/2gBLZVH\">aqui<\/a>.<\/p>\n<div id=\"attachment_126915\" class=\"wp-caption alignleft\" style=\"width: 256px;\"><a href=\"http:\/\/www.ufla.br\/ascom\/wp-content\/uploads\/2016\/12\/atleta-ano.jpg\"><img fetchpriority=\"high\" decoding=\"async\" class=\" wp-image-126915\" src=\"http:\/\/www.ufla.br\/ascom\/wp-content\/uploads\/2016\/12\/atleta-ano-140x249.jpg\" sizes=\"(max-width: 140px) 100vw, 140px\" srcset=\"http:\/\/www.ufla.br\/ascom\/wp-content\/uploads\/2016\/12\/atleta-ano-140x249.jpg 140w, http:\/\/www.ufla.br\/ascom\/wp-content\/uploads\/2016\/12\/atleta-ano.jpg 540w\" alt=\"Vittor Matheus - reconhecimento pelo desempenho\" width=\"256\" height=\"455\" \/><\/a><\/p>\n<p class=\"wp-caption-text\"><em>Vittor Matheus \u2013 reconhecimento pelo desempenho<\/em><\/p>\n<\/div>\n<p>Saiba o porque eles foram os melhores do ano:<\/p>\n<p><strong>Sabrina Moreira Ribeiro Seletiva:<\/strong> Seletiva Nacional Gimnasyad \u2013 1\u00b0lugar salto em altura marca:1,65 e 3\u00b0 lugar 400m rasos com o tempo: 59,81; Brasileiro Interclubes sub-18: 2\u00b0 lugar salto em altura \u2013 Marca:1,64; Brasileiro intersele\u00e7\u00f5es sub-20: 3\u00b0 lugar salto em altura \u2013 Marca:1,66; Brasileiro Intersele\u00e7\u00f5es sub-18 \u2013 2\u00b0 lugar salto em altura \u2013 Marca:1,63; Brasileiro escolar 1\u00b0 lugar, salto em altura Marca:1,68.<\/p>\n<p><strong>Kathelyn Naiara Vieira Norberto<\/strong>: Brasileiro juvenil \u2013 2\u00b0 lugar salto triplo Marca:12,57; Seletiva Nacional Gimnasyad \u2013 2\u00b0 lugar salto triplo Marca:12,20; Brasileiro Interclubes sub-18: 2\u00b0 lugar salto triplo; Brasileiro Intersele\u00e7\u00f5es sub-20: 1\u00b0 lugar salto triplo \u2013 Marca:12,66; Brasileiro Intersele\u00e7\u00f5es sub-18: 2\u00b0 lugar salto triplo \u2013 Marca:12,43; Brasileiro Escolar \u2013 1\u00b0 lugar salto triplo \u2013 Marca:12,28.<\/p>\n<p><strong>Adrene Apost\u00f3lico Pereira<\/strong>: Seletiva Nacional Gimnasyad \u2013 4\u00b0 lugar salto triplo Marca:14,02; Brasileiro Escolar \u2013 3\u00b0 lugar salto em dist\u00e2ncia \u2013 Marca:6,75.<\/p>\n<p><strong>Vittor Matheus: <\/strong>campe\u00e3o do Brasileiro Interclubes, com o tempo de 14,11; \u00a0Brasileiro Intersele\u00e7\u00f5es \u2013\u00a03\u00ba\u00a0lugar\u00a0com o tempo de 14,09; campe\u00e3o do Jogos Escolares da Juventude (Brasileiro Escolar) com o tempo de 14,02 \u2013 o melhor tempo da sua vida.<\/p>\n<p>&nbsp;<\/p>\n<p>Fonte: UFLA<\/p>\n","protected":false},"excerpt":{"rendered":"<p>Na ter\u00e7a-feira (13\/12), a Secretaria de Estado de Esportes de Minas Gerais, com apoio da Secretaria de Estado de Educa\u00e7\u00e3o (SEE) e da Federa\u00e7\u00e3o de Esportes Estudantis de Minas Gerais (Feemg), rendeu homenagens a atletas, t\u00e9cnicos, entidades, munic\u00edpios e personalidades diversas no evento \u2018Melhores do Ano\u2019. Entre os homenageados quatro atletas do projeto Cria Lavras [&hellip;]<\/p>\n","protected":false},"author":2,"featured_media":960,"comment_status":"closed","ping_status":"open","sticky":false,"template":"","format":"standard","meta":{"advgb_blocks_editor_width":"","advgb_blocks_columns_visual_guide":"","_exactmetrics_skip_tracking":false,"_exactmetrics_sitenote_active":false,"_exactmetrics_sitenote_note":"","_exactmetrics_sitenote_category":0,"footnotes":""},"categories":[7,3],"tags":[1100,542,1914,56],"class_list":["post-5020","post","type-post","status-publish","format-standard","has-post-thumbnail","hentry","category-destaques","category-esportes","tag-atletismo","tag-cria-ufla","tag-melhores-do-ano","tag-ufla"],"better_featured_image":{"id":960,"alt_text":"","caption":"","description":"","media_type":"image","media_details":{"width":960,"height":720,"file":"2016\/07\/atletas-capa.jpg","sizes":{"thumbnail":{"file":"atletas-capa-150x113.jpg","width":150,"height":113,"mime-type":"image\/jpeg","source_url":"https:\/\/lavras.tv\/site\/wp-content\/uploads\/2016\/07\/atletas-capa-150x113.jpg"},"medium":{"file":"atletas-capa-300x225.jpg","width":300,"height":225,"mime-type":"image\/jpeg","source_url":"https:\/\/lavras.tv\/site\/wp-content\/uploads\/2016\/07\/atletas-capa-300x225.jpg"},"featured-slider-img":{"file":"atletas-capa-640x480.jpg","width":640,"height":480,"mime-type":"image\/jpeg","source_url":"https:\/\/lavras.tv\/site\/wp-content\/uploads\/2016\/07\/atletas-capa-640x480.jpg"},"featured-post-img":{"file":"atletas-capa-480x320.jpg","width":480,"height":320,"mime-type":"image\/jpeg","source_url":"https:\/\/lavras.tv\/site\/wp-content\/uploads\/2016\/07\/atletas-capa-480x320.jpg"},"sow-carousel-default":{"file":"atletas-capa-272x182.jpg","width":272,"height":182,"mime-type":"image\/jpeg","source_url":"https:\/\/lavras.tv\/site\/wp-content\/uploads\/2016\/07\/atletas-capa-272x182.jpg"}},"image_meta":{"aperture":"0","credit":"","camera":"","caption":"","created_timestamp":"0","copyright":"","focal_length":"0","iso":"0","shutter_speed":"0","title":"","orientation":"0","keywords":[]}},"post":958,"source_url":"https:\/\/lavras.tv\/site\/wp-content\/uploads\/2016\/07\/atletas-capa.jpg"},"author_meta":{"display_name":"Lavras TV","author_link":"https:\/\/lavras.tv\/site\/author\/lavrastv\/"},"featured_img":"https:\/\/lavras.tv\/site\/wp-content\/uploads\/2016\/07\/atletas-capa-300x225.jpg","coauthors":[],"tax_additional":{"categories":{"linked":["<a href=\"https:\/\/lavras.tv\/site\/category\/destaques\/\" class=\"advgb-post-tax-term\">Destaques<\/a>","<a href=\"https:\/\/lavras.tv\/site\/category\/esportes\/\" class=\"advgb-post-tax-term\">Esportes<\/a>"],"unlinked":["<span class=\"advgb-post-tax-term\">Destaques<\/span>","<span class=\"advgb-post-tax-term\">Esportes<\/span>"]},"tags":{"linked":["<a href=\"https:\/\/lavras.tv\/site\/category\/esportes\/\" class=\"advgb-post-tax-term\">atletismo<\/a>","<a href=\"https:\/\/lavras.tv\/site\/category\/esportes\/\" class=\"advgb-post-tax-term\">cria ufla<\/a>","<a href=\"https:\/\/lavras.tv\/site\/category\/esportes\/\" class=\"advgb-post-tax-term\">melhores do ano<\/a>","<a href=\"https:\/\/lavras.tv\/site\/category\/esportes\/\" class=\"advgb-post-tax-term\">ufla<\/a>"],"unlinked":["<span class=\"advgb-post-tax-term\">atletismo<\/span>","<span class=\"advgb-post-tax-term\">cria ufla<\/span>","<span class=\"advgb-post-tax-term\">melhores do ano<\/span>","<span class=\"advgb-post-tax-term\">ufla<\/span>"]}},"comment_count":"0","relative_dates":{"created":"Publicado 9 anos atr\u00e1s","modified":"Atualizado 9 anos atr\u00e1s"},"absolute_dates":{"created":"Publicado em 20 de dezembro de 2016","modified":"Atualizado em 20 de dezembro de 2016"},"absolute_dates_time":{"created":"Publicado em 20 de dezembro de 2016 09:20","modified":"Atualizado em 20 de dezembro de 2016 09:20"},"featured_img_caption":"","series_order":"","_links":{"self":[{"href":"https:\/\/lavras.tv\/site\/wp-json\/wp\/v2\/posts\/5020","targetHints":{"allow":["GET"]}}],"collection":[{"href":"https:\/\/lavras.tv\/site\/wp-json\/wp\/v2\/posts"}],"about":[{"href":"https:\/\/lavras.tv\/site\/wp-json\/wp\/v2\/types\/post"}],"author":[{"embeddable":true,"href":"https:\/\/lavras.tv\/site\/wp-json\/wp\/v2\/users\/2"}],"replies":[{"embeddable":true,"href":"https:\/\/lavras.tv\/site\/wp-json\/wp\/v2\/comments?post=5020"}],"version-history":[{"count":1,"href":"https:\/\/lavras.tv\/site\/wp-json\/wp\/v2\/posts\/5020\/revisions"}],"predecessor-version":[{"id":5021,"href":"https:\/\/lavras.tv\/site\/wp-json\/wp\/v2\/posts\/5020\/revisions\/5021"}],"wp:featuredmedia":[{"embeddable":true,"href":"https:\/\/lavras.tv\/site\/wp-json\/wp\/v2\/media\/960"}],"wp:attachment":[{"href":"https:\/\/lavras.tv\/site\/wp-json\/wp\/v2\/media?parent=5020"}],"wp:term":[{"taxonomy":"category","embeddable":true,"href":"https:\/\/lavras.tv\/site\/wp-json\/wp\/v2\/categories?post=5020"},{"taxonomy":"post_tag","embeddable":true,"href":"https:\/\/lavras.tv\/site\/wp-json\/wp\/v2\/tags?post=5020"}],"curies":[{"name":"wp","href":"https:\/\/api.w.org\/{rel}","templated":true}]}}