{"id":50330,"date":"2020-12-21T08:37:34","date_gmt":"2020-12-21T11:37:34","guid":{"rendered":"http:\/\/lavras.tv\/site\/?p=50330"},"modified":"2020-12-21T08:49:18","modified_gmt":"2020-12-21T11:49:18","slug":"veja-os-primeiros-nomes-dos-futuros-secretarios-de-governo-de-jussara-menicucci-em-2021","status":"publish","type":"post","link":"https:\/\/lavras.tv\/site\/2020\/12\/21\/veja-os-primeiros-nomes-dos-futuros-secretarios-de-governo-de-jussara-menicucci-em-2021\/","title":{"rendered":"Veja os primeiros nomes dos futuros Secret\u00e1rios de Governo de Jussara Menicucci em 2021"},"content":{"rendered":"<div class=\"lavra-antes-do-conteudo_2\" id=\"lavra-173062308\"><div id=\"lavra-slider-27\" class=\"custom-slider lavra-slider-3581170892 lavra-slider\"><ul><li><div style=\"margin-left: auto;margin-right: auto;text-align: center;\" id=\"lavra-3274714495\"><a href=\"https:\/\/sistemas.lavras.mg.gov.br\/portalcidadao\/#df1b1a7c7b2a290bcb31e32771e610784662739a88807c0dacac58ede5f391a7530e299dc302d611ee73cb143fc22eaf93592e53e7b5bdb01b00a0b8d28dae460c141dd2ff83412e4dc1c31b16b25f33144a9e5620ea73b13f5bc1c59411d98439ad226e8af03840603796067d87afe130812cf3de24982d0e306f9e61e764e5\" aria-label=\"Lavras-TV&#8211;720x104px (1) (1)\"><img src=\"https:\/\/lavras.tv\/site\/wp-content\/uploads\/2025\/01\/Lavras-TV-720x104px-1-1.png\" alt=\"\"  srcset=\"https:\/\/lavras.tv\/site\/wp-content\/uploads\/2025\/01\/Lavras-TV-720x104px-1-1.png 720w, https:\/\/lavras.tv\/site\/wp-content\/uploads\/2025\/01\/Lavras-TV-720x104px-1-1-470x68.png 470w, https:\/\/lavras.tv\/site\/wp-content\/uploads\/2025\/01\/Lavras-TV-720x104px-1-1-170x25.png 170w, https:\/\/lavras.tv\/site\/wp-content\/uploads\/2025\/01\/Lavras-TV-720x104px-1-1-200x29.png 200w\" sizes=\"(max-width: 720px) 100vw, 720px\" width=\"720\" height=\"104\"  style=\"display: inline-block;\" \/><\/a><\/div><\/li><li><a href=\"https:\/\/sistemas.lavras.mg.gov.br\/portalcidadao\/#df1b1a7c7b2a290bcb31e32771e610784662739a88807c0dacac58ede5f391a7530e299dc302d611ee73cb143fc22eaf93592e53e7b5bdb01b00a0b8d28dae460c141dd2ff83412e4dc1c31b16b25f33144a9e5620ea73b13f5bc1c59411d98439ad226e8af03840603796067d87afe130812cf3de24982d0e306f9e61e764e5\" aria-label=\"Banner_Emprego_PortallavrasTV\"><img src=\"https:\/\/lavras.tv\/site\/wp-content\/uploads\/2025\/03\/Banner_Emprego_PortallavrasTV.png\" alt=\"\"  srcset=\"https:\/\/lavras.tv\/site\/wp-content\/uploads\/2025\/03\/Banner_Emprego_PortallavrasTV.png 720w, https:\/\/lavras.tv\/site\/wp-content\/uploads\/2025\/03\/Banner_Emprego_PortallavrasTV-470x68.png 470w, https:\/\/lavras.tv\/site\/wp-content\/uploads\/2025\/03\/Banner_Emprego_PortallavrasTV-170x25.png 170w, https:\/\/lavras.tv\/site\/wp-content\/uploads\/2025\/03\/Banner_Emprego_PortallavrasTV-200x29.png 200w\" sizes=\"(max-width: 720px) 100vw, 720px\" width=\"720\" height=\"104\"   \/><\/a><\/li><li><a href=\"https:\/\/sistemas.lavras.mg.gov.br\/portalcidadao\/#df1b1a7c7b2a290bcb31e32771e610784662739a88807c0dacac58ede5f391a7530e299dc302d611ee73cb143fc22eaf93592e53e7b5bdb01b00a0b8d28dae460c141dd2ff83412e4dc1c31b16b25f33144a9e5620ea73b13f5bc1c59411d98439ad226e8af03840603796067d87afe130812cf3de24982d0e306f9e61e764e5\" aria-label=\"Banner_Obras_PortallavrasTV\"><img src=\"https:\/\/lavras.tv\/site\/wp-content\/uploads\/2025\/03\/Banner_Obras_PortallavrasTV.png\" alt=\"\"  srcset=\"https:\/\/lavras.tv\/site\/wp-content\/uploads\/2025\/03\/Banner_Obras_PortallavrasTV.png 720w, https:\/\/lavras.tv\/site\/wp-content\/uploads\/2025\/03\/Banner_Obras_PortallavrasTV-470x68.png 470w, https:\/\/lavras.tv\/site\/wp-content\/uploads\/2025\/03\/Banner_Obras_PortallavrasTV-170x25.png 170w, https:\/\/lavras.tv\/site\/wp-content\/uploads\/2025\/03\/Banner_Obras_PortallavrasTV-200x29.png 200w\" sizes=\"(max-width: 720px) 100vw, 720px\" width=\"720\" height=\"104\"   \/><\/a><\/li><li><div style=\"margin-left: auto;margin-right: auto;text-align: center;\" id=\"lavra-4242282626\"><a href=\"https:\/\/sistemas.lavras.mg.gov.br\/portalcidadao\/#df1b1a7c7b2a290bcb31e32771e610784662739a88807c0dacac58ede5f391a7530e299dc302d611ee73cb143fc22eaf93592e53e7b5bdb01b00a0b8d28dae460c141dd2ff83412e4dc1c31b16b25f33144a9e5620ea73b13f5bc1c59411d98439ad226e8af03840603796067d87afe130812cf3de24982d0e306f9e61e764e5\" aria-label=\"Banner_Educa\u00e7\u00e3o_PortallavrasTV\"><img src=\"https:\/\/lavras.tv\/site\/wp-content\/uploads\/2025\/01\/Banner_Educacao_PortallavrasTV.png\" alt=\"\"  srcset=\"https:\/\/lavras.tv\/site\/wp-content\/uploads\/2025\/01\/Banner_Educacao_PortallavrasTV.png 720w, https:\/\/lavras.tv\/site\/wp-content\/uploads\/2025\/01\/Banner_Educacao_PortallavrasTV-470x68.png 470w, https:\/\/lavras.tv\/site\/wp-content\/uploads\/2025\/01\/Banner_Educacao_PortallavrasTV-170x25.png 170w, https:\/\/lavras.tv\/site\/wp-content\/uploads\/2025\/01\/Banner_Educacao_PortallavrasTV-200x29.png 200w\" sizes=\"(max-width: 720px) 100vw, 720px\" width=\"720\" height=\"104\"  style=\"display: inline-block;\" \/><\/a><\/div><\/li><li><a href=\"https:\/\/sistemas.lavras.mg.gov.br\/portalcidadao\/#df1b1a7c7b2a290bcb31e32771e610784662739a88807c0dacac58ede5f391a7530e299dc302d611ee73cb143fc22eaf93592e53e7b5bdb01b00a0b8d28dae460c141dd2ff83412e4dc1c31b16b25f33144a9e5620ea73b13f5bc1c59411d98439ad226e8af03840603796067d87afe130812cf3de24982d0e306f9e61e764e5\" aria-label=\"Banner_Sa\u00fade_PortallavrasTV\"><img src=\"https:\/\/lavras.tv\/site\/wp-content\/uploads\/2025\/03\/Banner_Saude_PortallavrasTV.png\" alt=\"\"  srcset=\"https:\/\/lavras.tv\/site\/wp-content\/uploads\/2025\/03\/Banner_Saude_PortallavrasTV.png 720w, https:\/\/lavras.tv\/site\/wp-content\/uploads\/2025\/03\/Banner_Saude_PortallavrasTV-470x68.png 470w, https:\/\/lavras.tv\/site\/wp-content\/uploads\/2025\/03\/Banner_Saude_PortallavrasTV-170x25.png 170w, https:\/\/lavras.tv\/site\/wp-content\/uploads\/2025\/03\/Banner_Saude_PortallavrasTV-200x29.png 200w\" sizes=\"(max-width: 720px) 100vw, 720px\" width=\"720\" height=\"104\"   \/><\/a><\/li><li><div id=\"lavra-1847428292\" style=\"width:720px;height:104px;background-color:#ddd;overflow:scroll;\">\n\t<strong>Sa\u00edda da depura\u00e7\u00e3o de an\u00fancios<\/strong>\n\t<br><br>\n\tO an\u00fancio n\u00e3o \u00e9 exibido na p\u00e1gina<br><br>post atual: Veja os primeiros nomes dos futuros Secret\u00e1rios de Governo de Jussara Menicucci em 2021, ID: 50330<br><br><span style=\"color: red;\">O post atual n\u00e3o \u00e9 id\u00eantico ao post principal.<\/span><br><br>An\u00fancios: ROXO - TOPO INTERNA - ROTATIVO 2 (197)<br \/>Grupo de an\u00fancios: Princ_Meio01_720x104 (27)<br><br>Condi\u00e7\u00f5es de exibi\u00e7\u00e3o<div style=\"margin-bottom: 20px; white-space: pre-wrap; font-family: monospace; width: 100%; background: #ffe9e9;\"><strong>condi\u00e7\u00f5es gerais<\/strong><table border=\"1\"><thead><tr><th><\/th><th>An\u00fancios<\/th><th>wp_the_query<\/th><\/tr><\/thead><tr><td>is_main_query<\/td><td>1<\/td><td>1<\/td><\/tr><tr><td>is_rest_api<\/td><td>0<\/td><td>1<\/td><\/tr><tr><td>page<\/td><td>0<\/td><td>1<\/td><\/tr><tr><td>numpages<\/td><td>0<\/td><td>1<\/td><\/tr><tr><td>is_archive<\/td><td>1<\/td><td><\/td><\/tr><tr><td>is_search<\/td><td>1<\/td><td><\/td><\/tr><tr><td>is_home<\/td><td>1<\/td><td><\/td><\/tr><tr><td>is_404<\/td><td>1<\/td><td><\/td><\/tr><tr><td>is_attachment<\/td><td>1<\/td><td><\/td><\/tr><tr><td>is_singular<\/td><td>1<\/td><td><\/td><\/tr><tr><td>is_front_page<\/td><td>1<\/td><td><\/td><\/tr><tr><td>is_feed<\/td><td>1<\/td><td><\/td><\/tr><\/table><\/div><br><br><span style=\"color: red;\">Seu site usa HTTPS, mas o c\u00f3digo do an\u00fancio cont\u00e9m HTTP e pode n\u00e3o funcionar.<\/span>\t<br><br>\n\t<a style=\"color: green;\" href=\"https:\/\/wpadvancedads.com\/manual\/ad-debug-mode\/?utm_source=advanced-ads&utm_medium=link&utm_campaign=ad-debug-mode\" target=\"_blank\" rel=\"nofollow\">Encontre solu\u00e7\u00f5es no manual<\/a>\n<\/div>\n<\/li><\/ul><\/div><script>( window.advanced_ads_ready || jQuery( document ).ready ).call( null, function() {var $lavraslider3581170892 = jQuery( \".lavra-slider-3581170892\" );$lavraslider3581170892.on( \"unslider.ready\", function() { jQuery( \"div.custom-slider ul li\" ).css( \"display\", \"block\" ); });$lavraslider3581170892.unslider({ delay:4000, autoplay:true, nav:false, arrows:false, infinite:true });$lavraslider3581170892.on(\"mouseover\", function() {$lavraslider3581170892.unslider(\"stop\");}).on(\"mouseout\", function() {$lavraslider3581170892.unslider(\"start\");});});<\/script><\/div>\n<p>A prefeita eleita para assumir o cargo de Chefe do Executivo de Lavras em 2021, Jussara Menicucci, divulga na manh\u00e3 desta segunda-feira, dia 21, os primeiros nomes da equipe de Secret\u00e1rios Municipais que v\u00e3o compor a equipe de Governo no ano que vem.<\/p>\n\n\n\n<p>Veja:<\/p>\n\n\n\n<p><strong>Herm\u00f3genes Vaneli &#8211; Secret\u00e1rio de Sa\u00fade<\/strong><\/p>\n\n\n\n<div class=\"wp-block-image\"><figure class=\"aligncenter size-large\"><img fetchpriority=\"high\" decoding=\"async\" width=\"884\" height=\"834\" src=\"http:\/\/lavras.tv\/site\/wp-content\/uploads\/2020\/12\/hermogenes-saude.jpg\" alt=\"\" class=\"wp-image-50331\" srcset=\"https:\/\/lavras.tv\/site\/wp-content\/uploads\/2020\/12\/hermogenes-saude.jpg 884w, https:\/\/lavras.tv\/site\/wp-content\/uploads\/2020\/12\/hermogenes-saude-318x300.jpg 318w, https:\/\/lavras.tv\/site\/wp-content\/uploads\/2020\/12\/hermogenes-saude-159x150.jpg 159w\" sizes=\"(max-width: 884px) 100vw, 884px\" \/><\/figure><\/div>\n\n\n\n<p><strong>FORMA\u00c7\u00c3O<\/strong><\/p>\n\n\n\n<p>&#8211; Tecn\u00f3logo em Gest\u00e3o P\u00fablica pela Facinter \u2013 Faculdade Internacional de Curitiba \u2013 Grupo Uninter \u2013 PR; ano de conclus\u00e3o: 2011.<\/p>\n\n\n\n<p><strong>EXPERI\u00caNCIAS PROFISSIONAIS<\/strong><\/p>\n\n\n\n<p>&#8211; Secret\u00e1rio Municipal de Sa\u00fade de Santana da Vargem, MG, no per\u00edodo de 02\/01\/2017, at\u00e9 os dias atuais;<\/p>\n\n\n\n<p>&#8211;&nbsp; Secret\u00e1rio Municipal de Sa\u00fade de Tr\u00eas Pontas, em Tr\u00eas Pontas, MG, no per\u00edodo de 2013 a 2016;<\/p>\n\n\n\n<p>&#8211; Secret\u00e1rio Municipal de Sa\u00fade de Santana da Vargem, em Santana da Vargem, MG, no per\u00edodo de setembro de 2002 a dezembro de 2012;<\/p>\n\n\n\n<p>&#8211; Vice Presidente do Cosemsmg. Bi\u00eanio 2017\/2019 2020\/2021.<\/p>\n\n\n\n<p>&#8211; Presidente do Cosems Regional de Varginha no per\u00edodo de 2009\/2010, 2011\/2012, 2013\/2014, 2015,2016<\/p>\n\n\n\n<p><strong>Juliana de Andrade Santiago &#8211; Secret\u00e1ria de Educa\u00e7\u00e3o<\/strong><\/p>\n\n\n\n<div class=\"wp-block-image\"><figure class=\"aligncenter size-large\"><img decoding=\"async\" width=\"682\" height=\"1024\" src=\"http:\/\/lavras.tv\/site\/wp-content\/uploads\/2020\/12\/juliana-educacao-682x1024.jpg\" alt=\"\" class=\"wp-image-50332\" srcset=\"https:\/\/lavras.tv\/site\/wp-content\/uploads\/2020\/12\/juliana-educacao-682x1024.jpg 682w, https:\/\/lavras.tv\/site\/wp-content\/uploads\/2020\/12\/juliana-educacao-200x300.jpg 200w, https:\/\/lavras.tv\/site\/wp-content\/uploads\/2020\/12\/juliana-educacao-100x150.jpg 100w, https:\/\/lavras.tv\/site\/wp-content\/uploads\/2020\/12\/juliana-educacao.jpg 853w\" sizes=\"(max-width: 682px) 100vw, 682px\" \/><\/figure><\/div>\n\n\n\n<p>\u2714\ufe0fBolsista no Programa de Forma\u00e7\u00e3o Continuada na Educa\u00e7\u00e3o B\u00e1sica (2007)<br>\u2714\ufe0fLicenciada em Qu\u00edmica pela UFLA (2010)<br>\u2714\ufe0fProfessora na Escola Estadual Firmino Costa (ensino fundamental, m\u00e9dio e EJA) e no projeto #nem1pratras do Canal Futura, Funda\u00e7\u00e3o Roberto Marinho<br>\u2714\ufe0fDoutora em Ci\u00eancias pela UFLA (2015)<br>\u2714\ufe0fPesquisadora, autora e coautora de artigos nacionais e internacionais<br>\u2714\ufe0fFoi membro do COMFOR e supervisora nos projetos Pibid e Resid\u00eancia Pedag\u00f3gica<br>\u2714\ufe0fFinalista do Pr\u00eamio &#8220;Educador Nota Dez de 2018&#8221;<br>\u2714\ufe0fHomenageada no evento VTEX (bate-papo presidente Barack Obama)<br>\u2714\ufe0fEmbaixadora do Projeto &#8220;Fique Bem&#8221; e do Pr\u00eamio &#8220;Professor Transformador&#8221;<br>\u2714\ufe0f Condecorada com o Selo &#8220;Um Professor Transformador&#8221;<br>\u2714\ufe0f Professor destaque (SRE-MG, 2019)<br>\u2714\ufe0fIntegrante do &#8220;Gera\u00e7\u00e3o Futura Educadores 2020&#8221;, canal Futura<br>\u2714\ufe0fParticipa\u00e7\u00e3o no &#8220;Pr\u00eamio Destaque Educa\u00e7\u00e3o 2020&#8221;, categoria: Ensino M\u00e9dio, escola p\u00fablica, realizado no &#8220;Educa Week 2020&#8221;, reconhecendo experi\u00eancias no per\u00edodo da Covid-19<br>\u2714\ufe0fIdealizadora e Fundadora dos projetos &#8220;Qu\u00edmica Conecta&#8221; e &#8220;ConsCi\u00eancia Conecta&#8221;, realizados em 2020 em parceria com outros colaboradores<br>\u2714\ufe0fEstudante no curso &#8220;A pr\u00e1tica psicanal\u00edtica em crian\u00e7as e adolescentes<\/p>\n\n\n\n<p><strong>Rodrigo Pacheco <\/strong>&#8211; <strong>Secret\u00e1rio de Esportes, Lazer e Turismo<\/strong><\/p>\n\n\n\n<div class=\"wp-block-image\"><figure class=\"aligncenter size-large\"><img decoding=\"async\" width=\"417\" height=\"1024\" src=\"http:\/\/lavras.tv\/site\/wp-content\/uploads\/2020\/12\/pacecho-esporte-lazer-e-cultura-417x1024.jpg\" alt=\"\" class=\"wp-image-50333\" srcset=\"https:\/\/lavras.tv\/site\/wp-content\/uploads\/2020\/12\/pacecho-esporte-lazer-e-cultura-417x1024.jpg 417w, https:\/\/lavras.tv\/site\/wp-content\/uploads\/2020\/12\/pacecho-esporte-lazer-e-cultura-122x300.jpg 122w, https:\/\/lavras.tv\/site\/wp-content\/uploads\/2020\/12\/pacecho-esporte-lazer-e-cultura-61x150.jpg 61w, https:\/\/lavras.tv\/site\/wp-content\/uploads\/2020\/12\/pacecho-esporte-lazer-e-cultura.jpg 441w\" sizes=\"(max-width: 417px) 100vw, 417px\" \/><\/figure><\/div>\n\n\n\n<p>Rodrigo Lucas Pacheco, nascido em Lavras, graduado em administra\u00e7\u00e3o pela Universidade Federal de Lavras, p\u00f3s graduado em planejamento e gest\u00e3o de eventos pela Uniara. Foi chefe de departamento administrativo da AMALG por dez anos, atua no setor de eventos a vinte anos, sendo respons\u00e1vel por eventos nacionais e regionais de grande porte nos \u00e2mbitos culturais, de entretenimento e esportivos. Atualmente \u00e9 Diretor da empresa VIVA EVENTOS na cidade de Lavras.<\/p>\n\n\n\n<p><strong>Lisa F\u00e1varo &#8211; Diretora de Comunica\u00e7\u00e3o<\/strong><\/p>\n\n\n\n<figure class=\"wp-block-image size-large\"><img loading=\"lazy\" decoding=\"async\" width=\"719\" height=\"719\" src=\"http:\/\/lavras.tv\/site\/wp-content\/uploads\/2020\/12\/lisa.jpg\" alt=\"\" class=\"wp-image-50334\" srcset=\"https:\/\/lavras.tv\/site\/wp-content\/uploads\/2020\/12\/lisa.jpg 719w, https:\/\/lavras.tv\/site\/wp-content\/uploads\/2020\/12\/lisa-300x300.jpg 300w, https:\/\/lavras.tv\/site\/wp-content\/uploads\/2020\/12\/lisa-150x150.jpg 150w\" sizes=\"(max-width: 719px) 100vw, 719px\" \/><\/figure>\n\n\n\n<p>Nascida em Lavras, Lisa F\u00e1varo \u00e9 Jornalista Profissional, formada pelo Centro Universit\u00e1rio UNIS, em Varginha. Tem cerca de 20 anos de experi\u00eancia na \u00e1rea da comunica\u00e7\u00e3o, j\u00e1 tendo trabalhado na TV Universit\u00e1ria e na ASCOM da UFLA, al\u00e9m de coordenar o trabalho regional de Assessoria de Comunica\u00e7\u00e3o do SENAR, Sistema Nacional de Aprendizagem Rural.<\/p>\n\n\n\n<p><strong>Rodolpho Crepaldi &#8211; Secret\u00e1rio de Fazenda e Planejamento<\/strong><\/p>\n\n\n\n<div class=\"wp-block-image\"><figure class=\"aligncenter size-large\"><img loading=\"lazy\" decoding=\"async\" width=\"682\" height=\"1024\" src=\"http:\/\/lavras.tv\/site\/wp-content\/uploads\/2020\/12\/rodolpho-682x1024.jpg\" alt=\"\" class=\"wp-image-50335\" srcset=\"https:\/\/lavras.tv\/site\/wp-content\/uploads\/2020\/12\/rodolpho-682x1024.jpg 682w, https:\/\/lavras.tv\/site\/wp-content\/uploads\/2020\/12\/rodolpho-200x300.jpg 200w, https:\/\/lavras.tv\/site\/wp-content\/uploads\/2020\/12\/rodolpho-100x150.jpg 100w, https:\/\/lavras.tv\/site\/wp-content\/uploads\/2020\/12\/rodolpho.jpg 853w\" sizes=\"(max-width: 682px) 100vw, 682px\" \/><\/figure><\/div>\n\n\n\n<p><br>S\u00f3cio propriet\u00e1rio da empresa Cont\u00e1bil Assessoria e Servi\u00e7os Eireli<br>Fundador da empresa Cont\u00e1bil Assessoria e Servi\u00e7os Eireli<br>T\u00e9cnico em Contabilidade formado pelo Col\u00e9gio Cenecista Juventino Dias<br>Bacharel em Ci\u00eancias Cont\u00e1beis formado pelo Unincor \u2013 Tr\u00eas Cora\u00e7\u00f5es<br>S\u00f3cio propriet\u00e1rio da empresa CWC Servi\u00e7os Cont\u00e1beis \u2013 Contabilidade<br>Wilson Crepaldi Ltda de 1990 a 2018<br>Curso de consultoria empresarial pelo Sebrae Contabilizando o Sucesso<br>Contador e empres\u00e1rio no setor de contabilidade desde 1990.<br>Professor de contabilidade e organiza\u00e7\u00e3o de empresas<\/p>\n\n\n\n<p><strong>Dirceu Bergamin Junior &#8211; Secret\u00e1rio de Obras, Regula\u00e7\u00e3o Urbana e Defesa Civil<\/strong><\/p>\n\n\n\n<div class=\"wp-block-image\"><figure class=\"aligncenter size-large\"><img loading=\"lazy\" decoding=\"async\" width=\"970\" height=\"970\" src=\"http:\/\/lavras.tv\/site\/wp-content\/uploads\/2020\/12\/bergamin-970x970.jpg\" alt=\"\" class=\"wp-image-50336\" srcset=\"https:\/\/lavras.tv\/site\/wp-content\/uploads\/2020\/12\/bergamin-970x970.jpg 970w, https:\/\/lavras.tv\/site\/wp-content\/uploads\/2020\/12\/bergamin-300x300.jpg 300w, https:\/\/lavras.tv\/site\/wp-content\/uploads\/2020\/12\/bergamin-150x150.jpg 150w, https:\/\/lavras.tv\/site\/wp-content\/uploads\/2020\/12\/bergamin.jpg 1161w\" sizes=\"(max-width: 970px) 100vw, 970px\" \/><\/figure><\/div>\n\n\n\n<p>CEO e Fundador da Empresa KASA, primeira franquia de escrit\u00f3rios de Engenharia e Arquitetura do Mundo e Construtora, com 10 unidades em 04 estados do Brasil.<\/p>\n\n\n\n<p>Engenheiro Civil &#8211; Unilavras<\/p>\n\n\n\n<p>Especialista mercado e transa\u00e7\u00f5es Imobili\u00e1rias \u2013 Sindimoveis RJ<\/p>\n\n\n\n<p>Moocs Course in Business Skills na University of Michigan USA<\/p>\n\n\n\n<p>MBA em Marketing e Neg\u00f3cios digitais \u2013 Beacademy SP<\/p>\n\n\n\n<p><\/p>\n\n\n\n<p>De acordo com a prefeita eleita, Jussara Menicucci, os outros nomes ser\u00e3o divulgados nos pr\u00f3ximos dias.<\/p>\n","protected":false},"excerpt":{"rendered":"<p>A prefeita eleita para assumir o cargo de Chefe do Executivo de Lavras em 2021, Jussara Menicucci, divulga na manh\u00e3 desta segunda-feira, dia 21, os primeiros nomes da equipe de Secret\u00e1rios Municipais que v\u00e3o compor a equipe de Governo no ano que vem. Veja: Herm\u00f3genes Vaneli &#8211; Secret\u00e1rio de Sa\u00fade FORMA\u00c7\u00c3O &#8211; Tecn\u00f3logo em Gest\u00e3o [&hellip;]<\/p>\n","protected":false},"author":2,"featured_media":50180,"comment_status":"closed","ping_status":"open","sticky":false,"template":"","format":"standard","meta":{"advgb_blocks_editor_width":"","advgb_blocks_columns_visual_guide":"","_exactmetrics_skip_tracking":false,"_exactmetrics_sitenote_active":false,"_exactmetrics_sitenote_note":"","_exactmetrics_sitenote_category":0,"footnotes":""},"categories":[7,2,12],"tags":[],"class_list":["post-50330","post","type-post","status-publish","format-standard","has-post-thumbnail","hentry","category-destaques","category-noticias","category-politica"],"better_featured_image":{"id":50180,"alt_text":"","caption":"","description":"","media_type":"image","media_details":{"width":2048,"height":1367,"file":"2020\/12\/JUSSARA-RODOLPHO.jpg","sizes":{"medium":{"file":"JUSSARA-RODOLPHO-449x300.jpg","width":449,"height":300,"mime-type":"image\/jpeg","source_url":"https:\/\/lavras.tv\/site\/wp-content\/uploads\/2020\/12\/JUSSARA-RODOLPHO-449x300.jpg"},"large":{"file":"JUSSARA-RODOLPHO-970x647.jpg","width":970,"height":647,"mime-type":"image\/jpeg","source_url":"https:\/\/lavras.tv\/site\/wp-content\/uploads\/2020\/12\/JUSSARA-RODOLPHO-970x647.jpg"},"thumbnail":{"file":"JUSSARA-RODOLPHO-170x113.jpg","width":170,"height":113,"mime-type":"image\/jpeg","source_url":"https:\/\/lavras.tv\/site\/wp-content\/uploads\/2020\/12\/JUSSARA-RODOLPHO-170x113.jpg"},"1536x1536":{"file":"JUSSARA-RODOLPHO-1536x1025.jpg","width":1536,"height":1025,"mime-type":"image\/jpeg","source_url":"https:\/\/lavras.tv\/site\/wp-content\/uploads\/2020\/12\/JUSSARA-RODOLPHO-1536x1025.jpg"},"alm-thumbnail":{"file":"JUSSARA-RODOLPHO-150x150.jpg","width":150,"height":150,"mime-type":"image\/jpeg","source_url":"https:\/\/lavras.tv\/site\/wp-content\/uploads\/2020\/12\/JUSSARA-RODOLPHO-150x150.jpg"}},"image_meta":{"aperture":"0","credit":"","camera":"","caption":"","created_timestamp":"0","copyright":"","focal_length":"0","iso":"0","shutter_speed":"0","title":"","orientation":"0","keywords":[]}},"post":50179,"source_url":"https:\/\/lavras.tv\/site\/wp-content\/uploads\/2020\/12\/JUSSARA-RODOLPHO.jpg"},"author_meta":{"display_name":"Lavras TV","author_link":"https:\/\/lavras.tv\/site\/author\/lavrastv\/"},"featured_img":"https:\/\/lavras.tv\/site\/wp-content\/uploads\/2020\/12\/JUSSARA-RODOLPHO-449x300.jpg","coauthors":[],"tax_additional":{"categories":{"linked":["<a href=\"https:\/\/lavras.tv\/site\/category\/destaques\/\" class=\"advgb-post-tax-term\">Destaques<\/a>","<a href=\"https:\/\/lavras.tv\/site\/category\/noticias\/\" class=\"advgb-post-tax-term\">Not\u00edcias<\/a>","<a href=\"https:\/\/lavras.tv\/site\/category\/politica\/\" class=\"advgb-post-tax-term\">Pol\u00edtica<\/a>"],"unlinked":["<span class=\"advgb-post-tax-term\">Destaques<\/span>","<span class=\"advgb-post-tax-term\">Not\u00edcias<\/span>","<span class=\"advgb-post-tax-term\">Pol\u00edtica<\/span>"]}},"comment_count":"0","relative_dates":{"created":"Publicado 5 anos atr\u00e1s","modified":"Atualizado 5 anos atr\u00e1s"},"absolute_dates":{"created":"Publicado em 21 de dezembro de 2020","modified":"Atualizado em 21 de dezembro de 2020"},"absolute_dates_time":{"created":"Publicado em 21 de dezembro de 2020 08:37","modified":"Atualizado em 21 de dezembro de 2020 08:49"},"featured_img_caption":"","series_order":"","_links":{"self":[{"href":"https:\/\/lavras.tv\/site\/wp-json\/wp\/v2\/posts\/50330","targetHints":{"allow":["GET"]}}],"collection":[{"href":"https:\/\/lavras.tv\/site\/wp-json\/wp\/v2\/posts"}],"about":[{"href":"https:\/\/lavras.tv\/site\/wp-json\/wp\/v2\/types\/post"}],"author":[{"embeddable":true,"href":"https:\/\/lavras.tv\/site\/wp-json\/wp\/v2\/users\/2"}],"replies":[{"embeddable":true,"href":"https:\/\/lavras.tv\/site\/wp-json\/wp\/v2\/comments?post=50330"}],"version-history":[{"count":2,"href":"https:\/\/lavras.tv\/site\/wp-json\/wp\/v2\/posts\/50330\/revisions"}],"predecessor-version":[{"id":50338,"href":"https:\/\/lavras.tv\/site\/wp-json\/wp\/v2\/posts\/50330\/revisions\/50338"}],"wp:featuredmedia":[{"embeddable":true,"href":"https:\/\/lavras.tv\/site\/wp-json\/wp\/v2\/media\/50180"}],"wp:attachment":[{"href":"https:\/\/lavras.tv\/site\/wp-json\/wp\/v2\/media?parent=50330"}],"wp:term":[{"taxonomy":"category","embeddable":true,"href":"https:\/\/lavras.tv\/site\/wp-json\/wp\/v2\/categories?post=50330"},{"taxonomy":"post_tag","embeddable":true,"href":"https:\/\/lavras.tv\/site\/wp-json\/wp\/v2\/tags?post=50330"}],"curies":[{"name":"wp","href":"https:\/\/api.w.org\/{rel}","templated":true}]}}