{"id":50385,"date":"2020-12-28T13:12:38","date_gmt":"2020-12-28T16:12:38","guid":{"rendered":"http:\/\/lavras.tv\/site\/?p=50385"},"modified":"2020-12-28T13:12:41","modified_gmt":"2020-12-28T16:12:41","slug":"jussara-menicucci-anuncia-novos-nomes-que-irao-compor-a-equipe-de-governo-em-2021","status":"publish","type":"post","link":"https:\/\/lavras.tv\/site\/2020\/12\/28\/jussara-menicucci-anuncia-novos-nomes-que-irao-compor-a-equipe-de-governo-em-2021\/","title":{"rendered":"Jussara Menicucci anuncia novos nomes que ir\u00e3o compor a equipe de governo em 2021"},"content":{"rendered":"<div class=\"lavra-antes-do-conteudo_2\" id=\"lavra-3925700149\"><div id=\"lavra-slider-27\" class=\"custom-slider lavra-slider-2016187881 lavra-slider\"><ul><li><div style=\"margin-left: auto;margin-right: auto;text-align: center;\" id=\"lavra-19548998\"><a href=\"https:\/\/sistemas.lavras.mg.gov.br\/portalcidadao\/#df1b1a7c7b2a290bcb31e32771e610784662739a88807c0dacac58ede5f391a7530e299dc302d611ee73cb143fc22eaf93592e53e7b5bdb01b00a0b8d28dae460c141dd2ff83412e4dc1c31b16b25f33144a9e5620ea73b13f5bc1c59411d98439ad226e8af03840603796067d87afe130812cf3de24982d0e306f9e61e764e5\" aria-label=\"Lavras-TV&#8211;720x104px (1) (1)\"><img src=\"https:\/\/lavras.tv\/site\/wp-content\/uploads\/2025\/01\/Lavras-TV-720x104px-1-1.png\" alt=\"\"  srcset=\"https:\/\/lavras.tv\/site\/wp-content\/uploads\/2025\/01\/Lavras-TV-720x104px-1-1.png 720w, https:\/\/lavras.tv\/site\/wp-content\/uploads\/2025\/01\/Lavras-TV-720x104px-1-1-470x68.png 470w, https:\/\/lavras.tv\/site\/wp-content\/uploads\/2025\/01\/Lavras-TV-720x104px-1-1-170x25.png 170w, https:\/\/lavras.tv\/site\/wp-content\/uploads\/2025\/01\/Lavras-TV-720x104px-1-1-200x29.png 200w\" sizes=\"(max-width: 720px) 100vw, 720px\" width=\"720\" height=\"104\"  style=\"display: inline-block;\" \/><\/a><\/div><\/li><li><a href=\"https:\/\/sistemas.lavras.mg.gov.br\/portalcidadao\/#df1b1a7c7b2a290bcb31e32771e610784662739a88807c0dacac58ede5f391a7530e299dc302d611ee73cb143fc22eaf93592e53e7b5bdb01b00a0b8d28dae460c141dd2ff83412e4dc1c31b16b25f33144a9e5620ea73b13f5bc1c59411d98439ad226e8af03840603796067d87afe130812cf3de24982d0e306f9e61e764e5\" aria-label=\"Banner_Emprego_PortallavrasTV\"><img src=\"https:\/\/lavras.tv\/site\/wp-content\/uploads\/2025\/03\/Banner_Emprego_PortallavrasTV.png\" alt=\"\"  srcset=\"https:\/\/lavras.tv\/site\/wp-content\/uploads\/2025\/03\/Banner_Emprego_PortallavrasTV.png 720w, https:\/\/lavras.tv\/site\/wp-content\/uploads\/2025\/03\/Banner_Emprego_PortallavrasTV-470x68.png 470w, https:\/\/lavras.tv\/site\/wp-content\/uploads\/2025\/03\/Banner_Emprego_PortallavrasTV-170x25.png 170w, https:\/\/lavras.tv\/site\/wp-content\/uploads\/2025\/03\/Banner_Emprego_PortallavrasTV-200x29.png 200w\" sizes=\"(max-width: 720px) 100vw, 720px\" width=\"720\" height=\"104\"   \/><\/a><\/li><li><a href=\"https:\/\/sistemas.lavras.mg.gov.br\/portalcidadao\/#df1b1a7c7b2a290bcb31e32771e610784662739a88807c0dacac58ede5f391a7530e299dc302d611ee73cb143fc22eaf93592e53e7b5bdb01b00a0b8d28dae460c141dd2ff83412e4dc1c31b16b25f33144a9e5620ea73b13f5bc1c59411d98439ad226e8af03840603796067d87afe130812cf3de24982d0e306f9e61e764e5\" aria-label=\"Banner_Obras_PortallavrasTV\"><img src=\"https:\/\/lavras.tv\/site\/wp-content\/uploads\/2025\/03\/Banner_Obras_PortallavrasTV.png\" alt=\"\"  srcset=\"https:\/\/lavras.tv\/site\/wp-content\/uploads\/2025\/03\/Banner_Obras_PortallavrasTV.png 720w, https:\/\/lavras.tv\/site\/wp-content\/uploads\/2025\/03\/Banner_Obras_PortallavrasTV-470x68.png 470w, https:\/\/lavras.tv\/site\/wp-content\/uploads\/2025\/03\/Banner_Obras_PortallavrasTV-170x25.png 170w, https:\/\/lavras.tv\/site\/wp-content\/uploads\/2025\/03\/Banner_Obras_PortallavrasTV-200x29.png 200w\" sizes=\"(max-width: 720px) 100vw, 720px\" width=\"720\" height=\"104\"   \/><\/a><\/li><li><div style=\"margin-left: auto;margin-right: auto;text-align: center;\" id=\"lavra-3984471100\"><a href=\"https:\/\/sistemas.lavras.mg.gov.br\/portalcidadao\/#df1b1a7c7b2a290bcb31e32771e610784662739a88807c0dacac58ede5f391a7530e299dc302d611ee73cb143fc22eaf93592e53e7b5bdb01b00a0b8d28dae460c141dd2ff83412e4dc1c31b16b25f33144a9e5620ea73b13f5bc1c59411d98439ad226e8af03840603796067d87afe130812cf3de24982d0e306f9e61e764e5\" aria-label=\"Banner_Educa\u00e7\u00e3o_PortallavrasTV\"><img src=\"https:\/\/lavras.tv\/site\/wp-content\/uploads\/2025\/01\/Banner_Educacao_PortallavrasTV.png\" alt=\"\"  srcset=\"https:\/\/lavras.tv\/site\/wp-content\/uploads\/2025\/01\/Banner_Educacao_PortallavrasTV.png 720w, https:\/\/lavras.tv\/site\/wp-content\/uploads\/2025\/01\/Banner_Educacao_PortallavrasTV-470x68.png 470w, https:\/\/lavras.tv\/site\/wp-content\/uploads\/2025\/01\/Banner_Educacao_PortallavrasTV-170x25.png 170w, https:\/\/lavras.tv\/site\/wp-content\/uploads\/2025\/01\/Banner_Educacao_PortallavrasTV-200x29.png 200w\" sizes=\"(max-width: 720px) 100vw, 720px\" width=\"720\" height=\"104\"  style=\"display: inline-block;\" \/><\/a><\/div><\/li><li><a href=\"https:\/\/sistemas.lavras.mg.gov.br\/portalcidadao\/#df1b1a7c7b2a290bcb31e32771e610784662739a88807c0dacac58ede5f391a7530e299dc302d611ee73cb143fc22eaf93592e53e7b5bdb01b00a0b8d28dae460c141dd2ff83412e4dc1c31b16b25f33144a9e5620ea73b13f5bc1c59411d98439ad226e8af03840603796067d87afe130812cf3de24982d0e306f9e61e764e5\" aria-label=\"Banner_Sa\u00fade_PortallavrasTV\"><img src=\"https:\/\/lavras.tv\/site\/wp-content\/uploads\/2025\/03\/Banner_Saude_PortallavrasTV.png\" alt=\"\"  srcset=\"https:\/\/lavras.tv\/site\/wp-content\/uploads\/2025\/03\/Banner_Saude_PortallavrasTV.png 720w, https:\/\/lavras.tv\/site\/wp-content\/uploads\/2025\/03\/Banner_Saude_PortallavrasTV-470x68.png 470w, https:\/\/lavras.tv\/site\/wp-content\/uploads\/2025\/03\/Banner_Saude_PortallavrasTV-170x25.png 170w, https:\/\/lavras.tv\/site\/wp-content\/uploads\/2025\/03\/Banner_Saude_PortallavrasTV-200x29.png 200w\" sizes=\"(max-width: 720px) 100vw, 720px\" width=\"720\" height=\"104\"   \/><\/a><\/li><li><div id=\"lavra-1280460418\" style=\"width:720px;height:104px;background-color:#ddd;overflow:scroll;\">\n\t<strong>Sa\u00edda da depura\u00e7\u00e3o de an\u00fancios<\/strong>\n\t<br><br>\n\tO an\u00fancio n\u00e3o \u00e9 exibido na p\u00e1gina<br><br>post atual: Jussara Menicucci anuncia novos nomes que ir\u00e3o compor a equipe de governo em 2021, ID: 50385<br><br><span style=\"color: red;\">O post atual n\u00e3o \u00e9 id\u00eantico ao post principal.<\/span><br><br>An\u00fancios: ROXO - TOPO INTERNA - ROTATIVO 2 (197)<br \/>Grupo de an\u00fancios: Princ_Meio01_720x104 (27)<br><br>Condi\u00e7\u00f5es de exibi\u00e7\u00e3o<div style=\"margin-bottom: 20px; white-space: pre-wrap; font-family: monospace; width: 100%; background: #ffe9e9;\"><strong>condi\u00e7\u00f5es gerais<\/strong><table border=\"1\"><thead><tr><th><\/th><th>An\u00fancios<\/th><th>wp_the_query<\/th><\/tr><\/thead><tr><td>is_main_query<\/td><td>1<\/td><td>1<\/td><\/tr><tr><td>is_rest_api<\/td><td>0<\/td><td>1<\/td><\/tr><tr><td>page<\/td><td>0<\/td><td>1<\/td><\/tr><tr><td>numpages<\/td><td>0<\/td><td>1<\/td><\/tr><tr><td>is_archive<\/td><td>1<\/td><td><\/td><\/tr><tr><td>is_search<\/td><td>1<\/td><td><\/td><\/tr><tr><td>is_home<\/td><td>1<\/td><td><\/td><\/tr><tr><td>is_404<\/td><td>1<\/td><td><\/td><\/tr><tr><td>is_attachment<\/td><td>1<\/td><td><\/td><\/tr><tr><td>is_singular<\/td><td>1<\/td><td><\/td><\/tr><tr><td>is_front_page<\/td><td>1<\/td><td><\/td><\/tr><tr><td>is_feed<\/td><td>1<\/td><td><\/td><\/tr><\/table><\/div><br><br><span style=\"color: red;\">Seu site usa HTTPS, mas o c\u00f3digo do an\u00fancio cont\u00e9m HTTP e pode n\u00e3o funcionar.<\/span>\t<br><br>\n\t<a style=\"color: green;\" href=\"https:\/\/wpadvancedads.com\/manual\/ad-debug-mode\/?utm_source=advanced-ads&utm_medium=link&utm_campaign=ad-debug-mode\" target=\"_blank\" rel=\"nofollow\">Encontre solu\u00e7\u00f5es no manual<\/a>\n<\/div>\n<\/li><\/ul><\/div><script>( window.advanced_ads_ready || jQuery( document ).ready ).call( null, function() {var $lavraslider2016187881 = jQuery( \".lavra-slider-2016187881\" );$lavraslider2016187881.on( \"unslider.ready\", function() { jQuery( \"div.custom-slider ul li\" ).css( \"display\", \"block\" ); });$lavraslider2016187881.unslider({ delay:4000, autoplay:true, nav:false, arrows:false, infinite:true });$lavraslider2016187881.on(\"mouseover\", function() {$lavraslider2016187881.unslider(\"stop\");}).on(\"mouseout\", function() {$lavraslider2016187881.unslider(\"start\");});});<\/script><\/div>\n<p>Nesta segunda-feira, dia 28, a prefeita eleita de Lavras, Jussara Menicucci, anunciou novos nomes que ir\u00e3o compor a equipe de governo que assume a Prefeitura Municipal a partir do dia 1\u00ba de janeiro.<\/p>\n\n\n\n<p>Veja quem s\u00e3o os futuros Secret\u00e1rios e as pastas que cada um vai assumir:<\/p>\n\n\n\n<div class=\"wp-block-image\"><figure class=\"aligncenter is-resized\"><img fetchpriority=\"high\" decoding=\"async\" src=\"https:\/\/scontent-gru2-1.xx.fbcdn.net\/v\/t1.0-9\/134082733_3705087299577848_7159595506339660849_n.jpg?_nc_cat=107&amp;ccb=2&amp;_nc_sid=8bfeb9&amp;_nc_eui2=AeFnS71pWuHzIE7kd0rSFmU55qrby8O3obbmqtvLw7ehtlkfDKkcU3J8bTxreZNiTg0&amp;_nc_ohc=9xVqXec_uDEAX80xaP7&amp;_nc_ht=scontent-gru2-1.xx&amp;oh=792e01a5b14a5cebab5ef016a9412d87&amp;oe=600EF04B\" alt=\"A imagem pode conter: 1 pessoa, barba\" width=\"446\" height=\"620\"\/><\/figure><\/div>\n\n\n\n<p class=\"has-text-align-left\"><strong>Procuradoria Geral do Munic\u00edpio<br>Luciano Siqueira Salim<\/strong><br><br>-Graduado em Direito (2001);<br>-P\u00f3s-gradua\u00e7\u00e3o em Direito Civil e Processo Civil (2002);<br>-Mestre em Direito (2014);<br>-ADVOGADO inscrito na OAB\\MG atuante desde 2002;<br>-Professor Substituto &#8211; Universidade Federal de Lavras (2016 \u2013 2017); <br>-Supervisor de Est\u00e1gio \u2013 UNILAVRAS (2013);<br>-Advocacia P\u00fablica \u2013 Assessoria Jur\u00eddica do Munic\u00edpio de Lavras (2005 \u2013 2012 \\ 2014 \u2013 2016).<br>-Assessoria e consultoria jur\u00eddica na elabora\u00e7\u00e3o dos Planos Diretores dos munic\u00edpios, Aguanil \u2013 MG; Cana Verde \u2013 MG; Perd\u00f5es \u2013 MG; Ribeir\u00e3o Vermelho \u2013 MG; Cristais \u2013 MG;<\/p>\n\n\n\n<div class=\"wp-block-image\"><figure class=\"aligncenter is-resized\"><img decoding=\"async\" src=\"https:\/\/scontent-gru1-1.xx.fbcdn.net\/v\/t1.0-9\/133693396_3705164852903426_2948262409419196357_n.jpg?_nc_cat=108&amp;ccb=2&amp;_nc_sid=8bfeb9&amp;_nc_eui2=AeHeOkp5xDI6LY24mRlLBJGpNpe5e-xv5uU2l7l77G_m5TdLcKvQXwDrMQBbH9yW1ds&amp;_nc_ohc=Ux9jer-gXM0AX8NWgIe&amp;_nc_ht=scontent-gru1-1.xx&amp;oh=75abbdcf7c1aa4cc87c878d9d77fbfb9&amp;oe=6010C84D\" alt=\"A imagem pode conter: 1 pessoa, terno e close-up\" width=\"438\" height=\"779\"\/><\/figure><\/div>\n\n\n\n<p><strong>SECRETARIA DE ADMINISTRA\u00c7\u00c3O E GEST\u00c3O DE PESSOAS<br>Jos\u00e9 Mour\u00e3o Lasmar<br><\/strong><br>-Membro da Segunda Igreja Presbiteriana de Lavras. <br>-Servidor Efetivo da Prefeitura Municipal de Lavras desde 1990. <br>-Natural de Lavras, 55 anos, casado e pai de tr\u00eas filhos.<br>-Administra\u00e7\u00e3o de Empresas pelo Instituto Presbiteriano Gammon.<br>-P\u00f3s-gradua\u00e7\u00e3o pela Universidade Vale do Rio Verde de Tr\u00eas Cora\u00e7\u00f5es, lecionou em v\u00e1rios cursos de Administra\u00e7\u00e3o de Empresas no Instituto Presbiteriano Gammon e em v\u00e1rias outras Entidades Educacionais da regi\u00e3o. <br>-Em gest\u00f5es anteriores, exerceu entre outras atividades: Gerente de Compras, Presidente de Comiss\u00e3o de Licita\u00e7\u00f5es, Controlador, Secret\u00e1rio de Administra\u00e7\u00e3o e RH, Secret\u00e1rio de Sa\u00fade e Secret\u00e1rio de Planejamento.<\/p>\n\n\n\n<div class=\"wp-block-image\"><figure class=\"aligncenter is-resized\"><img decoding=\"async\" src=\"https:\/\/scontent-gru1-1.xx.fbcdn.net\/v\/t1.0-9\/133820273_3705135522906359_7313736540384716198_n.jpg?_nc_cat=106&amp;ccb=2&amp;_nc_sid=8bfeb9&amp;_nc_eui2=AeEi4PLINachgLgUP5MCqBbJqtC1KNLTAcuq0LUo0tMBy7ooYzb6-Ho5fLH4Ho04wsk&amp;_nc_ohc=Kub3DtlA8eQAX9uPrEt&amp;_nc_oc=AQnb1bD-NLJjUbPj2bGZGoF65pAxc2aT7-VY87uDC5oAa3drGm-GRUXMRl_gQk3Mj1I&amp;_nc_ht=scontent-gru1-1.xx&amp;oh=2bb5f5277a7f9f3c3fce60b82088ac0c&amp;oe=600DAF7D\" alt=\"A imagem pode conter: 1 pessoa, em p\u00e9\" width=\"425\" height=\"283\"\/><\/figure><\/div>\n\n\n\n<p><strong>SECRETARIA DE DESENVOLVIMENTO ECON\u00d4MICO, IND\u00daSTRIA, COM\u00c9RCIO E MOBILIDADE URBANA<br>Paulo Renato Gon\u00e7alves J\u00fanior &#8211; Curi\u00f3<\/strong><br><br>-Engenheiro Mec\u00e2nico pelo Centro Universit\u00e1rio do Sul de Minas<br>-Especialista em Gest\u00e3o de Projetos<br>-Especialista em Sistemas de Gest\u00e3o de Qualidade<br>-P\u00f3s-Graduando em Futuro dos Neg\u00f3cios e Transi\u00e7\u00e3o Digital, Startups, Inova\u00e7\u00e3o e Empreendedorismo<br>-Professor do Centro Universit\u00e1rio de Lavras nos cursos de Engenharia Civil e Produ\u00e7\u00e3o de 2012 a 2017<br>-Professor do Centro Universit\u00e1rio do Sul de Minas nas MBAs de Gest\u00e3o de Projeto e Qualidade e Produtividade de 2018 a 2019<br>-Coordenador do N\u00facleo Cultural do Centro Universit\u00e1rio de Lavras em 2016<br>-Coordenador de engenharia, qualidade e respons\u00e1vel t\u00e9cnico da Mercomolas Industria de Molas de 2004 at\u00e9 o presente momento.<br>-Auditor de Sistemas de Qualidade ISO 9000 e IATF 16949 pelo Bureau Veritas <br>-Black Belt em Seis Sigmas e Lean Manufacturing pela SETEC Consulting Group<br>-Propriet\u00e1rio e Coordenador de Polos de Gradua\u00e7\u00e3o e P\u00f3s-Gradua\u00e7\u00e3o EaD do Grupo UNIS em 5 cidades.<\/p>\n\n\n\n<div class=\"wp-block-image\"><figure class=\"aligncenter is-resized\"><img loading=\"lazy\" decoding=\"async\" src=\"https:\/\/scontent-gru1-1.xx.fbcdn.net\/v\/t1.0-9\/133802991_3705146172905294_2318408453741115567_n.jpg?_nc_cat=101&amp;ccb=2&amp;_nc_sid=8bfeb9&amp;_nc_eui2=AeHZiQ-ZYTfbK4taKSquIO5ITma0V7n4UBtOZrRXufhQGz1YDHLajoyVmGVdfVcc_vk&amp;_nc_ohc=fQHG4wRFFQkAX-Li0lP&amp;_nc_ht=scontent-gru1-1.xx&amp;oh=d79fd84fd51e29192514dacb39ac82ac&amp;oe=600F7C07\" alt=\"A imagem pode conter: 1 pessoa\" width=\"463\" height=\"746\"\/><\/figure><\/div>\n\n\n\n<p><strong>SECRETARIA DE DESENVOLVIMENTO SOCIAL<br>Marlene Ferreira Silva<\/strong><br><br>-Bacharel em Servi\u00e7o Social &#8211; UNOPAR <br>-P\u00f3s Gradua\u00e7\u00e3o em Instrumentalidade do Servi\u00e7o Social <br>-Coordenadora da Prote\u00e7\u00e3o Social B\u00e1sica <br>-Coordenadora da Prote\u00e7\u00e3o Social Especial <br>-Coordenadora de CRAS<br>-Gerente da Secretaria de Desenvolvimento Social <br>-T\u00e9cnica em Contabilidade &#8211; CNEC <br>-Graduanda em Farm\u00e1cia &#8211; UNILAVRAS <br>-Auxiliar de Enfermagem- CNEC<\/p>\n\n\n\n<div class=\"wp-block-image\"><figure class=\"aligncenter is-resized\"><img loading=\"lazy\" decoding=\"async\" src=\"https:\/\/scontent-gru1-1.xx.fbcdn.net\/v\/t1.0-9\/134288448_3705161242903787_6148161294500696026_n.jpg?_nc_cat=101&amp;ccb=2&amp;_nc_sid=8bfeb9&amp;_nc_eui2=AeEOn4EzcZGZCy2GFL8ApSn24PAmwVWmGQTg8CbBVaYZBB5knSSA2uT9GR3kcP_QvHQ&amp;_nc_ohc=2sDyUq97JFkAX9VQHG7&amp;_nc_ht=scontent-gru1-1.xx&amp;oh=963a91cb49ba7067f531693a366b8eea&amp;oe=600F5E73\" alt=\"A imagem pode conter: 1 pessoa, close-up\" width=\"391\" height=\"509\"\/><\/figure><\/div>\n\n\n\n<p><strong>SECRETARIA DE AGRICULTURA, PECU\u00c1RIA E ABASTECIMENTO<br>Cassimiro da Silva<\/strong><\/p>\n\n\n\n<p>-ADMINISTRADOR DE EMPRESAS (UFLA). 1985-1988<br>-PRODUTOR RURAL<br>-VEREADOR LEGISLATURA 1997\/2000<br>-PRESIDENTE DA CAMARA 1999<br>-DIREITO (UNIFENAS). 1996-2000<br>-ESPECIALISTA EM DIREITO P\u00daBLICO (ANAMAGES).2006-2007<br>-SECRET\u00c1RIO DE GOVERNO E SECRET\u00c1RIO DE PLANEJAMENTO E GEST\u00c3O DA ADMINISTRA\u00c7\u00c3O JUSSARA MENICUCCI PREFEITURA MUNICIPAL DE LAVRAS 2005-2008<br>-SECRETARIO DA FAZENDA PUBLICA PREFEITURA MUNICIPAL DE LAVRAS.2009-2012.<br>-VICE PREFEITO MUNICIPAL (PML), ADMINISTRA\u00c7\u00c3O 2009-2012<\/p>\n\n\n\n<div class=\"wp-block-image\"><figure class=\"aligncenter\"><img decoding=\"async\" src=\"https:\/\/scontent-gru1-2.xx.fbcdn.net\/v\/t1.0-9\/133725609_3705167059569872_4719490540674063163_n.jpg?_nc_cat=100&amp;ccb=2&amp;_nc_sid=8bfeb9&amp;_nc_eui2=AeEjNUSo8B0vG1YUD4WB6caBjyz6gBmmqDWPLPqAGaaoNVfSkMt6ajAbqgdMgMGezZU&amp;_nc_ohc=YQVMDvtR-fsAX8_twcj&amp;_nc_ht=scontent-gru1-2.xx&amp;oh=1951027e4d433b58abd33485c692bc51&amp;oe=60106D86\" alt=\"A imagem pode conter: 1 pessoa, em p\u00e9 e barba\"\/><\/figure><\/div>\n\n\n\n<p><strong>SECRETARIA DE MEIO AMBIENTE<br>Tiago de Lima Pereira<\/strong><\/p>\n\n\n\n<p>Bi\u00f3logo pela UNILAVRAS (2006);<br>-Mestre em Ci\u00eancias pela UFLA (2010);<br>-Especialista em Gest\u00e3o, Auditoria e Licenciamento Ambiental pela UNOPAR<br>(2012).<br>-Docente convidado da p\u00f3s-gradua\u00e7\u00e3o em Engenharia de Seguran\u00e7a do<br>Trabalho UNILAVRAS, lecionando a disciplina de Prote\u00e7\u00e3o ao Meio Ambiente,<br>desde 2011.<br>-Diretor da Impacto Escola de Sa\u00fade.<br>-Apresenta artigos publicados na \u00e1rea de meio ambiente em peri\u00f3dicos:<br>nacionais e internacional.<br>-Revisor da revista: Agroneg\u00f3cio e Meio Ambiente<br>-Professor e coordenador da Unidade t\u00e9cnica de ensino \u2013 UNITEN (2008-2016).<br>Como professor lecionou as disciplinas: Pol\u00edtica Ambiental Municipal; Ci\u00eancias<br>do Ambiente, Legisla\u00e7\u00e3o Ambiental e Planejamento e Avalia\u00e7\u00e3o Ambiental.<br>-Professor do Centro Universit\u00e1rio do Sul de Minas- UNIS (2011), ministrando a disciplina de Ci\u00eancias do Ambiente, com a aprova\u00e7\u00e3o de projeto de inicia\u00e7\u00e3o cient\u00edfica na ag\u00eancia de fomento: FAPEMIG, na \u00e1rea de reciclagem de res\u00edduos da constru\u00e7\u00e3o civil.<br>-Professor no Centro Federal de Educa\u00e7\u00e3o Tecnol\u00f3gica de Minas Gerais &#8211; CEFETMG campus Nepomuceno (2013-2015) e campus Divin\u00f3polis (2018- 2020).<\/p>\n\n\n\n<p><\/p>\n","protected":false},"excerpt":{"rendered":"<p>Nesta segunda-feira, dia 28, a prefeita eleita de Lavras, Jussara Menicucci, anunciou novos nomes que ir\u00e3o compor a equipe de governo que assume a Prefeitura Municipal a partir do dia 1\u00ba de janeiro. Veja quem s\u00e3o os futuros Secret\u00e1rios e as pastas que cada um vai assumir: Procuradoria Geral do Munic\u00edpioLuciano Siqueira Salim -Graduado em [&hellip;]<\/p>\n","protected":false},"author":2,"featured_media":50386,"comment_status":"closed","ping_status":"open","sticky":false,"template":"","format":"standard","meta":{"advgb_blocks_editor_width":"","advgb_blocks_columns_visual_guide":"","_exactmetrics_skip_tracking":false,"_exactmetrics_sitenote_active":false,"_exactmetrics_sitenote_note":"","_exactmetrics_sitenote_category":0,"footnotes":""},"categories":[7,2,12],"tags":[],"class_list":["post-50385","post","type-post","status-publish","format-standard","has-post-thumbnail","hentry","category-destaques","category-noticias","category-politica"],"better_featured_image":{"id":50386,"alt_text":"","caption":"","description":"","media_type":"image","media_details":{"width":1564,"height":1564,"file":"2020\/12\/secretarios-parte-2.jpg","sizes":{"medium":{"file":"secretarios-parte-2-300x300.jpg","width":300,"height":300,"mime-type":"image\/jpeg","source_url":"https:\/\/lavras.tv\/site\/wp-content\/uploads\/2020\/12\/secretarios-parte-2-300x300.jpg"},"large":{"file":"secretarios-parte-2-970x970.jpg","width":970,"height":970,"mime-type":"image\/jpeg","source_url":"https:\/\/lavras.tv\/site\/wp-content\/uploads\/2020\/12\/secretarios-parte-2-970x970.jpg"},"thumbnail":{"file":"secretarios-parte-2-150x150.jpg","width":150,"height":150,"mime-type":"image\/jpeg","source_url":"https:\/\/lavras.tv\/site\/wp-content\/uploads\/2020\/12\/secretarios-parte-2-150x150.jpg"},"1536x1536":{"file":"secretarios-parte-2-1536x1536.jpg","width":1536,"height":1536,"mime-type":"image\/jpeg","source_url":"https:\/\/lavras.tv\/site\/wp-content\/uploads\/2020\/12\/secretarios-parte-2-1536x1536.jpg"},"alm-thumbnail":{"file":"secretarios-parte-2-150x150.jpg","width":150,"height":150,"mime-type":"image\/jpeg","source_url":"https:\/\/lavras.tv\/site\/wp-content\/uploads\/2020\/12\/secretarios-parte-2-150x150.jpg"}},"image_meta":{"aperture":"0","credit":"","camera":"","caption":"","created_timestamp":"0","copyright":"","focal_length":"0","iso":"0","shutter_speed":"0","title":"","orientation":"0","keywords":[]}},"post":50385,"source_url":"https:\/\/lavras.tv\/site\/wp-content\/uploads\/2020\/12\/secretarios-parte-2.jpg"},"author_meta":{"display_name":"Lavras TV","author_link":"https:\/\/lavras.tv\/site\/author\/lavrastv\/"},"featured_img":"https:\/\/lavras.tv\/site\/wp-content\/uploads\/2020\/12\/secretarios-parte-2-300x300.jpg","coauthors":[],"tax_additional":{"categories":{"linked":["<a href=\"https:\/\/lavras.tv\/site\/category\/destaques\/\" class=\"advgb-post-tax-term\">Destaques<\/a>","<a href=\"https:\/\/lavras.tv\/site\/category\/noticias\/\" class=\"advgb-post-tax-term\">Not\u00edcias<\/a>","<a href=\"https:\/\/lavras.tv\/site\/category\/politica\/\" class=\"advgb-post-tax-term\">Pol\u00edtica<\/a>"],"unlinked":["<span class=\"advgb-post-tax-term\">Destaques<\/span>","<span class=\"advgb-post-tax-term\">Not\u00edcias<\/span>","<span class=\"advgb-post-tax-term\">Pol\u00edtica<\/span>"]}},"comment_count":"0","relative_dates":{"created":"Publicado 5 anos atr\u00e1s","modified":"Atualizado 5 anos atr\u00e1s"},"absolute_dates":{"created":"Publicado em 28 de dezembro de 2020","modified":"Atualizado em 28 de dezembro de 2020"},"absolute_dates_time":{"created":"Publicado em 28 de dezembro de 2020 13:12","modified":"Atualizado em 28 de dezembro de 2020 13:12"},"featured_img_caption":"","series_order":"","_links":{"self":[{"href":"https:\/\/lavras.tv\/site\/wp-json\/wp\/v2\/posts\/50385","targetHints":{"allow":["GET"]}}],"collection":[{"href":"https:\/\/lavras.tv\/site\/wp-json\/wp\/v2\/posts"}],"about":[{"href":"https:\/\/lavras.tv\/site\/wp-json\/wp\/v2\/types\/post"}],"author":[{"embeddable":true,"href":"https:\/\/lavras.tv\/site\/wp-json\/wp\/v2\/users\/2"}],"replies":[{"embeddable":true,"href":"https:\/\/lavras.tv\/site\/wp-json\/wp\/v2\/comments?post=50385"}],"version-history":[{"count":1,"href":"https:\/\/lavras.tv\/site\/wp-json\/wp\/v2\/posts\/50385\/revisions"}],"predecessor-version":[{"id":50387,"href":"https:\/\/lavras.tv\/site\/wp-json\/wp\/v2\/posts\/50385\/revisions\/50387"}],"wp:featuredmedia":[{"embeddable":true,"href":"https:\/\/lavras.tv\/site\/wp-json\/wp\/v2\/media\/50386"}],"wp:attachment":[{"href":"https:\/\/lavras.tv\/site\/wp-json\/wp\/v2\/media?parent=50385"}],"wp:term":[{"taxonomy":"category","embeddable":true,"href":"https:\/\/lavras.tv\/site\/wp-json\/wp\/v2\/categories?post=50385"},{"taxonomy":"post_tag","embeddable":true,"href":"https:\/\/lavras.tv\/site\/wp-json\/wp\/v2\/tags?post=50385"}],"curies":[{"name":"wp","href":"https:\/\/api.w.org\/{rel}","templated":true}]}}