{"id":50397,"date":"2020-12-30T10:51:55","date_gmt":"2020-12-30T13:51:55","guid":{"rendered":"http:\/\/lavras.tv\/site\/?p=50397"},"modified":"2020-12-30T10:51:56","modified_gmt":"2020-12-30T13:51:56","slug":"jussara-menicucci-anuncia-novos-nomes-da-equipe-de-governo-que-comeca-a-trabalhar-em-janeiro","status":"publish","type":"post","link":"https:\/\/lavras.tv\/site\/2020\/12\/30\/jussara-menicucci-anuncia-novos-nomes-da-equipe-de-governo-que-comeca-a-trabalhar-em-janeiro\/","title":{"rendered":"Jussara Menicucci anuncia novos nomes da equipe de governo que come\u00e7a a trabalhar em janeiro"},"content":{"rendered":"<div class=\"lavra-antes-do-conteudo_2\" id=\"lavra-457362299\"><div id=\"lavra-slider-27\" class=\"custom-slider lavra-slider-1088046509 lavra-slider\"><ul><li><div style=\"margin-left: auto;margin-right: auto;text-align: center;\" id=\"lavra-1919647134\"><a href=\"https:\/\/sistemas.lavras.mg.gov.br\/portalcidadao\/#df1b1a7c7b2a290bcb31e32771e610784662739a88807c0dacac58ede5f391a7530e299dc302d611ee73cb143fc22eaf93592e53e7b5bdb01b00a0b8d28dae460c141dd2ff83412e4dc1c31b16b25f33144a9e5620ea73b13f5bc1c59411d98439ad226e8af03840603796067d87afe130812cf3de24982d0e306f9e61e764e5\" aria-label=\"Lavras-TV&#8211;720x104px (1) (1)\"><img src=\"https:\/\/lavras.tv\/site\/wp-content\/uploads\/2025\/01\/Lavras-TV-720x104px-1-1.png\" alt=\"\"  srcset=\"https:\/\/lavras.tv\/site\/wp-content\/uploads\/2025\/01\/Lavras-TV-720x104px-1-1.png 720w, https:\/\/lavras.tv\/site\/wp-content\/uploads\/2025\/01\/Lavras-TV-720x104px-1-1-470x68.png 470w, https:\/\/lavras.tv\/site\/wp-content\/uploads\/2025\/01\/Lavras-TV-720x104px-1-1-170x25.png 170w, https:\/\/lavras.tv\/site\/wp-content\/uploads\/2025\/01\/Lavras-TV-720x104px-1-1-200x29.png 200w\" sizes=\"(max-width: 720px) 100vw, 720px\" width=\"720\" height=\"104\"  style=\"display: inline-block;\" \/><\/a><\/div><\/li><li><a href=\"https:\/\/sistemas.lavras.mg.gov.br\/portalcidadao\/#df1b1a7c7b2a290bcb31e32771e610784662739a88807c0dacac58ede5f391a7530e299dc302d611ee73cb143fc22eaf93592e53e7b5bdb01b00a0b8d28dae460c141dd2ff83412e4dc1c31b16b25f33144a9e5620ea73b13f5bc1c59411d98439ad226e8af03840603796067d87afe130812cf3de24982d0e306f9e61e764e5\" aria-label=\"Banner_Emprego_PortallavrasTV\"><img src=\"https:\/\/lavras.tv\/site\/wp-content\/uploads\/2025\/03\/Banner_Emprego_PortallavrasTV.png\" alt=\"\"  srcset=\"https:\/\/lavras.tv\/site\/wp-content\/uploads\/2025\/03\/Banner_Emprego_PortallavrasTV.png 720w, https:\/\/lavras.tv\/site\/wp-content\/uploads\/2025\/03\/Banner_Emprego_PortallavrasTV-470x68.png 470w, https:\/\/lavras.tv\/site\/wp-content\/uploads\/2025\/03\/Banner_Emprego_PortallavrasTV-170x25.png 170w, https:\/\/lavras.tv\/site\/wp-content\/uploads\/2025\/03\/Banner_Emprego_PortallavrasTV-200x29.png 200w\" sizes=\"(max-width: 720px) 100vw, 720px\" width=\"720\" height=\"104\"   \/><\/a><\/li><li><a href=\"https:\/\/sistemas.lavras.mg.gov.br\/portalcidadao\/#df1b1a7c7b2a290bcb31e32771e610784662739a88807c0dacac58ede5f391a7530e299dc302d611ee73cb143fc22eaf93592e53e7b5bdb01b00a0b8d28dae460c141dd2ff83412e4dc1c31b16b25f33144a9e5620ea73b13f5bc1c59411d98439ad226e8af03840603796067d87afe130812cf3de24982d0e306f9e61e764e5\" aria-label=\"Banner_Obras_PortallavrasTV\"><img src=\"https:\/\/lavras.tv\/site\/wp-content\/uploads\/2025\/03\/Banner_Obras_PortallavrasTV.png\" alt=\"\"  srcset=\"https:\/\/lavras.tv\/site\/wp-content\/uploads\/2025\/03\/Banner_Obras_PortallavrasTV.png 720w, https:\/\/lavras.tv\/site\/wp-content\/uploads\/2025\/03\/Banner_Obras_PortallavrasTV-470x68.png 470w, https:\/\/lavras.tv\/site\/wp-content\/uploads\/2025\/03\/Banner_Obras_PortallavrasTV-170x25.png 170w, https:\/\/lavras.tv\/site\/wp-content\/uploads\/2025\/03\/Banner_Obras_PortallavrasTV-200x29.png 200w\" sizes=\"(max-width: 720px) 100vw, 720px\" width=\"720\" height=\"104\"   \/><\/a><\/li><li><div style=\"margin-left: auto;margin-right: auto;text-align: center;\" id=\"lavra-2803537822\"><a href=\"https:\/\/sistemas.lavras.mg.gov.br\/portalcidadao\/#df1b1a7c7b2a290bcb31e32771e610784662739a88807c0dacac58ede5f391a7530e299dc302d611ee73cb143fc22eaf93592e53e7b5bdb01b00a0b8d28dae460c141dd2ff83412e4dc1c31b16b25f33144a9e5620ea73b13f5bc1c59411d98439ad226e8af03840603796067d87afe130812cf3de24982d0e306f9e61e764e5\" aria-label=\"Banner_Educa\u00e7\u00e3o_PortallavrasTV\"><img src=\"https:\/\/lavras.tv\/site\/wp-content\/uploads\/2025\/01\/Banner_Educacao_PortallavrasTV.png\" alt=\"\"  srcset=\"https:\/\/lavras.tv\/site\/wp-content\/uploads\/2025\/01\/Banner_Educacao_PortallavrasTV.png 720w, https:\/\/lavras.tv\/site\/wp-content\/uploads\/2025\/01\/Banner_Educacao_PortallavrasTV-470x68.png 470w, https:\/\/lavras.tv\/site\/wp-content\/uploads\/2025\/01\/Banner_Educacao_PortallavrasTV-170x25.png 170w, https:\/\/lavras.tv\/site\/wp-content\/uploads\/2025\/01\/Banner_Educacao_PortallavrasTV-200x29.png 200w\" sizes=\"(max-width: 720px) 100vw, 720px\" width=\"720\" height=\"104\"  style=\"display: inline-block;\" \/><\/a><\/div><\/li><li><a href=\"https:\/\/sistemas.lavras.mg.gov.br\/portalcidadao\/#df1b1a7c7b2a290bcb31e32771e610784662739a88807c0dacac58ede5f391a7530e299dc302d611ee73cb143fc22eaf93592e53e7b5bdb01b00a0b8d28dae460c141dd2ff83412e4dc1c31b16b25f33144a9e5620ea73b13f5bc1c59411d98439ad226e8af03840603796067d87afe130812cf3de24982d0e306f9e61e764e5\" aria-label=\"Banner_Sa\u00fade_PortallavrasTV\"><img src=\"https:\/\/lavras.tv\/site\/wp-content\/uploads\/2025\/03\/Banner_Saude_PortallavrasTV.png\" alt=\"\"  srcset=\"https:\/\/lavras.tv\/site\/wp-content\/uploads\/2025\/03\/Banner_Saude_PortallavrasTV.png 720w, https:\/\/lavras.tv\/site\/wp-content\/uploads\/2025\/03\/Banner_Saude_PortallavrasTV-470x68.png 470w, https:\/\/lavras.tv\/site\/wp-content\/uploads\/2025\/03\/Banner_Saude_PortallavrasTV-170x25.png 170w, https:\/\/lavras.tv\/site\/wp-content\/uploads\/2025\/03\/Banner_Saude_PortallavrasTV-200x29.png 200w\" sizes=\"(max-width: 720px) 100vw, 720px\" width=\"720\" height=\"104\"   \/><\/a><\/li><li><div id=\"lavra-3021518629\" style=\"width:720px;height:104px;background-color:#ddd;overflow:scroll;\">\n\t<strong>Sa\u00edda da depura\u00e7\u00e3o de an\u00fancios<\/strong>\n\t<br><br>\n\tO an\u00fancio n\u00e3o \u00e9 exibido na p\u00e1gina<br><br>post atual: Jussara Menicucci anuncia novos nomes da equipe de governo que come\u00e7a a trabalhar em janeiro, ID: 50397<br><br><span style=\"color: red;\">O post atual n\u00e3o \u00e9 id\u00eantico ao post principal.<\/span><br><br>An\u00fancios: ROXO - TOPO INTERNA - ROTATIVO 2 (197)<br \/>Grupo de an\u00fancios: Princ_Meio01_720x104 (27)<br><br>Condi\u00e7\u00f5es de exibi\u00e7\u00e3o<div style=\"margin-bottom: 20px; white-space: pre-wrap; font-family: monospace; width: 100%; background: #ffe9e9;\"><strong>condi\u00e7\u00f5es gerais<\/strong><table border=\"1\"><thead><tr><th><\/th><th>An\u00fancios<\/th><th>wp_the_query<\/th><\/tr><\/thead><tr><td>is_main_query<\/td><td>1<\/td><td>1<\/td><\/tr><tr><td>is_rest_api<\/td><td>0<\/td><td>1<\/td><\/tr><tr><td>page<\/td><td>0<\/td><td>1<\/td><\/tr><tr><td>numpages<\/td><td>0<\/td><td>1<\/td><\/tr><tr><td>is_archive<\/td><td>1<\/td><td><\/td><\/tr><tr><td>is_search<\/td><td>1<\/td><td><\/td><\/tr><tr><td>is_home<\/td><td>1<\/td><td><\/td><\/tr><tr><td>is_404<\/td><td>1<\/td><td><\/td><\/tr><tr><td>is_attachment<\/td><td>1<\/td><td><\/td><\/tr><tr><td>is_singular<\/td><td>1<\/td><td><\/td><\/tr><tr><td>is_front_page<\/td><td>1<\/td><td><\/td><\/tr><tr><td>is_feed<\/td><td>1<\/td><td><\/td><\/tr><\/table><\/div><br><br><span style=\"color: red;\">Seu site usa HTTPS, mas o c\u00f3digo do an\u00fancio cont\u00e9m HTTP e pode n\u00e3o funcionar.<\/span>\t<br><br>\n\t<a style=\"color: green;\" href=\"https:\/\/wpadvancedads.com\/manual\/ad-debug-mode\/?utm_source=advanced-ads&utm_medium=link&utm_campaign=ad-debug-mode\" target=\"_blank\" rel=\"nofollow\">Encontre solu\u00e7\u00f5es no manual<\/a>\n<\/div>\n<\/li><\/ul><\/div><script>( window.advanced_ads_ready || jQuery( document ).ready ).call( null, function() {var $lavraslider1088046509 = jQuery( \".lavra-slider-1088046509\" );$lavraslider1088046509.on( \"unslider.ready\", function() { jQuery( \"div.custom-slider ul li\" ).css( \"display\", \"block\" ); });$lavraslider1088046509.unslider({ delay:4000, autoplay:true, nav:false, arrows:false, infinite:true });$lavraslider1088046509.on(\"mouseover\", function() {$lavraslider1088046509.unslider(\"stop\");}).on(\"mouseout\", function() {$lavraslider1088046509.unslider(\"start\");});});<\/script><\/div>\n<p>A prefeita eleita de Lavras, Jussara Menicucci, anunciou novos nomes que v\u00e3o compor a equipe de governo, logo que assumir a Prefeitura em 1\u00ba de janeiro de 2021.<\/p>\n\n\n\n<p>Confira quais s\u00e3o os nomes definidos e os cargos que cada um deve ocupar.<\/p>\n\n\n\n<div class=\"wp-block-image\"><figure class=\"aligncenter size-large\"><img fetchpriority=\"high\" decoding=\"async\" width=\"548\" height=\"553\" src=\"http:\/\/lavras.tv\/site\/wp-content\/uploads\/2020\/12\/assist-social.jpg\" alt=\"\" class=\"wp-image-50398\" srcset=\"https:\/\/lavras.tv\/site\/wp-content\/uploads\/2020\/12\/assist-social.jpg 548w, https:\/\/lavras.tv\/site\/wp-content\/uploads\/2020\/12\/assist-social-297x300.jpg 297w, https:\/\/lavras.tv\/site\/wp-content\/uploads\/2020\/12\/assist-social-149x150.jpg 149w, https:\/\/lavras.tv\/site\/wp-content\/uploads\/2020\/12\/assist-social-150x150.jpg 150w\" sizes=\"(max-width: 548px) 100vw, 548px\" \/><\/figure><\/div>\n\n\n\n<p><strong>Mayron Cardoso Gomes, Nilton C\u00e9sar e Luiz Henrique Santana<\/strong><\/p>\n\n\n\n<p>Equipe t\u00e9cnica da Secretaria Municipal de Desenvolvimento Social, nas \u00e1reas de direito e promo\u00e7\u00e3o social.<\/p>\n\n\n\n<div class=\"wp-block-image\"><figure class=\"aligncenter\"><img decoding=\"async\" src=\"https:\/\/scontent-gru1-1.xx.fbcdn.net\/v\/t1.0-9\/134117358_3708210612598850_2108831092896203842_n.jpg?_nc_cat=110&amp;ccb=2&amp;_nc_sid=730e14&amp;_nc_eui2=AeFfBGrIaD2_pGOGg33M3pHb8M2Dyxk1MOTwzYPLGTUw5O5rT6AK8J9_yMvNopPZqK0&amp;_nc_ohc=bS6pH00MttMAX8mWwi8&amp;_nc_ht=scontent-gru1-1.xx&amp;oh=0656f035129119dfcd95783c67de9ec5&amp;oe=60108F05\" alt=\"A imagem pode conter: 1 pessoa\"\/><\/figure><\/div>\n\n\n\n<p><strong>CARLOS ALBERTO SILVA \u2013 Defesa Civil<\/strong><\/p>\n\n\n\n<p>-1\u00b0 Sargento PMMG &#8211; QPR<br>-CFSD &#8211; Curso de Forma\u00e7\u00e3o de Soldados, 1992<br>-CFC &#8211; Curso de Forma\u00e7\u00e3o de Cabos, 1994<br>-CEFS &#8211; Curso Especial de Forma\u00e7\u00e3o de Sargentos, 2010<br>-Bacharel em Direito (Universidade Jos\u00e9 do Ros\u00e1rio Vellano &#8211; UNIFENAS) &#8211; conclus\u00e3o em 2006.<br>-Curso T\u00e9cnico em Contabilidade.<br>-Medalha de M\u00e9rito Militar Grau Bronze \u2013 2003<br>-Medalha de M\u00e9rito Militar Grau Prata \u2013 2013<br>-Certificado de Excel\u00eancia Profissional Setor Administrativo da PMMG &#8211; 6\u00b0 RPM &#8211; 2017<br>-Honra ao M\u00e9rito &#8211; C\u00e2mara Municipal de Lavras &#8211; 2017<\/p>\n\n\n\n<div class=\"wp-block-image\"><figure class=\"aligncenter is-resized\"><img decoding=\"async\" src=\"https:\/\/scontent-gru1-1.xx.fbcdn.net\/v\/t1.0-9\/p843x403\/134070784_3708219099264668_7252816928638796042_o.jpg?_nc_cat=110&amp;ccb=2&amp;_nc_sid=730e14&amp;_nc_eui2=AeHg_0CoX-umSEMk15W45rYWzVf0kLfx1KTNV_SQt_HUpFzzaPpE3pG0uVjxbZPFEMo&amp;_nc_ohc=eOj8lmGGcZkAX_zLKqD&amp;_nc_ht=scontent-gru1-1.xx&amp;tp=6&amp;oh=6f34b420ff694ad78a58aa5f77bbe309&amp;oe=60123009\" alt=\"A imagem pode conter: 1 pessoa, close-up\" width=\"442\" height=\"620\"\/><\/figure><\/div>\n\n\n\n<p><strong>LUCIANO PEREIRA \u2013 Diretor do LAVRASPREV<\/strong><\/p>\n\n\n\n<p>-Nasceu em 1972, graduou-se em administra\u00e7\u00e3o na FAGAMMOM em 1996. Trabalhando no laborat\u00f3rio do Wanderley por 18 anos. Em sua trajet\u00f3ria no servi\u00e7o p\u00fablico, que come\u00e7ou em 2004, j\u00e1 atuou como Gerente de transportes, respons\u00e1vel pelo patrim\u00f4nio da prefeitura, como coordenador do almoxarifado central, como Secret\u00e1rio de Administra\u00e7\u00e3o.<br>-Graduado em Administra\u00e7\u00e3o pela FAGAMMOM 1996.<br>-Funcion\u00e1rio Efetivo da Prefeitura Municipal de Lavras concursado em 2003 como Administrador.<br>-Foi respons\u00e1vel pelos setores de: Patrim\u00f4nio, almoxarifado, transportes.<br>-Secret\u00e1rio de Administra\u00e7\u00e3o de 2015 e 2016.<\/p>\n\n\n\n<div class=\"wp-block-image\"><figure class=\"aligncenter\"><img decoding=\"async\" src=\"https:\/\/scontent-gru1-2.xx.fbcdn.net\/v\/t1.0-9\/134048568_3708263609260217_2569769915145931045_n.jpg?_nc_cat=100&amp;ccb=2&amp;_nc_sid=730e14&amp;_nc_eui2=AeEaDS0oKE7U4BL__urgdLugSqCH82Znhq9KoIfzZmeGr-mgEUMKaE9pY04TTai2vHQ&amp;_nc_ohc=oCAekwZ90VEAX8VVKly&amp;_nc_ht=scontent-gru1-2.xx&amp;oh=7781e4b2fef06b749d7b1048c80ed68f&amp;oe=60133335\" alt=\"A imagem pode conter: 1 pessoa, terno\"\/><\/figure><\/div>\n\n\n\n<p><strong>MARCELO SABATO &#8211; Assessor de Rela\u00e7\u00f5es Institucionais<\/strong><br><br>-Advogado<br>-S\u00f3cio fundador do escrit\u00f3rio Sabato Advocacia Sociedade de Advogados;<br>-Especialista em Direito P\u00fablico;<br>-Procurador Geral do Munic\u00edpio de Lavras (2015\/2016);<br>-Assessor Jur\u00eddico do Munic\u00edpio de Lavras (2014);<br>-Membro Assessoria Jur\u00eddica do Munic\u00edpio de Lavras (2009\/2012);<br>-Assessor Jur\u00eddico de institui\u00e7\u00f5es privadas do terceiro setor;<br>-Assessor Jur\u00eddico da C\u00e2mara Municipal do Munic\u00edpio de Ribeir\u00e3o Vermelho (2019);<br>-Consultor Jur\u00eddico a membros dos Poderes Legislativo e Executivo;<br>-Consultor Jur\u00eddico empresarial;<br>-Advogado militante nas \u00e1reas do direito p\u00fablico, administrativo, empresarial, trabalhista e civil;<br>-Ex-Professor de Legisla\u00e7\u00e3o aplicada e Direito Constitucional dos cursos preparat\u00f3rios para concurso p\u00fablico da Funda\u00e7\u00e3o de Apoio ao Ensino Pesquisa e Extens\u00e3o \u2013 FAEPE.<\/p>\n\n\n\n<div class=\"wp-block-image\"><figure class=\"aligncenter is-resized\"><img decoding=\"async\" src=\"https:\/\/scontent-gru2-2.xx.fbcdn.net\/v\/t1.0-9\/134380371_3708271209259457_3361817368715291690_n.jpg?_nc_cat=105&amp;ccb=2&amp;_nc_sid=730e14&amp;_nc_eui2=AeFpj9jroz4RUUL-K8ct_cU40eHvDzv2Tv7R4e8PO_ZO_lU17hp2sZdkRPAIOhOe8wc&amp;_nc_ohc=nTtC9xWSPOoAX8dGCKV&amp;_nc_ht=scontent-gru2-2.xx&amp;oh=7cf21ba5440595e40b636b8a2237aac0&amp;oe=60117730\" alt=\"A imagem pode conter: 1 pessoa\" width=\"321\" height=\"382\"\/><\/figure><\/div>\n\n\n\n<p><strong>FL\u00c1VIO RIVELLI &#8211; Controlador Geral do Munic\u00edpio<\/strong><\/p>\n\n\n\n<p>-Possui especializa\u00e7\u00e3o em Administra\u00e7\u00e3o P\u00fablica e Ger\u00eancia de Cidades pela Faculdade de Tecnologia Internacional (2009).<br>-Gradua\u00e7\u00e3o em Matem\u00e1tica pelo Centro Universit\u00e1rio de Lavras (2006), gradua\u00e7\u00e3o em Administra\u00e7\u00e3o pelo Instituto Presbiteriano Gammon (1999).<br>-Mestrando em Dire\u00e7\u00e3o Estrat\u00e9gica pela UNINI. \u00c9 servidor p\u00fablico (fiscal de rendas) com mais de 24 anos de prefeitura.<\/p>\n\n\n\n<div class=\"wp-block-image\"><figure class=\"aligncenter is-resized\"><img loading=\"lazy\" decoding=\"async\" src=\"https:\/\/scontent-gru1-1.xx.fbcdn.net\/v\/t1.0-9\/s960x960\/134139552_3708276305925614_6059312226797300247_o.jpg?_nc_cat=110&amp;ccb=2&amp;_nc_sid=730e14&amp;_nc_eui2=AeFNfrn6iByxUwxHBXkSk5zUhiqNvb0b_BaGKo29vRv8FnxqabkkEi6Fo73RKaOUzao&amp;_nc_ohc=YpTxtui1ZawAX8w4_8-&amp;_nc_ht=scontent-gru1-1.xx&amp;tp=7&amp;oh=89c907fd6eaa21e03a7406961401772b&amp;oe=60120699\" alt=\"A imagem pode conter: 1 pessoa, sorrindo, \u00f3culos e close-up\" width=\"448\" height=\"560\"\/><\/figure><\/div>\n\n\n\n<p><strong>JOS\u00c9 OT\u00c1VIO BENTO MACEDO MARQUES- Assessor de Rela\u00e7\u00f5es Institucionais<\/strong><\/p>\n\n\n\n<p>-Graduado em Direito pelo Centro Universit\u00e1rio de Lavras (UNILAVRAS &#8211; 2020).<br>-Ex- Bolsista PIBIC-UNILAVRAS (2017\/2018).<br>-Men\u00e7\u00e3o Honrosa 1\u2070 lugar: Semin\u00e1rio de Inicia\u00e7\u00e3o Cient\u00edfica &#8211; PIBIC-UNILAVRAS (2018).<\/p>\n\n\n\n<p><\/p>\n","protected":false},"excerpt":{"rendered":"<p>A prefeita eleita de Lavras, Jussara Menicucci, anunciou novos nomes que v\u00e3o compor a equipe de governo, logo que assumir a Prefeitura em 1\u00ba de janeiro de 2021. Confira quais s\u00e3o os nomes definidos e os cargos que cada um deve ocupar. Mayron Cardoso Gomes, Nilton C\u00e9sar e Luiz Henrique Santana Equipe t\u00e9cnica da Secretaria [&hellip;]<\/p>\n","protected":false},"author":2,"featured_media":50399,"comment_status":"closed","ping_status":"open","sticky":false,"template":"","format":"standard","meta":{"advgb_blocks_editor_width":"","advgb_blocks_columns_visual_guide":"","_exactmetrics_skip_tracking":false,"_exactmetrics_sitenote_active":false,"_exactmetrics_sitenote_note":"","_exactmetrics_sitenote_category":0,"footnotes":""},"categories":[7,2,12],"tags":[],"class_list":["post-50397","post","type-post","status-publish","format-standard","has-post-thumbnail","hentry","category-destaques","category-noticias","category-politica"],"better_featured_image":{"id":50399,"alt_text":"","caption":"","description":"","media_type":"image","media_details":{"width":1280,"height":1280,"file":"2020\/12\/jussara.jpg","sizes":{"medium":{"file":"jussara-300x300.jpg","width":300,"height":300,"mime-type":"image\/jpeg","source_url":"https:\/\/lavras.tv\/site\/wp-content\/uploads\/2020\/12\/jussara-300x300.jpg"},"large":{"file":"jussara-970x970.jpg","width":970,"height":970,"mime-type":"image\/jpeg","source_url":"https:\/\/lavras.tv\/site\/wp-content\/uploads\/2020\/12\/jussara-970x970.jpg"},"thumbnail":{"file":"jussara-150x150.jpg","width":150,"height":150,"mime-type":"image\/jpeg","source_url":"https:\/\/lavras.tv\/site\/wp-content\/uploads\/2020\/12\/jussara-150x150.jpg"},"alm-thumbnail":{"file":"jussara-150x150.jpg","width":150,"height":150,"mime-type":"image\/jpeg","source_url":"https:\/\/lavras.tv\/site\/wp-content\/uploads\/2020\/12\/jussara-150x150.jpg"}},"image_meta":{"aperture":"0","credit":"","camera":"","caption":"","created_timestamp":"0","copyright":"","focal_length":"0","iso":"0","shutter_speed":"0","title":"","orientation":"0","keywords":[]}},"post":50397,"source_url":"https:\/\/lavras.tv\/site\/wp-content\/uploads\/2020\/12\/jussara.jpg"},"author_meta":{"display_name":"Lavras TV","author_link":"https:\/\/lavras.tv\/site\/author\/lavrastv\/"},"featured_img":"https:\/\/lavras.tv\/site\/wp-content\/uploads\/2020\/12\/jussara-300x300.jpg","coauthors":[],"tax_additional":{"categories":{"linked":["<a href=\"https:\/\/lavras.tv\/site\/category\/destaques\/\" class=\"advgb-post-tax-term\">Destaques<\/a>","<a href=\"https:\/\/lavras.tv\/site\/category\/noticias\/\" class=\"advgb-post-tax-term\">Not\u00edcias<\/a>","<a href=\"https:\/\/lavras.tv\/site\/category\/politica\/\" class=\"advgb-post-tax-term\">Pol\u00edtica<\/a>"],"unlinked":["<span class=\"advgb-post-tax-term\">Destaques<\/span>","<span class=\"advgb-post-tax-term\">Not\u00edcias<\/span>","<span class=\"advgb-post-tax-term\">Pol\u00edtica<\/span>"]}},"comment_count":"0","relative_dates":{"created":"Publicado 5 anos atr\u00e1s","modified":"Atualizado 5 anos atr\u00e1s"},"absolute_dates":{"created":"Publicado em 30 de dezembro de 2020","modified":"Atualizado em 30 de dezembro de 2020"},"absolute_dates_time":{"created":"Publicado em 30 de dezembro de 2020 10:51","modified":"Atualizado em 30 de dezembro de 2020 10:51"},"featured_img_caption":"","series_order":"","_links":{"self":[{"href":"https:\/\/lavras.tv\/site\/wp-json\/wp\/v2\/posts\/50397","targetHints":{"allow":["GET"]}}],"collection":[{"href":"https:\/\/lavras.tv\/site\/wp-json\/wp\/v2\/posts"}],"about":[{"href":"https:\/\/lavras.tv\/site\/wp-json\/wp\/v2\/types\/post"}],"author":[{"embeddable":true,"href":"https:\/\/lavras.tv\/site\/wp-json\/wp\/v2\/users\/2"}],"replies":[{"embeddable":true,"href":"https:\/\/lavras.tv\/site\/wp-json\/wp\/v2\/comments?post=50397"}],"version-history":[{"count":1,"href":"https:\/\/lavras.tv\/site\/wp-json\/wp\/v2\/posts\/50397\/revisions"}],"predecessor-version":[{"id":50400,"href":"https:\/\/lavras.tv\/site\/wp-json\/wp\/v2\/posts\/50397\/revisions\/50400"}],"wp:featuredmedia":[{"embeddable":true,"href":"https:\/\/lavras.tv\/site\/wp-json\/wp\/v2\/media\/50399"}],"wp:attachment":[{"href":"https:\/\/lavras.tv\/site\/wp-json\/wp\/v2\/media?parent=50397"}],"wp:term":[{"taxonomy":"category","embeddable":true,"href":"https:\/\/lavras.tv\/site\/wp-json\/wp\/v2\/categories?post=50397"},{"taxonomy":"post_tag","embeddable":true,"href":"https:\/\/lavras.tv\/site\/wp-json\/wp\/v2\/tags?post=50397"}],"curies":[{"name":"wp","href":"https:\/\/api.w.org\/{rel}","templated":true}]}}