{"id":5046,"date":"2016-12-21T09:18:56","date_gmt":"2016-12-21T11:18:56","guid":{"rendered":"http:\/\/lavras.tv\/site\/?p=5046"},"modified":"2016-12-21T09:18:56","modified_gmt":"2016-12-21T11:18:56","slug":"governador-de-minas-se-reune-com-comando-da-policia-civil","status":"publish","type":"post","link":"https:\/\/lavras.tv\/site\/2016\/12\/21\/governador-de-minas-se-reune-com-comando-da-policia-civil\/","title":{"rendered":"Governador de Minas se re\u00fane com comando da Pol\u00edcia Civil"},"content":{"rendered":"<div class=\"lavra-antes-do-conteudo_2\" id=\"lavra-1146545183\"><div id=\"lavra-slider-27\" class=\"custom-slider lavra-slider-1626745034 lavra-slider\"><ul><li><div style=\"margin-left: auto;margin-right: auto;text-align: center;\" id=\"lavra-1717184846\"><a href=\"https:\/\/sistemas.lavras.mg.gov.br\/portalcidadao\/#df1b1a7c7b2a290bcb31e32771e610784662739a88807c0dacac58ede5f391a7530e299dc302d611ee73cb143fc22eaf93592e53e7b5bdb01b00a0b8d28dae460c141dd2ff83412e4dc1c31b16b25f33144a9e5620ea73b13f5bc1c59411d98439ad226e8af03840603796067d87afe130812cf3de24982d0e306f9e61e764e5\" aria-label=\"Lavras-TV&#8211;720x104px (1) (1)\"><img src=\"https:\/\/lavras.tv\/site\/wp-content\/uploads\/2025\/01\/Lavras-TV-720x104px-1-1.png\" alt=\"\"  srcset=\"https:\/\/lavras.tv\/site\/wp-content\/uploads\/2025\/01\/Lavras-TV-720x104px-1-1.png 720w, https:\/\/lavras.tv\/site\/wp-content\/uploads\/2025\/01\/Lavras-TV-720x104px-1-1-470x68.png 470w, https:\/\/lavras.tv\/site\/wp-content\/uploads\/2025\/01\/Lavras-TV-720x104px-1-1-170x25.png 170w, https:\/\/lavras.tv\/site\/wp-content\/uploads\/2025\/01\/Lavras-TV-720x104px-1-1-200x29.png 200w\" sizes=\"(max-width: 720px) 100vw, 720px\" width=\"720\" height=\"104\"  style=\"display: inline-block;\" \/><\/a><\/div><\/li><li><a href=\"https:\/\/sistemas.lavras.mg.gov.br\/portalcidadao\/#df1b1a7c7b2a290bcb31e32771e610784662739a88807c0dacac58ede5f391a7530e299dc302d611ee73cb143fc22eaf93592e53e7b5bdb01b00a0b8d28dae460c141dd2ff83412e4dc1c31b16b25f33144a9e5620ea73b13f5bc1c59411d98439ad226e8af03840603796067d87afe130812cf3de24982d0e306f9e61e764e5\" aria-label=\"Banner_Emprego_PortallavrasTV\"><img src=\"https:\/\/lavras.tv\/site\/wp-content\/uploads\/2025\/03\/Banner_Emprego_PortallavrasTV.png\" alt=\"\"  srcset=\"https:\/\/lavras.tv\/site\/wp-content\/uploads\/2025\/03\/Banner_Emprego_PortallavrasTV.png 720w, https:\/\/lavras.tv\/site\/wp-content\/uploads\/2025\/03\/Banner_Emprego_PortallavrasTV-470x68.png 470w, https:\/\/lavras.tv\/site\/wp-content\/uploads\/2025\/03\/Banner_Emprego_PortallavrasTV-170x25.png 170w, https:\/\/lavras.tv\/site\/wp-content\/uploads\/2025\/03\/Banner_Emprego_PortallavrasTV-200x29.png 200w\" sizes=\"(max-width: 720px) 100vw, 720px\" width=\"720\" height=\"104\"   \/><\/a><\/li><li><a href=\"https:\/\/sistemas.lavras.mg.gov.br\/portalcidadao\/#df1b1a7c7b2a290bcb31e32771e610784662739a88807c0dacac58ede5f391a7530e299dc302d611ee73cb143fc22eaf93592e53e7b5bdb01b00a0b8d28dae460c141dd2ff83412e4dc1c31b16b25f33144a9e5620ea73b13f5bc1c59411d98439ad226e8af03840603796067d87afe130812cf3de24982d0e306f9e61e764e5\" aria-label=\"Banner_Obras_PortallavrasTV\"><img src=\"https:\/\/lavras.tv\/site\/wp-content\/uploads\/2025\/03\/Banner_Obras_PortallavrasTV.png\" alt=\"\"  srcset=\"https:\/\/lavras.tv\/site\/wp-content\/uploads\/2025\/03\/Banner_Obras_PortallavrasTV.png 720w, https:\/\/lavras.tv\/site\/wp-content\/uploads\/2025\/03\/Banner_Obras_PortallavrasTV-470x68.png 470w, https:\/\/lavras.tv\/site\/wp-content\/uploads\/2025\/03\/Banner_Obras_PortallavrasTV-170x25.png 170w, https:\/\/lavras.tv\/site\/wp-content\/uploads\/2025\/03\/Banner_Obras_PortallavrasTV-200x29.png 200w\" sizes=\"(max-width: 720px) 100vw, 720px\" width=\"720\" height=\"104\"   \/><\/a><\/li><li><div style=\"margin-left: auto;margin-right: auto;text-align: center;\" id=\"lavra-3426515876\"><a href=\"https:\/\/sistemas.lavras.mg.gov.br\/portalcidadao\/#df1b1a7c7b2a290bcb31e32771e610784662739a88807c0dacac58ede5f391a7530e299dc302d611ee73cb143fc22eaf93592e53e7b5bdb01b00a0b8d28dae460c141dd2ff83412e4dc1c31b16b25f33144a9e5620ea73b13f5bc1c59411d98439ad226e8af03840603796067d87afe130812cf3de24982d0e306f9e61e764e5\" aria-label=\"Banner_Educa\u00e7\u00e3o_PortallavrasTV\"><img src=\"https:\/\/lavras.tv\/site\/wp-content\/uploads\/2025\/01\/Banner_Educacao_PortallavrasTV.png\" alt=\"\"  srcset=\"https:\/\/lavras.tv\/site\/wp-content\/uploads\/2025\/01\/Banner_Educacao_PortallavrasTV.png 720w, https:\/\/lavras.tv\/site\/wp-content\/uploads\/2025\/01\/Banner_Educacao_PortallavrasTV-470x68.png 470w, https:\/\/lavras.tv\/site\/wp-content\/uploads\/2025\/01\/Banner_Educacao_PortallavrasTV-170x25.png 170w, https:\/\/lavras.tv\/site\/wp-content\/uploads\/2025\/01\/Banner_Educacao_PortallavrasTV-200x29.png 200w\" sizes=\"(max-width: 720px) 100vw, 720px\" width=\"720\" height=\"104\"  style=\"display: inline-block;\" \/><\/a><\/div><\/li><li><a href=\"https:\/\/sistemas.lavras.mg.gov.br\/portalcidadao\/#df1b1a7c7b2a290bcb31e32771e610784662739a88807c0dacac58ede5f391a7530e299dc302d611ee73cb143fc22eaf93592e53e7b5bdb01b00a0b8d28dae460c141dd2ff83412e4dc1c31b16b25f33144a9e5620ea73b13f5bc1c59411d98439ad226e8af03840603796067d87afe130812cf3de24982d0e306f9e61e764e5\" aria-label=\"Banner_Sa\u00fade_PortallavrasTV\"><img src=\"https:\/\/lavras.tv\/site\/wp-content\/uploads\/2025\/03\/Banner_Saude_PortallavrasTV.png\" alt=\"\"  srcset=\"https:\/\/lavras.tv\/site\/wp-content\/uploads\/2025\/03\/Banner_Saude_PortallavrasTV.png 720w, https:\/\/lavras.tv\/site\/wp-content\/uploads\/2025\/03\/Banner_Saude_PortallavrasTV-470x68.png 470w, https:\/\/lavras.tv\/site\/wp-content\/uploads\/2025\/03\/Banner_Saude_PortallavrasTV-170x25.png 170w, https:\/\/lavras.tv\/site\/wp-content\/uploads\/2025\/03\/Banner_Saude_PortallavrasTV-200x29.png 200w\" sizes=\"(max-width: 720px) 100vw, 720px\" width=\"720\" height=\"104\"   \/><\/a><\/li><li><div id=\"lavra-3591760535\" style=\"width:720px;height:104px;background-color:#ddd;overflow:scroll;\">\n\t<strong>Sa\u00edda da depura\u00e7\u00e3o de an\u00fancios<\/strong>\n\t<br><br>\n\tO an\u00fancio n\u00e3o \u00e9 exibido na p\u00e1gina<br><br>post atual: Governador de Minas se re\u00fane com comando da Pol\u00edcia Civil, ID: 5046<br><br><span style=\"color: red;\">O post atual n\u00e3o \u00e9 id\u00eantico ao post principal.<\/span><br><br>An\u00fancios: ROXO - TOPO INTERNA - ROTATIVO 2 (197)<br \/>Grupo de an\u00fancios: Princ_Meio01_720x104 (27)<br><br>Condi\u00e7\u00f5es de exibi\u00e7\u00e3o<div style=\"margin-bottom: 20px; white-space: pre-wrap; font-family: monospace; width: 100%; background: #ffe9e9;\"><strong>condi\u00e7\u00f5es gerais<\/strong><table border=\"1\"><thead><tr><th><\/th><th>An\u00fancios<\/th><th>wp_the_query<\/th><\/tr><\/thead><tr><td>is_main_query<\/td><td>1<\/td><td>1<\/td><\/tr><tr><td>is_rest_api<\/td><td>0<\/td><td>1<\/td><\/tr><tr><td>page<\/td><td>0<\/td><td>1<\/td><\/tr><tr><td>numpages<\/td><td>0<\/td><td>1<\/td><\/tr><tr><td>is_archive<\/td><td>1<\/td><td><\/td><\/tr><tr><td>is_search<\/td><td>1<\/td><td><\/td><\/tr><tr><td>is_home<\/td><td>1<\/td><td><\/td><\/tr><tr><td>is_404<\/td><td>1<\/td><td><\/td><\/tr><tr><td>is_attachment<\/td><td>1<\/td><td><\/td><\/tr><tr><td>is_singular<\/td><td>1<\/td><td><\/td><\/tr><tr><td>is_front_page<\/td><td>1<\/td><td><\/td><\/tr><tr><td>is_feed<\/td><td>1<\/td><td><\/td><\/tr><\/table><\/div><br><br><span style=\"color: red;\">Seu site usa HTTPS, mas o c\u00f3digo do an\u00fancio cont\u00e9m HTTP e pode n\u00e3o funcionar.<\/span>\t<br><br>\n\t<a style=\"color: green;\" href=\"https:\/\/wpadvancedads.com\/manual\/ad-debug-mode\/?utm_source=advanced-ads&utm_medium=link&utm_campaign=ad-debug-mode\" target=\"_blank\" rel=\"nofollow\">Encontre solu\u00e7\u00f5es no manual<\/a>\n<\/div>\n<\/li><\/ul><\/div><script>( window.advanced_ads_ready || jQuery( document ).ready ).call( null, function() {var $lavraslider1626745034 = jQuery( \".lavra-slider-1626745034\" );$lavraslider1626745034.on( \"unslider.ready\", function() { jQuery( \"div.custom-slider ul li\" ).css( \"display\", \"block\" ); });$lavraslider1626745034.unslider({ delay:4000, autoplay:true, nav:false, arrows:false, infinite:true });$lavraslider1626745034.on(\"mouseover\", function() {$lavraslider1626745034.unslider(\"stop\");}).on(\"mouseout\", function() {$lavraslider1626745034.unslider(\"start\");});});<\/script><\/div><p>O governador Fernando Pimentel se reuniu nesta ter\u00e7a-feira (20\/12) com integrantes do Conselho Superior da Pol\u00edcia Civil de Minas Gerais para tratar do Projeto de Lei Complementar (PLP) 257.<!--more--> \u00a0Assim como ocorreu na tarde desta segunda-feira (19\/12), o Governo estadual externou ao grupo sua posi\u00e7\u00e3o contr\u00e1ria \u00e0s modifica\u00e7\u00f5es que haviam sido aprovadas no Senado, cujas contrapartidas impostas, na vis\u00e3o do Estado, aprofundariam a crise atual.<\/p>\n<p><img fetchpriority=\"high\" decoding=\"async\" class=\"size-full wp-image-5047 aligncenter\" src=\"http:\/\/lavras.tv\/site\/wp-content\/uploads\/2016\/12\/pimentel-e-civil.jpg\" alt=\"pimentel-e-civil\" width=\"940\" height=\"350\" \/><br \/>\nNesta ter\u00e7a-feira, o PLP 257 voltou a ser votado no plen\u00e1rio da C\u00e2mara, que retirou contrapartidas propostas pelo Senado. Entre elas a proibi\u00e7\u00e3o de reajuste salarial e o aumento da contribui\u00e7\u00e3o previdenci\u00e1ria dos servidores p\u00fablicos. O projeto restabelecido pela C\u00e2mara ainda depende de san\u00e7\u00e3o presidencial para entrar em vigor.<\/p>\n<p>O secret\u00e1rio de Estado de Governo, Odair Cunha, afirmou ap\u00f3s o encontro que h\u00e1 uma compreens\u00e3o plena do corpo dirigente da Pol\u00edcia Civil de que o PLP, como aprovado anteriormente pelo Senado, n\u00e3o atende aos interesses do Governo de Minas Gerais \u201cna medida em que o projeto aprofundaria um processo de crise nos Estados\u201d.<\/p>\n<p>\u201cO projeto estabelece um plano de recupera\u00e7\u00e3o para os estados, plano que \u00e9 uma proposta do Governo federal e que, tal qual foi aprovada no Senado, com apoio de senadores de Minas Gerais, n\u00e3o atende \u00e0 expectativa do Governo mineiro. O corpo dirigente da Pol\u00edcia Civil compreendeu isso e veio, al\u00e9m de manifestar apoio e solidariedade ao Governo do Estado e ao governador Fernando Pimentel, estabeleceu o compromisso da Pol\u00edcia Civil com o sistema de seguran\u00e7a p\u00fablico de Minas Gerais\u201d, ressaltou o secret\u00e1rio.<\/p>\n<p>\u201cAs preocupa\u00e7\u00f5es do corpo dirigente v\u00e3o ao encontro das preocupa\u00e7\u00f5es que n\u00f3s j\u00e1 expressamos desde ontem. Ou seja, as contrapartidas colocadas no projeto pelo Senado s\u00e3o demasiadas, desequilibradas, desproporcionais com o que n\u00f3s queremos ver, que \u00e9 a recupera\u00e7\u00e3o fiscal do Estado\u201d, completou Odair Cunha.<\/p>\n<p>O chefe adjunto da Pol\u00edcia Civil, Raimundo Nonato Gon\u00e7alves, explica que o Conselho Superior entregou um documento ao governador pedindo apoio \u00e0s quest\u00f5es que v\u00eam preocupando a corpora\u00e7\u00e3o e solicitando que sejam mantidos os direitos dos policiais civis. \u201cEstamos satisfeitos com o resultado de hoje. O governador nos recebeu muito bem, estamos satisfeitos, temos certeza que a nossa Pol\u00edcia Civil ganha com esse encontro\u201d, disse Gon\u00e7alves.<\/p>\n<p>Tamb\u00e9m participaram do encontro o chefe de gabinete da Pol\u00edcia Civil, Bruno Tasca Cabral; o superintendente de Informa\u00e7\u00f5es e Intelig\u00eancia Policial (SIIP), Architon Zadra; e o secret\u00e1rio de Estado de Seguran\u00e7a P\u00fablica (Sesp), S\u00e9rgio Menezes.<\/p>\n<p>Fonte: Ag\u00eancia Minas<\/p>\n","protected":false},"excerpt":{"rendered":"<p>O governador Fernando Pimentel se reuniu nesta ter\u00e7a-feira (20\/12) com integrantes do Conselho Superior da Pol\u00edcia Civil de Minas Gerais para tratar do Projeto de Lei Complementar (PLP) 257.<\/p>\n","protected":false},"author":2,"featured_media":5047,"comment_status":"closed","ping_status":"open","sticky":false,"template":"","format":"standard","meta":{"advgb_blocks_editor_width":"","advgb_blocks_columns_visual_guide":"","_exactmetrics_skip_tracking":false,"_exactmetrics_sitenote_active":false,"_exactmetrics_sitenote_note":"","_exactmetrics_sitenote_category":0,"footnotes":""},"categories":[12],"tags":[137,1947,1312],"class_list":["post-5046","post","type-post","status-publish","format-standard","has-post-thumbnail","hentry","category-politica","tag-pimentel","tag-plp-257","tag-policia-civil"],"better_featured_image":{"id":5047,"alt_text":"","caption":"","description":"","media_type":"image","media_details":{"width":418,"height":345,"file":"2016\/12\/pimentel-e-civil-e1482319115365.jpg","sizes":{"thumbnail":{"file":"pimentel-e-civil-e1482319115365-150x124.jpg","width":150,"height":124,"mime-type":"image\/jpeg","source_url":"https:\/\/lavras.tv\/site\/wp-content\/uploads\/2016\/12\/pimentel-e-civil-e1482319115365-150x124.jpg"},"medium":{"file":"pimentel-e-civil-e1482319115365-300x248.jpg","width":300,"height":248,"mime-type":"image\/jpeg","source_url":"https:\/\/lavras.tv\/site\/wp-content\/uploads\/2016\/12\/pimentel-e-civil-e1482319115365-300x248.jpg"},"featured-slider-img":{"file":"pimentel-e-civil-640x350.jpg","width":640,"height":350,"mime-type":"image\/jpeg","source_url":"https:\/\/lavras.tv\/site\/wp-content\/uploads\/2016\/12\/pimentel-e-civil-640x350.jpg"},"featured-post-img":{"file":"pimentel-e-civil-e1482319115365-418x320.jpg","width":418,"height":320,"mime-type":"image\/jpeg","source_url":"https:\/\/lavras.tv\/site\/wp-content\/uploads\/2016\/12\/pimentel-e-civil-e1482319115365-418x320.jpg"},"sow-carousel-default":{"file":"pimentel-e-civil-e1482319115365-272x182.jpg","width":272,"height":182,"mime-type":"image\/jpeg","source_url":"https:\/\/lavras.tv\/site\/wp-content\/uploads\/2016\/12\/pimentel-e-civil-e1482319115365-272x182.jpg"}},"image_meta":{"aperture":"0","credit":"","camera":"","caption":"","created_timestamp":"0","copyright":"","focal_length":"0","iso":"0","shutter_speed":"0","title":"","orientation":"0","keywords":[]}},"post":5046,"source_url":"https:\/\/lavras.tv\/site\/wp-content\/uploads\/2016\/12\/pimentel-e-civil-e1482319115365.jpg"},"author_meta":{"display_name":"Lavras TV","author_link":"https:\/\/lavras.tv\/site\/author\/lavrastv\/"},"featured_img":"https:\/\/lavras.tv\/site\/wp-content\/uploads\/2016\/12\/pimentel-e-civil-e1482319115365-300x248.jpg","coauthors":[],"tax_additional":{"categories":{"linked":["<a href=\"https:\/\/lavras.tv\/site\/category\/politica\/\" class=\"advgb-post-tax-term\">Pol\u00edtica<\/a>"],"unlinked":["<span class=\"advgb-post-tax-term\">Pol\u00edtica<\/span>"]},"tags":{"linked":["<a href=\"https:\/\/lavras.tv\/site\/category\/politica\/\" class=\"advgb-post-tax-term\">pimentel<\/a>","<a href=\"https:\/\/lavras.tv\/site\/category\/politica\/\" class=\"advgb-post-tax-term\">plp 257<\/a>","<a href=\"https:\/\/lavras.tv\/site\/category\/politica\/\" class=\"advgb-post-tax-term\">pol\u00edcia civil<\/a>"],"unlinked":["<span class=\"advgb-post-tax-term\">pimentel<\/span>","<span class=\"advgb-post-tax-term\">plp 257<\/span>","<span class=\"advgb-post-tax-term\">pol\u00edcia civil<\/span>"]}},"comment_count":"0","relative_dates":{"created":"Publicado 9 anos atr\u00e1s","modified":"Atualizado 9 anos atr\u00e1s"},"absolute_dates":{"created":"Publicado em 21 de dezembro de 2016","modified":"Atualizado em 21 de dezembro de 2016"},"absolute_dates_time":{"created":"Publicado em 21 de dezembro de 2016 09:18","modified":"Atualizado em 21 de dezembro de 2016 09:18"},"featured_img_caption":"","series_order":"","_links":{"self":[{"href":"https:\/\/lavras.tv\/site\/wp-json\/wp\/v2\/posts\/5046","targetHints":{"allow":["GET"]}}],"collection":[{"href":"https:\/\/lavras.tv\/site\/wp-json\/wp\/v2\/posts"}],"about":[{"href":"https:\/\/lavras.tv\/site\/wp-json\/wp\/v2\/types\/post"}],"author":[{"embeddable":true,"href":"https:\/\/lavras.tv\/site\/wp-json\/wp\/v2\/users\/2"}],"replies":[{"embeddable":true,"href":"https:\/\/lavras.tv\/site\/wp-json\/wp\/v2\/comments?post=5046"}],"version-history":[{"count":1,"href":"https:\/\/lavras.tv\/site\/wp-json\/wp\/v2\/posts\/5046\/revisions"}],"predecessor-version":[{"id":5048,"href":"https:\/\/lavras.tv\/site\/wp-json\/wp\/v2\/posts\/5046\/revisions\/5048"}],"wp:featuredmedia":[{"embeddable":true,"href":"https:\/\/lavras.tv\/site\/wp-json\/wp\/v2\/media\/5047"}],"wp:attachment":[{"href":"https:\/\/lavras.tv\/site\/wp-json\/wp\/v2\/media?parent=5046"}],"wp:term":[{"taxonomy":"category","embeddable":true,"href":"https:\/\/lavras.tv\/site\/wp-json\/wp\/v2\/categories?post=5046"},{"taxonomy":"post_tag","embeddable":true,"href":"https:\/\/lavras.tv\/site\/wp-json\/wp\/v2\/tags?post=5046"}],"curies":[{"name":"wp","href":"https:\/\/api.w.org\/{rel}","templated":true}]}}