{"id":5049,"date":"2016-12-21T09:30:52","date_gmt":"2016-12-21T11:30:52","guid":{"rendered":"http:\/\/lavras.tv\/site\/?p=5049"},"modified":"2016-12-21T09:30:52","modified_gmt":"2016-12-21T11:30:52","slug":"reuniao-solene-marca-encerramento-dos-trabalhos-na-almg","status":"publish","type":"post","link":"https:\/\/lavras.tv\/site\/2016\/12\/21\/reuniao-solene-marca-encerramento-dos-trabalhos-na-almg\/","title":{"rendered":"Reuni\u00e3o Solene marca encerramento dos trabalhos na ALMG"},"content":{"rendered":"<div class=\"lavra-antes-do-conteudo_2\" id=\"lavra-614679856\"><div id=\"lavra-slider-27\" class=\"custom-slider lavra-slider-1684616153 lavra-slider\"><ul><li><div style=\"margin-left: auto;margin-right: auto;text-align: center;\" id=\"lavra-2715566482\"><a href=\"https:\/\/sistemas.lavras.mg.gov.br\/portalcidadao\/#df1b1a7c7b2a290bcb31e32771e610784662739a88807c0dacac58ede5f391a7530e299dc302d611ee73cb143fc22eaf93592e53e7b5bdb01b00a0b8d28dae460c141dd2ff83412e4dc1c31b16b25f33144a9e5620ea73b13f5bc1c59411d98439ad226e8af03840603796067d87afe130812cf3de24982d0e306f9e61e764e5\" aria-label=\"Lavras-TV&#8211;720x104px (1) (1)\"><img src=\"https:\/\/lavras.tv\/site\/wp-content\/uploads\/2025\/01\/Lavras-TV-720x104px-1-1.png\" alt=\"\"  srcset=\"https:\/\/lavras.tv\/site\/wp-content\/uploads\/2025\/01\/Lavras-TV-720x104px-1-1.png 720w, https:\/\/lavras.tv\/site\/wp-content\/uploads\/2025\/01\/Lavras-TV-720x104px-1-1-470x68.png 470w, https:\/\/lavras.tv\/site\/wp-content\/uploads\/2025\/01\/Lavras-TV-720x104px-1-1-170x25.png 170w, https:\/\/lavras.tv\/site\/wp-content\/uploads\/2025\/01\/Lavras-TV-720x104px-1-1-200x29.png 200w\" sizes=\"(max-width: 720px) 100vw, 720px\" width=\"720\" height=\"104\"  style=\"display: inline-block;\" \/><\/a><\/div><\/li><li><a href=\"https:\/\/sistemas.lavras.mg.gov.br\/portalcidadao\/#df1b1a7c7b2a290bcb31e32771e610784662739a88807c0dacac58ede5f391a7530e299dc302d611ee73cb143fc22eaf93592e53e7b5bdb01b00a0b8d28dae460c141dd2ff83412e4dc1c31b16b25f33144a9e5620ea73b13f5bc1c59411d98439ad226e8af03840603796067d87afe130812cf3de24982d0e306f9e61e764e5\" aria-label=\"Banner_Emprego_PortallavrasTV\"><img src=\"https:\/\/lavras.tv\/site\/wp-content\/uploads\/2025\/03\/Banner_Emprego_PortallavrasTV.png\" alt=\"\"  srcset=\"https:\/\/lavras.tv\/site\/wp-content\/uploads\/2025\/03\/Banner_Emprego_PortallavrasTV.png 720w, https:\/\/lavras.tv\/site\/wp-content\/uploads\/2025\/03\/Banner_Emprego_PortallavrasTV-470x68.png 470w, https:\/\/lavras.tv\/site\/wp-content\/uploads\/2025\/03\/Banner_Emprego_PortallavrasTV-170x25.png 170w, https:\/\/lavras.tv\/site\/wp-content\/uploads\/2025\/03\/Banner_Emprego_PortallavrasTV-200x29.png 200w\" sizes=\"(max-width: 720px) 100vw, 720px\" width=\"720\" height=\"104\"   \/><\/a><\/li><li><a href=\"https:\/\/sistemas.lavras.mg.gov.br\/portalcidadao\/#df1b1a7c7b2a290bcb31e32771e610784662739a88807c0dacac58ede5f391a7530e299dc302d611ee73cb143fc22eaf93592e53e7b5bdb01b00a0b8d28dae460c141dd2ff83412e4dc1c31b16b25f33144a9e5620ea73b13f5bc1c59411d98439ad226e8af03840603796067d87afe130812cf3de24982d0e306f9e61e764e5\" aria-label=\"Banner_Obras_PortallavrasTV\"><img src=\"https:\/\/lavras.tv\/site\/wp-content\/uploads\/2025\/03\/Banner_Obras_PortallavrasTV.png\" alt=\"\"  srcset=\"https:\/\/lavras.tv\/site\/wp-content\/uploads\/2025\/03\/Banner_Obras_PortallavrasTV.png 720w, https:\/\/lavras.tv\/site\/wp-content\/uploads\/2025\/03\/Banner_Obras_PortallavrasTV-470x68.png 470w, https:\/\/lavras.tv\/site\/wp-content\/uploads\/2025\/03\/Banner_Obras_PortallavrasTV-170x25.png 170w, https:\/\/lavras.tv\/site\/wp-content\/uploads\/2025\/03\/Banner_Obras_PortallavrasTV-200x29.png 200w\" sizes=\"(max-width: 720px) 100vw, 720px\" width=\"720\" height=\"104\"   \/><\/a><\/li><li><div style=\"margin-left: auto;margin-right: auto;text-align: center;\" id=\"lavra-3223394233\"><a href=\"https:\/\/sistemas.lavras.mg.gov.br\/portalcidadao\/#df1b1a7c7b2a290bcb31e32771e610784662739a88807c0dacac58ede5f391a7530e299dc302d611ee73cb143fc22eaf93592e53e7b5bdb01b00a0b8d28dae460c141dd2ff83412e4dc1c31b16b25f33144a9e5620ea73b13f5bc1c59411d98439ad226e8af03840603796067d87afe130812cf3de24982d0e306f9e61e764e5\" aria-label=\"Banner_Educa\u00e7\u00e3o_PortallavrasTV\"><img src=\"https:\/\/lavras.tv\/site\/wp-content\/uploads\/2025\/01\/Banner_Educacao_PortallavrasTV.png\" alt=\"\"  srcset=\"https:\/\/lavras.tv\/site\/wp-content\/uploads\/2025\/01\/Banner_Educacao_PortallavrasTV.png 720w, https:\/\/lavras.tv\/site\/wp-content\/uploads\/2025\/01\/Banner_Educacao_PortallavrasTV-470x68.png 470w, https:\/\/lavras.tv\/site\/wp-content\/uploads\/2025\/01\/Banner_Educacao_PortallavrasTV-170x25.png 170w, https:\/\/lavras.tv\/site\/wp-content\/uploads\/2025\/01\/Banner_Educacao_PortallavrasTV-200x29.png 200w\" sizes=\"(max-width: 720px) 100vw, 720px\" width=\"720\" height=\"104\"  style=\"display: inline-block;\" \/><\/a><\/div><\/li><li><a href=\"https:\/\/sistemas.lavras.mg.gov.br\/portalcidadao\/#df1b1a7c7b2a290bcb31e32771e610784662739a88807c0dacac58ede5f391a7530e299dc302d611ee73cb143fc22eaf93592e53e7b5bdb01b00a0b8d28dae460c141dd2ff83412e4dc1c31b16b25f33144a9e5620ea73b13f5bc1c59411d98439ad226e8af03840603796067d87afe130812cf3de24982d0e306f9e61e764e5\" aria-label=\"Banner_Sa\u00fade_PortallavrasTV\"><img src=\"https:\/\/lavras.tv\/site\/wp-content\/uploads\/2025\/03\/Banner_Saude_PortallavrasTV.png\" alt=\"\"  srcset=\"https:\/\/lavras.tv\/site\/wp-content\/uploads\/2025\/03\/Banner_Saude_PortallavrasTV.png 720w, https:\/\/lavras.tv\/site\/wp-content\/uploads\/2025\/03\/Banner_Saude_PortallavrasTV-470x68.png 470w, https:\/\/lavras.tv\/site\/wp-content\/uploads\/2025\/03\/Banner_Saude_PortallavrasTV-170x25.png 170w, https:\/\/lavras.tv\/site\/wp-content\/uploads\/2025\/03\/Banner_Saude_PortallavrasTV-200x29.png 200w\" sizes=\"(max-width: 720px) 100vw, 720px\" width=\"720\" height=\"104\"   \/><\/a><\/li><li><div id=\"lavra-1380974649\" style=\"width:720px;height:104px;background-color:#ddd;overflow:scroll;\">\n\t<strong>Sa\u00edda da depura\u00e7\u00e3o de an\u00fancios<\/strong>\n\t<br><br>\n\tO an\u00fancio n\u00e3o \u00e9 exibido na p\u00e1gina<br><br>post atual: Reuni\u00e3o Solene marca encerramento dos trabalhos na ALMG, ID: 5049<br><br><span style=\"color: red;\">O post atual n\u00e3o \u00e9 id\u00eantico ao post principal.<\/span><br><br>An\u00fancios: ROXO - TOPO INTERNA - ROTATIVO 2 (197)<br \/>Grupo de an\u00fancios: Princ_Meio01_720x104 (27)<br><br>Condi\u00e7\u00f5es de exibi\u00e7\u00e3o<div style=\"margin-bottom: 20px; white-space: pre-wrap; font-family: monospace; width: 100%; background: #ffe9e9;\"><strong>condi\u00e7\u00f5es gerais<\/strong><table border=\"1\"><thead><tr><th><\/th><th>An\u00fancios<\/th><th>wp_the_query<\/th><\/tr><\/thead><tr><td>is_main_query<\/td><td>1<\/td><td>1<\/td><\/tr><tr><td>is_rest_api<\/td><td>0<\/td><td>1<\/td><\/tr><tr><td>page<\/td><td>0<\/td><td>1<\/td><\/tr><tr><td>numpages<\/td><td>0<\/td><td>1<\/td><\/tr><tr><td>is_archive<\/td><td>1<\/td><td><\/td><\/tr><tr><td>is_search<\/td><td>1<\/td><td><\/td><\/tr><tr><td>is_home<\/td><td>1<\/td><td><\/td><\/tr><tr><td>is_404<\/td><td>1<\/td><td><\/td><\/tr><tr><td>is_attachment<\/td><td>1<\/td><td><\/td><\/tr><tr><td>is_singular<\/td><td>1<\/td><td><\/td><\/tr><tr><td>is_front_page<\/td><td>1<\/td><td><\/td><\/tr><tr><td>is_feed<\/td><td>1<\/td><td><\/td><\/tr><\/table><\/div><br><br><span style=\"color: red;\">Seu site usa HTTPS, mas o c\u00f3digo do an\u00fancio cont\u00e9m HTTP e pode n\u00e3o funcionar.<\/span>\t<br><br>\n\t<a style=\"color: green;\" href=\"https:\/\/wpadvancedads.com\/manual\/ad-debug-mode\/?utm_source=advanced-ads&utm_medium=link&utm_campaign=ad-debug-mode\" target=\"_blank\" rel=\"nofollow\">Encontre solu\u00e7\u00f5es no manual<\/a>\n<\/div>\n<\/li><\/ul><\/div><script>( window.advanced_ads_ready || jQuery( document ).ready ).call( null, function() {var $lavraslider1684616153 = jQuery( \".lavra-slider-1684616153\" );$lavraslider1684616153.on( \"unslider.ready\", function() { jQuery( \"div.custom-slider ul li\" ).css( \"display\", \"block\" ); });$lavraslider1684616153.unslider({ delay:4000, autoplay:true, nav:false, arrows:false, infinite:true });$lavraslider1684616153.on(\"mouseover\", function() {$lavraslider1684616153.unslider(\"stop\");}).on(\"mouseout\", function() {$lavraslider1684616153.unslider(\"start\");});});<\/script><\/div><p>Em Reuni\u00e3o Solene do Plen\u00e1rio, a Assembleia Legislativa de Minas Gerais (ALMG) encerrou, na tarde desta ter\u00e7a-feira (20\/12\/16), a 2\u00aa Sess\u00e3o Legislativa da 18\u00aa Legislatura. Cada sess\u00e3o se refere a um ano, enquanto a legislatura compreende o per\u00edodo de quatro anos. Durante a Reuni\u00e3o Solene, o 1\u00ba secret\u00e1rio da Assembleia, deputado Ulysses Gomes (PT), leu o relat\u00f3rio anual de atividades, destacando o fato de o Parlamento mineiro ter conseguido manter o di\u00e1logo com a sociedade, apesar do momento de crise pol\u00edtica e econ\u00f4mica que vive o Pa\u00eds.<\/p>\n<p><img fetchpriority=\"high\" decoding=\"async\" class=\" wp-image-5050 aligncenter\" src=\"http:\/\/lavras.tv\/site\/wp-content\/uploads\/2016\/12\/almg-final.jpg\" alt=\"almg-final\" width=\"726\" height=\"484\" srcset=\"https:\/\/lavras.tv\/site\/wp-content\/uploads\/2016\/12\/almg-final.jpg 3840w, https:\/\/lavras.tv\/site\/wp-content\/uploads\/2016\/12\/almg-final-150x100.jpg 150w, https:\/\/lavras.tv\/site\/wp-content\/uploads\/2016\/12\/almg-final-300x200.jpg 300w, https:\/\/lavras.tv\/site\/wp-content\/uploads\/2016\/12\/almg-final-1024x683.jpg 1024w, https:\/\/lavras.tv\/site\/wp-content\/uploads\/2016\/12\/almg-final-480x320.jpg 480w, https:\/\/lavras.tv\/site\/wp-content\/uploads\/2016\/12\/almg-final-272x182.jpg 272w\" sizes=\"(max-width: 726px) 100vw, 726px\" \/><\/p>\n<p>A participa\u00e7\u00e3o popular na discuss\u00e3o de diversos projetos de lei analisados ou aprovados durante o ano foi uma amostra do trabalho realizado pelo Parlamento, segundo relatou Ulysses Gomes. Alguns dos exemplos citados foram o projeto de revis\u00e3o do Plano Plurianual de A\u00e7\u00e3o Governamental 2016-2019 e os Planos Estaduais de Educa\u00e7\u00e3o e de Cultura. Esses planos estaduais determinam prioridades, diretrizes e metas para as duas \u00e1reas, por um per\u00edodo de dez anos.<\/p>\n<p>Com rela\u00e7\u00e3o ao enfrentamento da crise econ\u00f4mica, o 1\u00ba-secret\u00e1rio lembrou a aprova\u00e7\u00e3o do projeto de resolu\u00e7\u00e3o que ratificou o decreto que declara situa\u00e7\u00e3o de calamidade financeira no Estado. De acordo com o deputado, a medida foi adotada com o objetivo de \u201cconferir mais autonomia ao Poder Executivo no gerenciamento de despesas e receitas, de acordo com a Lei de Responsabilidade Fiscal\u201d.<\/p>\n<p>&nbsp;<\/p>\n<p><strong>Deputados preveem ano dif\u00edcil<\/strong><\/p>\n<p>Ap\u00f3s a leitura do relat\u00f3rio de atividades, diversos parlamentares comentaram o encerramento dos trabalhos. A maioria disse esperar um ano dif\u00edcil em 2017. O deputado Geraldo Pimenta (PCdoB) disse que, em 2016, a Assembleia foi uma trincheira de resist\u00eancia aos reveses sociais e convocou os movimentos democr\u00e1ticos a se unirem, no ano que vem, em uma frente por elei\u00e7\u00f5es diretas para presidente.<\/p>\n<p>O deputado Rog\u00e9rio Correia (PT) convocou a todos para se mobilizarem, no ano que vem, contra a proposta federal de reforma da previd\u00eancia. Tamb\u00e9m felicitou o governador Fernando Pimentel pela decis\u00e3o de n\u00e3o aceitar as condi\u00e7\u00f5es impostas pela Uni\u00e3o para interromper a cobran\u00e7a da d\u00edvida dos Estados. Ele criticou as exig\u00eancias do Governo Federal, tais como privatiza\u00e7\u00e3o de estatais, aumento da al\u00edquota de contribui\u00e7\u00e3o previdenci\u00e1ria e cancelamento de reajustes salarias por dez anos.<\/p>\n<p>Por fim, o deputado Felipe Atti\u00ea (PTB) tamb\u00e9m previu um ano dif\u00edcil. \u201cNossa democracia est\u00e1 tendo muita dificuldade em um momento de redu\u00e7\u00e3o de receitas\u201d, afirmou.<\/p>\n<p>&nbsp;<\/p>\n<p>Fonte: Assessoria da ALMG<\/p>\n","protected":false},"excerpt":{"rendered":"<p>Em Reuni\u00e3o Solene do Plen\u00e1rio, a Assembleia Legislativa de Minas Gerais (ALMG) encerrou, na tarde desta ter\u00e7a-feira (20\/12\/16), a 2\u00aa Sess\u00e3o Legislativa da 18\u00aa Legislatura. Cada sess\u00e3o se refere a um ano, enquanto a legislatura compreende o per\u00edodo de quatro anos. Durante a Reuni\u00e3o Solene, o 1\u00ba secret\u00e1rio da Assembleia, deputado Ulysses Gomes (PT), leu [&hellip;]<\/p>\n","protected":false},"author":2,"featured_media":5050,"comment_status":"closed","ping_status":"open","sticky":false,"template":"","format":"standard","meta":{"advgb_blocks_editor_width":"","advgb_blocks_columns_visual_guide":"","_exactmetrics_skip_tracking":false,"_exactmetrics_sitenote_active":false,"_exactmetrics_sitenote_note":"","_exactmetrics_sitenote_category":0,"footnotes":""},"categories":[12],"tags":[531,1948,1949],"class_list":["post-5049","post","type-post","status-publish","format-standard","has-post-thumbnail","hentry","category-politica","tag-almg","tag-assembleia-legislativa-de-minas-gerais","tag-encerramento"],"better_featured_image":{"id":5050,"alt_text":"","caption":"","description":"","media_type":"image","media_details":{"width":3840,"height":2560,"file":"2016\/12\/almg-final.jpg","sizes":{"thumbnail":{"file":"almg-final-150x100.jpg","width":150,"height":100,"mime-type":"image\/jpeg","source_url":"https:\/\/lavras.tv\/site\/wp-content\/uploads\/2016\/12\/almg-final-150x100.jpg"},"medium":{"file":"almg-final-300x200.jpg","width":300,"height":200,"mime-type":"image\/jpeg","source_url":"https:\/\/lavras.tv\/site\/wp-content\/uploads\/2016\/12\/almg-final-300x200.jpg"},"large":{"file":"almg-final-1024x683.jpg","width":1024,"height":683,"mime-type":"image\/jpeg","source_url":"https:\/\/lavras.tv\/site\/wp-content\/uploads\/2016\/12\/almg-final-1024x683.jpg"},"featured-slider-img":{"file":"almg-final-640x480.jpg","width":640,"height":480,"mime-type":"image\/jpeg","source_url":"https:\/\/lavras.tv\/site\/wp-content\/uploads\/2016\/12\/almg-final-640x480.jpg"},"featured-post-img":{"file":"almg-final-480x320.jpg","width":480,"height":320,"mime-type":"image\/jpeg","source_url":"https:\/\/lavras.tv\/site\/wp-content\/uploads\/2016\/12\/almg-final-480x320.jpg"},"sow-carousel-default":{"file":"almg-final-272x182.jpg","width":272,"height":182,"mime-type":"image\/jpeg","source_url":"https:\/\/lavras.tv\/site\/wp-content\/uploads\/2016\/12\/almg-final-272x182.jpg"}},"image_meta":{"aperture":"4","credit":"","camera":"Canon EOS 5D Mark III","caption":"","created_timestamp":"1459801595","copyright":"","focal_length":"15","iso":"1600","shutter_speed":"0.0125","title":"","orientation":"1","keywords":[]}},"post":5049,"source_url":"https:\/\/lavras.tv\/site\/wp-content\/uploads\/2016\/12\/almg-final.jpg"},"author_meta":{"display_name":"Lavras TV","author_link":"https:\/\/lavras.tv\/site\/author\/lavrastv\/"},"featured_img":"https:\/\/lavras.tv\/site\/wp-content\/uploads\/2016\/12\/almg-final-300x200.jpg","coauthors":[],"tax_additional":{"categories":{"linked":["<a href=\"https:\/\/lavras.tv\/site\/category\/politica\/\" class=\"advgb-post-tax-term\">Pol\u00edtica<\/a>"],"unlinked":["<span class=\"advgb-post-tax-term\">Pol\u00edtica<\/span>"]},"tags":{"linked":["<a href=\"https:\/\/lavras.tv\/site\/category\/politica\/\" class=\"advgb-post-tax-term\">almg<\/a>","<a href=\"https:\/\/lavras.tv\/site\/category\/politica\/\" class=\"advgb-post-tax-term\">assembleia legislativa de minas gerais<\/a>","<a href=\"https:\/\/lavras.tv\/site\/category\/politica\/\" class=\"advgb-post-tax-term\">encerramento<\/a>"],"unlinked":["<span class=\"advgb-post-tax-term\">almg<\/span>","<span class=\"advgb-post-tax-term\">assembleia legislativa de minas gerais<\/span>","<span class=\"advgb-post-tax-term\">encerramento<\/span>"]}},"comment_count":"0","relative_dates":{"created":"Publicado 9 anos atr\u00e1s","modified":"Atualizado 9 anos atr\u00e1s"},"absolute_dates":{"created":"Publicado em 21 de dezembro de 2016","modified":"Atualizado em 21 de dezembro de 2016"},"absolute_dates_time":{"created":"Publicado em 21 de dezembro de 2016 09:30","modified":"Atualizado em 21 de dezembro de 2016 09:30"},"featured_img_caption":"","series_order":"","_links":{"self":[{"href":"https:\/\/lavras.tv\/site\/wp-json\/wp\/v2\/posts\/5049","targetHints":{"allow":["GET"]}}],"collection":[{"href":"https:\/\/lavras.tv\/site\/wp-json\/wp\/v2\/posts"}],"about":[{"href":"https:\/\/lavras.tv\/site\/wp-json\/wp\/v2\/types\/post"}],"author":[{"embeddable":true,"href":"https:\/\/lavras.tv\/site\/wp-json\/wp\/v2\/users\/2"}],"replies":[{"embeddable":true,"href":"https:\/\/lavras.tv\/site\/wp-json\/wp\/v2\/comments?post=5049"}],"version-history":[{"count":1,"href":"https:\/\/lavras.tv\/site\/wp-json\/wp\/v2\/posts\/5049\/revisions"}],"predecessor-version":[{"id":5051,"href":"https:\/\/lavras.tv\/site\/wp-json\/wp\/v2\/posts\/5049\/revisions\/5051"}],"wp:featuredmedia":[{"embeddable":true,"href":"https:\/\/lavras.tv\/site\/wp-json\/wp\/v2\/media\/5050"}],"wp:attachment":[{"href":"https:\/\/lavras.tv\/site\/wp-json\/wp\/v2\/media?parent=5049"}],"wp:term":[{"taxonomy":"category","embeddable":true,"href":"https:\/\/lavras.tv\/site\/wp-json\/wp\/v2\/categories?post=5049"},{"taxonomy":"post_tag","embeddable":true,"href":"https:\/\/lavras.tv\/site\/wp-json\/wp\/v2\/tags?post=5049"}],"curies":[{"name":"wp","href":"https:\/\/api.w.org\/{rel}","templated":true}]}}