{"id":50500,"date":"2021-01-11T09:45:29","date_gmt":"2021-01-11T12:45:29","guid":{"rendered":"http:\/\/lavras.tv\/site\/?p=50500"},"modified":"2021-01-11T09:45:31","modified_gmt":"2021-01-11T12:45:31","slug":"eleitores-tem-ate-esta-semana-para-justificar-ausencia-no-1o-turno-das-eleicoes-2020","status":"publish","type":"post","link":"https:\/\/lavras.tv\/site\/2021\/01\/11\/eleitores-tem-ate-esta-semana-para-justificar-ausencia-no-1o-turno-das-eleicoes-2020\/","title":{"rendered":"Eleitores t\u00eam at\u00e9 esta semana para justificar aus\u00eancia no 1\u00ba turno das elei\u00e7\u00f5es 2020"},"content":{"rendered":"<div class=\"lavra-antes-do-conteudo_2\" id=\"lavra-3849331441\"><div id=\"lavra-slider-27\" class=\"custom-slider lavra-slider-4055976479 lavra-slider\"><ul><li><div style=\"margin-left: auto;margin-right: auto;text-align: center;\" id=\"lavra-232533417\"><a href=\"https:\/\/sistemas.lavras.mg.gov.br\/portalcidadao\/#df1b1a7c7b2a290bcb31e32771e610784662739a88807c0dacac58ede5f391a7530e299dc302d611ee73cb143fc22eaf93592e53e7b5bdb01b00a0b8d28dae460c141dd2ff83412e4dc1c31b16b25f33144a9e5620ea73b13f5bc1c59411d98439ad226e8af03840603796067d87afe130812cf3de24982d0e306f9e61e764e5\" aria-label=\"Lavras-TV&#8211;720x104px (1) (1)\"><img src=\"https:\/\/lavras.tv\/site\/wp-content\/uploads\/2025\/01\/Lavras-TV-720x104px-1-1.png\" alt=\"\"  srcset=\"https:\/\/lavras.tv\/site\/wp-content\/uploads\/2025\/01\/Lavras-TV-720x104px-1-1.png 720w, https:\/\/lavras.tv\/site\/wp-content\/uploads\/2025\/01\/Lavras-TV-720x104px-1-1-470x68.png 470w, https:\/\/lavras.tv\/site\/wp-content\/uploads\/2025\/01\/Lavras-TV-720x104px-1-1-170x25.png 170w, https:\/\/lavras.tv\/site\/wp-content\/uploads\/2025\/01\/Lavras-TV-720x104px-1-1-200x29.png 200w\" sizes=\"(max-width: 720px) 100vw, 720px\" width=\"720\" height=\"104\"  style=\"display: inline-block;\" \/><\/a><\/div><\/li><li><a href=\"https:\/\/sistemas.lavras.mg.gov.br\/portalcidadao\/#df1b1a7c7b2a290bcb31e32771e610784662739a88807c0dacac58ede5f391a7530e299dc302d611ee73cb143fc22eaf93592e53e7b5bdb01b00a0b8d28dae460c141dd2ff83412e4dc1c31b16b25f33144a9e5620ea73b13f5bc1c59411d98439ad226e8af03840603796067d87afe130812cf3de24982d0e306f9e61e764e5\" aria-label=\"Banner_Emprego_PortallavrasTV\"><img src=\"https:\/\/lavras.tv\/site\/wp-content\/uploads\/2025\/03\/Banner_Emprego_PortallavrasTV.png\" alt=\"\"  srcset=\"https:\/\/lavras.tv\/site\/wp-content\/uploads\/2025\/03\/Banner_Emprego_PortallavrasTV.png 720w, https:\/\/lavras.tv\/site\/wp-content\/uploads\/2025\/03\/Banner_Emprego_PortallavrasTV-470x68.png 470w, https:\/\/lavras.tv\/site\/wp-content\/uploads\/2025\/03\/Banner_Emprego_PortallavrasTV-170x25.png 170w, https:\/\/lavras.tv\/site\/wp-content\/uploads\/2025\/03\/Banner_Emprego_PortallavrasTV-200x29.png 200w\" sizes=\"(max-width: 720px) 100vw, 720px\" width=\"720\" height=\"104\"   \/><\/a><\/li><li><a href=\"https:\/\/sistemas.lavras.mg.gov.br\/portalcidadao\/#df1b1a7c7b2a290bcb31e32771e610784662739a88807c0dacac58ede5f391a7530e299dc302d611ee73cb143fc22eaf93592e53e7b5bdb01b00a0b8d28dae460c141dd2ff83412e4dc1c31b16b25f33144a9e5620ea73b13f5bc1c59411d98439ad226e8af03840603796067d87afe130812cf3de24982d0e306f9e61e764e5\" aria-label=\"Banner_Obras_PortallavrasTV\"><img src=\"https:\/\/lavras.tv\/site\/wp-content\/uploads\/2025\/03\/Banner_Obras_PortallavrasTV.png\" alt=\"\"  srcset=\"https:\/\/lavras.tv\/site\/wp-content\/uploads\/2025\/03\/Banner_Obras_PortallavrasTV.png 720w, https:\/\/lavras.tv\/site\/wp-content\/uploads\/2025\/03\/Banner_Obras_PortallavrasTV-470x68.png 470w, https:\/\/lavras.tv\/site\/wp-content\/uploads\/2025\/03\/Banner_Obras_PortallavrasTV-170x25.png 170w, https:\/\/lavras.tv\/site\/wp-content\/uploads\/2025\/03\/Banner_Obras_PortallavrasTV-200x29.png 200w\" sizes=\"(max-width: 720px) 100vw, 720px\" width=\"720\" height=\"104\"   \/><\/a><\/li><li><div style=\"margin-left: auto;margin-right: auto;text-align: center;\" id=\"lavra-344079048\"><a href=\"https:\/\/sistemas.lavras.mg.gov.br\/portalcidadao\/#df1b1a7c7b2a290bcb31e32771e610784662739a88807c0dacac58ede5f391a7530e299dc302d611ee73cb143fc22eaf93592e53e7b5bdb01b00a0b8d28dae460c141dd2ff83412e4dc1c31b16b25f33144a9e5620ea73b13f5bc1c59411d98439ad226e8af03840603796067d87afe130812cf3de24982d0e306f9e61e764e5\" aria-label=\"Banner_Educa\u00e7\u00e3o_PortallavrasTV\"><img src=\"https:\/\/lavras.tv\/site\/wp-content\/uploads\/2025\/01\/Banner_Educacao_PortallavrasTV.png\" alt=\"\"  srcset=\"https:\/\/lavras.tv\/site\/wp-content\/uploads\/2025\/01\/Banner_Educacao_PortallavrasTV.png 720w, https:\/\/lavras.tv\/site\/wp-content\/uploads\/2025\/01\/Banner_Educacao_PortallavrasTV-470x68.png 470w, https:\/\/lavras.tv\/site\/wp-content\/uploads\/2025\/01\/Banner_Educacao_PortallavrasTV-170x25.png 170w, https:\/\/lavras.tv\/site\/wp-content\/uploads\/2025\/01\/Banner_Educacao_PortallavrasTV-200x29.png 200w\" sizes=\"(max-width: 720px) 100vw, 720px\" width=\"720\" height=\"104\"  style=\"display: inline-block;\" \/><\/a><\/div><\/li><li><a href=\"https:\/\/sistemas.lavras.mg.gov.br\/portalcidadao\/#df1b1a7c7b2a290bcb31e32771e610784662739a88807c0dacac58ede5f391a7530e299dc302d611ee73cb143fc22eaf93592e53e7b5bdb01b00a0b8d28dae460c141dd2ff83412e4dc1c31b16b25f33144a9e5620ea73b13f5bc1c59411d98439ad226e8af03840603796067d87afe130812cf3de24982d0e306f9e61e764e5\" aria-label=\"Banner_Sa\u00fade_PortallavrasTV\"><img src=\"https:\/\/lavras.tv\/site\/wp-content\/uploads\/2025\/03\/Banner_Saude_PortallavrasTV.png\" alt=\"\"  srcset=\"https:\/\/lavras.tv\/site\/wp-content\/uploads\/2025\/03\/Banner_Saude_PortallavrasTV.png 720w, https:\/\/lavras.tv\/site\/wp-content\/uploads\/2025\/03\/Banner_Saude_PortallavrasTV-470x68.png 470w, https:\/\/lavras.tv\/site\/wp-content\/uploads\/2025\/03\/Banner_Saude_PortallavrasTV-170x25.png 170w, https:\/\/lavras.tv\/site\/wp-content\/uploads\/2025\/03\/Banner_Saude_PortallavrasTV-200x29.png 200w\" sizes=\"(max-width: 720px) 100vw, 720px\" width=\"720\" height=\"104\"   \/><\/a><\/li><li><div id=\"lavra-983469513\" style=\"width:720px;height:104px;background-color:#ddd;overflow:scroll;\">\n\t<strong>Sa\u00edda da depura\u00e7\u00e3o de an\u00fancios<\/strong>\n\t<br><br>\n\tO an\u00fancio n\u00e3o \u00e9 exibido na p\u00e1gina<br><br>post atual: Eleitores t\u00eam at\u00e9 esta semana para justificar aus\u00eancia no 1\u00ba turno das elei\u00e7\u00f5es 2020, ID: 50500<br><br><span style=\"color: red;\">O post atual n\u00e3o \u00e9 id\u00eantico ao post principal.<\/span><br><br>An\u00fancios: ROXO - TOPO INTERNA - ROTATIVO 2 (197)<br \/>Grupo de an\u00fancios: Princ_Meio01_720x104 (27)<br><br>Condi\u00e7\u00f5es de exibi\u00e7\u00e3o<div style=\"margin-bottom: 20px; white-space: pre-wrap; font-family: monospace; width: 100%; background: #ffe9e9;\"><strong>condi\u00e7\u00f5es gerais<\/strong><table border=\"1\"><thead><tr><th><\/th><th>An\u00fancios<\/th><th>wp_the_query<\/th><\/tr><\/thead><tr><td>is_main_query<\/td><td>1<\/td><td>1<\/td><\/tr><tr><td>is_rest_api<\/td><td>0<\/td><td>1<\/td><\/tr><tr><td>page<\/td><td>0<\/td><td>1<\/td><\/tr><tr><td>numpages<\/td><td>0<\/td><td>1<\/td><\/tr><tr><td>is_archive<\/td><td>1<\/td><td><\/td><\/tr><tr><td>is_search<\/td><td>1<\/td><td><\/td><\/tr><tr><td>is_home<\/td><td>1<\/td><td><\/td><\/tr><tr><td>is_404<\/td><td>1<\/td><td><\/td><\/tr><tr><td>is_attachment<\/td><td>1<\/td><td><\/td><\/tr><tr><td>is_singular<\/td><td>1<\/td><td><\/td><\/tr><tr><td>is_front_page<\/td><td>1<\/td><td><\/td><\/tr><tr><td>is_feed<\/td><td>1<\/td><td><\/td><\/tr><\/table><\/div><br><br><span style=\"color: red;\">Seu site usa HTTPS, mas o c\u00f3digo do an\u00fancio cont\u00e9m HTTP e pode n\u00e3o funcionar.<\/span>\t<br><br>\n\t<a style=\"color: green;\" href=\"https:\/\/wpadvancedads.com\/manual\/ad-debug-mode\/?utm_source=advanced-ads&utm_medium=link&utm_campaign=ad-debug-mode\" target=\"_blank\" rel=\"nofollow\">Encontre solu\u00e7\u00f5es no manual<\/a>\n<\/div>\n<\/li><\/ul><\/div><script>( window.advanced_ads_ready || jQuery( document ).ready ).call( null, function() {var $lavraslider4055976479 = jQuery( \".lavra-slider-4055976479\" );$lavraslider4055976479.on( \"unslider.ready\", function() { jQuery( \"div.custom-slider ul li\" ).css( \"display\", \"block\" ); });$lavraslider4055976479.unslider({ delay:4000, autoplay:true, nav:false, arrows:false, infinite:true });$lavraslider4055976479.on(\"mouseover\", function() {$lavraslider4055976479.unslider(\"stop\");}).on(\"mouseout\", function() {$lavraslider4055976479.unslider(\"start\");});});<\/script><\/div>\n<p>O eleitor que n\u00e3o compareceu \u00e0s urnas no primeiro turno das elei\u00e7\u00f5es municipais de novembro tem at\u00e9 esta semana para justificar a aus\u00eancia. Caso o procedimento n\u00e3o seja realizado, ser\u00e1 preciso pagar uma multa. Quem n\u00e3o regularizar a situa\u00e7\u00e3o pode ficar sujeito a restri\u00e7\u00f5es.<\/p>\n\n\n\n<p>O prazo vence na quinta-feira (14) para quem faltou ao primeiro turno das elei\u00e7\u00f5es municipais 2020. Para o segundo turno, o limite \u00e9 28 de janeiro.<\/p>\n\n\n\n<p>O Tribunal Superior Eleitoral (TSE) recomenda que a justificativa seja feita, preferencialmente, por meio do aplicativo e-T\u00edtulo, dispon\u00edvel para celulares com sistemas operacionais Android ou iOS.<\/p>\n\n\n\n<div class=\"wp-block-image\"><figure class=\"aligncenter size-large\"><img fetchpriority=\"high\" decoding=\"async\" width=\"650\" height=\"389\" src=\"http:\/\/lavras.tv\/site\/wp-content\/uploads\/2021\/01\/etitulo-271120336429.jpg\" alt=\"\" class=\"wp-image-50501\" srcset=\"https:\/\/lavras.tv\/site\/wp-content\/uploads\/2021\/01\/etitulo-271120336429.jpg 650w, https:\/\/lavras.tv\/site\/wp-content\/uploads\/2021\/01\/etitulo-271120336429-470x281.jpg 470w, https:\/\/lavras.tv\/site\/wp-content\/uploads\/2021\/01\/etitulo-271120336429-170x102.jpg 170w\" sizes=\"(max-width: 650px) 100vw, 650px\" \/><\/figure><\/div>\n\n\n\n<p><\/p>\n\n\n\n<p>O procedimento pode ser feito tamb\u00e9m pela internet, por meio do Sistema Justifica. Ou ainda de modo presencial, no Cart\u00f3rio Eleitoral. Em qualquer um dos casos, o eleitor precisar\u00e1 preencher um Requerimento de Justificativa Eleitoral (RJE), descrevendo por que n\u00e3o votou. O TSE pede que seja anexada documenta\u00e7\u00e3o que comprove a raz\u00e3o da falta.<\/p>\n\n\n\n<p>Isso porque o RJE pode ser recusado pela Justi\u00e7a Eleitoral, se a justificativa n\u00e3o for plaus\u00edvel ou se o formul\u00e1rio for preenchido com informa\u00e7\u00f5es que n\u00e3o permitam identificar corretamente o eleitor, por exemplo.<\/p>\n\n\n\n<p>Se tiver o requerimento negado, para regularizar a situa\u00e7\u00e3o o eleitor precisar\u00e1 pagar a mesma multa de quem perdeu o prazo para a justificativa. O valor da multa pode variar, de acordo com o estipulado pelo ju\u00edzo de cada zona eleitoral. Existe a possibilidade de o eleitor solicitar isen\u00e7\u00e3o, se puder comprovar que n\u00e3o tem recursos para arcar com a penalidade.<\/p>\n\n\n\n<p>Cada justificativa \u00e9 v\u00e1lida somente para o turno ao qual o eleitor n\u00e3o compareceu por estar fora de seu domic\u00edlio eleitoral. Ou seja, se n\u00e3o tiver votado no primeiro e no segundo turno da elei\u00e7\u00e3o, ter\u00e1 de justificar a aus\u00eancia de cada um, separadamente, obedecendo aos mesmos requisitos e prazos de cada turno.<\/p>\n\n\n\n<p>Nas elei\u00e7\u00f5es 2020 foi registrada absten\u00e7\u00e3o recorde tanto no primeiro (23,14% do eleitorado) quanto no segundo (29,5%). Quando foram realizadas as vota\u00e7\u00f5es, o Brasil tinha 147.918.483 eleitores aptos a votar.<\/p>\n\n\n\n<p>A justificativa para a aus\u00eancia \u00e9 necess\u00e1ria porque o voto \u00e9 obrigat\u00f3rio para quem tem entre 18 e 70 anos, conforme o Artigo 14 da Constitui\u00e7\u00e3o. Quem n\u00e3o justificar e n\u00e3o pagar a multa para regularizar a situa\u00e7\u00e3o junto \u00e0 Justi\u00e7a Eleitoral fica sujeito a uma s\u00e9rie de restri\u00e7\u00f5es legais, impedido de:&nbsp;<\/p>\n\n\n\n<p>&#8211; obter passaporte ou carteira de identidade;<\/p>\n\n\n\n<p>&#8211; receber vencimentos, remunera\u00e7\u00e3o, sal\u00e1rio ou proventos de fun\u00e7\u00e3o ou emprego p\u00fablico, aut\u00e1rquico ou paraestatal, bem como funda\u00e7\u00f5es governamentais, empresas, institutos e sociedades de qualquer natureza, mantidas ou subvencionadas pelo governo ou que exer\u00e7am servi\u00e7o p\u00fablico delegado, correspondentes ao segundo m\u00eas subsequente ao da elei\u00e7\u00e3o;<\/p>\n\n\n\n<p>&#8211; participar de concorr\u00eancia p\u00fablica ou administrativa da Uni\u00e3o, dos estados, dos territ\u00f3rios, do Distrito Federal, dos munic\u00edpios ou das respectivas autarquias;<\/p>\n\n\n\n<p>&#8211; obter empr\u00e9stimos nas autarquias, nas sociedades de economia mista, nas caixas econ\u00f4micas federais e estaduais, nos institutos e caixas de Previd\u00eancia Social, bem como em qualquer estabelecimento de cr\u00e9dito mantido pelo governo, ou de cuja administra\u00e7\u00e3o este participe, e com essas entidades celebrar contratos;<\/p>\n\n\n\n<p>&#8211; inscrever-se em concurso ou prova para cargo ou fun\u00e7\u00e3o p\u00fablica, e neles ser investido ou empossado;<\/p>\n\n\n\n<p>&#8211; renovar matr\u00edcula em estabelecimento de ensino oficial ou fiscalizado pelo governo;<\/p>\n\n\n\n<p>&#8211; praticar qualquer ato para o qual se exija quita\u00e7\u00e3o do servi\u00e7o militar ou imposto de renda;<\/p>\n\n\n\n<p>&#8211; obter certid\u00e3o de quita\u00e7\u00e3o eleitoral;<\/p>\n\n\n\n<p>&#8211; obter qualquer documento perante reparti\u00e7\u00f5es diplom\u00e1ticas a que estiver subordinado.<\/p>\n\n\n\n<p>Fonte: Itatiaia<\/p>\n","protected":false},"excerpt":{"rendered":"<p>O eleitor que n\u00e3o compareceu \u00e0s urnas no primeiro turno das elei\u00e7\u00f5es municipais de novembro tem at\u00e9 esta semana para justificar a aus\u00eancia. Caso o procedimento n\u00e3o seja realizado, ser\u00e1 preciso pagar uma multa. Quem n\u00e3o regularizar a situa\u00e7\u00e3o pode ficar sujeito a restri\u00e7\u00f5es. O prazo vence na quinta-feira (14) para quem faltou ao primeiro [&hellip;]<\/p>\n","protected":false},"author":2,"featured_media":50501,"comment_status":"closed","ping_status":"open","sticky":false,"template":"","format":"standard","meta":{"advgb_blocks_editor_width":"","advgb_blocks_columns_visual_guide":"","_exactmetrics_skip_tracking":false,"_exactmetrics_sitenote_active":false,"_exactmetrics_sitenote_note":"","_exactmetrics_sitenote_category":0,"footnotes":""},"categories":[7,2,12],"tags":[],"class_list":["post-50500","post","type-post","status-publish","format-standard","has-post-thumbnail","hentry","category-destaques","category-noticias","category-politica"],"better_featured_image":{"id":50501,"alt_text":"","caption":"","description":"","media_type":"image","media_details":{"width":650,"height":389,"file":"2021\/01\/etitulo-271120336429.jpg","sizes":{"medium":{"file":"etitulo-271120336429-470x281.jpg","width":470,"height":281,"mime-type":"image\/jpeg","source_url":"https:\/\/lavras.tv\/site\/wp-content\/uploads\/2021\/01\/etitulo-271120336429-470x281.jpg"},"thumbnail":{"file":"etitulo-271120336429-170x102.jpg","width":170,"height":102,"mime-type":"image\/jpeg","source_url":"https:\/\/lavras.tv\/site\/wp-content\/uploads\/2021\/01\/etitulo-271120336429-170x102.jpg"},"alm-thumbnail":{"file":"etitulo-271120336429-150x150.jpg","width":150,"height":150,"mime-type":"image\/jpeg","source_url":"https:\/\/lavras.tv\/site\/wp-content\/uploads\/2021\/01\/etitulo-271120336429-150x150.jpg"}},"image_meta":{"aperture":"0","credit":"","camera":"","caption":"","created_timestamp":"0","copyright":"","focal_length":"0","iso":"0","shutter_speed":"0","title":"","orientation":"0","keywords":[]}},"post":50500,"source_url":"https:\/\/lavras.tv\/site\/wp-content\/uploads\/2021\/01\/etitulo-271120336429.jpg"},"author_meta":{"display_name":"Lavras TV","author_link":"https:\/\/lavras.tv\/site\/author\/lavrastv\/"},"featured_img":"https:\/\/lavras.tv\/site\/wp-content\/uploads\/2021\/01\/etitulo-271120336429-470x281.jpg","coauthors":[],"tax_additional":{"categories":{"linked":["<a href=\"https:\/\/lavras.tv\/site\/category\/destaques\/\" class=\"advgb-post-tax-term\">Destaques<\/a>","<a href=\"https:\/\/lavras.tv\/site\/category\/noticias\/\" class=\"advgb-post-tax-term\">Not\u00edcias<\/a>","<a href=\"https:\/\/lavras.tv\/site\/category\/politica\/\" class=\"advgb-post-tax-term\">Pol\u00edtica<\/a>"],"unlinked":["<span class=\"advgb-post-tax-term\">Destaques<\/span>","<span class=\"advgb-post-tax-term\">Not\u00edcias<\/span>","<span class=\"advgb-post-tax-term\">Pol\u00edtica<\/span>"]}},"comment_count":"0","relative_dates":{"created":"Publicado 5 anos atr\u00e1s","modified":"Atualizado 5 anos atr\u00e1s"},"absolute_dates":{"created":"Publicado em 11 de janeiro de 2021","modified":"Atualizado em 11 de janeiro de 2021"},"absolute_dates_time":{"created":"Publicado em 11 de janeiro de 2021 09:45","modified":"Atualizado em 11 de janeiro de 2021 09:45"},"featured_img_caption":"","series_order":"","_links":{"self":[{"href":"https:\/\/lavras.tv\/site\/wp-json\/wp\/v2\/posts\/50500","targetHints":{"allow":["GET"]}}],"collection":[{"href":"https:\/\/lavras.tv\/site\/wp-json\/wp\/v2\/posts"}],"about":[{"href":"https:\/\/lavras.tv\/site\/wp-json\/wp\/v2\/types\/post"}],"author":[{"embeddable":true,"href":"https:\/\/lavras.tv\/site\/wp-json\/wp\/v2\/users\/2"}],"replies":[{"embeddable":true,"href":"https:\/\/lavras.tv\/site\/wp-json\/wp\/v2\/comments?post=50500"}],"version-history":[{"count":1,"href":"https:\/\/lavras.tv\/site\/wp-json\/wp\/v2\/posts\/50500\/revisions"}],"predecessor-version":[{"id":50502,"href":"https:\/\/lavras.tv\/site\/wp-json\/wp\/v2\/posts\/50500\/revisions\/50502"}],"wp:featuredmedia":[{"embeddable":true,"href":"https:\/\/lavras.tv\/site\/wp-json\/wp\/v2\/media\/50501"}],"wp:attachment":[{"href":"https:\/\/lavras.tv\/site\/wp-json\/wp\/v2\/media?parent=50500"}],"wp:term":[{"taxonomy":"category","embeddable":true,"href":"https:\/\/lavras.tv\/site\/wp-json\/wp\/v2\/categories?post=50500"},{"taxonomy":"post_tag","embeddable":true,"href":"https:\/\/lavras.tv\/site\/wp-json\/wp\/v2\/tags?post=50500"}],"curies":[{"name":"wp","href":"https:\/\/api.w.org\/{rel}","templated":true}]}}