{"id":5056,"date":"2016-12-21T09:54:15","date_gmt":"2016-12-21T11:54:15","guid":{"rendered":"http:\/\/lavras.tv\/site\/?p=5056"},"modified":"2016-12-21T09:54:15","modified_gmt":"2016-12-21T11:54:15","slug":"calendario-de-2017-pode-colocar-atletico-e-cruzeiro-85-vezes-em-campo","status":"publish","type":"post","link":"https:\/\/lavras.tv\/site\/2016\/12\/21\/calendario-de-2017-pode-colocar-atletico-e-cruzeiro-85-vezes-em-campo\/","title":{"rendered":"Calend\u00e1rio de 2017 pode colocar Atl\u00e9tico e Cruzeiro 85 vezes em campo"},"content":{"rendered":"<div class=\"lavra-antes-do-conteudo_2\" id=\"lavra-3644491139\"><div id=\"lavra-slider-27\" class=\"custom-slider lavra-slider-2464846299 lavra-slider\"><ul><li><div style=\"margin-left: auto;margin-right: auto;text-align: center;\" id=\"lavra-2030795254\"><a href=\"https:\/\/sistemas.lavras.mg.gov.br\/portalcidadao\/#df1b1a7c7b2a290bcb31e32771e610784662739a88807c0dacac58ede5f391a7530e299dc302d611ee73cb143fc22eaf93592e53e7b5bdb01b00a0b8d28dae460c141dd2ff83412e4dc1c31b16b25f33144a9e5620ea73b13f5bc1c59411d98439ad226e8af03840603796067d87afe130812cf3de24982d0e306f9e61e764e5\" aria-label=\"Lavras-TV&#8211;720x104px (1) (1)\"><img src=\"https:\/\/lavras.tv\/site\/wp-content\/uploads\/2025\/01\/Lavras-TV-720x104px-1-1.png\" alt=\"\"  srcset=\"https:\/\/lavras.tv\/site\/wp-content\/uploads\/2025\/01\/Lavras-TV-720x104px-1-1.png 720w, https:\/\/lavras.tv\/site\/wp-content\/uploads\/2025\/01\/Lavras-TV-720x104px-1-1-470x68.png 470w, https:\/\/lavras.tv\/site\/wp-content\/uploads\/2025\/01\/Lavras-TV-720x104px-1-1-170x25.png 170w, https:\/\/lavras.tv\/site\/wp-content\/uploads\/2025\/01\/Lavras-TV-720x104px-1-1-200x29.png 200w\" sizes=\"(max-width: 720px) 100vw, 720px\" width=\"720\" height=\"104\"  style=\"display: inline-block;\" \/><\/a><\/div><\/li><li><a href=\"https:\/\/sistemas.lavras.mg.gov.br\/portalcidadao\/#df1b1a7c7b2a290bcb31e32771e610784662739a88807c0dacac58ede5f391a7530e299dc302d611ee73cb143fc22eaf93592e53e7b5bdb01b00a0b8d28dae460c141dd2ff83412e4dc1c31b16b25f33144a9e5620ea73b13f5bc1c59411d98439ad226e8af03840603796067d87afe130812cf3de24982d0e306f9e61e764e5\" aria-label=\"Banner_Emprego_PortallavrasTV\"><img src=\"https:\/\/lavras.tv\/site\/wp-content\/uploads\/2025\/03\/Banner_Emprego_PortallavrasTV.png\" alt=\"\"  srcset=\"https:\/\/lavras.tv\/site\/wp-content\/uploads\/2025\/03\/Banner_Emprego_PortallavrasTV.png 720w, https:\/\/lavras.tv\/site\/wp-content\/uploads\/2025\/03\/Banner_Emprego_PortallavrasTV-470x68.png 470w, https:\/\/lavras.tv\/site\/wp-content\/uploads\/2025\/03\/Banner_Emprego_PortallavrasTV-170x25.png 170w, https:\/\/lavras.tv\/site\/wp-content\/uploads\/2025\/03\/Banner_Emprego_PortallavrasTV-200x29.png 200w\" sizes=\"(max-width: 720px) 100vw, 720px\" width=\"720\" height=\"104\"   \/><\/a><\/li><li><a href=\"https:\/\/sistemas.lavras.mg.gov.br\/portalcidadao\/#df1b1a7c7b2a290bcb31e32771e610784662739a88807c0dacac58ede5f391a7530e299dc302d611ee73cb143fc22eaf93592e53e7b5bdb01b00a0b8d28dae460c141dd2ff83412e4dc1c31b16b25f33144a9e5620ea73b13f5bc1c59411d98439ad226e8af03840603796067d87afe130812cf3de24982d0e306f9e61e764e5\" aria-label=\"Banner_Obras_PortallavrasTV\"><img src=\"https:\/\/lavras.tv\/site\/wp-content\/uploads\/2025\/03\/Banner_Obras_PortallavrasTV.png\" alt=\"\"  srcset=\"https:\/\/lavras.tv\/site\/wp-content\/uploads\/2025\/03\/Banner_Obras_PortallavrasTV.png 720w, https:\/\/lavras.tv\/site\/wp-content\/uploads\/2025\/03\/Banner_Obras_PortallavrasTV-470x68.png 470w, https:\/\/lavras.tv\/site\/wp-content\/uploads\/2025\/03\/Banner_Obras_PortallavrasTV-170x25.png 170w, https:\/\/lavras.tv\/site\/wp-content\/uploads\/2025\/03\/Banner_Obras_PortallavrasTV-200x29.png 200w\" sizes=\"(max-width: 720px) 100vw, 720px\" width=\"720\" height=\"104\"   \/><\/a><\/li><li><div style=\"margin-left: auto;margin-right: auto;text-align: center;\" id=\"lavra-27160098\"><a href=\"https:\/\/sistemas.lavras.mg.gov.br\/portalcidadao\/#df1b1a7c7b2a290bcb31e32771e610784662739a88807c0dacac58ede5f391a7530e299dc302d611ee73cb143fc22eaf93592e53e7b5bdb01b00a0b8d28dae460c141dd2ff83412e4dc1c31b16b25f33144a9e5620ea73b13f5bc1c59411d98439ad226e8af03840603796067d87afe130812cf3de24982d0e306f9e61e764e5\" aria-label=\"Banner_Educa\u00e7\u00e3o_PortallavrasTV\"><img src=\"https:\/\/lavras.tv\/site\/wp-content\/uploads\/2025\/01\/Banner_Educacao_PortallavrasTV.png\" alt=\"\"  srcset=\"https:\/\/lavras.tv\/site\/wp-content\/uploads\/2025\/01\/Banner_Educacao_PortallavrasTV.png 720w, https:\/\/lavras.tv\/site\/wp-content\/uploads\/2025\/01\/Banner_Educacao_PortallavrasTV-470x68.png 470w, https:\/\/lavras.tv\/site\/wp-content\/uploads\/2025\/01\/Banner_Educacao_PortallavrasTV-170x25.png 170w, https:\/\/lavras.tv\/site\/wp-content\/uploads\/2025\/01\/Banner_Educacao_PortallavrasTV-200x29.png 200w\" sizes=\"(max-width: 720px) 100vw, 720px\" width=\"720\" height=\"104\"  style=\"display: inline-block;\" \/><\/a><\/div><\/li><li><a href=\"https:\/\/sistemas.lavras.mg.gov.br\/portalcidadao\/#df1b1a7c7b2a290bcb31e32771e610784662739a88807c0dacac58ede5f391a7530e299dc302d611ee73cb143fc22eaf93592e53e7b5bdb01b00a0b8d28dae460c141dd2ff83412e4dc1c31b16b25f33144a9e5620ea73b13f5bc1c59411d98439ad226e8af03840603796067d87afe130812cf3de24982d0e306f9e61e764e5\" aria-label=\"Banner_Sa\u00fade_PortallavrasTV\"><img src=\"https:\/\/lavras.tv\/site\/wp-content\/uploads\/2025\/03\/Banner_Saude_PortallavrasTV.png\" alt=\"\"  srcset=\"https:\/\/lavras.tv\/site\/wp-content\/uploads\/2025\/03\/Banner_Saude_PortallavrasTV.png 720w, https:\/\/lavras.tv\/site\/wp-content\/uploads\/2025\/03\/Banner_Saude_PortallavrasTV-470x68.png 470w, https:\/\/lavras.tv\/site\/wp-content\/uploads\/2025\/03\/Banner_Saude_PortallavrasTV-170x25.png 170w, https:\/\/lavras.tv\/site\/wp-content\/uploads\/2025\/03\/Banner_Saude_PortallavrasTV-200x29.png 200w\" sizes=\"(max-width: 720px) 100vw, 720px\" width=\"720\" height=\"104\"   \/><\/a><\/li><li><div id=\"lavra-1170383695\" style=\"width:720px;height:104px;background-color:#ddd;overflow:scroll;\">\n\t<strong>Sa\u00edda da depura\u00e7\u00e3o de an\u00fancios<\/strong>\n\t<br><br>\n\tO an\u00fancio n\u00e3o \u00e9 exibido na p\u00e1gina<br><br>post atual: Calend\u00e1rio de 2017 pode colocar Atl\u00e9tico e Cruzeiro 85 vezes em campo, ID: 5056<br><br><span style=\"color: red;\">O post atual n\u00e3o \u00e9 id\u00eantico ao post principal.<\/span><br><br>An\u00fancios: ROXO - TOPO INTERNA - ROTATIVO 2 (197)<br \/>Grupo de an\u00fancios: Princ_Meio01_720x104 (27)<br><br>Condi\u00e7\u00f5es de exibi\u00e7\u00e3o<div style=\"margin-bottom: 20px; white-space: pre-wrap; font-family: monospace; width: 100%; background: #ffe9e9;\"><strong>condi\u00e7\u00f5es gerais<\/strong><table border=\"1\"><thead><tr><th><\/th><th>An\u00fancios<\/th><th>wp_the_query<\/th><\/tr><\/thead><tr><td>is_main_query<\/td><td>1<\/td><td>1<\/td><\/tr><tr><td>is_rest_api<\/td><td>0<\/td><td>1<\/td><\/tr><tr><td>page<\/td><td>0<\/td><td>1<\/td><\/tr><tr><td>numpages<\/td><td>0<\/td><td>1<\/td><\/tr><tr><td>is_archive<\/td><td>1<\/td><td><\/td><\/tr><tr><td>is_search<\/td><td>1<\/td><td><\/td><\/tr><tr><td>is_home<\/td><td>1<\/td><td><\/td><\/tr><tr><td>is_404<\/td><td>1<\/td><td><\/td><\/tr><tr><td>is_attachment<\/td><td>1<\/td><td><\/td><\/tr><tr><td>is_singular<\/td><td>1<\/td><td><\/td><\/tr><tr><td>is_front_page<\/td><td>1<\/td><td><\/td><\/tr><tr><td>is_feed<\/td><td>1<\/td><td><\/td><\/tr><\/table><\/div><br><br><span style=\"color: red;\">Seu site usa HTTPS, mas o c\u00f3digo do an\u00fancio cont\u00e9m HTTP e pode n\u00e3o funcionar.<\/span>\t<br><br>\n\t<a style=\"color: green;\" href=\"https:\/\/wpadvancedads.com\/manual\/ad-debug-mode\/?utm_source=advanced-ads&utm_medium=link&utm_campaign=ad-debug-mode\" target=\"_blank\" rel=\"nofollow\">Encontre solu\u00e7\u00f5es no manual<\/a>\n<\/div>\n<\/li><\/ul><\/div><script>( window.advanced_ads_ready || jQuery( document ).ready ).call( null, function() {var $lavraslider2464846299 = jQuery( \".lavra-slider-2464846299\" );$lavraslider2464846299.on( \"unslider.ready\", function() { jQuery( \"div.custom-slider ul li\" ).css( \"display\", \"block\" ); });$lavraslider2464846299.unslider({ delay:4000, autoplay:true, nav:false, arrows:false, infinite:true });$lavraslider2464846299.on(\"mouseover\", function() {$lavraslider2464846299.unslider(\"stop\");}).on(\"mouseout\", function() {$lavraslider2464846299.unslider(\"start\");});});<\/script><\/div><p>Entrar em campo mais de 80 vezes, com uma rotina que o calend\u00e1rio obriga que seja de partidas \u00e0s quartas e domingos e ainda correndo o risco de ter longas viagens pela Am\u00e9rica do Sul. Este \u00e9 o cen\u00e1rio que aguarda Atl\u00e9tico e Cruzeiro em 2017, e at\u00e9 mesmo o Am\u00e9rica, que apesar de n\u00e3o participar de nenhuma competi\u00e7\u00e3o internacional no ano que vem, pode ter que disputar mais de 70 partidas.<\/p>\n<figure id=\"attachment_5057\" aria-describedby=\"caption-attachment-5057\" style=\"width: 504px\" class=\"wp-caption alignleft\"><img fetchpriority=\"high\" decoding=\"async\" class=\" wp-image-5057\" src=\"http:\/\/lavras.tv\/site\/wp-content\/uploads\/2016\/12\/mineirao-1.jpg\" alt=\"Est\u00e1dio Mineir\u00e3o\" width=\"504\" height=\"368\" srcset=\"https:\/\/lavras.tv\/site\/wp-content\/uploads\/2016\/12\/mineirao-1.jpg 650w, https:\/\/lavras.tv\/site\/wp-content\/uploads\/2016\/12\/mineirao-1-150x110.jpg 150w, https:\/\/lavras.tv\/site\/wp-content\/uploads\/2016\/12\/mineirao-1-300x219.jpg 300w\" sizes=\"(max-width: 504px) 100vw, 504px\" \/><figcaption id=\"caption-attachment-5057\" class=\"wp-caption-text\">Est\u00e1dio Mineir\u00e3o<\/figcaption><\/figure>\n<p>O calend\u00e1rio do futebol brasileiro foi atingindo em cheio pelas mudan\u00e7as promovidas pela Confedera\u00e7\u00e3o Sul-Americana de Futebol (Conmebol) nas suas duas competi\u00e7\u00f5es de clubes, as Copas Libertadores e Sul-Americana.<\/p>\n<p>Os torneios, que eram disputados em per\u00edodos diferentes e com cerca de seis meses de dura\u00e7\u00e3o, passaram a ser simult\u00e2neos e durante quase todo o ano.<\/p>\n<p>Al\u00e9m disso, o n\u00famero de clubes brasileiros na Copa Libertadores aumentou de cinco para sete, sendo que no ano que vem, a Chapecoense, com o t\u00edtulo simb\u00f3lico da Sul-Americana, tamb\u00e9m ir\u00e1 jogar.<\/p>\n<p>E a Copa Sul-Americana, que n\u00e3o recebia grande aten\u00e7\u00e3o dos clubes brasileiros, passar\u00e1 a ser mais atrativa, pois al\u00e9m de uma vaga na Libertadores do ano seguinte, ter\u00e1 um n\u00edvel t\u00e9cnico mais elevado, o que pode proporcionar melhores rendas aos mandantes.<\/p>\n<p>Nos bastidores, o que circula \u00e9 que as mudan\u00e7as promovidas pela Conmebol em suas competi\u00e7\u00f5es de clubes tiveram como objetivo atingir a Confedera\u00e7\u00e3o Brasileira de Futebol (CBF), pois a crise na Fifa provocou um racha no futebol sul-americano.<\/p>\n<p>A mudan\u00e7a do calend\u00e1rio afeta principalmente o Brasil pelo fato de ser o \u00fanico pa\u00eds em que s\u00e3o disputados os campeonatos estaduais.<\/p>\n<p>E eles ficam com uma fatia consider\u00e1vel do calend\u00e1rio, pois s\u00e3o 18 as datas destinadas a eles pela CBF. Quase a metade do que recebem as S\u00e9ries A e B, que t\u00eam 38 rodadas.<\/p>\n<p><strong>Resposta<\/strong><br \/>\nCom as Copas Libertadores e Sul-Americana indo at\u00e9 o fim da temporada, que j\u00e1 tem a reta final da S\u00e9rie A do Campeonato Brasileiro, a Copa do Brasil, que ter\u00e1 a sua decis\u00e3o no ano que vem jogada nos feriados de 7 de setembro (ida) e 12 de outubro (volta), a CBF agiu para que sua segunda competi\u00e7\u00e3o n\u00e3o perdesse espa\u00e7o.<\/p>\n<p>Ajudada pela press\u00e3o que o canal fechado Esporte Interativo faz para adquirir os direitos de televis\u00e3o das principais competi\u00e7\u00f5es disputadas no Brasil, a CBF anunciou ontem a renova\u00e7\u00e3o do contrato de transmiss\u00e3o da Copa do Brasil, que vai das edi\u00e7\u00f5es de 2018 a 2022.<\/p>\n<p>E a segunda competi\u00e7\u00e3o nacional poder\u00e1 render, s\u00f3 em premia\u00e7\u00f5es, at\u00e9 R$ 68 milh\u00f5es ao seu campe\u00e3o, desde que ele comece a participar dela na primeira fase.<\/p>\n<p>A compara\u00e7\u00e3o com a edi\u00e7\u00e3o deste ano \u00e9 absurda. O Gr\u00eamio, que faturou o t\u00edtulo e entrou na disputa nas oitavas de final, levou de premia\u00e7\u00e3o R$ 9 milh\u00f5es. O Palmeiras, campe\u00e3o da S\u00e9rie A, levou R$ 17 milh\u00f5es.<\/p>\n<p>As premia\u00e7\u00f5es por posi\u00e7\u00f5es alcan\u00e7adas s\u00e3o uma receita importante para os clubes. Mas no Brasil, ficar\u00e1 cada vez mais dif\u00edcil manter o mesmo n\u00edvel e ritmo nas v\u00e1rias disputas que o calend\u00e1rio prev\u00ea.<\/p>\n<p><strong>Briga pelo maior t\u00edtulo de clubes da Am\u00e9rica do Sul ter\u00e1 recorde de clubes e calend\u00e1rio longo<\/strong><br \/>\nCom os 47 clubes participantes conhecidos, a grande expectativa agora \u00e9 pela divulga\u00e7\u00e3o do ranking da Copa Libertadores pela Conmebol para que se possa saber como ser\u00e3o compostos os potes do sorteio da fase de grupos, que ser\u00e1 amanh\u00e3, \u00e0s 21h (de Bras\u00edlia), na sede da entidade sul-americana, que fica em Luque, no Paraguai.<\/p>\n<p>Como vai para a sua quinta participa\u00e7\u00e3o consecutiva na competi\u00e7\u00e3o, e o ranking premia principalmente os \u00faltimos dez anos da Libertadores, \u00e9 praticamente certo que o Atl\u00e9tico ser\u00e1 cabe\u00e7a de chave, assim como aconteceu na edi\u00e7\u00e3o do ano passado.<\/p>\n<p>Al\u00e9m do Galo, devem integrar o Pote 1 Atl\u00e9tico Nacional, da Col\u00f4mbia, River Plate e San Lorenzo, da Argentina, Pe\u00f1arol e Nacional, do Uruguai, al\u00e9m de Santos e Gr\u00eamio.<\/p>\n<p>Dos 47 clubes, seis disputam a Libertadores pela primeira vez em sua hist\u00f3ria. E o destaque na lista \u00e9 a Chapecoense, que foi declarada campe\u00e3 da Copa Sul-Americana no ano passado ap\u00f3s a trag\u00e9dia envolvendo a sua delega\u00e7\u00e3o.<\/p>\n<p>Al\u00e9m do clube catarinense, disputam o principal torneio sul-americano de clubes pela primeira vez, o Zulia (Venezuela), Atl\u00e9tico Tucum\u00e1n (Argentina), Carabobo (Venezuela), Deportivo Capiat\u00e1 (Paraguai) e Deportivo Municipal (Peru).<\/p>\n<p>Pela primeira vez disputada durante toda a temporada, pois come\u00e7ar\u00e1 em 23 de janeiro, com os jogos da primeira fase, e ter\u00e1 o jogo de volta da decis\u00e3o em 29 de novembro, a Libertadores deixa de contar com os clubes mexicanos, pois a federa\u00e7\u00e3o deles n\u00e3o concordou com a mudan\u00e7a de calend\u00e1rio.<\/p>\n<p>Com isso, todos os pa\u00edses tiveram o n\u00famero de vagas aumentado, sendo o Brasil o maior beneficiado. O pa\u00eds tem sete vagas fixas na competi\u00e7\u00e3o. Ter\u00e1 oito clubes no ano que vem porque a Chapecoense entra como campe\u00e3 da Copa Sul-Americana deste ano.<\/p>\n<div class=\"imageWrap w653 align-center\">\n<div class=\"image\"><img decoding=\"async\" class=\"aligncenter\" title=\"Cr\u00e9ditos: N\/A\" src=\"http:\/\/hojeemdia.com.br\/polopoly_fs\/1.435341!\/image\/image.png_gen\/derivatives\/landscape_653\/image.png\" alt=\"Arte futebol\" \/><\/div>\n<div class=\"image\">Fonte: Hoje em Dia<\/div>\n<\/div>\n","protected":false},"excerpt":{"rendered":"<p>Entrar em campo mais de 80 vezes, com uma rotina que o calend\u00e1rio obriga que seja de partidas \u00e0s quartas e domingos e ainda correndo o risco de ter longas viagens pela Am\u00e9rica do Sul. Este \u00e9 o cen\u00e1rio que aguarda Atl\u00e9tico e Cruzeiro em 2017, e at\u00e9 mesmo o Am\u00e9rica, que apesar de n\u00e3o [&hellip;]<\/p>\n","protected":false},"author":2,"featured_media":5057,"comment_status":"closed","ping_status":"open","sticky":false,"template":"","format":"standard","meta":{"advgb_blocks_editor_width":"","advgb_blocks_columns_visual_guide":"","_exactmetrics_skip_tracking":false,"_exactmetrics_sitenote_active":false,"_exactmetrics_sitenote_note":"","_exactmetrics_sitenote_category":0,"footnotes":""},"categories":[3],"tags":[923,908,966,1036,1954,469,1953],"class_list":["post-5056","post","type-post","status-publish","format-standard","has-post-thumbnail","hentry","category-esportes","tag-atletico","tag-cruzeiro","tag-esporte","tag-futebol","tag-futebol-mineiro","tag-mineirao","tag-temporada-2017"],"better_featured_image":{"id":5057,"alt_text":"","caption":"Est\u00e1dio Mineir\u00e3o","description":"","media_type":"image","media_details":{"width":650,"height":475,"file":"2016\/12\/mineirao-1.jpg","sizes":{"thumbnail":{"file":"mineirao-1-150x110.jpg","width":150,"height":110,"mime-type":"image\/jpeg","source_url":"https:\/\/lavras.tv\/site\/wp-content\/uploads\/2016\/12\/mineirao-1-150x110.jpg"},"medium":{"file":"mineirao-1-300x219.jpg","width":300,"height":219,"mime-type":"image\/jpeg","source_url":"https:\/\/lavras.tv\/site\/wp-content\/uploads\/2016\/12\/mineirao-1-300x219.jpg"},"featured-slider-img":{"file":"mineirao-1-640x475.jpg","width":640,"height":475,"mime-type":"image\/jpeg","source_url":"https:\/\/lavras.tv\/site\/wp-content\/uploads\/2016\/12\/mineirao-1-640x475.jpg"},"featured-post-img":{"file":"mineirao-1-480x320.jpg","width":480,"height":320,"mime-type":"image\/jpeg","source_url":"https:\/\/lavras.tv\/site\/wp-content\/uploads\/2016\/12\/mineirao-1-480x320.jpg"},"sow-carousel-default":{"file":"mineirao-1-272x182.jpg","width":272,"height":182,"mime-type":"image\/jpeg","source_url":"https:\/\/lavras.tv\/site\/wp-content\/uploads\/2016\/12\/mineirao-1-272x182.jpg"}},"image_meta":{"aperture":"0","credit":"","camera":"","caption":"","created_timestamp":"0","copyright":"","focal_length":"0","iso":"0","shutter_speed":"0","title":"","orientation":"0","keywords":[]}},"post":5056,"source_url":"https:\/\/lavras.tv\/site\/wp-content\/uploads\/2016\/12\/mineirao-1.jpg"},"author_meta":{"display_name":"Lavras TV","author_link":"https:\/\/lavras.tv\/site\/author\/lavrastv\/"},"featured_img":"https:\/\/lavras.tv\/site\/wp-content\/uploads\/2016\/12\/mineirao-1-300x219.jpg","coauthors":[],"tax_additional":{"categories":{"linked":["<a href=\"https:\/\/lavras.tv\/site\/category\/esportes\/\" class=\"advgb-post-tax-term\">Esportes<\/a>"],"unlinked":["<span class=\"advgb-post-tax-term\">Esportes<\/span>"]},"tags":{"linked":["<a href=\"https:\/\/lavras.tv\/site\/category\/esportes\/\" class=\"advgb-post-tax-term\">atl\u00e9tico<\/a>","<a href=\"https:\/\/lavras.tv\/site\/category\/esportes\/\" class=\"advgb-post-tax-term\">cruzeiro<\/a>","<a href=\"https:\/\/lavras.tv\/site\/category\/esportes\/\" class=\"advgb-post-tax-term\">esporte<\/a>","<a href=\"https:\/\/lavras.tv\/site\/category\/esportes\/\" class=\"advgb-post-tax-term\">futebol<\/a>","<a href=\"https:\/\/lavras.tv\/site\/category\/esportes\/\" class=\"advgb-post-tax-term\">futebol mineiro<\/a>","<a href=\"https:\/\/lavras.tv\/site\/category\/esportes\/\" class=\"advgb-post-tax-term\">mineir\u00e3o<\/a>","<a href=\"https:\/\/lavras.tv\/site\/category\/esportes\/\" class=\"advgb-post-tax-term\">temporada 2017<\/a>"],"unlinked":["<span class=\"advgb-post-tax-term\">atl\u00e9tico<\/span>","<span class=\"advgb-post-tax-term\">cruzeiro<\/span>","<span class=\"advgb-post-tax-term\">esporte<\/span>","<span class=\"advgb-post-tax-term\">futebol<\/span>","<span class=\"advgb-post-tax-term\">futebol mineiro<\/span>","<span class=\"advgb-post-tax-term\">mineir\u00e3o<\/span>","<span class=\"advgb-post-tax-term\">temporada 2017<\/span>"]}},"comment_count":"0","relative_dates":{"created":"Publicado 9 anos atr\u00e1s","modified":"Atualizado 9 anos atr\u00e1s"},"absolute_dates":{"created":"Publicado em 21 de dezembro de 2016","modified":"Atualizado em 21 de dezembro de 2016"},"absolute_dates_time":{"created":"Publicado em 21 de dezembro de 2016 09:54","modified":"Atualizado em 21 de dezembro de 2016 09:54"},"featured_img_caption":"Est\u00e1dio Mineir\u00e3o","series_order":"","_links":{"self":[{"href":"https:\/\/lavras.tv\/site\/wp-json\/wp\/v2\/posts\/5056","targetHints":{"allow":["GET"]}}],"collection":[{"href":"https:\/\/lavras.tv\/site\/wp-json\/wp\/v2\/posts"}],"about":[{"href":"https:\/\/lavras.tv\/site\/wp-json\/wp\/v2\/types\/post"}],"author":[{"embeddable":true,"href":"https:\/\/lavras.tv\/site\/wp-json\/wp\/v2\/users\/2"}],"replies":[{"embeddable":true,"href":"https:\/\/lavras.tv\/site\/wp-json\/wp\/v2\/comments?post=5056"}],"version-history":[{"count":1,"href":"https:\/\/lavras.tv\/site\/wp-json\/wp\/v2\/posts\/5056\/revisions"}],"predecessor-version":[{"id":5059,"href":"https:\/\/lavras.tv\/site\/wp-json\/wp\/v2\/posts\/5056\/revisions\/5059"}],"wp:featuredmedia":[{"embeddable":true,"href":"https:\/\/lavras.tv\/site\/wp-json\/wp\/v2\/media\/5057"}],"wp:attachment":[{"href":"https:\/\/lavras.tv\/site\/wp-json\/wp\/v2\/media?parent=5056"}],"wp:term":[{"taxonomy":"category","embeddable":true,"href":"https:\/\/lavras.tv\/site\/wp-json\/wp\/v2\/categories?post=5056"},{"taxonomy":"post_tag","embeddable":true,"href":"https:\/\/lavras.tv\/site\/wp-json\/wp\/v2\/tags?post=5056"}],"curies":[{"name":"wp","href":"https:\/\/api.w.org\/{rel}","templated":true}]}}